{"id":9718,"date":"2023-03-17T11:44:50","date_gmt":"2023-03-17T10:44:50","guid":{"rendered":"https:\/\/www.entreculturas.org\/publicacion\/pilar-maldonado-responsable-de-base-social-delegacion\/"},"modified":"2024-09-19T14:24:39","modified_gmt":"2024-09-19T12:24:39","slug":"pilar-maldonado-responsable-de-base-social-delegacion","status":"publish","type":"noticia","link":"https:\/\/www.entreculturas.org\/gl\/noticia\/pilar-maldonado-responsable-de-base-social-delegacion\/","title":{"rendered":"Pilar Maldonado | Responsable de Base Social &#8211; Delegaci\u00f3n de C\u00f3rdoba"},"content":{"rendered":"<p>Pilar nos cuenta que comenz\u00f3 en Entreculturas hace m\u00e1s de 5 a\u00f1os, cuando conoci\u00f3 a Fernando Arjona, s.j. en un concierto a favor de Somos Tierra de Acogida, que se celebr\u00f3 en su lugar de trabajo.<br \/>Aunque solamente firm\u00f3 los papeles de referente de Base Social ante la Sede Central, ahora mismo, debido al poco volumen de personal en la delegaci\u00f3n, tambi\u00e9n desempe\u00f1a otras funciones como ciudadan\u00eda, comunicaci\u00f3n, formaci\u00f3n y voluntariado y apoyo al delegado.<br \/>&nbsp;<br \/><strong>\u00bfQu\u00e9 tiene de especial ser voluntaria en una delegaci\u00f3n de Entreculturas como la de C\u00f3rdoba, y por qu\u00e9 cre\u00e9is que es tan importante el trabajo en equipo?<\/strong><br \/>&nbsp;<br \/>La delegaci\u00f3n de C\u00f3rdoba tiene unas caracter\u00edsticas muy especiales por el lugar donde est\u00e1 ubicada, en un Centro de Fe Cultura Justicia de la Compa\u00f1\u00eda, que es uno de los espacios culturales del centro de la ciudad, con una diversidad muy interesante, pero a la vez itinerante.<br \/>&nbsp;<br \/>Es muy importante el equipo para poder trabajar, si se decide una actividad, todo el voluntariado debemos ir para que esa actividad d\u00e9 fruto, estemos m\u00e1s o menos de acuerdo con ella. Lo m\u00e1s dif\u00edcil es decidirse por la actividad, pero con un voluntariado como el de C\u00f3rdoba es m\u00e1s f\u00e1cil, porque no tenemos miedo al fracaso, practicamos el acierto-error.<br \/>&nbsp;<br \/><strong>&nbsp;\u00bfEn qu\u00e9 consiste t\u00fa papel de Referente de Base Social en la delegaci\u00f3n actualmente?<\/strong><br \/>&nbsp;<br \/>Mi papel de Referente de Base Social en la delegaci\u00f3n actualmente es un papel con el que sigo aprendiendo cada d\u00eda. Intento recordar las 5 razones por las que es importante hacerse soci@s (m\u00e1s visibilidad, m\u00e1s representatividad, m\u00e1s legitimidad, m\u00e1s capacidad de transformaci\u00f3n y m\u00e1s independencia)<br \/>&nbsp;<br \/><strong>\u00bfPodr\u00edas compartirnos algunas de las actividades que ha impulsado la delegaci\u00f3n de C\u00f3rdoba en los \u00faltimos tres a\u00f1os para ampliar su base social?<\/strong><br \/>&nbsp;<br \/>Hay algunas actividades como conciertos, mesas petitorias y otras contempladas en nuestros hitos. Entendemos que trabajar en red es importante para darnos visibilidad en otros lugares a los que no llegamos como Entreculturas en solitario.<br \/>&nbsp;<br \/>Intentamos compartir actividades en red con otras entidades y organizaciones, estamos trabajando con la Mesa Diocesana de Migraciones, con 3 hermandades y cofrad\u00edas muy populares en Andaluc\u00eda. Nos hemos sumado tambi\u00e9n al proyecto de Hospitalidad de la Casa Claver de C\u00f3rdoba (proyecto de acogida a madres refugiadas con sus hijos e hijas), aunque este no es muy conocido, s\u00ed que nos ayuda a nivel de voluntariado en C\u00f3rdoba.<br \/>&nbsp;<br \/>&nbsp;<br \/><strong>\u00bfPuedes detallar un poco la iniciativa que desarroll\u00e1is para dar a conocer Entreculturas en los grupos que est\u00e1n vinculados al Centro San Hip\u00f3lito?<br \/>&nbsp;<\/strong><br \/>Gracias al trabajo del superior, \u00c1ngel Ortiz Urbina s.j, que lleg\u00f3 hace unos tres a\u00f1os a la Comunidad de Jesuitas que hay en este Centro y que est\u00e1 volcado en el trabajo por las Preferencias Apost\u00f3licas, nos est\u00e1 abriendo las puertas de los distintos grupos de la familia ignaciana que all\u00ed se re\u00fanen. En el Centro, en el Templo y en la Comunidad todo son facilidades.&nbsp;<br \/>&nbsp;<br \/>Hemos comenzado una ronda de visitas para presentarles nuestro trabajo fuera y dentro de C\u00f3rdoba, para que se enamoren y colaboren con Entreculturas, con la inestimable ayuda de \u00c1ngela S\u00e1nchez y el equipo de Campa\u00f1as y Marketing que nos han dise\u00f1ado una presentaci\u00f3n muy especial.&nbsp;<br \/>&nbsp;<br \/><strong>&nbsp;\u00bfPodr\u00edas explicarnos cu\u00e1l o cu\u00e1les son tus motivaciones principales para continuar colaborando con Entreculturas?<\/strong><br \/>&nbsp;<br \/>Llegu\u00e9 a Enteculturas por el lema Somos Tierra de Acogida, despu\u00e9s me enamor\u00e9 del trabajo que se hace tan potente por la Educaci\u00f3n Global y c\u00f3mo se trabaja con la Federaci\u00f3n de Fe y Alegr\u00eda, creo que nuestra educaci\u00f3n transforma el mundo.<br \/>&nbsp;<br \/>Me motivan nuestras 5 causas: Garant\u00eda del Derecho a la Educaci\u00f3n, Defensa de las personas Refugiadas y Migrantes, Fomento de una justicia Socioambiental, Promoci\u00f3n de la Equidad de G\u00e9nero y Fortalecimiento de la Participaci\u00f3n y la Ciudadan\u00eda Global.<br \/>&nbsp;<br \/>Aunque no he ido a trabajar en terreno a ninguna frontera, gracias a los testimonios escuchados y lo vivido en encuentros, ahora tambi\u00e9n conozco un poco m\u00e1s del trabajo del Servicio Jesuita a Migrantes y a Refugiados, me motiva el modo de estar en las fronteras y como dan dignidad a los migrantes.<br \/>&nbsp;<br \/>Gracias al proyecto de la Casa de Acogida que hay en C\u00f3rdoba, estoy viviendo una pr\u00e1ctica en este terreno que transforma tanto a las familias que est\u00e1n en la casa, como las que vamos a compartir con ellas. Estar cara a cara con estas realidades que tanto defendemos me motiva a seguir en Entreculturas.<\/p>\n<p>&nbsp;<\/p>\n","protected":false},"excerpt":{"rendered":"<p>Pilar nos cuenta que comenz\u00f3 en Entreculturas hace m\u00e1s de 5 a\u00f1os, cuando conoci\u00f3 a Fernando Arjona, s.j. en un concierto a favor de Somos Tierra de Acogida, que se celebr\u00f3 en su lugar de trabajo.Aunque solamente firm\u00f3 los papeles de referente de Base Social ante la Sede Central, ahora mismo, debido al poco volumen de personal en la delegaci\u00f3n, tambi\u00e9n desempe\u00f1a otras funciones como ciudadan\u00eda, comunicaci\u00f3n, formaci\u00f3n y voluntariado y apoyo al delegado.&nbsp;\u00bfQu\u00e9 tiene de especial ser voluntaria en una delegaci\u00f3n de Entreculturas como la de C\u00f3rdoba, y por qu\u00e9 cre\u00e9is que es tan importante el trabajo en equipo?&nbsp;La delegaci\u00f3n de C\u00f3rdoba tiene unas caracter\u00edsticas muy especiales por el lugar donde est\u00e1 ubicada, en un Centro de Fe Cultura Justicia de la Compa\u00f1\u00eda, que es uno de los espacios culturales del centro de la ciudad, con una diversidad muy interesante, pero a la vez itinerante.&nbsp;Es muy importante el equipo [&hellip;]<\/p>\n","protected":false},"featured_media":9719,"template":"single-noticia","meta":{"_acf_changed":false},"categories":[7],"tags":[191],"country":[],"cause":[],"class_list":["post-9718","noticia","type-noticia","status-publish","has-post-thumbnail","hentry","category-noticia","tag-voluntariado"],"acf":[],"yoast_head":"<!-- This site is optimized with the Yoast SEO Premium plugin v21.6 (Yoast SEO v27.5) - https:\/\/yoast.com\/product\/yoast-seo-premium-wordpress\/ -->\n<title>Pilar Maldonado | Responsable de Base Social - Delegaci\u00f3n de C\u00f3rdoba - Entreculturas<\/title>\n<meta name=\"robots\" content=\"index, follow, max-snippet:-1, max-image-preview:large, max-video-preview:-1\" \/>\n<link rel=\"canonical\" href=\"https:\/\/www.entreculturas.org\/gl\/noticia\/pilar-maldonado-responsable-de-base-social-delegacion\/\" \/>\n<meta property=\"og:locale\" content=\"gl_ES\" \/>\n<meta property=\"og:type\" content=\"article\" \/>\n<meta property=\"og:title\" content=\"Pilar Maldonado | Responsable de Base Social - Delegaci\u00f3n de C\u00f3rdoba\" \/>\n<meta property=\"og:description\" content=\"Pilar nos cuenta que comenz\u00f3 en Entreculturas hace m\u00e1s de 5 a\u00f1os, cuando conoci\u00f3 a Fernando Arjona, s.j. en un concierto a favor de Somos Tierra de Acogida, que se celebr\u00f3 en su lugar de trabajo.Aunque solamente firm\u00f3 los papeles de referente de Base Social ante la Sede Central, ahora mismo, debido al poco volumen de personal en la delegaci\u00f3n, tambi\u00e9n desempe\u00f1a otras funciones como ciudadan\u00eda, comunicaci\u00f3n, formaci\u00f3n y voluntariado y apoyo al delegado.&nbsp;\u00bfQu\u00e9 tiene de especial ser voluntaria en una delegaci\u00f3n de Entreculturas como la de C\u00f3rdoba, y por qu\u00e9 cre\u00e9is que es tan importante el trabajo en equipo?&nbsp;La delegaci\u00f3n de C\u00f3rdoba tiene unas caracter\u00edsticas muy especiales por el lugar donde est\u00e1 ubicada, en un Centro de Fe Cultura Justicia de la Compa\u00f1\u00eda, que es uno de los espacios culturales del centro de la ciudad, con una diversidad muy interesante, pero a la vez itinerante.&nbsp;Es muy importante el equipo [&hellip;]\" \/>\n<meta property=\"og:url\" content=\"https:\/\/www.entreculturas.org\/gl\/noticia\/pilar-maldonado-responsable-de-base-social-delegacion\/\" \/>\n<meta property=\"og:site_name\" content=\"Entreculturas\" \/>\n<meta property=\"article:publisher\" content=\"https:\/\/www.facebook.com\/entreculturas\" \/>\n<meta property=\"article:modified_time\" content=\"2024-09-19T12:24:39+00:00\" \/>\n<meta property=\"og:image\" content=\"https:\/\/www.entreculturas.org\/wp-content\/uploads\/2023\/12\/pilar-web-e1726748589516.jpg\" \/>\n\t<meta property=\"og:image:width\" content=\"486\" \/>\n\t<meta property=\"og:image:height\" content=\"393\" \/>\n\t<meta property=\"og:image:type\" content=\"image\/jpeg\" \/>\n<meta name=\"twitter:card\" content=\"summary_large_image\" \/>\n<meta name=\"twitter:site\" content=\"@Entreculturas\" \/>\n<script type=\"application\/ld+json\" class=\"yoast-schema-graph\">{\"@context\":\"https:\\\/\\\/schema.org\",\"@graph\":[{\"@type\":\"WebPage\",\"@id\":\"https:\\\/\\\/www.entreculturas.org\\\/gl\\\/noticia\\\/pilar-maldonado-responsable-de-base-social-delegacion\\\/\",\"url\":\"https:\\\/\\\/www.entreculturas.org\\\/gl\\\/noticia\\\/pilar-maldonado-responsable-de-base-social-delegacion\\\/\",\"name\":\"Pilar Maldonado | Responsable de Base Social - Delegaci\u00f3n de C\u00f3rdoba - Entreculturas\",\"isPartOf\":{\"@id\":\"https:\\\/\\\/www.entreculturas.org\\\/gl\\\/#website\"},\"primaryImageOfPage\":{\"@id\":\"https:\\\/\\\/www.entreculturas.org\\\/gl\\\/noticia\\\/pilar-maldonado-responsable-de-base-social-delegacion\\\/#primaryimage\"},\"image\":{\"@id\":\"https:\\\/\\\/www.entreculturas.org\\\/gl\\\/noticia\\\/pilar-maldonado-responsable-de-base-social-delegacion\\\/#primaryimage\"},\"thumbnailUrl\":\"https:\\\/\\\/www.entreculturas.org\\\/wp-content\\\/uploads\\\/2023\\\/12\\\/pilar-web-e1726748589516.jpg\",\"datePublished\":\"2023-03-17T10:44:50+00:00\",\"dateModified\":\"2024-09-19T12:24:39+00:00\",\"breadcrumb\":{\"@id\":\"https:\\\/\\\/www.entreculturas.org\\\/gl\\\/noticia\\\/pilar-maldonado-responsable-de-base-social-delegacion\\\/#breadcrumb\"},\"inLanguage\":\"gl-ES\",\"potentialAction\":[{\"@type\":\"ReadAction\",\"target\":[\"https:\\\/\\\/www.entreculturas.org\\\/gl\\\/noticia\\\/pilar-maldonado-responsable-de-base-social-delegacion\\\/\"]}]},{\"@type\":\"ImageObject\",\"inLanguage\":\"gl-ES\",\"@id\":\"https:\\\/\\\/www.entreculturas.org\\\/gl\\\/noticia\\\/pilar-maldonado-responsable-de-base-social-delegacion\\\/#primaryimage\",\"url\":\"https:\\\/\\\/www.entreculturas.org\\\/wp-content\\\/uploads\\\/2023\\\/12\\\/pilar-web-e1726748589516.jpg\",\"contentUrl\":\"https:\\\/\\\/www.entreculturas.org\\\/wp-content\\\/uploads\\\/2023\\\/12\\\/pilar-web-e1726748589516.jpg\",\"width\":486,\"height\":393},{\"@type\":\"BreadcrumbList\",\"@id\":\"https:\\\/\\\/www.entreculturas.org\\\/gl\\\/noticia\\\/pilar-maldonado-responsable-de-base-social-delegacion\\\/#breadcrumb\",\"itemListElement\":[{\"@type\":\"ListItem\",\"position\":1,\"name\":\"Home\",\"item\":\"https:\\\/\\\/www.entreculturas.org\\\/gl\\\/\"},{\"@type\":\"ListItem\",\"position\":2,\"name\":\"Noticias\",\"item\":\"https:\\\/\\\/www.entreculturas.org\\\/gl\\\/noticias\\\/\"},{\"@type\":\"ListItem\",\"position\":3,\"name\":\"Pilar Maldonado | Responsable de Base Social &#8211; Delegaci\u00f3n de C\u00f3rdoba\"}]},{\"@type\":\"WebSite\",\"@id\":\"https:\\\/\\\/www.entreculturas.org\\\/gl\\\/#website\",\"url\":\"https:\\\/\\\/www.entreculturas.org\\\/gl\\\/\",\"name\":\"Entreculturas\",\"description\":\"\",\"publisher\":{\"@id\":\"https:\\\/\\\/www.entreculturas.org\\\/gl\\\/#organization\"},\"alternateName\":\"Entreculturas\",\"potentialAction\":[{\"@type\":\"SearchAction\",\"target\":{\"@type\":\"EntryPoint\",\"urlTemplate\":\"https:\\\/\\\/www.entreculturas.org\\\/gl\\\/?s={search_term_string}\"},\"query-input\":{\"@type\":\"PropertyValueSpecification\",\"valueRequired\":true,\"valueName\":\"search_term_string\"}}],\"inLanguage\":\"gl-ES\"},{\"@type\":\"Organization\",\"@id\":\"https:\\\/\\\/www.entreculturas.org\\\/gl\\\/#organization\",\"name\":\"Entreculturas\",\"url\":\"https:\\\/\\\/www.entreculturas.org\\\/gl\\\/\",\"logo\":{\"@type\":\"ImageObject\",\"inLanguage\":\"gl-ES\",\"@id\":\"https:\\\/\\\/www.entreculturas.org\\\/gl\\\/#\\\/schema\\\/logo\\\/image\\\/\",\"url\":\"https:\\\/\\\/www.entreculturas.org\\\/wp-content\\\/uploads\\\/2025\\\/10\\\/ESP.svg\",\"contentUrl\":\"https:\\\/\\\/www.entreculturas.org\\\/wp-content\\\/uploads\\\/2025\\\/10\\\/ESP.svg\",\"caption\":\"Entreculturas\"},\"image\":{\"@id\":\"https:\\\/\\\/www.entreculturas.org\\\/gl\\\/#\\\/schema\\\/logo\\\/image\\\/\"},\"sameAs\":[\"https:\\\/\\\/www.facebook.com\\\/entreculturas\",\"https:\\\/\\\/x.com\\\/Entreculturas\",\"https:\\\/\\\/www.instagram.com\\\/entreculturas\\\/\",\"https:\\\/\\\/www.youtube.com\\\/user\\\/entreculturasvideo\",\"https:\\\/\\\/www.linkedin.com\\\/company\\\/fundacion-entreculturas-ngdo\\\/\",\"https:\\\/\\\/www.flickr.com\\\/photos\\\/98455522@N04\\\/albums\\\/\"]}]}<\/script>\n<!-- \/ Yoast SEO Premium plugin. -->","yoast_head_json":{"title":"Pilar Maldonado | Responsable de Base Social - Delegaci\u00f3n de C\u00f3rdoba - Entreculturas","robots":{"index":"index","follow":"follow","max-snippet":"max-snippet:-1","max-image-preview":"max-image-preview:large","max-video-preview":"max-video-preview:-1"},"canonical":"https:\/\/www.entreculturas.org\/gl\/noticia\/pilar-maldonado-responsable-de-base-social-delegacion\/","og_locale":"gl_ES","og_type":"article","og_title":"Pilar Maldonado | Responsable de Base Social - Delegaci\u00f3n de C\u00f3rdoba","og_description":"Pilar nos cuenta que comenz\u00f3 en Entreculturas hace m\u00e1s de 5 a\u00f1os, cuando conoci\u00f3 a Fernando Arjona, s.j. en un concierto a favor de Somos Tierra de Acogida, que se celebr\u00f3 en su lugar de trabajo.Aunque solamente firm\u00f3 los papeles de referente de Base Social ante la Sede Central, ahora mismo, debido al poco volumen de personal en la delegaci\u00f3n, tambi\u00e9n desempe\u00f1a otras funciones como ciudadan\u00eda, comunicaci\u00f3n, formaci\u00f3n y voluntariado y apoyo al delegado.&nbsp;\u00bfQu\u00e9 tiene de especial ser voluntaria en una delegaci\u00f3n de Entreculturas como la de C\u00f3rdoba, y por qu\u00e9 cre\u00e9is que es tan importante el trabajo en equipo?&nbsp;La delegaci\u00f3n de C\u00f3rdoba tiene unas caracter\u00edsticas muy especiales por el lugar donde est\u00e1 ubicada, en un Centro de Fe Cultura Justicia de la Compa\u00f1\u00eda, que es uno de los espacios culturales del centro de la ciudad, con una diversidad muy interesante, pero a la vez itinerante.&nbsp;Es muy importante el equipo [&hellip;]","og_url":"https:\/\/www.entreculturas.org\/gl\/noticia\/pilar-maldonado-responsable-de-base-social-delegacion\/","og_site_name":"Entreculturas","article_publisher":"https:\/\/www.facebook.com\/entreculturas","article_modified_time":"2024-09-19T12:24:39+00:00","og_image":[{"width":486,"height":393,"url":"https:\/\/www.entreculturas.org\/wp-content\/uploads\/2023\/12\/pilar-web-e1726748589516.jpg","type":"image\/jpeg"}],"twitter_card":"summary_large_image","twitter_site":"@Entreculturas","schema":{"@context":"https:\/\/schema.org","@graph":[{"@type":"WebPage","@id":"https:\/\/www.entreculturas.org\/gl\/noticia\/pilar-maldonado-responsable-de-base-social-delegacion\/","url":"https:\/\/www.entreculturas.org\/gl\/noticia\/pilar-maldonado-responsable-de-base-social-delegacion\/","name":"Pilar Maldonado | Responsable de Base Social - Delegaci\u00f3n de C\u00f3rdoba - Entreculturas","isPartOf":{"@id":"https:\/\/www.entreculturas.org\/gl\/#website"},"primaryImageOfPage":{"@id":"https:\/\/www.entreculturas.org\/gl\/noticia\/pilar-maldonado-responsable-de-base-social-delegacion\/#primaryimage"},"image":{"@id":"https:\/\/www.entreculturas.org\/gl\/noticia\/pilar-maldonado-responsable-de-base-social-delegacion\/#primaryimage"},"thumbnailUrl":"https:\/\/www.entreculturas.org\/wp-content\/uploads\/2023\/12\/pilar-web-e1726748589516.jpg","datePublished":"2023-03-17T10:44:50+00:00","dateModified":"2024-09-19T12:24:39+00:00","breadcrumb":{"@id":"https:\/\/www.entreculturas.org\/gl\/noticia\/pilar-maldonado-responsable-de-base-social-delegacion\/#breadcrumb"},"inLanguage":"gl-ES","potentialAction":[{"@type":"ReadAction","target":["https:\/\/www.entreculturas.org\/gl\/noticia\/pilar-maldonado-responsable-de-base-social-delegacion\/"]}]},{"@type":"ImageObject","inLanguage":"gl-ES","@id":"https:\/\/www.entreculturas.org\/gl\/noticia\/pilar-maldonado-responsable-de-base-social-delegacion\/#primaryimage","url":"https:\/\/www.entreculturas.org\/wp-content\/uploads\/2023\/12\/pilar-web-e1726748589516.jpg","contentUrl":"https:\/\/www.entreculturas.org\/wp-content\/uploads\/2023\/12\/pilar-web-e1726748589516.jpg","width":486,"height":393},{"@type":"BreadcrumbList","@id":"https:\/\/www.entreculturas.org\/gl\/noticia\/pilar-maldonado-responsable-de-base-social-delegacion\/#breadcrumb","itemListElement":[{"@type":"ListItem","position":1,"name":"Home","item":"https:\/\/www.entreculturas.org\/gl\/"},{"@type":"ListItem","position":2,"name":"Noticias","item":"https:\/\/www.entreculturas.org\/gl\/noticias\/"},{"@type":"ListItem","position":3,"name":"Pilar Maldonado | Responsable de Base Social &#8211; Delegaci\u00f3n de C\u00f3rdoba"}]},{"@type":"WebSite","@id":"https:\/\/www.entreculturas.org\/gl\/#website","url":"https:\/\/www.entreculturas.org\/gl\/","name":"Entreculturas","description":"","publisher":{"@id":"https:\/\/www.entreculturas.org\/gl\/#organization"},"alternateName":"Entreculturas","potentialAction":[{"@type":"SearchAction","target":{"@type":"EntryPoint","urlTemplate":"https:\/\/www.entreculturas.org\/gl\/?s={search_term_string}"},"query-input":{"@type":"PropertyValueSpecification","valueRequired":true,"valueName":"search_term_string"}}],"inLanguage":"gl-ES"},{"@type":"Organization","@id":"https:\/\/www.entreculturas.org\/gl\/#organization","name":"Entreculturas","url":"https:\/\/www.entreculturas.org\/gl\/","logo":{"@type":"ImageObject","inLanguage":"gl-ES","@id":"https:\/\/www.entreculturas.org\/gl\/#\/schema\/logo\/image\/","url":"https:\/\/www.entreculturas.org\/wp-content\/uploads\/2025\/10\/ESP.svg","contentUrl":"https:\/\/www.entreculturas.org\/wp-content\/uploads\/2025\/10\/ESP.svg","caption":"Entreculturas"},"image":{"@id":"https:\/\/www.entreculturas.org\/gl\/#\/schema\/logo\/image\/"},"sameAs":["https:\/\/www.facebook.com\/entreculturas","https:\/\/x.com\/Entreculturas","https:\/\/www.instagram.com\/entreculturas\/","https:\/\/www.youtube.com\/user\/entreculturasvideo","https:\/\/www.linkedin.com\/company\/fundacion-entreculturas-ngdo\/","https:\/\/www.flickr.com\/photos\/98455522@N04\/albums\/"]}]}},"_links":{"self":[{"href":"https:\/\/www.entreculturas.org\/gl\/wp-json\/wp\/v2\/noticia\/9718","targetHints":{"allow":["GET"]}}],"collection":[{"href":"https:\/\/www.entreculturas.org\/gl\/wp-json\/wp\/v2\/noticia"}],"about":[{"href":"https:\/\/www.entreculturas.org\/gl\/wp-json\/wp\/v2\/types\/noticia"}],"wp:featuredmedia":[{"embeddable":true,"href":"https:\/\/www.entreculturas.org\/gl\/wp-json\/wp\/v2\/media\/9719"}],"wp:attachment":[{"href":"https:\/\/www.entreculturas.org\/gl\/wp-json\/wp\/v2\/media?parent=9718"}],"wp:term":[{"taxonomy":"category","embeddable":true,"href":"https:\/\/www.entreculturas.org\/gl\/wp-json\/wp\/v2\/categories?post=9718"},{"taxonomy":"post_tag","embeddable":true,"href":"https:\/\/www.entreculturas.org\/gl\/wp-json\/wp\/v2\/tags?post=9718"},{"taxonomy":"country","embeddable":true,"href":"https:\/\/www.entreculturas.org\/gl\/wp-json\/wp\/v2\/country?post=9718"},{"taxonomy":"cause","embeddable":true,"href":"https:\/\/www.entreculturas.org\/gl\/wp-json\/wp\/v2\/cause?post=9718"}],"curies":[{"name":"wp","href":"https:\/\/api.w.org\/{rel}","templated":true}]}}