{"id":9716,"date":"2023-03-17T11:37:41","date_gmt":"2023-03-17T10:37:41","guid":{"rendered":"https:\/\/www.entreculturas.org\/publicacion\/paloma-garcia-ogara-voluntaria-volpa-en-republica\/"},"modified":"2024-09-17T13:22:27","modified_gmt":"2024-09-17T11:22:27","slug":"paloma-garcia-ogara-voluntaria-volpa-en-republica","status":"publish","type":"noticia","link":"https:\/\/www.entreculturas.org\/gl\/noticia\/paloma-garcia-ogara-voluntaria-volpa-en-republica\/","title":{"rendered":"Paloma Garc\u00eda-Ogara | Voluntaria VOLPA en Rep\u00fablica Dominicana"},"content":{"rendered":"<p><strong>Soy VOLPA<\/strong> en un lugar donde se levanta el polvo al pasar. Donde es constante el paso de los camiones y siempre se escucha el sonido de las bocinas de los coches.<\/p>\n<p>Es un lugar donde el calor quema y las lluvias apenas duran unos minutos, suficiente para inundar las calles y mantener la vida que aqu\u00ed crece. De fondo, los cantos de las aves de distintas especies se mezclan unos con otros. Soy VOLPA en un lugar donde siempre hay sitio para uno m\u00e1s, donde se bromea antes de saber tu nombre y donde te brindan caf\u00e9 en cualquier momento del d\u00eda. Un lugar donde Dios est\u00e1 en boca de todos, donde se alaba y se da gracias por ello.<\/p>\n<p>Soy VOLPA en un pa\u00eds en v\u00edas de desarrollo, <strong>donde las diferencias sociales entre ricos y pobres son cada vez mayores<\/strong>. Pero todos se mueven al ritmo del merengue y las situaciones dif\u00edciles las convierten en bachata.<\/p>\n<p>Este lugar es Lecher\u00eda, un peque\u00f1o Batey a unas horas de Santo Domingo, la capital de Rep\u00fablica Dominicana. Una isla en mitad del Caribe. Una autopista separa el barrio del Batey, una l\u00ednea divisoria entre la sociedad y sus m\u00e1rgenes. Al otro lado empieza Lecher\u00eda, un asentamiento que creci\u00f3 en la \u00e9poca de la ca\u00f1a de az\u00facar, donde la poblaci\u00f3n es mayoritariamente de inmigrantes haitianos.<\/p>\n<p>Aqu\u00ed colaboro con Fe y Alegr\u00eda,<strong> una organizaci\u00f3n encargada de dar una educaci\u00f3n de calidad a los sectores m\u00e1s necesitados del pa\u00eds<\/strong>. Soy Paloma y soy VOLPA.<\/p>\n<p>Llegu\u00e9 aqu\u00ed hace cuatro meses, pero la realidad es que he terminado de adaptarme hace poquito, o por lo menos esa es mi sensaci\u00f3n. Al principio todo el mundo dec\u00eda que me estaba adaptando muy r\u00e1pido y muy bien, pero yo tengo el sentimiento de que acabo de llegar. Como todo, al principio hubo muchas cosas que me chocaron, pero la m\u00e1s importante y a la que m\u00e1s me ha costado adaptarme ha sido la sensaci\u00f3n de falta de libertad.<\/p>\n<p>Mires donde mires, hay un cerrojo, una reja, un alambre de espino, unos barrotes. La puerta de casa siempre tiene que estar cerrada y en todos lados hay candados. Esta es una de las situaciones a las que m\u00e1s me ha costado y todav\u00eda me cuesta acostumbrarme. No poder caminar por la calle a partir de ciertas horas o tener que ir acompa\u00f1ada a algunos lugares, <strong>me ha hecho valorar la seguridad con la que siempre he vivido<\/strong>, pues aqu\u00ed no me suelta la sensaci\u00f3n de estar encerrada en todo momento y en todo lugar.<\/p>\n<p>Esta fue una de mis primeras prioridades, encontrar momentos de libertad. Por eso disfruto mucho de ir a la escuela en bicicleta, de las ventanas sin barrotes y de poder estar bajo el techo de casa, donde el horizonte se ampl\u00eda un par de techos m\u00e1s all\u00e1.<\/p>\n<p>Aqu\u00ed hacen algo muy cultural que me gusta mucho, por las tardes sacan sillas de pl\u00e1stico a las calles. En todas las casas hay sillas de pl\u00e1stico para todas las personas, para que siempre quepa uno m\u00e1s, por las tardes se sientan y simplemente est\u00e1n juntos todos los vecinos y la gente que se quiera sumar. Muchas veces hablan y otras hay que estar en silencio, nada m\u00e1s.<\/p>\n<p>Y es que aqu\u00ed la vida, aparte de ser vivida, tambi\u00e9n se contempla. Y es una de las cosas que m\u00e1s disfruto. Aqu\u00ed he comprobado que <strong>el encuentro existe cuando hay amor de por medio<\/strong>. Cuando una persona busca amar y la otra busca ser amado, aunque todos buscamos las dos, pues todos hemos sido creados para eso, para amar y ser amados.<\/p>\n<p>En ese momento tiene que haber un espacio donde poder encontrarnos, ese primer espacio para todos nosotros es la familia y el segundo es la escuela. Aqu\u00ed la familia muchas veces no es ese espacio donde amar y ser amado, por lo tanto pasa a ser la escuela y la escuela en este caso funciona como refugio. <strong>Es donde a los ni\u00f1os se les permite verdaderamente ser ni\u00f1os<\/strong>.<\/p>\n<p>Otra de las cosas a las que tuve que hacer frente cuando llegu\u00e9 aqu\u00ed fue el sentimiento de soledad. Pero la gente con la que convivo ha sido un punto de partida para encontrarme con otros, porque al final convivo con personas que est\u00e1n en la misma situaci\u00f3n que yo y poner esto en com\u00fan ha sido tambi\u00e9n una manera de convivir, de compartir y de conocernos.<\/p>\n<p>Ha sido muy bonito y a la vez un proceso largo y duro, porque aprender a estar solo es complicado, o por lo menos para m\u00ed lo ha sido. Pero estoy muy orgullosa del camino hasta aqu\u00ed y muy contenta. La verdad es que ahora mismo disfruto mucho de los momentos a solas, estoy disfrutando mucho de todas las oportunidades de encuentro que me est\u00e1 dando esta experiencia.<\/p>\n<p>Y lo mejor de todo es que todav\u00eda me queda un tiempo por aqu\u00ed, as\u00ed que espero que nos podamos seguir encontrando. Y a partir de ah\u00ed, pues <strong>ser y estar para los dem\u00e1s y con los dem\u00e1s<\/strong>, que es lo importante. Hasta pronto.<\/p>\n<p>&nbsp;<\/p>\n","protected":false},"excerpt":{"rendered":"<p>Soy VOLPA en un lugar donde se levanta el polvo al pasar. Donde es constante el paso de los camiones y siempre se escucha el sonido de las bocinas de los coches. Es un lugar donde el calor quema y las lluvias apenas duran unos minutos, suficiente para inundar las calles y mantener la vida que aqu\u00ed crece. De fondo, los cantos de las aves de distintas especies se mezclan unos con otros. Soy VOLPA en un lugar donde siempre hay sitio para uno m\u00e1s, donde se bromea antes de saber tu nombre y donde te brindan caf\u00e9 en cualquier momento del d\u00eda. Un lugar donde Dios est\u00e1 en boca de todos, donde se alaba y se da gracias por ello. Soy VOLPA en un pa\u00eds en v\u00edas de desarrollo, donde las diferencias sociales entre ricos y pobres son cada vez mayores. Pero todos se mueven al ritmo del merengue [&hellip;]<\/p>\n","protected":false},"featured_media":9717,"template":"single-noticia","meta":{"_acf_changed":false},"categories":[7],"tags":[191],"country":[],"cause":[],"class_list":["post-9716","noticia","type-noticia","status-publish","has-post-thumbnail","hentry","category-noticia","tag-voluntariado"],"acf":[],"yoast_head":"<!-- This site is optimized with the Yoast SEO Premium plugin v21.6 (Yoast SEO v27.5) - https:\/\/yoast.com\/product\/yoast-seo-premium-wordpress\/ -->\n<title>Paloma Garc\u00eda-Ogara | Voluntaria VOLPA en Rep\u00fablica Dominicana - Entreculturas<\/title>\n<meta name=\"robots\" content=\"index, follow, max-snippet:-1, max-image-preview:large, max-video-preview:-1\" \/>\n<link rel=\"canonical\" href=\"https:\/\/www.entreculturas.org\/gl\/noticia\/paloma-garcia-ogara-voluntaria-volpa-en-republica\/\" \/>\n<meta property=\"og:locale\" content=\"gl_ES\" \/>\n<meta property=\"og:type\" content=\"article\" \/>\n<meta property=\"og:title\" content=\"Paloma Garc\u00eda-Ogara | Voluntaria VOLPA en Rep\u00fablica Dominicana\" \/>\n<meta property=\"og:description\" content=\"Soy VOLPA en un lugar donde se levanta el polvo al pasar. Donde es constante el paso de los camiones y siempre se escucha el sonido de las bocinas de los coches. Es un lugar donde el calor quema y las lluvias apenas duran unos minutos, suficiente para inundar las calles y mantener la vida que aqu\u00ed crece. De fondo, los cantos de las aves de distintas especies se mezclan unos con otros. Soy VOLPA en un lugar donde siempre hay sitio para uno m\u00e1s, donde se bromea antes de saber tu nombre y donde te brindan caf\u00e9 en cualquier momento del d\u00eda. Un lugar donde Dios est\u00e1 en boca de todos, donde se alaba y se da gracias por ello. Soy VOLPA en un pa\u00eds en v\u00edas de desarrollo, donde las diferencias sociales entre ricos y pobres son cada vez mayores. Pero todos se mueven al ritmo del merengue [&hellip;]\" \/>\n<meta property=\"og:url\" content=\"https:\/\/www.entreculturas.org\/gl\/noticia\/paloma-garcia-ogara-voluntaria-volpa-en-republica\/\" \/>\n<meta property=\"og:site_name\" content=\"Entreculturas\" \/>\n<meta property=\"article:publisher\" content=\"https:\/\/www.facebook.com\/entreculturas\" \/>\n<meta property=\"article:modified_time\" content=\"2024-09-17T11:22:27+00:00\" \/>\n<meta property=\"og:image\" content=\"https:\/\/www.entreculturas.org\/wp-content\/uploads\/2023\/12\/paloma-web.jpg\" \/>\n\t<meta property=\"og:image:width\" content=\"600\" \/>\n\t<meta property=\"og:image:height\" content=\"336\" \/>\n\t<meta property=\"og:image:type\" content=\"image\/jpeg\" \/>\n<meta name=\"twitter:card\" content=\"summary_large_image\" \/>\n<meta name=\"twitter:site\" content=\"@Entreculturas\" \/>\n<script type=\"application\/ld+json\" class=\"yoast-schema-graph\">{\"@context\":\"https:\\\/\\\/schema.org\",\"@graph\":[{\"@type\":\"WebPage\",\"@id\":\"https:\\\/\\\/www.entreculturas.org\\\/gl\\\/noticia\\\/paloma-garcia-ogara-voluntaria-volpa-en-republica\\\/\",\"url\":\"https:\\\/\\\/www.entreculturas.org\\\/gl\\\/noticia\\\/paloma-garcia-ogara-voluntaria-volpa-en-republica\\\/\",\"name\":\"Paloma Garc\u00eda-Ogara | Voluntaria VOLPA en Rep\u00fablica Dominicana - Entreculturas\",\"isPartOf\":{\"@id\":\"https:\\\/\\\/www.entreculturas.org\\\/gl\\\/#website\"},\"primaryImageOfPage\":{\"@id\":\"https:\\\/\\\/www.entreculturas.org\\\/gl\\\/noticia\\\/paloma-garcia-ogara-voluntaria-volpa-en-republica\\\/#primaryimage\"},\"image\":{\"@id\":\"https:\\\/\\\/www.entreculturas.org\\\/gl\\\/noticia\\\/paloma-garcia-ogara-voluntaria-volpa-en-republica\\\/#primaryimage\"},\"thumbnailUrl\":\"https:\\\/\\\/www.entreculturas.org\\\/wp-content\\\/uploads\\\/2023\\\/12\\\/paloma-web.jpg\",\"datePublished\":\"2023-03-17T10:37:41+00:00\",\"dateModified\":\"2024-09-17T11:22:27+00:00\",\"breadcrumb\":{\"@id\":\"https:\\\/\\\/www.entreculturas.org\\\/gl\\\/noticia\\\/paloma-garcia-ogara-voluntaria-volpa-en-republica\\\/#breadcrumb\"},\"inLanguage\":\"gl-ES\",\"potentialAction\":[{\"@type\":\"ReadAction\",\"target\":[\"https:\\\/\\\/www.entreculturas.org\\\/gl\\\/noticia\\\/paloma-garcia-ogara-voluntaria-volpa-en-republica\\\/\"]}]},{\"@type\":\"ImageObject\",\"inLanguage\":\"gl-ES\",\"@id\":\"https:\\\/\\\/www.entreculturas.org\\\/gl\\\/noticia\\\/paloma-garcia-ogara-voluntaria-volpa-en-republica\\\/#primaryimage\",\"url\":\"https:\\\/\\\/www.entreculturas.org\\\/wp-content\\\/uploads\\\/2023\\\/12\\\/paloma-web.jpg\",\"contentUrl\":\"https:\\\/\\\/www.entreculturas.org\\\/wp-content\\\/uploads\\\/2023\\\/12\\\/paloma-web.jpg\",\"width\":600,\"height\":336},{\"@type\":\"BreadcrumbList\",\"@id\":\"https:\\\/\\\/www.entreculturas.org\\\/gl\\\/noticia\\\/paloma-garcia-ogara-voluntaria-volpa-en-republica\\\/#breadcrumb\",\"itemListElement\":[{\"@type\":\"ListItem\",\"position\":1,\"name\":\"Home\",\"item\":\"https:\\\/\\\/www.entreculturas.org\\\/gl\\\/\"},{\"@type\":\"ListItem\",\"position\":2,\"name\":\"Noticias\",\"item\":\"https:\\\/\\\/www.entreculturas.org\\\/gl\\\/noticias\\\/\"},{\"@type\":\"ListItem\",\"position\":3,\"name\":\"Paloma Garc\u00eda-Ogara | Voluntaria VOLPA en Rep\u00fablica Dominicana\"}]},{\"@type\":\"WebSite\",\"@id\":\"https:\\\/\\\/www.entreculturas.org\\\/gl\\\/#website\",\"url\":\"https:\\\/\\\/www.entreculturas.org\\\/gl\\\/\",\"name\":\"Entreculturas\",\"description\":\"\",\"publisher\":{\"@id\":\"https:\\\/\\\/www.entreculturas.org\\\/gl\\\/#organization\"},\"alternateName\":\"Entreculturas\",\"potentialAction\":[{\"@type\":\"SearchAction\",\"target\":{\"@type\":\"EntryPoint\",\"urlTemplate\":\"https:\\\/\\\/www.entreculturas.org\\\/gl\\\/?s={search_term_string}\"},\"query-input\":{\"@type\":\"PropertyValueSpecification\",\"valueRequired\":true,\"valueName\":\"search_term_string\"}}],\"inLanguage\":\"gl-ES\"},{\"@type\":\"Organization\",\"@id\":\"https:\\\/\\\/www.entreculturas.org\\\/gl\\\/#organization\",\"name\":\"Entreculturas\",\"url\":\"https:\\\/\\\/www.entreculturas.org\\\/gl\\\/\",\"logo\":{\"@type\":\"ImageObject\",\"inLanguage\":\"gl-ES\",\"@id\":\"https:\\\/\\\/www.entreculturas.org\\\/gl\\\/#\\\/schema\\\/logo\\\/image\\\/\",\"url\":\"https:\\\/\\\/www.entreculturas.org\\\/wp-content\\\/uploads\\\/2025\\\/10\\\/ESP.svg\",\"contentUrl\":\"https:\\\/\\\/www.entreculturas.org\\\/wp-content\\\/uploads\\\/2025\\\/10\\\/ESP.svg\",\"caption\":\"Entreculturas\"},\"image\":{\"@id\":\"https:\\\/\\\/www.entreculturas.org\\\/gl\\\/#\\\/schema\\\/logo\\\/image\\\/\"},\"sameAs\":[\"https:\\\/\\\/www.facebook.com\\\/entreculturas\",\"https:\\\/\\\/x.com\\\/Entreculturas\",\"https:\\\/\\\/www.instagram.com\\\/entreculturas\\\/\",\"https:\\\/\\\/www.youtube.com\\\/user\\\/entreculturasvideo\",\"https:\\\/\\\/www.linkedin.com\\\/company\\\/fundacion-entreculturas-ngdo\\\/\",\"https:\\\/\\\/www.flickr.com\\\/photos\\\/98455522@N04\\\/albums\\\/\"]}]}<\/script>\n<!-- \/ Yoast SEO Premium plugin. -->","yoast_head_json":{"title":"Paloma Garc\u00eda-Ogara | Voluntaria VOLPA en Rep\u00fablica Dominicana - Entreculturas","robots":{"index":"index","follow":"follow","max-snippet":"max-snippet:-1","max-image-preview":"max-image-preview:large","max-video-preview":"max-video-preview:-1"},"canonical":"https:\/\/www.entreculturas.org\/gl\/noticia\/paloma-garcia-ogara-voluntaria-volpa-en-republica\/","og_locale":"gl_ES","og_type":"article","og_title":"Paloma Garc\u00eda-Ogara | Voluntaria VOLPA en Rep\u00fablica Dominicana","og_description":"Soy VOLPA en un lugar donde se levanta el polvo al pasar. Donde es constante el paso de los camiones y siempre se escucha el sonido de las bocinas de los coches. Es un lugar donde el calor quema y las lluvias apenas duran unos minutos, suficiente para inundar las calles y mantener la vida que aqu\u00ed crece. De fondo, los cantos de las aves de distintas especies se mezclan unos con otros. Soy VOLPA en un lugar donde siempre hay sitio para uno m\u00e1s, donde se bromea antes de saber tu nombre y donde te brindan caf\u00e9 en cualquier momento del d\u00eda. Un lugar donde Dios est\u00e1 en boca de todos, donde se alaba y se da gracias por ello. Soy VOLPA en un pa\u00eds en v\u00edas de desarrollo, donde las diferencias sociales entre ricos y pobres son cada vez mayores. Pero todos se mueven al ritmo del merengue [&hellip;]","og_url":"https:\/\/www.entreculturas.org\/gl\/noticia\/paloma-garcia-ogara-voluntaria-volpa-en-republica\/","og_site_name":"Entreculturas","article_publisher":"https:\/\/www.facebook.com\/entreculturas","article_modified_time":"2024-09-17T11:22:27+00:00","og_image":[{"width":600,"height":336,"url":"https:\/\/www.entreculturas.org\/wp-content\/uploads\/2023\/12\/paloma-web.jpg","type":"image\/jpeg"}],"twitter_card":"summary_large_image","twitter_site":"@Entreculturas","schema":{"@context":"https:\/\/schema.org","@graph":[{"@type":"WebPage","@id":"https:\/\/www.entreculturas.org\/gl\/noticia\/paloma-garcia-ogara-voluntaria-volpa-en-republica\/","url":"https:\/\/www.entreculturas.org\/gl\/noticia\/paloma-garcia-ogara-voluntaria-volpa-en-republica\/","name":"Paloma Garc\u00eda-Ogara | Voluntaria VOLPA en Rep\u00fablica Dominicana - Entreculturas","isPartOf":{"@id":"https:\/\/www.entreculturas.org\/gl\/#website"},"primaryImageOfPage":{"@id":"https:\/\/www.entreculturas.org\/gl\/noticia\/paloma-garcia-ogara-voluntaria-volpa-en-republica\/#primaryimage"},"image":{"@id":"https:\/\/www.entreculturas.org\/gl\/noticia\/paloma-garcia-ogara-voluntaria-volpa-en-republica\/#primaryimage"},"thumbnailUrl":"https:\/\/www.entreculturas.org\/wp-content\/uploads\/2023\/12\/paloma-web.jpg","datePublished":"2023-03-17T10:37:41+00:00","dateModified":"2024-09-17T11:22:27+00:00","breadcrumb":{"@id":"https:\/\/www.entreculturas.org\/gl\/noticia\/paloma-garcia-ogara-voluntaria-volpa-en-republica\/#breadcrumb"},"inLanguage":"gl-ES","potentialAction":[{"@type":"ReadAction","target":["https:\/\/www.entreculturas.org\/gl\/noticia\/paloma-garcia-ogara-voluntaria-volpa-en-republica\/"]}]},{"@type":"ImageObject","inLanguage":"gl-ES","@id":"https:\/\/www.entreculturas.org\/gl\/noticia\/paloma-garcia-ogara-voluntaria-volpa-en-republica\/#primaryimage","url":"https:\/\/www.entreculturas.org\/wp-content\/uploads\/2023\/12\/paloma-web.jpg","contentUrl":"https:\/\/www.entreculturas.org\/wp-content\/uploads\/2023\/12\/paloma-web.jpg","width":600,"height":336},{"@type":"BreadcrumbList","@id":"https:\/\/www.entreculturas.org\/gl\/noticia\/paloma-garcia-ogara-voluntaria-volpa-en-republica\/#breadcrumb","itemListElement":[{"@type":"ListItem","position":1,"name":"Home","item":"https:\/\/www.entreculturas.org\/gl\/"},{"@type":"ListItem","position":2,"name":"Noticias","item":"https:\/\/www.entreculturas.org\/gl\/noticias\/"},{"@type":"ListItem","position":3,"name":"Paloma Garc\u00eda-Ogara | Voluntaria VOLPA en Rep\u00fablica Dominicana"}]},{"@type":"WebSite","@id":"https:\/\/www.entreculturas.org\/gl\/#website","url":"https:\/\/www.entreculturas.org\/gl\/","name":"Entreculturas","description":"","publisher":{"@id":"https:\/\/www.entreculturas.org\/gl\/#organization"},"alternateName":"Entreculturas","potentialAction":[{"@type":"SearchAction","target":{"@type":"EntryPoint","urlTemplate":"https:\/\/www.entreculturas.org\/gl\/?s={search_term_string}"},"query-input":{"@type":"PropertyValueSpecification","valueRequired":true,"valueName":"search_term_string"}}],"inLanguage":"gl-ES"},{"@type":"Organization","@id":"https:\/\/www.entreculturas.org\/gl\/#organization","name":"Entreculturas","url":"https:\/\/www.entreculturas.org\/gl\/","logo":{"@type":"ImageObject","inLanguage":"gl-ES","@id":"https:\/\/www.entreculturas.org\/gl\/#\/schema\/logo\/image\/","url":"https:\/\/www.entreculturas.org\/wp-content\/uploads\/2025\/10\/ESP.svg","contentUrl":"https:\/\/www.entreculturas.org\/wp-content\/uploads\/2025\/10\/ESP.svg","caption":"Entreculturas"},"image":{"@id":"https:\/\/www.entreculturas.org\/gl\/#\/schema\/logo\/image\/"},"sameAs":["https:\/\/www.facebook.com\/entreculturas","https:\/\/x.com\/Entreculturas","https:\/\/www.instagram.com\/entreculturas\/","https:\/\/www.youtube.com\/user\/entreculturasvideo","https:\/\/www.linkedin.com\/company\/fundacion-entreculturas-ngdo\/","https:\/\/www.flickr.com\/photos\/98455522@N04\/albums\/"]}]}},"_links":{"self":[{"href":"https:\/\/www.entreculturas.org\/gl\/wp-json\/wp\/v2\/noticia\/9716","targetHints":{"allow":["GET"]}}],"collection":[{"href":"https:\/\/www.entreculturas.org\/gl\/wp-json\/wp\/v2\/noticia"}],"about":[{"href":"https:\/\/www.entreculturas.org\/gl\/wp-json\/wp\/v2\/types\/noticia"}],"wp:featuredmedia":[{"embeddable":true,"href":"https:\/\/www.entreculturas.org\/gl\/wp-json\/wp\/v2\/media\/9717"}],"wp:attachment":[{"href":"https:\/\/www.entreculturas.org\/gl\/wp-json\/wp\/v2\/media?parent=9716"}],"wp:term":[{"taxonomy":"category","embeddable":true,"href":"https:\/\/www.entreculturas.org\/gl\/wp-json\/wp\/v2\/categories?post=9716"},{"taxonomy":"post_tag","embeddable":true,"href":"https:\/\/www.entreculturas.org\/gl\/wp-json\/wp\/v2\/tags?post=9716"},{"taxonomy":"country","embeddable":true,"href":"https:\/\/www.entreculturas.org\/gl\/wp-json\/wp\/v2\/country?post=9716"},{"taxonomy":"cause","embeddable":true,"href":"https:\/\/www.entreculturas.org\/gl\/wp-json\/wp\/v2\/cause?post=9716"}],"curies":[{"name":"wp","href":"https:\/\/api.w.org\/{rel}","templated":true}]}}