{"id":9694,"date":"2022-07-21T09:47:54","date_gmt":"2022-07-21T07:47:54","guid":{"rendered":"https:\/\/www.entreculturas.org\/publicacion\/maria-jesus-vera\/"},"modified":"2024-09-20T12:04:54","modified_gmt":"2024-09-20T10:04:54","slug":"maria-jesus-vera","status":"publish","type":"noticia","link":"https:\/\/www.entreculturas.org\/gl\/noticia\/maria-jesus-vera\/","title":{"rendered":"MAR\u00cdA JES\u00daS VERA"},"content":{"rendered":"<p>Ella es Mar\u00eda Jes\u00fas Vera De La Concepci\u00f3n, es voluntaria de Entreculturas y actualmente coordina el equipo de sensibilizaci\u00f3n de la delegaci\u00f3n de Extremadura. En lo profesional, es gestora de clientes de una cooperativa de cr\u00e9dito extreme\u00f1a y su tiempo libre lo dedica a su familia y amigas\/os, leer, viajar, dise\u00f1o gr\u00e1fico, fotograf\u00eda y a realizar voluntariado con Entreculturas.<\/p>\n<p><span style=\"color: #000000;\"><strong>\u00bfC\u00f3mo conociste a Entreculturas? \u00bfQu\u00e9 te motiv\u00f3 a participar en nuestra organizaci\u00f3n? \u00bfCu\u00e1nto tiempo llevas en la Delegaci\u00f3n participando activamente?<\/strong><\/span><br \/>\nConoc\u00ed Entreculturas gracias a una amiga que realiza voluntariado en la organizaci\u00f3n y me despert\u00f3 las ganas de conocerla. Esto me llev\u00f3 a acercarme a la delegaci\u00f3n y pronto comprend\u00ed que Entreculturas podr\u00eda ser el espacio en el que comprometerme.<br \/>\nEntr\u00e9 en la delegaci\u00f3n en el a\u00f1o 2017 y desde entonces he aprendido que el voluntariado no es un acto de dar, sino de recibir. Gracias a Entreculturas he tenido la oportunidad de acercarme a realidades muy distintas a la m\u00eda y a mirar la vida con m\u00e1s empat\u00eda. Siempre he dicho que Entreculturas para m\u00ed es una ventana a la realidad que me mantiene activa y solo eso ya es motivo de agradecimiento.<\/p>\n<p><span style=\"color: #000000;\"><strong>\u00bfDe los tantos proyectos, programas y campa\u00f1as que llevamos a cabo, en cu\u00e1les te has involucrado activamente y por qu\u00e9? \u00bfTe has involucrado en temas de refugio junto a Entreculturas o junto a otras organizaciones?\u00a0<\/strong><\/span><br \/>\nDesde mi llegada a Entreculturas me he implicado en varios proyectos como las diferentes campa\u00f1as de La Silla Roja, La Luz de las Ni\u00f1as, los distintos programas delegaci\u00f3n, Escuela Refugio y el Reto Delegaci\u00f3n, entre otros, ya que mi participaci\u00f3n en el equipo de sensibilizaci\u00f3n me ha dado la oportunidad de conocerlos y realizar actividades para concienciar al resto de la ciudadan\u00eda sobre las diferentes causas por las que trabaja cada programa.<\/p>\n<p>Sin dejar de lado el resto de causas por las que trabaja Entreculturas, en los \u00faltimos cursos he intentado especialmente acercarme a la realidad que viven las personas migrantes y refugiadas y en los \u00faltimos meses hemos trabajado desde la delegaci\u00f3n en conjunto con otras organizaciones y obras de la Compa\u00f1\u00eda para dar visibilidad a esta realidad.<\/p>\n<p><span style=\"color: #000000;\"><strong>\u00bfEn qu\u00e9 consiste el Reto de tu Delegaci\u00f3n? \u00bfQu\u00e9 actividades est\u00e1n haciendo para darle visibilidad a este Reto?<\/strong><\/span><br \/>\nEste a\u00f1o, en la delegaci\u00f3n de Extremadura, estamos trabajando por el Reto de Marruecos que se centra en el acompa\u00f1amiento, asistencia y protecci\u00f3n de las personas migrantes subsaharianas en tr\u00e1nsito en todo lo ancho de la costa Norte de Marruecos (T\u00e1nger, Tetu\u00e1n, Alhucemas y Nador).<\/p>\n<p>El proyecto est\u00e1 dirigido a personas en situaci\u00f3n de migraci\u00f3n que en su mayor\u00eda proceden de diferentes pa\u00edses de la regi\u00f3n de \u00c1frica del Oeste (Guinea Conakry, Costa de Marfil, Camer\u00fan o Mali, entre otros). Estos migrantes subsaharianos son mayoritariamente hombres (alrededor de 70%) j\u00f3venes -entre 18 y 30 a\u00f1os-. Las mujeres representan alrededor de 20% y los menores, los ni\u00f1os y ni\u00f1as el 10%, si bien el n\u00famero de menores no acompa\u00f1ados y mujeres tambi\u00e9n es significativo. Dentro este colectivo, el proyecto se enfoca en aquellos que se encuentran en una situaci\u00f3n de mayor vulnerabilidad: mujeres migrantes, migrantes enfermos-as, ni\u00f1os y ni\u00f1as, v\u00edctimas\/supervivientes de violencias de todo tipo y de acontecimientos traum\u00e1ticos, as\u00ed como potenciales solicitantes de asilo.<\/p>\n<p>A lo largo del curso hemos llevado a cabo formaciones que nos han ayudado a tomar conciencia de la problem\u00e1tica y complejidad de la movilidad humana, tambi\u00e9n hemos realizado actividades desde la delegaci\u00f3n que nos han permitido compartir d\u00edas de encuentro con personas que han vivido la crueldad de los procesos migratorios, lo que nos ha ayudado a poner rostro a estas situaciones y empatizar con sus vivencias de sufrimiento y dolor, a la vez que visibilizamos al resto de la sociedad esta realidad y ayud\u00e1bamos al proyecto d\u00e1ndolo a conocer.<\/p>\n<p>Adem\u00e1s de esto, desde la institucionalidad de Entreculturas, y en conjunto con el N\u00facleo Apost\u00f3lico de Extremadura, tenemos un equipo de trabajo desde el que estamos detectando las necesidades no cubiertas hasta ahora por ninguna organizaci\u00f3n que pudieran tener las personas migrantes y refugiadas que se encuentran en la ciudad de Badajoz, con idea de comenzar a darles respuesta, en la medida de nuestras capacidades, a partir del pr\u00f3ximo septiembre. Este curso lo hemos dedicado al contacto con las organizaciones que trabajan con este colectivo, as\u00ed como con personas migrantes y refugiadas que residen en la ciudad, para conocer de cerca su realidad y poder, de este modo, dar una respuesta ajustada a sus necesidades. Esperamos que esta iniciativa abra una nueva l\u00ednea de trabajo para Entreculturas Extremadura para el pr\u00f3ximo curso con el foco en migraci\u00f3n y refugio y de la mano de otras obras de la Compa\u00f1\u00eda en la ciudad.<\/p>\n<p><span style=\"color: #000000;\"><strong>En este contexto post- pandemia y de guerra que vivimos \u00bfc\u00f3mo percibes la situaci\u00f3n de los refugiados en el mundo?<\/strong><\/span><br \/>\nGlobalmente, el n\u00famero estimado de migrantes internacionales ha aumentado en las \u00faltimas cinco d\u00e9cadas. El total estimado de 281 millones de personas que viv\u00edan en un pa\u00eds distinto de su pa\u00eds natal en 2020 es superior en 128 millones a la cifra de 1990 y triplica con creces la de 1970.<\/p>\n<p>La guerra de Ucrania y los otros 56 conflictos activos a d\u00eda de hoy han provocado que la cifra global de personas refugiadas y desplazadas haya superado por primera vez desde que se tiene noticia los 100 millones de personas, seg\u00fan datos de ACNUR del primer semestre de 2022.<\/p>\n<p>Cada a\u00f1o, m\u00e1s de 20 millones de personas abandonan su hogar para trasladarse a otro punto de su pa\u00eds debido a los peligros de los eventos clim\u00e1ticos extremos (lluvias frecuentes, sequ\u00edas prolongadas, desertificaci\u00f3n ambiental\u2026). Seg\u00fan ACNUR la cifra de personas desplazadas por causa clim\u00e1tica podr\u00eda alcanzar los mil millones en 2050.<\/p>\n<p>Teniendo en cuenta estos datos, podemos observar que la movilidad humana es un fen\u00f3meno global que se ha dado a lo largo de toda la historia y no va a disminuir, ya que cada vez hay m\u00e1s motivos que mueven a las personas a salir de su hogar en busca de mejores oportunidades para su familia o pretendiendo, simplemente, sobrevivir.<\/p>\n<p>Con todo este contexto, es f\u00e1cil entender que la movilidad humana es un fen\u00f3meno global que ha tenido lugar siempre y va a seguir sucediendo en el presente y en el futuro porque los contextos se complejizan, la inestabilidad de los gobiernos hace que la amenaza de conflicto est\u00e9 siempre presente, cambian los modelos de gobierno y derechos logrados vuelven a perderse en cuesti\u00f3n de pocas semanas. En medio de esta realidad las personas tienen que moverse, desplazarse dentro del propio pa\u00eds o solicitar asilo en otros lugares del mundo para salvar su vida. Esto, en lugar de verlo como riqueza, se ha convertido para la ciudadan\u00eda en una amenaza porque los discursos del odio han calado hondo en nuestras sociedades.<br \/>\nSi a todo esto le sumamos la pandemia por Coronavirus y que al menos veinte pa\u00edses siguen denegando el acceso al asilo poniendo como excusa que es una medida para luchar contra la pandemia, podemos entender que la realidad de las personas refugiadas se ha visto a\u00fan m\u00e1s perjudicada.<\/p>\n<p>En muchos lugares del Europa, incluyendo Espa\u00f1a, se dan medidas de externalizaci\u00f3n de fronteras que est\u00e1 obligando a cambiar las rutas migratorias por otras m\u00e1s peligrosas y poniendo, a\u00fan m\u00e1s, la vida de miles de personas en peligro, como est\u00e1 sucediendo en el Mediterr\u00e1neo.<br \/>\nLa pandemia nos ha demostrado una vez m\u00e1s que todo est\u00e1 conectado y que todos somos vulnerables y ning\u00fan pa\u00eds puede garantizar por s\u00ed mismo la seguridad de sus ciudadanas\/os. Hay que buscar soluciones globales a problemas globales y la movilidad humana lo es, no se puede dejar a nadie atr\u00e1s.<\/p>\n<p>Desde Entreculturas tenemos mucho que decir y aportar contra los discursos racistas y xen\u00f3fobos que se oyen en nuestra sociedad para fomentar una cultura de paz y hospitalidad.<\/p>\n<p><span style=\"color: #000000;\"><strong>\u00bfCu\u00e1n importante crees que es la educaci\u00f3n para las personas refugiadas?<\/strong><\/span><br \/>\nCreo que la educaci\u00f3n es necesaria para todos y todas, pero especialmente para las personas que viven alguna situaci\u00f3n de injusticia, pues me parece que es la mejor herramienta para empoderarse y luchar contra las situaciones que provocan sufrimiento. Adem\u00e1s de esto, la escuela es un espacio de protecci\u00f3n para ni\u00f1as, ni\u00f1os y adolescentes ya que evita que sean reclutados para participar en conflictos armados. En muchos lugares, ir a la escuela les asegura el alimento para ellos y sus familias y es un modo de normalizaci\u00f3n despu\u00e9s de haber vivido situaciones traum\u00e1ticas, que les permite relacionarse con sus iguales y volver a so\u00f1ar con un futuro mejor para ellos y sus familias. Por eso creo que, asegurar una educaci\u00f3n de calidad a las personas refugiadas es una necesidad urgente e importante y por ello conf\u00edo tanto en la labor de Entreculturas, que a trav\u00e9s de los distintos proyectos que lleva a cabo, persigue que no haya ning\u00fan ni\u00f1o en el mundo sin escolarizar.<\/p>\n<p><span style=\"color: #000000;\"><strong>\u00bfDe qu\u00e9 forma podemos sensibilizar a nuestra sociedad para que la acogida de las personas refugiadas se convierta en una herramienta de paz y de convivencia?<\/strong><\/span><br \/>\nDesde mi percepci\u00f3n, la mejor forma de sensibilizar a la sociedad para la acogida pasa por acercar a la misma a las situaciones que viven las personas refugiadas en el d\u00eda a d\u00eda. Creo que pasar las vivencias ajenas por nuestro coraz\u00f3n hace que la empat\u00eda despierte y sintamos propio el dolor ajeno. No para creernos superiores a otros y otras que sufren y mirarlos desde arriba, sino para conectar miradas y tender la mano. En un mundo en el que las riquezas y los privilegios son solo de unos cuantos, es apremiante dar voz a las injusticias para que todas y todos nos hagamos responsables de ellas, pues, en mayor medida, somos parte del problema y, por ello, tambi\u00e9n tenemos que ser parte de la soluci\u00f3n. En este sentido, creo que el trabajo de Entreculturas de acercar realidades es vital y gracias al voluntariado entendemos la necesidad de ser agentes de cambio para transformar aqu\u00ed y lograr cambios que mejoren la vida de todos y todas.<\/p>\n<p>Es necesario trabajar en red con otras organizaciones y colectivos, dentro y fuera de la Compa\u00f1\u00eda de Jes\u00fas, para sumar sinergias y dar voz y visibilidad a las personas refugiadas.\u00a0 Es necesario para ello, estar formadas e informadas para ayudar a romper barreras y prejuicios y no seguir propagando los discursos que invitan al racismo y la xenofobia haciendo virales mentiras y bulos. Es importante dar a conocer los beneficios, tanto para las personas como para los pa\u00edses, de acoger a la diversidad y favorecer que haya espacios de di\u00e1logo y de conocimiento de la realidad.<\/p>\n<p>Sin duda, la educaci\u00f3n y la sensibilizaci\u00f3n son herramientas muy poderosas para transformar corazones y cambiar los discursos para lograr una sociedad m\u00e1s fraterna y hospitalaria.<\/p>\n<p><span style=\"color: #000000;\"><strong>\u00bfQu\u00e9 satisfacciones y aprendizajes te ha tra\u00eddo el formar parte de Entreculturas y el estar cerca o conocer las realidades de las personas m\u00e1s vulnerables?\u00a0<\/strong><\/span><br \/>\nFormar parte de Entreculturas me ha hecho cambiar la percepci\u00f3n del mundo y restablecer mis prioridades. Ahora creo en el voluntariado como forma de vida, como herramienta para mantenerme conectada con otras realidades y sentir cercanas las distintas problem\u00e1ticas que azotan el mundo. Me siento afortunada por las oportunidades de encuentro que me regala Entreculturas. A lo largo de estos a\u00f1os he podido conocer personas de distintos lugares del mundo, cada una con sus vivencias, dificultades y luchas, pero tambi\u00e9n con historias de superaci\u00f3n y fe en que este mundo puede llegar a cambiar y convertirse en un lugar donde todas y todos tengamos los mismos derechos, sin importar nuestras ra\u00edces. Al final te das cuenta de que los sue\u00f1os e ilusiones no difieren mucho de unas personas a otras y que lo que nos mueve es compartido.<\/p>\n<p>Nos sobran los motivos, pues, como dir\u00eda Eduardo Galeano, mucha gente peque\u00f1a, en lugares peque\u00f1os, haciendo cosas peque\u00f1as, puede cambiar el mundo.<\/p>\n","protected":false},"excerpt":{"rendered":"<p>Ella es Mar\u00eda Jes\u00fas Vera De La Concepci\u00f3n, es voluntaria de Entreculturas y actualmente coordina el equipo de sensibilizaci\u00f3n de la delegaci\u00f3n de Extremadura. En lo profesional, es gestora de clientes de una cooperativa de cr\u00e9dito extreme\u00f1a y su tiempo libre lo dedica a su familia y amigas\/os, leer, viajar, dise\u00f1o gr\u00e1fico, fotograf\u00eda y a realizar voluntariado con Entreculturas.<\/p>\n","protected":false},"featured_media":9695,"template":"single-noticia","meta":{"_acf_changed":false},"categories":[7],"tags":[191],"country":[],"cause":[],"class_list":["post-9694","noticia","type-noticia","status-publish","has-post-thumbnail","hentry","category-noticia","tag-voluntariado"],"acf":[],"yoast_head":"<!-- This site is optimized with the Yoast SEO Premium plugin v21.6 (Yoast SEO v27.5) - https:\/\/yoast.com\/product\/yoast-seo-premium-wordpress\/ -->\n<title>MAR\u00cdA JES\u00daS VERA - Entreculturas<\/title>\n<meta name=\"robots\" content=\"index, follow, max-snippet:-1, max-image-preview:large, max-video-preview:-1\" \/>\n<link rel=\"canonical\" href=\"https:\/\/www.entreculturas.org\/gl\/noticia\/maria-jesus-vera\/\" \/>\n<meta property=\"og:locale\" content=\"gl_ES\" \/>\n<meta property=\"og:type\" content=\"article\" \/>\n<meta property=\"og:title\" content=\"MAR\u00cdA JES\u00daS VERA\" \/>\n<meta property=\"og:description\" content=\"Ella es Mar\u00eda Jes\u00fas Vera De La Concepci\u00f3n, es voluntaria de Entreculturas y actualmente coordina el equipo de sensibilizaci\u00f3n de la delegaci\u00f3n de Extremadura. En lo profesional, es gestora de clientes de una cooperativa de cr\u00e9dito extreme\u00f1a y su tiempo libre lo dedica a su familia y amigas\/os, leer, viajar, dise\u00f1o gr\u00e1fico, fotograf\u00eda y a realizar voluntariado con Entreculturas.\" \/>\n<meta property=\"og:url\" content=\"https:\/\/www.entreculturas.org\/gl\/noticia\/maria-jesus-vera\/\" \/>\n<meta property=\"og:site_name\" content=\"Entreculturas\" \/>\n<meta property=\"article:publisher\" content=\"https:\/\/www.facebook.com\/entreculturas\" \/>\n<meta property=\"article:modified_time\" content=\"2024-09-20T10:04:54+00:00\" \/>\n<meta property=\"og:image\" content=\"https:\/\/www.entreculturas.org\/wp-content\/uploads\/2023\/12\/maria_jesus-e1726826550206.png\" \/>\n\t<meta property=\"og:image:width\" content=\"400\" \/>\n\t<meta property=\"og:image:height\" content=\"287\" \/>\n\t<meta property=\"og:image:type\" content=\"image\/png\" \/>\n<meta name=\"twitter:card\" content=\"summary_large_image\" \/>\n<meta name=\"twitter:site\" content=\"@Entreculturas\" \/>\n<script type=\"application\/ld+json\" class=\"yoast-schema-graph\">{\"@context\":\"https:\\\/\\\/schema.org\",\"@graph\":[{\"@type\":\"WebPage\",\"@id\":\"https:\\\/\\\/www.entreculturas.org\\\/gl\\\/noticia\\\/maria-jesus-vera\\\/\",\"url\":\"https:\\\/\\\/www.entreculturas.org\\\/gl\\\/noticia\\\/maria-jesus-vera\\\/\",\"name\":\"MAR\u00cdA JES\u00daS VERA - Entreculturas\",\"isPartOf\":{\"@id\":\"https:\\\/\\\/www.entreculturas.org\\\/gl\\\/#website\"},\"primaryImageOfPage\":{\"@id\":\"https:\\\/\\\/www.entreculturas.org\\\/gl\\\/noticia\\\/maria-jesus-vera\\\/#primaryimage\"},\"image\":{\"@id\":\"https:\\\/\\\/www.entreculturas.org\\\/gl\\\/noticia\\\/maria-jesus-vera\\\/#primaryimage\"},\"thumbnailUrl\":\"https:\\\/\\\/www.entreculturas.org\\\/wp-content\\\/uploads\\\/2023\\\/12\\\/maria_jesus-e1726826550206.png\",\"datePublished\":\"2022-07-21T07:47:54+00:00\",\"dateModified\":\"2024-09-20T10:04:54+00:00\",\"breadcrumb\":{\"@id\":\"https:\\\/\\\/www.entreculturas.org\\\/gl\\\/noticia\\\/maria-jesus-vera\\\/#breadcrumb\"},\"inLanguage\":\"gl-ES\",\"potentialAction\":[{\"@type\":\"ReadAction\",\"target\":[\"https:\\\/\\\/www.entreculturas.org\\\/gl\\\/noticia\\\/maria-jesus-vera\\\/\"]}]},{\"@type\":\"ImageObject\",\"inLanguage\":\"gl-ES\",\"@id\":\"https:\\\/\\\/www.entreculturas.org\\\/gl\\\/noticia\\\/maria-jesus-vera\\\/#primaryimage\",\"url\":\"https:\\\/\\\/www.entreculturas.org\\\/wp-content\\\/uploads\\\/2023\\\/12\\\/maria_jesus-e1726826550206.png\",\"contentUrl\":\"https:\\\/\\\/www.entreculturas.org\\\/wp-content\\\/uploads\\\/2023\\\/12\\\/maria_jesus-e1726826550206.png\",\"width\":400,\"height\":287},{\"@type\":\"BreadcrumbList\",\"@id\":\"https:\\\/\\\/www.entreculturas.org\\\/gl\\\/noticia\\\/maria-jesus-vera\\\/#breadcrumb\",\"itemListElement\":[{\"@type\":\"ListItem\",\"position\":1,\"name\":\"Home\",\"item\":\"https:\\\/\\\/www.entreculturas.org\\\/gl\\\/\"},{\"@type\":\"ListItem\",\"position\":2,\"name\":\"Noticias\",\"item\":\"https:\\\/\\\/www.entreculturas.org\\\/gl\\\/noticias\\\/\"},{\"@type\":\"ListItem\",\"position\":3,\"name\":\"MAR\u00cdA JES\u00daS VERA\"}]},{\"@type\":\"WebSite\",\"@id\":\"https:\\\/\\\/www.entreculturas.org\\\/gl\\\/#website\",\"url\":\"https:\\\/\\\/www.entreculturas.org\\\/gl\\\/\",\"name\":\"Entreculturas\",\"description\":\"\",\"publisher\":{\"@id\":\"https:\\\/\\\/www.entreculturas.org\\\/gl\\\/#organization\"},\"alternateName\":\"Entreculturas\",\"potentialAction\":[{\"@type\":\"SearchAction\",\"target\":{\"@type\":\"EntryPoint\",\"urlTemplate\":\"https:\\\/\\\/www.entreculturas.org\\\/gl\\\/?s={search_term_string}\"},\"query-input\":{\"@type\":\"PropertyValueSpecification\",\"valueRequired\":true,\"valueName\":\"search_term_string\"}}],\"inLanguage\":\"gl-ES\"},{\"@type\":\"Organization\",\"@id\":\"https:\\\/\\\/www.entreculturas.org\\\/gl\\\/#organization\",\"name\":\"Entreculturas\",\"url\":\"https:\\\/\\\/www.entreculturas.org\\\/gl\\\/\",\"logo\":{\"@type\":\"ImageObject\",\"inLanguage\":\"gl-ES\",\"@id\":\"https:\\\/\\\/www.entreculturas.org\\\/gl\\\/#\\\/schema\\\/logo\\\/image\\\/\",\"url\":\"https:\\\/\\\/www.entreculturas.org\\\/wp-content\\\/uploads\\\/2025\\\/10\\\/ESP.svg\",\"contentUrl\":\"https:\\\/\\\/www.entreculturas.org\\\/wp-content\\\/uploads\\\/2025\\\/10\\\/ESP.svg\",\"caption\":\"Entreculturas\"},\"image\":{\"@id\":\"https:\\\/\\\/www.entreculturas.org\\\/gl\\\/#\\\/schema\\\/logo\\\/image\\\/\"},\"sameAs\":[\"https:\\\/\\\/www.facebook.com\\\/entreculturas\",\"https:\\\/\\\/x.com\\\/Entreculturas\",\"https:\\\/\\\/www.instagram.com\\\/entreculturas\\\/\",\"https:\\\/\\\/www.youtube.com\\\/user\\\/entreculturasvideo\",\"https:\\\/\\\/www.linkedin.com\\\/company\\\/fundacion-entreculturas-ngdo\\\/\",\"https:\\\/\\\/www.flickr.com\\\/photos\\\/98455522@N04\\\/albums\\\/\"]}]}<\/script>\n<!-- \/ Yoast SEO Premium plugin. -->","yoast_head_json":{"title":"MAR\u00cdA JES\u00daS VERA - Entreculturas","robots":{"index":"index","follow":"follow","max-snippet":"max-snippet:-1","max-image-preview":"max-image-preview:large","max-video-preview":"max-video-preview:-1"},"canonical":"https:\/\/www.entreculturas.org\/gl\/noticia\/maria-jesus-vera\/","og_locale":"gl_ES","og_type":"article","og_title":"MAR\u00cdA JES\u00daS VERA","og_description":"Ella es Mar\u00eda Jes\u00fas Vera De La Concepci\u00f3n, es voluntaria de Entreculturas y actualmente coordina el equipo de sensibilizaci\u00f3n de la delegaci\u00f3n de Extremadura. En lo profesional, es gestora de clientes de una cooperativa de cr\u00e9dito extreme\u00f1a y su tiempo libre lo dedica a su familia y amigas\/os, leer, viajar, dise\u00f1o gr\u00e1fico, fotograf\u00eda y a realizar voluntariado con Entreculturas.","og_url":"https:\/\/www.entreculturas.org\/gl\/noticia\/maria-jesus-vera\/","og_site_name":"Entreculturas","article_publisher":"https:\/\/www.facebook.com\/entreculturas","article_modified_time":"2024-09-20T10:04:54+00:00","og_image":[{"width":400,"height":287,"url":"https:\/\/www.entreculturas.org\/wp-content\/uploads\/2023\/12\/maria_jesus-e1726826550206.png","type":"image\/png"}],"twitter_card":"summary_large_image","twitter_site":"@Entreculturas","schema":{"@context":"https:\/\/schema.org","@graph":[{"@type":"WebPage","@id":"https:\/\/www.entreculturas.org\/gl\/noticia\/maria-jesus-vera\/","url":"https:\/\/www.entreculturas.org\/gl\/noticia\/maria-jesus-vera\/","name":"MAR\u00cdA JES\u00daS VERA - Entreculturas","isPartOf":{"@id":"https:\/\/www.entreculturas.org\/gl\/#website"},"primaryImageOfPage":{"@id":"https:\/\/www.entreculturas.org\/gl\/noticia\/maria-jesus-vera\/#primaryimage"},"image":{"@id":"https:\/\/www.entreculturas.org\/gl\/noticia\/maria-jesus-vera\/#primaryimage"},"thumbnailUrl":"https:\/\/www.entreculturas.org\/wp-content\/uploads\/2023\/12\/maria_jesus-e1726826550206.png","datePublished":"2022-07-21T07:47:54+00:00","dateModified":"2024-09-20T10:04:54+00:00","breadcrumb":{"@id":"https:\/\/www.entreculturas.org\/gl\/noticia\/maria-jesus-vera\/#breadcrumb"},"inLanguage":"gl-ES","potentialAction":[{"@type":"ReadAction","target":["https:\/\/www.entreculturas.org\/gl\/noticia\/maria-jesus-vera\/"]}]},{"@type":"ImageObject","inLanguage":"gl-ES","@id":"https:\/\/www.entreculturas.org\/gl\/noticia\/maria-jesus-vera\/#primaryimage","url":"https:\/\/www.entreculturas.org\/wp-content\/uploads\/2023\/12\/maria_jesus-e1726826550206.png","contentUrl":"https:\/\/www.entreculturas.org\/wp-content\/uploads\/2023\/12\/maria_jesus-e1726826550206.png","width":400,"height":287},{"@type":"BreadcrumbList","@id":"https:\/\/www.entreculturas.org\/gl\/noticia\/maria-jesus-vera\/#breadcrumb","itemListElement":[{"@type":"ListItem","position":1,"name":"Home","item":"https:\/\/www.entreculturas.org\/gl\/"},{"@type":"ListItem","position":2,"name":"Noticias","item":"https:\/\/www.entreculturas.org\/gl\/noticias\/"},{"@type":"ListItem","position":3,"name":"MAR\u00cdA JES\u00daS VERA"}]},{"@type":"WebSite","@id":"https:\/\/www.entreculturas.org\/gl\/#website","url":"https:\/\/www.entreculturas.org\/gl\/","name":"Entreculturas","description":"","publisher":{"@id":"https:\/\/www.entreculturas.org\/gl\/#organization"},"alternateName":"Entreculturas","potentialAction":[{"@type":"SearchAction","target":{"@type":"EntryPoint","urlTemplate":"https:\/\/www.entreculturas.org\/gl\/?s={search_term_string}"},"query-input":{"@type":"PropertyValueSpecification","valueRequired":true,"valueName":"search_term_string"}}],"inLanguage":"gl-ES"},{"@type":"Organization","@id":"https:\/\/www.entreculturas.org\/gl\/#organization","name":"Entreculturas","url":"https:\/\/www.entreculturas.org\/gl\/","logo":{"@type":"ImageObject","inLanguage":"gl-ES","@id":"https:\/\/www.entreculturas.org\/gl\/#\/schema\/logo\/image\/","url":"https:\/\/www.entreculturas.org\/wp-content\/uploads\/2025\/10\/ESP.svg","contentUrl":"https:\/\/www.entreculturas.org\/wp-content\/uploads\/2025\/10\/ESP.svg","caption":"Entreculturas"},"image":{"@id":"https:\/\/www.entreculturas.org\/gl\/#\/schema\/logo\/image\/"},"sameAs":["https:\/\/www.facebook.com\/entreculturas","https:\/\/x.com\/Entreculturas","https:\/\/www.instagram.com\/entreculturas\/","https:\/\/www.youtube.com\/user\/entreculturasvideo","https:\/\/www.linkedin.com\/company\/fundacion-entreculturas-ngdo\/","https:\/\/www.flickr.com\/photos\/98455522@N04\/albums\/"]}]}},"_links":{"self":[{"href":"https:\/\/www.entreculturas.org\/gl\/wp-json\/wp\/v2\/noticia\/9694","targetHints":{"allow":["GET"]}}],"collection":[{"href":"https:\/\/www.entreculturas.org\/gl\/wp-json\/wp\/v2\/noticia"}],"about":[{"href":"https:\/\/www.entreculturas.org\/gl\/wp-json\/wp\/v2\/types\/noticia"}],"wp:featuredmedia":[{"embeddable":true,"href":"https:\/\/www.entreculturas.org\/gl\/wp-json\/wp\/v2\/media\/9695"}],"wp:attachment":[{"href":"https:\/\/www.entreculturas.org\/gl\/wp-json\/wp\/v2\/media?parent=9694"}],"wp:term":[{"taxonomy":"category","embeddable":true,"href":"https:\/\/www.entreculturas.org\/gl\/wp-json\/wp\/v2\/categories?post=9694"},{"taxonomy":"post_tag","embeddable":true,"href":"https:\/\/www.entreculturas.org\/gl\/wp-json\/wp\/v2\/tags?post=9694"},{"taxonomy":"country","embeddable":true,"href":"https:\/\/www.entreculturas.org\/gl\/wp-json\/wp\/v2\/country?post=9694"},{"taxonomy":"cause","embeddable":true,"href":"https:\/\/www.entreculturas.org\/gl\/wp-json\/wp\/v2\/cause?post=9694"}],"curies":[{"name":"wp","href":"https:\/\/api.w.org\/{rel}","templated":true}]}}