{"id":9672,"date":"2021-12-27T10:43:44","date_gmt":"2021-12-27T09:43:44","guid":{"rendered":"https:\/\/www.entreculturas.org\/publicacion\/clara-mozas-volpa-en-la-ddm-de-nador\/"},"modified":"2024-09-17T13:37:23","modified_gmt":"2024-09-17T11:37:23","slug":"clara-mozas-volpa-en-la-ddm-de-nador","status":"publish","type":"noticia","link":"https:\/\/www.entreculturas.org\/gl\/noticia\/clara-mozas-volpa-en-la-ddm-de-nador\/","title":{"rendered":"Clara Mozas &#8211; VOLPA en la DDM de Nador"},"content":{"rendered":"<p>Clara Mozas tiene 28 a\u00f1os, es trabajadora social y estudi\u00f3 un m\u00e1ster en Cooperaci\u00f3n para el Desarrollo. Durante su trayectoria como trabajadora social ha trabajado con personas &nbsp;migrantes y solicitantes de protecci\u00f3n internacional en Valladolid y Segovia. Tambi\u00e9n tiene experiencia en gesti\u00f3n de proyectos. Le gusta hacer cer\u00e1mica y restaurar muebles, otro de sus hobbys es el teatro ligado a fines sociales como a intervenci\u00f3n con personas o la incidencia social. Desde finales de junio de este a\u00f1o es VOLPA en la Delegaci\u00f3n Diocesana de Migraciones de Nador.&nbsp;<\/p>\n<p><strong>\u00bfC\u00f3mo conociste Entreculturas?<\/strong><br \/>Conoc\u00eda Entreculturas como organizaci\u00f3n internacional y sab\u00eda que ten\u00edan una sede en Valladolid, pero no hab\u00eda profundizado en sus l\u00edneas de trabajo. En Valladolid comparten sede con \u201cCalor y caf\u00e9\u201d, conoc\u00eda el local pero no conoc\u00eda el trabajo. A ra\u00edz de conocer VOLPA, estuve buscando m\u00e1s informaci\u00f3n sobre la intervenci\u00f3n tanto en terreno como incidencia desde un punto de vista m\u00e1s local.<\/p>\n<p><strong>\u00bfC\u00f3mo conociste VOLPA?&nbsp;<\/strong><br \/>En redes sociales una chica que conozco de Valladolid comparti\u00f3 una publicaci\u00f3n sobre su jornada de env\u00edo y hablaba sobre el proyecto en el que iba a hacer VOLPA. Me llam\u00f3 la atenci\u00f3n porque justo estaba pensando en hacer un voluntariado internacional de al menos un a\u00f1o, as\u00ed que empec\u00e9 a leer sobre Entreculturas y sobre VOLPA, le pregunt\u00e9 a esta chica sobre su proceso de formaci\u00f3n y envi\u00e9 mi solicitud.<\/p>\n<p><strong>\u00bfEs tu primera experiencia de Voluntariado Internacional?<\/strong><br \/>Ya hab\u00eda tenido alguna experiencia de voluntariado internacional pero de un tiempo m\u00e1ximo de dos meses, pero no de larga duraci\u00f3n como VOLPA.<\/p>\n<p><strong>\u00bfQu\u00e9 significaron para ti los meses de formaci\u00f3n previa?<\/strong><br \/>En un inicio fue una de las cosas sobre las que m\u00e1s pregunt\u00e9, ya que yo ya ten\u00eda formaci\u00f3n en Cooperaci\u00f3n y acci\u00f3n humanitaria. Aun as\u00ed, el enfoque es totalmente diferente. Mis compa\u00f1eros de formaci\u00f3n de la sede de Valladolid, Sara y H\u00e9ctor, fueron grandes compa\u00f1eros de reflexiones que enriquecieron bastante la formaci\u00f3n. El equipo que nos acompa\u00f1\u00f3 con mucho esfuerzos y compartiendo sus experiencias para reforzar y preparar la nuestra. Los temas que se tratan en la formaci\u00f3n son necesarios, te ayudan a deconstruir aspectos personales y culturales antes de la experiencia en terreno. En muchas ocasiones cuando viajamos a pa\u00edses del Sur Global llevamos una serie de actitudes aprendidas que tienen un impacto negativo en a comunidad con la que vamos a convivir. En la formaci\u00f3n te ayudan tambi\u00e9n a tener claras tus motivaciones. La integraci\u00f3n en los pa\u00edses de destino de VOLPA, suele ser un reto en cuanto a la integraci\u00f3n en la comunidad y a los contextos. Esta preparaci\u00f3n personal es muy importante.<\/p>\n<p><strong>\u00bfA qu\u00e9 pa\u00eds fuiste destinada? \u00bfCu\u00e1ndo llegaste all\u00ed?<\/strong><br \/>En principio fui destinada a la regi\u00f3n de Tigray, en Etiop\u00eda. Por el COVID no pude viajar, as\u00ed que mi VOLPA qued\u00f3 en pausa. Meses despu\u00e9s surgi\u00f3 un conflicto en esta parte del pa\u00eds, un conflicto que est\u00e1 siendo muy destructivo para la poblaci\u00f3n local y, aprovechando este altavoz, animo a leer y buscar informaci\u00f3n sobre ello ya que no est\u00e1 siendo visibilizado. &nbsp;Meses despu\u00e9s, se me propuso un nuevo destino: Nador, una ciudad marroqu\u00ed que hab\u00eda escuchado muchas veces nombrar por parte de personas migrantes llegadas a Europa y que me produc\u00eda enorme curiosidad. Llevaba tiempo queriendo saber qu\u00e9 pasaba all\u00ed. &nbsp;Finalmente, en junio de 2021, viaj\u00e9 a esta ciudad rife\u00f1a.<\/p>\n<p><strong>\u00bfCon qu\u00e9 instituci\u00f3n est\u00e1s colaborando?<\/strong><br \/>Colaboro en la Delegaci\u00f3n Diocesana de Migraciones (DDM) en Nador. Es una organizaci\u00f3n que apoya y acompa\u00f1a a las personas migrantes tambi\u00e9n en otras ciudades (Oujda, Alhucemas, Tetu\u00e1n y T\u00e1nger) y que est\u00e1 poniendo tambi\u00e9n en marcha proyectos de incidencia en los paises de origen.En Nador trabajamos con las personas migrantes que est\u00e1n esperando su oportunidad de llegar a Europa. Esta intervenci\u00f3n se lleva a cabo por un equipo multidisciplinar (atenci\u00f3n m\u00e9dica, psicosocial, apoyo administrativo, etc) y multicultural con el foco siempre puesto en la participaci\u00f3n de la comunidad que recibe el apoyo. La manera de enfocar la intervenci\u00f3n es muy cuidadosa y pone en el centro a la persona de una forma digna y respetuosa con su realidad. En el equipo hay personas que han pasado por ese proceso migratorio y que han vivido la realidad de Nador desde el punto de vista de quienes siguen la ruta. Tambi\u00e9n hay un equipo de personas participantes que trabajan como enlace con la comunidad migrante que acompa\u00f1an a los equipos y facilitan la adaptaci\u00f3n del trabajo a la realidad del contexto. Eso es un eje muy importante del trabajo que se hace y aporta un punto de vista muy especial.<\/p>\n<p>&nbsp;<strong>\u00bfCu\u00e1l es tu misi\u00f3n en el proyecto? \u00bfCu\u00e1les son las particularidades del proyecto?<\/strong><br \/>El contexto en el que est\u00e1 situado el proyecto con el que estoy colaborando es particular, ya que es un contexto fronterizo bastante extremo a muchos niveles. Tambi\u00e9n valoro mucho el enfoque desde el que se trabaja, como acabo de mencionar. Por mi parte, durante los 5 meses que llevo aqu\u00ed he estado apoyando diferentes l\u00edneas de intervenci\u00f3n. He apoyado el recurso de acogida para personas de mayor vulnerabilidad, he contribuido a desarrollar actividades psicosociales y del equipo especializado en el trabajo con mujeres y he sido parte del equipo social. No tengo una rutina diaria de trabajo ya que el contexto est\u00e1 en constante cambio, la manera de responder cambia cada semana y las demandas van variando. Aun as\u00ed, hay ciertas actividades que mantengo con regularidad: clases de espa\u00f1ol en el recurso de acogida, actividades l\u00fadicas y de creatividad con mujeres, seguimiento de solicitantes de asilo y de retorno voluntario, realizaci\u00f3n de algunos acompa\u00f1amientos administrativos, etc.&nbsp;<\/p>\n<p><strong>\u00bfC\u00f3mo fueron las primeras semanas de trabajo?<\/strong><br \/>Necesit\u00e9 algunas semanas para entender el contexto en el que se sit\u00faa el proyecto. Las primeras semanas estuve acompa\u00f1ando a los equipos en algunas actividades para ver la globalidad de la intervenci\u00f3n y la organizaci\u00f3n de la comunidad con la que se trabaja. Sal\u00ed con el equipo m\u00e9dico que pasa consulta en \u201cla foret\u201d (los bosques de alrededor de Nador), particip\u00e9 en las actividades del \u201cEspace femme\u201d (equipo especializado en el trabajo con mujer), escuch\u00e9 en las reuniones del equipo psicosocial con los enlaces comunitarios, conoc\u00ed el trabajo de acompa\u00f1amiento del equipo social, y toda la parte log\u00edstica que implica todo este trabajo.&nbsp;<br \/>Estas primeras semanas me sirvieron para poco a poco saber c\u00f3mo poder aportar algo al proyecto.<\/p>\n<p><strong>\u00bfQu\u00e9 es lo que m\u00e1s te ha llamado la atenci\u00f3n en este tiempo?<\/strong><br \/>Desde el punto de vista de VOLPA, he entendido lo importante que es la formaci\u00f3n previa. Como he dicho, yo ya ten\u00eda formaci\u00f3n en el campo de la cooperaci\u00f3n y la acci\u00f3n humanitaria, pero hay una parte m\u00e1s humana y psicosocial que no siempre se tiene en cuenta y es muy importante.&nbsp;<br \/>Por otro lado, aunque ya hab\u00eda trabajado con personas migrantes en Espa\u00f1a, ver el proceso migratorio desde el otro lado es todo un aprendizaje. Es incre\u00edble la fuerza de voluntad y la superaci\u00f3n que supone esta ruta migratoria y creo que desde Europa no somos conscientes de todo lo que supone este recorrido. Por mucho que nos hablen de la injusticia y la crudeza de los recorridos migratorios es muy dif\u00edcil que entendamos &nbsp;las realidades a las que se enfrentan.<\/p>\n<p><strong>\u00bfHay algo a lo que te est\u00e9 costando especialmente adaptarte?<\/strong><br \/>La injusticia. Muchas de las cosas que pasan en nuestro d\u00eda a d\u00eda nos ponen al l\u00edmite, y la implicaci\u00f3n con ciertas personas muchas veces nos hace pasar momentos muy duros. Es muy complicado ver c\u00f3mo se vulneran derechos de forma sistem\u00e1tica y estructural.<\/p>\n<p><strong>\u00bfTe est\u00e1 gustando la experiencia? \u00bfHasta cu\u00e1ndo tienes previsto estar all\u00ed?<\/strong><br \/>Est\u00e1 siendo una experiencia en la que estoy aprendiendo y creciendo mucho. De Nador podemos sacar lo mejor de la cultura \u00e1rabe del Norte de \u00c1frica y lo mejor del \u00c1frica Subsahariana y en ese sentido est\u00e1 siendo una experiencia muy bonita. Aun as\u00ed, es un contexto dif\u00edcil y tiene que tener una fecha de vuelta.&nbsp;<\/p>\n<p><strong>\u00bfRecomendar\u00edas VOLPA a otras personas? \u00bfPor qu\u00e9?<\/strong><br \/>\u00a1Desde luego que s\u00ed! A nivel personal se crece mucho y nos ayuda a conocernos mejor a nosotras mismas. Tambi\u00e9n es muy importante el grado de adaptabilidad que se adquiere y el conocimiento de otras realidades que se sit\u00faan (y nos sit\u00faan) en un lugar muy lejano a cualquier situaci\u00f3n a la que estemos acostumbradas.&nbsp;<\/p>\n<p><strong>\u00bfQu\u00e9 significa para ti ser voluntaria?&nbsp;<\/strong><br \/>Para m\u00ed el voluntariado es una manera de estar en el mundo y de participar en la sociedad. Est\u00e1 claro que hay muchos tipos de voluntariado: m\u00e1s orientados al trato directo con personas o a temas de incidencia social. En ambos casos nos dan un conocimiento m\u00e1s amplio del mundo y nos dan ganas de intentar mover cambios, proponer alternativas y reforzar las luchas de personas cuyos derechos son vulnerados. VOLPA es un buen comienzo para ello, o una buena continuaci\u00f3n, pero lo que est\u00e1 claro es que es una oportunidad de situarte en la realidad global.<\/p><\/p>\n","protected":false},"excerpt":{"rendered":"<p>Clara Mozas tiene 28 a\u00f1os, es trabajadora social y estudi\u00f3 un m\u00e1ster en Cooperaci\u00f3n para el Desarrollo. Durante su trayectoria como trabajadora social ha trabajado con personas &nbsp;migrantes y solicitantes de protecci\u00f3n internacional en Valladolid y Segovia. Tambi\u00e9n tiene experiencia en gesti\u00f3n de proyectos. Le gusta hacer cer\u00e1mica y restaurar muebles, otro de sus hobbys es el teatro ligado a fines sociales como a intervenci\u00f3n con personas o la incidencia social. Desde finales de junio de este a\u00f1o es VOLPA en la Delegaci\u00f3n Diocesana de Migraciones de Nador.&nbsp; \u00bfC\u00f3mo conociste Entreculturas?Conoc\u00eda Entreculturas como organizaci\u00f3n internacional y sab\u00eda que ten\u00edan una sede en Valladolid, pero no hab\u00eda profundizado en sus l\u00edneas de trabajo. En Valladolid comparten sede con \u201cCalor y caf\u00e9\u201d, conoc\u00eda el local pero no conoc\u00eda el trabajo. A ra\u00edz de conocer VOLPA, estuve buscando m\u00e1s informaci\u00f3n sobre la intervenci\u00f3n tanto en terreno como incidencia desde un punto de vista [&hellip;]<\/p>\n","protected":false},"featured_media":9673,"template":"single-noticia","meta":{"_acf_changed":false},"categories":[7],"tags":[191],"country":[],"cause":[],"class_list":["post-9672","noticia","type-noticia","status-publish","has-post-thumbnail","hentry","category-noticia","tag-voluntariado"],"acf":[],"yoast_head":"<!-- This site is optimized with the Yoast SEO Premium plugin v21.6 (Yoast SEO v27.5) - https:\/\/yoast.com\/product\/yoast-seo-premium-wordpress\/ -->\n<title>Clara Mozas - VOLPA en la DDM de Nador - Entreculturas<\/title>\n<meta name=\"robots\" content=\"index, follow, max-snippet:-1, max-image-preview:large, max-video-preview:-1\" \/>\n<link rel=\"canonical\" href=\"https:\/\/www.entreculturas.org\/gl\/noticia\/clara-mozas-volpa-en-la-ddm-de-nador\/\" \/>\n<meta property=\"og:locale\" content=\"gl_ES\" \/>\n<meta property=\"og:type\" content=\"article\" \/>\n<meta property=\"og:title\" content=\"Clara Mozas - VOLPA en la DDM de Nador\" \/>\n<meta property=\"og:description\" content=\"Clara Mozas tiene 28 a\u00f1os, es trabajadora social y estudi\u00f3 un m\u00e1ster en Cooperaci\u00f3n para el Desarrollo. Durante su trayectoria como trabajadora social ha trabajado con personas &nbsp;migrantes y solicitantes de protecci\u00f3n internacional en Valladolid y Segovia. Tambi\u00e9n tiene experiencia en gesti\u00f3n de proyectos. Le gusta hacer cer\u00e1mica y restaurar muebles, otro de sus hobbys es el teatro ligado a fines sociales como a intervenci\u00f3n con personas o la incidencia social. Desde finales de junio de este a\u00f1o es VOLPA en la Delegaci\u00f3n Diocesana de Migraciones de Nador.&nbsp; \u00bfC\u00f3mo conociste Entreculturas?Conoc\u00eda Entreculturas como organizaci\u00f3n internacional y sab\u00eda que ten\u00edan una sede en Valladolid, pero no hab\u00eda profundizado en sus l\u00edneas de trabajo. En Valladolid comparten sede con \u201cCalor y caf\u00e9\u201d, conoc\u00eda el local pero no conoc\u00eda el trabajo. A ra\u00edz de conocer VOLPA, estuve buscando m\u00e1s informaci\u00f3n sobre la intervenci\u00f3n tanto en terreno como incidencia desde un punto de vista [&hellip;]\" \/>\n<meta property=\"og:url\" content=\"https:\/\/www.entreculturas.org\/gl\/noticia\/clara-mozas-volpa-en-la-ddm-de-nador\/\" \/>\n<meta property=\"og:site_name\" content=\"Entreculturas\" \/>\n<meta property=\"article:publisher\" content=\"https:\/\/www.facebook.com\/entreculturas\" \/>\n<meta property=\"article:modified_time\" content=\"2024-09-17T11:37:23+00:00\" \/>\n<meta property=\"og:image\" content=\"https:\/\/www.entreculturas.org\/wp-content\/uploads\/2023\/12\/clara_mozas-_somos-3_0.jpg\" \/>\n\t<meta property=\"og:image:width\" content=\"500\" \/>\n\t<meta property=\"og:image:height\" content=\"667\" \/>\n\t<meta property=\"og:image:type\" content=\"image\/jpeg\" \/>\n<meta name=\"twitter:card\" content=\"summary_large_image\" \/>\n<meta name=\"twitter:site\" content=\"@Entreculturas\" \/>\n<script type=\"application\/ld+json\" class=\"yoast-schema-graph\">{\"@context\":\"https:\\\/\\\/schema.org\",\"@graph\":[{\"@type\":\"WebPage\",\"@id\":\"https:\\\/\\\/www.entreculturas.org\\\/gl\\\/noticia\\\/clara-mozas-volpa-en-la-ddm-de-nador\\\/\",\"url\":\"https:\\\/\\\/www.entreculturas.org\\\/gl\\\/noticia\\\/clara-mozas-volpa-en-la-ddm-de-nador\\\/\",\"name\":\"Clara Mozas - VOLPA en la DDM de Nador - Entreculturas\",\"isPartOf\":{\"@id\":\"https:\\\/\\\/www.entreculturas.org\\\/gl\\\/#website\"},\"primaryImageOfPage\":{\"@id\":\"https:\\\/\\\/www.entreculturas.org\\\/gl\\\/noticia\\\/clara-mozas-volpa-en-la-ddm-de-nador\\\/#primaryimage\"},\"image\":{\"@id\":\"https:\\\/\\\/www.entreculturas.org\\\/gl\\\/noticia\\\/clara-mozas-volpa-en-la-ddm-de-nador\\\/#primaryimage\"},\"thumbnailUrl\":\"https:\\\/\\\/www.entreculturas.org\\\/wp-content\\\/uploads\\\/2023\\\/12\\\/clara_mozas-_somos-3_0.jpg\",\"datePublished\":\"2021-12-27T09:43:44+00:00\",\"dateModified\":\"2024-09-17T11:37:23+00:00\",\"breadcrumb\":{\"@id\":\"https:\\\/\\\/www.entreculturas.org\\\/gl\\\/noticia\\\/clara-mozas-volpa-en-la-ddm-de-nador\\\/#breadcrumb\"},\"inLanguage\":\"gl-ES\",\"potentialAction\":[{\"@type\":\"ReadAction\",\"target\":[\"https:\\\/\\\/www.entreculturas.org\\\/gl\\\/noticia\\\/clara-mozas-volpa-en-la-ddm-de-nador\\\/\"]}]},{\"@type\":\"ImageObject\",\"inLanguage\":\"gl-ES\",\"@id\":\"https:\\\/\\\/www.entreculturas.org\\\/gl\\\/noticia\\\/clara-mozas-volpa-en-la-ddm-de-nador\\\/#primaryimage\",\"url\":\"https:\\\/\\\/www.entreculturas.org\\\/wp-content\\\/uploads\\\/2023\\\/12\\\/clara_mozas-_somos-3_0.jpg\",\"contentUrl\":\"https:\\\/\\\/www.entreculturas.org\\\/wp-content\\\/uploads\\\/2023\\\/12\\\/clara_mozas-_somos-3_0.jpg\",\"width\":500,\"height\":667},{\"@type\":\"BreadcrumbList\",\"@id\":\"https:\\\/\\\/www.entreculturas.org\\\/gl\\\/noticia\\\/clara-mozas-volpa-en-la-ddm-de-nador\\\/#breadcrumb\",\"itemListElement\":[{\"@type\":\"ListItem\",\"position\":1,\"name\":\"Home\",\"item\":\"https:\\\/\\\/www.entreculturas.org\\\/gl\\\/\"},{\"@type\":\"ListItem\",\"position\":2,\"name\":\"Noticias\",\"item\":\"https:\\\/\\\/www.entreculturas.org\\\/gl\\\/noticias\\\/\"},{\"@type\":\"ListItem\",\"position\":3,\"name\":\"Clara Mozas &#8211; VOLPA en la DDM de Nador\"}]},{\"@type\":\"WebSite\",\"@id\":\"https:\\\/\\\/www.entreculturas.org\\\/gl\\\/#website\",\"url\":\"https:\\\/\\\/www.entreculturas.org\\\/gl\\\/\",\"name\":\"Entreculturas\",\"description\":\"\",\"publisher\":{\"@id\":\"https:\\\/\\\/www.entreculturas.org\\\/gl\\\/#organization\"},\"alternateName\":\"Entreculturas\",\"potentialAction\":[{\"@type\":\"SearchAction\",\"target\":{\"@type\":\"EntryPoint\",\"urlTemplate\":\"https:\\\/\\\/www.entreculturas.org\\\/gl\\\/?s={search_term_string}\"},\"query-input\":{\"@type\":\"PropertyValueSpecification\",\"valueRequired\":true,\"valueName\":\"search_term_string\"}}],\"inLanguage\":\"gl-ES\"},{\"@type\":\"Organization\",\"@id\":\"https:\\\/\\\/www.entreculturas.org\\\/gl\\\/#organization\",\"name\":\"Entreculturas\",\"url\":\"https:\\\/\\\/www.entreculturas.org\\\/gl\\\/\",\"logo\":{\"@type\":\"ImageObject\",\"inLanguage\":\"gl-ES\",\"@id\":\"https:\\\/\\\/www.entreculturas.org\\\/gl\\\/#\\\/schema\\\/logo\\\/image\\\/\",\"url\":\"https:\\\/\\\/www.entreculturas.org\\\/wp-content\\\/uploads\\\/2025\\\/10\\\/ESP.svg\",\"contentUrl\":\"https:\\\/\\\/www.entreculturas.org\\\/wp-content\\\/uploads\\\/2025\\\/10\\\/ESP.svg\",\"caption\":\"Entreculturas\"},\"image\":{\"@id\":\"https:\\\/\\\/www.entreculturas.org\\\/gl\\\/#\\\/schema\\\/logo\\\/image\\\/\"},\"sameAs\":[\"https:\\\/\\\/www.facebook.com\\\/entreculturas\",\"https:\\\/\\\/x.com\\\/Entreculturas\",\"https:\\\/\\\/www.instagram.com\\\/entreculturas\\\/\",\"https:\\\/\\\/www.youtube.com\\\/user\\\/entreculturasvideo\",\"https:\\\/\\\/www.linkedin.com\\\/company\\\/fundacion-entreculturas-ngdo\\\/\",\"https:\\\/\\\/www.flickr.com\\\/photos\\\/98455522@N04\\\/albums\\\/\"]}]}<\/script>\n<!-- \/ Yoast SEO Premium plugin. -->","yoast_head_json":{"title":"Clara Mozas - VOLPA en la DDM de Nador - Entreculturas","robots":{"index":"index","follow":"follow","max-snippet":"max-snippet:-1","max-image-preview":"max-image-preview:large","max-video-preview":"max-video-preview:-1"},"canonical":"https:\/\/www.entreculturas.org\/gl\/noticia\/clara-mozas-volpa-en-la-ddm-de-nador\/","og_locale":"gl_ES","og_type":"article","og_title":"Clara Mozas - VOLPA en la DDM de Nador","og_description":"Clara Mozas tiene 28 a\u00f1os, es trabajadora social y estudi\u00f3 un m\u00e1ster en Cooperaci\u00f3n para el Desarrollo. Durante su trayectoria como trabajadora social ha trabajado con personas &nbsp;migrantes y solicitantes de protecci\u00f3n internacional en Valladolid y Segovia. Tambi\u00e9n tiene experiencia en gesti\u00f3n de proyectos. Le gusta hacer cer\u00e1mica y restaurar muebles, otro de sus hobbys es el teatro ligado a fines sociales como a intervenci\u00f3n con personas o la incidencia social. Desde finales de junio de este a\u00f1o es VOLPA en la Delegaci\u00f3n Diocesana de Migraciones de Nador.&nbsp; \u00bfC\u00f3mo conociste Entreculturas?Conoc\u00eda Entreculturas como organizaci\u00f3n internacional y sab\u00eda que ten\u00edan una sede en Valladolid, pero no hab\u00eda profundizado en sus l\u00edneas de trabajo. En Valladolid comparten sede con \u201cCalor y caf\u00e9\u201d, conoc\u00eda el local pero no conoc\u00eda el trabajo. A ra\u00edz de conocer VOLPA, estuve buscando m\u00e1s informaci\u00f3n sobre la intervenci\u00f3n tanto en terreno como incidencia desde un punto de vista [&hellip;]","og_url":"https:\/\/www.entreculturas.org\/gl\/noticia\/clara-mozas-volpa-en-la-ddm-de-nador\/","og_site_name":"Entreculturas","article_publisher":"https:\/\/www.facebook.com\/entreculturas","article_modified_time":"2024-09-17T11:37:23+00:00","og_image":[{"width":500,"height":667,"url":"https:\/\/www.entreculturas.org\/wp-content\/uploads\/2023\/12\/clara_mozas-_somos-3_0.jpg","type":"image\/jpeg"}],"twitter_card":"summary_large_image","twitter_site":"@Entreculturas","schema":{"@context":"https:\/\/schema.org","@graph":[{"@type":"WebPage","@id":"https:\/\/www.entreculturas.org\/gl\/noticia\/clara-mozas-volpa-en-la-ddm-de-nador\/","url":"https:\/\/www.entreculturas.org\/gl\/noticia\/clara-mozas-volpa-en-la-ddm-de-nador\/","name":"Clara Mozas - VOLPA en la DDM de Nador - Entreculturas","isPartOf":{"@id":"https:\/\/www.entreculturas.org\/gl\/#website"},"primaryImageOfPage":{"@id":"https:\/\/www.entreculturas.org\/gl\/noticia\/clara-mozas-volpa-en-la-ddm-de-nador\/#primaryimage"},"image":{"@id":"https:\/\/www.entreculturas.org\/gl\/noticia\/clara-mozas-volpa-en-la-ddm-de-nador\/#primaryimage"},"thumbnailUrl":"https:\/\/www.entreculturas.org\/wp-content\/uploads\/2023\/12\/clara_mozas-_somos-3_0.jpg","datePublished":"2021-12-27T09:43:44+00:00","dateModified":"2024-09-17T11:37:23+00:00","breadcrumb":{"@id":"https:\/\/www.entreculturas.org\/gl\/noticia\/clara-mozas-volpa-en-la-ddm-de-nador\/#breadcrumb"},"inLanguage":"gl-ES","potentialAction":[{"@type":"ReadAction","target":["https:\/\/www.entreculturas.org\/gl\/noticia\/clara-mozas-volpa-en-la-ddm-de-nador\/"]}]},{"@type":"ImageObject","inLanguage":"gl-ES","@id":"https:\/\/www.entreculturas.org\/gl\/noticia\/clara-mozas-volpa-en-la-ddm-de-nador\/#primaryimage","url":"https:\/\/www.entreculturas.org\/wp-content\/uploads\/2023\/12\/clara_mozas-_somos-3_0.jpg","contentUrl":"https:\/\/www.entreculturas.org\/wp-content\/uploads\/2023\/12\/clara_mozas-_somos-3_0.jpg","width":500,"height":667},{"@type":"BreadcrumbList","@id":"https:\/\/www.entreculturas.org\/gl\/noticia\/clara-mozas-volpa-en-la-ddm-de-nador\/#breadcrumb","itemListElement":[{"@type":"ListItem","position":1,"name":"Home","item":"https:\/\/www.entreculturas.org\/gl\/"},{"@type":"ListItem","position":2,"name":"Noticias","item":"https:\/\/www.entreculturas.org\/gl\/noticias\/"},{"@type":"ListItem","position":3,"name":"Clara Mozas &#8211; VOLPA en la DDM de Nador"}]},{"@type":"WebSite","@id":"https:\/\/www.entreculturas.org\/gl\/#website","url":"https:\/\/www.entreculturas.org\/gl\/","name":"Entreculturas","description":"","publisher":{"@id":"https:\/\/www.entreculturas.org\/gl\/#organization"},"alternateName":"Entreculturas","potentialAction":[{"@type":"SearchAction","target":{"@type":"EntryPoint","urlTemplate":"https:\/\/www.entreculturas.org\/gl\/?s={search_term_string}"},"query-input":{"@type":"PropertyValueSpecification","valueRequired":true,"valueName":"search_term_string"}}],"inLanguage":"gl-ES"},{"@type":"Organization","@id":"https:\/\/www.entreculturas.org\/gl\/#organization","name":"Entreculturas","url":"https:\/\/www.entreculturas.org\/gl\/","logo":{"@type":"ImageObject","inLanguage":"gl-ES","@id":"https:\/\/www.entreculturas.org\/gl\/#\/schema\/logo\/image\/","url":"https:\/\/www.entreculturas.org\/wp-content\/uploads\/2025\/10\/ESP.svg","contentUrl":"https:\/\/www.entreculturas.org\/wp-content\/uploads\/2025\/10\/ESP.svg","caption":"Entreculturas"},"image":{"@id":"https:\/\/www.entreculturas.org\/gl\/#\/schema\/logo\/image\/"},"sameAs":["https:\/\/www.facebook.com\/entreculturas","https:\/\/x.com\/Entreculturas","https:\/\/www.instagram.com\/entreculturas\/","https:\/\/www.youtube.com\/user\/entreculturasvideo","https:\/\/www.linkedin.com\/company\/fundacion-entreculturas-ngdo\/","https:\/\/www.flickr.com\/photos\/98455522@N04\/albums\/"]}]}},"_links":{"self":[{"href":"https:\/\/www.entreculturas.org\/gl\/wp-json\/wp\/v2\/noticia\/9672","targetHints":{"allow":["GET"]}}],"collection":[{"href":"https:\/\/www.entreculturas.org\/gl\/wp-json\/wp\/v2\/noticia"}],"about":[{"href":"https:\/\/www.entreculturas.org\/gl\/wp-json\/wp\/v2\/types\/noticia"}],"wp:featuredmedia":[{"embeddable":true,"href":"https:\/\/www.entreculturas.org\/gl\/wp-json\/wp\/v2\/media\/9673"}],"wp:attachment":[{"href":"https:\/\/www.entreculturas.org\/gl\/wp-json\/wp\/v2\/media?parent=9672"}],"wp:term":[{"taxonomy":"category","embeddable":true,"href":"https:\/\/www.entreculturas.org\/gl\/wp-json\/wp\/v2\/categories?post=9672"},{"taxonomy":"post_tag","embeddable":true,"href":"https:\/\/www.entreculturas.org\/gl\/wp-json\/wp\/v2\/tags?post=9672"},{"taxonomy":"country","embeddable":true,"href":"https:\/\/www.entreculturas.org\/gl\/wp-json\/wp\/v2\/country?post=9672"},{"taxonomy":"cause","embeddable":true,"href":"https:\/\/www.entreculturas.org\/gl\/wp-json\/wp\/v2\/cause?post=9672"}],"curies":[{"name":"wp","href":"https:\/\/api.w.org\/{rel}","templated":true}]}}