{"id":9655,"date":"2021-10-21T08:27:46","date_gmt":"2021-10-21T06:27:46","guid":{"rendered":"https:\/\/www.entreculturas.org\/publicacion\/chema-lanillos-voluntario-en-pais-vasco\/"},"modified":"2024-09-20T12:46:18","modified_gmt":"2024-09-20T10:46:18","slug":"chema-lanillos-voluntario-en-pais-vasco","status":"publish","type":"noticia","link":"https:\/\/www.entreculturas.org\/gl\/noticia\/chema-lanillos-voluntario-en-pais-vasco\/","title":{"rendered":"Chema Lanillos &#8211; Voluntario en Pa\u00eds Vasco"},"content":{"rendered":"<p>Soy un \u201cjoven\u201d de 53 a\u00f1os y siempre me gust\u00f3 aportar, de manera desinteresada, en la medida de mis capacidades y disponibilidad de&nbsp; tiempo, participando como voluntario en alguna ONG, asociaciones culturales y juveniles y agrupaciones deportivas. Por poner algunos ejemplos, colabor\u00e9 con el departamento de educaci\u00f3n de Ayuda en Acci\u00f3n, realic\u00e9 un programa de radio en una emisora local, fui miembro del grupo de rescate en monta\u00f1a de Cruz Roja en Madrid, fui voluntario de Amnist\u00eda Internacional&nbsp; y colabor\u00e9 en la organizaci\u00f3n de actividades en un club de monta\u00f1a en Coslada, entre otras muchas cosas.<\/p>\n<p>Desde muy joven fui un gran aficionado a la monta\u00f1a y gracias a esta \u00abexcusa\u00bb he visitado varias cadenas monta\u00f1osas del mundo. He desempe\u00f1ado m\u00faltiples trabajos: Gu\u00eda y profesor de monta\u00f1a, monitor de cicloturismo, logista para M\u00e9dicos sin Fronteras en Angola y Sud\u00e1n del Sur, trabajador vertical colgado de cuerdas en cientos de edificios de Madrid, electricista, camarero, chofer privado, profesor de trabajos en altura, handyman, auxiliar de mantenimiento, \u00e1rbitro de f\u00fatbol sala, limpiador, barrendero, etc. Por diversos motivos he viajado, adem\u00e1s de a los pa\u00edses mencionados, a otros de los seis continentes. Por ejemplo: EEUU, Colombia, Ir\u00e1n, Irlanda, Escocia, Noruega, India, Nueva Zelanda, Irak o Etiop\u00eda. Con una actitud de curiosidad constante y pasi\u00f3n por conocer lugares, personas y experiencias, me considero un viajero adicto, as\u00ed como con un gusto especial por experimentar nuevas actividades y situaciones y por supuesto, en ayudar e intentar hacer un mundo un poquito mejor.<\/p>\n<p>Despu\u00e9s de algunas malas experiencias con algunas ONGs, tanto de voluntario como profesionalmente, buscaba un lugar en donde desarrollar una labor de ayuda a los dem\u00e1s m\u00e1s acorde a mis planteamientos y formas de ver las cosas. Encontr\u00e9 en la propuesta del voluntariado de VOLPA, algo que pod\u00eda ser m\u00e1s identificativo conmigo, m\u00e1s como entiendo yo las cosas, tanto en forma, como en contenido. Por lo que, despu\u00e9s de superar un prejuicio inicial con ONGs vinculadas a la iglesia, ya que yo no soy creyente, me inform\u00e9 mejor de lo que era Entreculturas y del proceso VOLPA y me pareci\u00f3 interesante al menos probar y luego ir viendo.<\/p>\n<p>Desde un primer momento tuve sensaciones positivas en el proceso de formaci\u00f3n, que me pareci\u00f3, aunque bastante introductorio, coherente y enriquecedor y todo estaba en general bien organizado. Pero luego vino el Covid y todo el proceso quedo por unas semanas en el aire. Menos mal que la organizaci\u00f3n r\u00e1pidamente planteo soluciones para que pudi\u00e9ramos seguir con la formaci\u00f3n on-line. Y aunque no fue lo mismo, al menos pudimos avanzar hasta el final del proceso formativo&nbsp; y plantearnos la posibilidad de salir a los destinos. Cuando llego ese momento, me surgieron dudas personales sobre la posibilidad de salir al terreno y medite mucho sobre la opci\u00f3n de salir o no. Estando en ese proceso de reflexi\u00f3n me dieron la opci\u00f3n desde la coordinaci\u00f3n de VOLPA de ponerme en contacto con Alboan en Euskadi y en concreto con la Fundaci\u00f3n Ellacur\u00eda para participar como voluntario \u201cintensivo\u201d en un proyecto de hospitalidad para j\u00f3venes marroqu\u00edes que est\u00e1n emprendiendo una nueva vida en tierras vascas y apuestan por su formaci\u00f3n e integraci\u00f3n para un futuro mejor. Por lo que se me daba la oportunidad de vivir con ellos en una casa grande que los jesuitas tienen en Durango (Bizkaia) que se llama Jesuiten Etxea.<\/p>\n<p>Ahora mi labor aqu\u00ed es vivir con 15 j\u00f3venes marroqu\u00edes \u201csin papeles\u201d, acompa\u00f1ando y ayudando en la medida de mis posibilidades, estorbando lo menos posible,&nbsp; a ellos y a los diferentes profesionales sociales que trabajan en este proyecto. La casa es anexa del complejo educativo del colegio de Jesuitas de Durango y algunas veces podemos hacer uso de sus instalaciones deportivas, que los j\u00f3venes valoran mucho, y tambi\u00e9n de las educativas. El personal del colegio est\u00e1 colaborando en muchos aspectos con el proyecto.<\/p>\n<p>Aqu\u00ed desarrollo tareas sencillas de mantenimiento de la casa, apoyo en el idioma espa\u00f1ol practicando con los j\u00f3venes todo el rato y aporto tambi\u00e9n,&nbsp; algunas veces, en los arreglos y tareas sencillas de servicios generales de algunos pisos de acogida que tiene la fundaci\u00f3n Ellacuria.<\/p>\n<p>Por supuesto, queda tiempo para salir a estas monta\u00f1as maravillosas de Euskadi y un par de&nbsp; Domingos, antes del verano, les preparar\u00e9 un taller de monta\u00f1a para que se animen los chicos a disfrutar de la naturaleza. Ya algunos lo hac\u00edan antes de que yo llegara por aqu\u00ed y ahora voy muy a menudo con algunos de ellos a realizar actividades de monta\u00f1ismo.<\/p>\n<table align=\"center\" border=\"0\" cellpadding=\"1\" cellspacing=\"1\" style=\"width:950px;\">\n<tbody>\n<tr>\n<td><img decoding=\"async\" alt=\"\" src=\"https:\/\/www.entreculturas.org\/wp-content\/uploads\/2023\/12\/20210905_143549-scaled-1.jpg\" style=\"width: 300px; height: 225px;\"><\/td>\n<td><img decoding=\"async\" alt=\"\" src=\"https:\/\/www.entreculturas.org\/wp-content\/uploads\/2023\/12\/img-20210123-wa0015.jpg\" style=\"width: 300px; height: 225px;\"><\/td>\n<td><img decoding=\"async\" alt=\"\" src=\"https:\/\/www.entreculturas.org\/wp-content\/uploads\/2023\/12\/20210129_213727-scaled-1.jpg\" style=\"width: 300px; height: 225px;\"><\/td>\n<\/tr>\n<\/tbody>\n<\/table>\n<p>Luego hay otros extras interesantes, como participar de toda la red de voluntarios que pasan por la casa para hacer actividades diferentes con los j\u00f3venes. Hay profesores, terapeutas, educadores, etc. con sus&nbsp; familias muchas veces. Se quedan a dormir algunos y comparten tiempo y apoyo con los chavales.<\/p>\n<p>Aparte de aprender mucho de la realidad de la migraci\u00f3n de j\u00f3venes desde el otro lado del Mediterr\u00e1neo. Tambi\u00e9n hay momentos interesantes de todo tipo, por ejemplo: conocer las historias personales de los chicos. Algunos pasaron a Espa\u00f1a en patera, otros bajo camiones, etc. Algunos llegaron a Espa\u00f1a siendo menores y algunos han vivido en la calle varios meses hasta que el covid los reuni\u00f3 a todos en un polideportivo y ah\u00ed empez\u00f3 su historia juntos para posteriormente trasladarse a esta casa y su acompa\u00f1amiento a cargo de Fundaci\u00f3n Ellacuria.<\/p>\n<p>Los chicos, hay de todo, como en botica. Algunos se adaptan muy bien a las nuevas circunstancias, son muy conscientes de la oportunidad que se les brinda y tienen m\u00e1s madurez que yo a mis 53 a\u00f1os y otros no tanto, cont\u00e1ndoles la vida comunitaria mucho m\u00e1s, con altibajos de humor y problem\u00e1ticas diversas. Los trabajadores, Jesuitas y algunos voluntarios hacen un esfuerzo enorme para dar respuesta a todas esas situaciones.<\/p>\n<p>Algunas veces la vida en la casa no es f\u00e1cil, es una experiencia muy intensa. Ellos son j\u00f3venes y se nota, con todo lo que ello implica. Yo por otro lado soy un \u201cse\u00f1or\u201d de m\u00e1s de 50 a\u00f1os y mis biorritmos, como pod\u00e9is imaginar, no son los mismos. Adem\u00e1s son j\u00f3venes que necesitan, a veces, un talante y una forma de interactuar con ellos muy especial y concreta y eso no es f\u00e1cil de aprenderlo. Pero hago lo que puedo. Hace falta mucha templanza y grandes dosis de abnegaci\u00f3n.<\/p>\n<p>La mayor\u00eda de los d\u00edas cocinan ellos y estoy disfrutando de unas comidas a lo hispano-marroqu\u00ed muy interesantes, aparte de conocer toda la discograf\u00eda y vida de los raperos marroqu\u00edes que viven en Espa\u00f1a y que cantan sus canciones en espa\u00f1ol.<\/p>\n<table align=\"center\" border=\"0\" cellpadding=\"1\" cellspacing=\"1\" style=\"width:950px;\">\n<tbody>\n<tr>\n<td><img decoding=\"async\" alt=\"\" src=\"https:\/\/www.entreculturas.org\/wp-content\/uploads\/2023\/12\/20210613_113857-scaled-1.jpg\" style=\"width: 300px; height: 400px;\"><\/td>\n<td><img decoding=\"async\" alt=\"\" src=\"https:\/\/www.entreculturas.org\/wp-content\/uploads\/2023\/12\/img-20210604-wa0013.jpg\" style=\"width: 300px; height: 400px;\"><\/td>\n<td><img decoding=\"async\" alt=\"\" src=\"https:\/\/www.entreculturas.org\/wp-content\/uploads\/2023\/12\/img-20210728-wa0001.jpg\" style=\"width: 300px; height: 400px;\"><\/td>\n<\/tr>\n<\/tbody>\n<\/table>\n<p>Tambi\u00e9n hay otros momentos interesantes, que nada tiene que ver con la casa\u2026\u2026pasear por estas tierras que siempre me gustaron, comer con la comunidad de jesuitas veteranos en Bilbao manteniendo charla amena sobre monta\u00f1as, batallitas, temas diversos y chascarrillos, conocer a otros jesuitas que se han pasado 40 a\u00f1os en el Congo y siguen con un esp\u00edritu joven o visitar el proyecto de Jesuitas Social, en Donostia, Loiolaetxea, por la integraci\u00f3n y reinserci\u00f3n social.<\/p>\n<p>En fin, aqu\u00ed en mi vida actual espero que vayan bien las cosas y siga aprendiendo, que se vayan superando las dificultades, que tambi\u00e9n las hay y pueda seguir aportando hasta navidades, que es cuando m\u00e1s o menos acabar\u00eda mi a\u00f1o VOLPA.&nbsp;<br \/>Si quieres aprender en el amplio sentido de la palabra, de ti y del mundo. Os animo a salir de vuestra burbuja y participar en VOLPA.<\/p>\n<p>Chema Lanillos<\/p>\n","protected":false},"excerpt":{"rendered":"<p>Soy un \u201cjoven\u201d de 53 a\u00f1os y siempre me gust\u00f3 aportar, de manera desinteresada, en la medida de mis capacidades y disponibilidad de&nbsp; tiempo, participando como voluntario en alguna ONG, asociaciones culturales y juveniles y agrupaciones deportivas. Por poner algunos ejemplos, colabor\u00e9 con el departamento de educaci\u00f3n de Ayuda en Acci\u00f3n, realic\u00e9 un programa de radio en una emisora local, fui miembro del grupo de rescate en monta\u00f1a de Cruz Roja en Madrid, fui voluntario de Amnist\u00eda Internacional&nbsp; y colabor\u00e9 en la organizaci\u00f3n de actividades en un club de monta\u00f1a en Coslada, entre otras muchas cosas. Desde muy joven fui un gran aficionado a la monta\u00f1a y gracias a esta \u00abexcusa\u00bb he visitado varias cadenas monta\u00f1osas del mundo. He desempe\u00f1ado m\u00faltiples trabajos: Gu\u00eda y profesor de monta\u00f1a, monitor de cicloturismo, logista para M\u00e9dicos sin Fronteras en Angola y Sud\u00e1n del Sur, trabajador vertical colgado de cuerdas en cientos de edificios [&hellip;]<\/p>\n","protected":false},"featured_media":9662,"template":"single-noticia","meta":{"_acf_changed":false},"categories":[7],"tags":[191],"country":[],"cause":[],"class_list":["post-9655","noticia","type-noticia","status-publish","has-post-thumbnail","hentry","category-noticia","tag-voluntariado"],"acf":[],"yoast_head":"<!-- This site is optimized with the Yoast SEO Premium plugin v21.6 (Yoast SEO v27.5) - https:\/\/yoast.com\/product\/yoast-seo-premium-wordpress\/ -->\n<title>Chema Lanillos - Voluntario en Pa\u00eds Vasco - Entreculturas<\/title>\n<meta name=\"robots\" content=\"index, follow, max-snippet:-1, max-image-preview:large, max-video-preview:-1\" \/>\n<link rel=\"canonical\" href=\"https:\/\/www.entreculturas.org\/gl\/noticia\/chema-lanillos-voluntario-en-pais-vasco\/\" \/>\n<meta property=\"og:locale\" content=\"gl_ES\" \/>\n<meta property=\"og:type\" content=\"article\" \/>\n<meta property=\"og:title\" content=\"Chema Lanillos - Voluntario en Pa\u00eds Vasco\" \/>\n<meta property=\"og:description\" content=\"Soy un \u201cjoven\u201d de 53 a\u00f1os y siempre me gust\u00f3 aportar, de manera desinteresada, en la medida de mis capacidades y disponibilidad de&nbsp; tiempo, participando como voluntario en alguna ONG, asociaciones culturales y juveniles y agrupaciones deportivas. Por poner algunos ejemplos, colabor\u00e9 con el departamento de educaci\u00f3n de Ayuda en Acci\u00f3n, realic\u00e9 un programa de radio en una emisora local, fui miembro del grupo de rescate en monta\u00f1a de Cruz Roja en Madrid, fui voluntario de Amnist\u00eda Internacional&nbsp; y colabor\u00e9 en la organizaci\u00f3n de actividades en un club de monta\u00f1a en Coslada, entre otras muchas cosas. Desde muy joven fui un gran aficionado a la monta\u00f1a y gracias a esta \u00abexcusa\u00bb he visitado varias cadenas monta\u00f1osas del mundo. He desempe\u00f1ado m\u00faltiples trabajos: Gu\u00eda y profesor de monta\u00f1a, monitor de cicloturismo, logista para M\u00e9dicos sin Fronteras en Angola y Sud\u00e1n del Sur, trabajador vertical colgado de cuerdas en cientos de edificios [&hellip;]\" \/>\n<meta property=\"og:url\" content=\"https:\/\/www.entreculturas.org\/gl\/noticia\/chema-lanillos-voluntario-en-pais-vasco\/\" \/>\n<meta property=\"og:site_name\" content=\"Entreculturas\" \/>\n<meta property=\"article:publisher\" content=\"https:\/\/www.facebook.com\/entreculturas\" \/>\n<meta property=\"article:modified_time\" content=\"2024-09-20T10:46:18+00:00\" \/>\n<meta property=\"og:image\" content=\"https:\/\/www.entreculturas.org\/wp-content\/uploads\/2023\/12\/20210402_120832_baja-e1726829163356.jpg\" \/>\n\t<meta property=\"og:image:width\" content=\"500\" \/>\n\t<meta property=\"og:image:height\" content=\"180\" \/>\n\t<meta property=\"og:image:type\" content=\"image\/jpeg\" \/>\n<meta name=\"twitter:card\" content=\"summary_large_image\" \/>\n<meta name=\"twitter:site\" content=\"@Entreculturas\" \/>\n<script type=\"application\/ld+json\" class=\"yoast-schema-graph\">{\"@context\":\"https:\\\/\\\/schema.org\",\"@graph\":[{\"@type\":\"WebPage\",\"@id\":\"https:\\\/\\\/www.entreculturas.org\\\/gl\\\/noticia\\\/chema-lanillos-voluntario-en-pais-vasco\\\/\",\"url\":\"https:\\\/\\\/www.entreculturas.org\\\/gl\\\/noticia\\\/chema-lanillos-voluntario-en-pais-vasco\\\/\",\"name\":\"Chema Lanillos - Voluntario en Pa\u00eds Vasco - Entreculturas\",\"isPartOf\":{\"@id\":\"https:\\\/\\\/www.entreculturas.org\\\/gl\\\/#website\"},\"primaryImageOfPage\":{\"@id\":\"https:\\\/\\\/www.entreculturas.org\\\/gl\\\/noticia\\\/chema-lanillos-voluntario-en-pais-vasco\\\/#primaryimage\"},\"image\":{\"@id\":\"https:\\\/\\\/www.entreculturas.org\\\/gl\\\/noticia\\\/chema-lanillos-voluntario-en-pais-vasco\\\/#primaryimage\"},\"thumbnailUrl\":\"https:\\\/\\\/www.entreculturas.org\\\/wp-content\\\/uploads\\\/2023\\\/12\\\/20210402_120832_baja-e1726829163356.jpg\",\"datePublished\":\"2021-10-21T06:27:46+00:00\",\"dateModified\":\"2024-09-20T10:46:18+00:00\",\"breadcrumb\":{\"@id\":\"https:\\\/\\\/www.entreculturas.org\\\/gl\\\/noticia\\\/chema-lanillos-voluntario-en-pais-vasco\\\/#breadcrumb\"},\"inLanguage\":\"gl-ES\",\"potentialAction\":[{\"@type\":\"ReadAction\",\"target\":[\"https:\\\/\\\/www.entreculturas.org\\\/gl\\\/noticia\\\/chema-lanillos-voluntario-en-pais-vasco\\\/\"]}]},{\"@type\":\"ImageObject\",\"inLanguage\":\"gl-ES\",\"@id\":\"https:\\\/\\\/www.entreculturas.org\\\/gl\\\/noticia\\\/chema-lanillos-voluntario-en-pais-vasco\\\/#primaryimage\",\"url\":\"https:\\\/\\\/www.entreculturas.org\\\/wp-content\\\/uploads\\\/2023\\\/12\\\/20210402_120832_baja-e1726829163356.jpg\",\"contentUrl\":\"https:\\\/\\\/www.entreculturas.org\\\/wp-content\\\/uploads\\\/2023\\\/12\\\/20210402_120832_baja-e1726829163356.jpg\",\"width\":500,\"height\":180},{\"@type\":\"BreadcrumbList\",\"@id\":\"https:\\\/\\\/www.entreculturas.org\\\/gl\\\/noticia\\\/chema-lanillos-voluntario-en-pais-vasco\\\/#breadcrumb\",\"itemListElement\":[{\"@type\":\"ListItem\",\"position\":1,\"name\":\"Home\",\"item\":\"https:\\\/\\\/www.entreculturas.org\\\/gl\\\/\"},{\"@type\":\"ListItem\",\"position\":2,\"name\":\"Noticias\",\"item\":\"https:\\\/\\\/www.entreculturas.org\\\/gl\\\/noticias\\\/\"},{\"@type\":\"ListItem\",\"position\":3,\"name\":\"Chema Lanillos &#8211; Voluntario en Pa\u00eds Vasco\"}]},{\"@type\":\"WebSite\",\"@id\":\"https:\\\/\\\/www.entreculturas.org\\\/gl\\\/#website\",\"url\":\"https:\\\/\\\/www.entreculturas.org\\\/gl\\\/\",\"name\":\"Entreculturas\",\"description\":\"\",\"publisher\":{\"@id\":\"https:\\\/\\\/www.entreculturas.org\\\/gl\\\/#organization\"},\"alternateName\":\"Entreculturas\",\"potentialAction\":[{\"@type\":\"SearchAction\",\"target\":{\"@type\":\"EntryPoint\",\"urlTemplate\":\"https:\\\/\\\/www.entreculturas.org\\\/gl\\\/?s={search_term_string}\"},\"query-input\":{\"@type\":\"PropertyValueSpecification\",\"valueRequired\":true,\"valueName\":\"search_term_string\"}}],\"inLanguage\":\"gl-ES\"},{\"@type\":\"Organization\",\"@id\":\"https:\\\/\\\/www.entreculturas.org\\\/gl\\\/#organization\",\"name\":\"Entreculturas\",\"url\":\"https:\\\/\\\/www.entreculturas.org\\\/gl\\\/\",\"logo\":{\"@type\":\"ImageObject\",\"inLanguage\":\"gl-ES\",\"@id\":\"https:\\\/\\\/www.entreculturas.org\\\/gl\\\/#\\\/schema\\\/logo\\\/image\\\/\",\"url\":\"https:\\\/\\\/www.entreculturas.org\\\/wp-content\\\/uploads\\\/2025\\\/10\\\/ESP.svg\",\"contentUrl\":\"https:\\\/\\\/www.entreculturas.org\\\/wp-content\\\/uploads\\\/2025\\\/10\\\/ESP.svg\",\"caption\":\"Entreculturas\"},\"image\":{\"@id\":\"https:\\\/\\\/www.entreculturas.org\\\/gl\\\/#\\\/schema\\\/logo\\\/image\\\/\"},\"sameAs\":[\"https:\\\/\\\/www.facebook.com\\\/entreculturas\",\"https:\\\/\\\/x.com\\\/Entreculturas\",\"https:\\\/\\\/www.instagram.com\\\/entreculturas\\\/\",\"https:\\\/\\\/www.youtube.com\\\/user\\\/entreculturasvideo\",\"https:\\\/\\\/www.linkedin.com\\\/company\\\/fundacion-entreculturas-ngdo\\\/\",\"https:\\\/\\\/www.flickr.com\\\/photos\\\/98455522@N04\\\/albums\\\/\"]}]}<\/script>\n<!-- \/ Yoast SEO Premium plugin. -->","yoast_head_json":{"title":"Chema Lanillos - Voluntario en Pa\u00eds Vasco - Entreculturas","robots":{"index":"index","follow":"follow","max-snippet":"max-snippet:-1","max-image-preview":"max-image-preview:large","max-video-preview":"max-video-preview:-1"},"canonical":"https:\/\/www.entreculturas.org\/gl\/noticia\/chema-lanillos-voluntario-en-pais-vasco\/","og_locale":"gl_ES","og_type":"article","og_title":"Chema Lanillos - Voluntario en Pa\u00eds Vasco","og_description":"Soy un \u201cjoven\u201d de 53 a\u00f1os y siempre me gust\u00f3 aportar, de manera desinteresada, en la medida de mis capacidades y disponibilidad de&nbsp; tiempo, participando como voluntario en alguna ONG, asociaciones culturales y juveniles y agrupaciones deportivas. Por poner algunos ejemplos, colabor\u00e9 con el departamento de educaci\u00f3n de Ayuda en Acci\u00f3n, realic\u00e9 un programa de radio en una emisora local, fui miembro del grupo de rescate en monta\u00f1a de Cruz Roja en Madrid, fui voluntario de Amnist\u00eda Internacional&nbsp; y colabor\u00e9 en la organizaci\u00f3n de actividades en un club de monta\u00f1a en Coslada, entre otras muchas cosas. Desde muy joven fui un gran aficionado a la monta\u00f1a y gracias a esta \u00abexcusa\u00bb he visitado varias cadenas monta\u00f1osas del mundo. He desempe\u00f1ado m\u00faltiples trabajos: Gu\u00eda y profesor de monta\u00f1a, monitor de cicloturismo, logista para M\u00e9dicos sin Fronteras en Angola y Sud\u00e1n del Sur, trabajador vertical colgado de cuerdas en cientos de edificios [&hellip;]","og_url":"https:\/\/www.entreculturas.org\/gl\/noticia\/chema-lanillos-voluntario-en-pais-vasco\/","og_site_name":"Entreculturas","article_publisher":"https:\/\/www.facebook.com\/entreculturas","article_modified_time":"2024-09-20T10:46:18+00:00","og_image":[{"width":500,"height":180,"url":"https:\/\/www.entreculturas.org\/wp-content\/uploads\/2023\/12\/20210402_120832_baja-e1726829163356.jpg","type":"image\/jpeg"}],"twitter_card":"summary_large_image","twitter_site":"@Entreculturas","schema":{"@context":"https:\/\/schema.org","@graph":[{"@type":"WebPage","@id":"https:\/\/www.entreculturas.org\/gl\/noticia\/chema-lanillos-voluntario-en-pais-vasco\/","url":"https:\/\/www.entreculturas.org\/gl\/noticia\/chema-lanillos-voluntario-en-pais-vasco\/","name":"Chema Lanillos - Voluntario en Pa\u00eds Vasco - Entreculturas","isPartOf":{"@id":"https:\/\/www.entreculturas.org\/gl\/#website"},"primaryImageOfPage":{"@id":"https:\/\/www.entreculturas.org\/gl\/noticia\/chema-lanillos-voluntario-en-pais-vasco\/#primaryimage"},"image":{"@id":"https:\/\/www.entreculturas.org\/gl\/noticia\/chema-lanillos-voluntario-en-pais-vasco\/#primaryimage"},"thumbnailUrl":"https:\/\/www.entreculturas.org\/wp-content\/uploads\/2023\/12\/20210402_120832_baja-e1726829163356.jpg","datePublished":"2021-10-21T06:27:46+00:00","dateModified":"2024-09-20T10:46:18+00:00","breadcrumb":{"@id":"https:\/\/www.entreculturas.org\/gl\/noticia\/chema-lanillos-voluntario-en-pais-vasco\/#breadcrumb"},"inLanguage":"gl-ES","potentialAction":[{"@type":"ReadAction","target":["https:\/\/www.entreculturas.org\/gl\/noticia\/chema-lanillos-voluntario-en-pais-vasco\/"]}]},{"@type":"ImageObject","inLanguage":"gl-ES","@id":"https:\/\/www.entreculturas.org\/gl\/noticia\/chema-lanillos-voluntario-en-pais-vasco\/#primaryimage","url":"https:\/\/www.entreculturas.org\/wp-content\/uploads\/2023\/12\/20210402_120832_baja-e1726829163356.jpg","contentUrl":"https:\/\/www.entreculturas.org\/wp-content\/uploads\/2023\/12\/20210402_120832_baja-e1726829163356.jpg","width":500,"height":180},{"@type":"BreadcrumbList","@id":"https:\/\/www.entreculturas.org\/gl\/noticia\/chema-lanillos-voluntario-en-pais-vasco\/#breadcrumb","itemListElement":[{"@type":"ListItem","position":1,"name":"Home","item":"https:\/\/www.entreculturas.org\/gl\/"},{"@type":"ListItem","position":2,"name":"Noticias","item":"https:\/\/www.entreculturas.org\/gl\/noticias\/"},{"@type":"ListItem","position":3,"name":"Chema Lanillos &#8211; Voluntario en Pa\u00eds Vasco"}]},{"@type":"WebSite","@id":"https:\/\/www.entreculturas.org\/gl\/#website","url":"https:\/\/www.entreculturas.org\/gl\/","name":"Entreculturas","description":"","publisher":{"@id":"https:\/\/www.entreculturas.org\/gl\/#organization"},"alternateName":"Entreculturas","potentialAction":[{"@type":"SearchAction","target":{"@type":"EntryPoint","urlTemplate":"https:\/\/www.entreculturas.org\/gl\/?s={search_term_string}"},"query-input":{"@type":"PropertyValueSpecification","valueRequired":true,"valueName":"search_term_string"}}],"inLanguage":"gl-ES"},{"@type":"Organization","@id":"https:\/\/www.entreculturas.org\/gl\/#organization","name":"Entreculturas","url":"https:\/\/www.entreculturas.org\/gl\/","logo":{"@type":"ImageObject","inLanguage":"gl-ES","@id":"https:\/\/www.entreculturas.org\/gl\/#\/schema\/logo\/image\/","url":"https:\/\/www.entreculturas.org\/wp-content\/uploads\/2025\/10\/ESP.svg","contentUrl":"https:\/\/www.entreculturas.org\/wp-content\/uploads\/2025\/10\/ESP.svg","caption":"Entreculturas"},"image":{"@id":"https:\/\/www.entreculturas.org\/gl\/#\/schema\/logo\/image\/"},"sameAs":["https:\/\/www.facebook.com\/entreculturas","https:\/\/x.com\/Entreculturas","https:\/\/www.instagram.com\/entreculturas\/","https:\/\/www.youtube.com\/user\/entreculturasvideo","https:\/\/www.linkedin.com\/company\/fundacion-entreculturas-ngdo\/","https:\/\/www.flickr.com\/photos\/98455522@N04\/albums\/"]}]}},"_links":{"self":[{"href":"https:\/\/www.entreculturas.org\/gl\/wp-json\/wp\/v2\/noticia\/9655","targetHints":{"allow":["GET"]}}],"collection":[{"href":"https:\/\/www.entreculturas.org\/gl\/wp-json\/wp\/v2\/noticia"}],"about":[{"href":"https:\/\/www.entreculturas.org\/gl\/wp-json\/wp\/v2\/types\/noticia"}],"wp:featuredmedia":[{"embeddable":true,"href":"https:\/\/www.entreculturas.org\/gl\/wp-json\/wp\/v2\/media\/9662"}],"wp:attachment":[{"href":"https:\/\/www.entreculturas.org\/gl\/wp-json\/wp\/v2\/media?parent=9655"}],"wp:term":[{"taxonomy":"category","embeddable":true,"href":"https:\/\/www.entreculturas.org\/gl\/wp-json\/wp\/v2\/categories?post=9655"},{"taxonomy":"post_tag","embeddable":true,"href":"https:\/\/www.entreculturas.org\/gl\/wp-json\/wp\/v2\/tags?post=9655"},{"taxonomy":"country","embeddable":true,"href":"https:\/\/www.entreculturas.org\/gl\/wp-json\/wp\/v2\/country?post=9655"},{"taxonomy":"cause","embeddable":true,"href":"https:\/\/www.entreculturas.org\/gl\/wp-json\/wp\/v2\/cause?post=9655"}],"curies":[{"name":"wp","href":"https:\/\/api.w.org\/{rel}","templated":true}]}}