{"id":9605,"date":"2020-07-07T09:25:47","date_gmt":"2020-07-07T07:25:47","guid":{"rendered":"https:\/\/www.entreculturas.org\/publicacion\/marco-antonio-lemus-rsj-fe-y-alegria-guatemala\/"},"modified":"2024-09-20T13:14:43","modified_gmt":"2024-09-20T11:14:43","slug":"marco-antonio-lemus-rsj-fe-y-alegria-guatemala","status":"publish","type":"noticia","link":"https:\/\/www.entreculturas.org\/gl\/noticia\/marco-antonio-lemus-rsj-fe-y-alegria-guatemala\/","title":{"rendered":"Marco Antonio Lemus &#8211; RSJ &#8211;  Fe y Alegr\u00eda, Guatemala"},"content":{"rendered":"<p>Hola, mi nombre es&nbsp;Marco Antonio Lemus Rivera tengo 30 a\u00f1os de edad, soy educador de Fe y Alegr\u00eda en Guatemala espec\u00edficamente en la comunidad educativa No. 10 de Jocot\u00e1n, Chiquimula y&nbsp; en mis espacios libres me encanta hacer ejercicio f\u00edsico, hacer zumba, jugar voleibol y caminar por lugares en donde se aprecie la naturaleza;&nbsp;en conclusi\u00f3n soy una persona que le gusta estar en movimiento. Actualmente acompa\u00f1o al Protagonismo Juvenil Organizado (PJO) de mi centro educativo y he tenido muchas experiencias gratificantes al frente de esta organizaci\u00f3n juvenil, hemos construido muchas ideas en equipo y las hemos puesto en marcha. Tambi\u00e9n pertenezco a la red de comunicadores de la Red Generaci\u00f3n 21+ y en donde hemos estado activando para transmitir muchos mensajes de esperanza y de concientizaci\u00f3n con temas de inter\u00e9s global.<br \/>&nbsp;<br \/>El COVID-19 sorprendi\u00f3 al mundo entero y evidentemente pocas semanas despues de celebrar un Encuentro Global m\u00e1s. Con todo que ha pasado creo que debemos de aprender a valorar y a vivir las oportunidades y encuentros que tengamos en nuestra vida y a vivir con total PLENITUD; drisfrutar cada momento que tengamos de nuestra vida, porque ahora que estamos en confinamiento nos hace falta este tipo de actividades.&nbsp;Tambi\u00e9n, lo que puedo expresar, es que todos y todas nos necesitamos mutuamente para hacer frente a cualquier situaci\u00f3n que nos vulnere como personas, ll\u00e1mese Covid-19 o cualquier otro problema social que tengamos; debemos&nbsp;tener una plena convicci\u00f3n que las juventudes son parte importante en estos temas, porque ellos y ellas pueden ser agentes de incidencia y de transformaci\u00f3n social en el presente y futuro de la humanidad.<br \/>&nbsp;<br \/>Mi mayor reto es educar a la distancia a las juventudes teniendo en cuenta las muchas limitantes que tenemos en nuestra regi\u00f3n, d\u00edgase el acceso a medios tecnol\u00f3gicos, internet, falta de recursos econ\u00f3micos entre otros. Para m\u00ed supone un gran reto, ya que como lo mencion\u00e9 en la pregunta anterior es muy complicado llevar educaci\u00f3n cuando no todos y todas tienen los mismos accesos y los que lo tienen no est\u00e1n educados para usar algunas herramientas tecnol\u00f3gicas, pero en este proceso hemos ido aprendiendo y lograr desde aqu\u00ed transmitir el mensaje a donde tenga alcance y desde ah\u00ed incidir y transformar.&nbsp;&nbsp;<\/p>\n<p>Desde que empezamos el confinamiento el 16 de marzo ha sido una experiencia un tanto compleja, debido a que no est\u00e1bamos preparado para esta pandemia sin embargo hemos ido aprendiendo en el camino. Como educador he estado inyect\u00e1ndoles&nbsp; &nbsp;mucha motivaci\u00f3n a las juventudes que tengo a mi cargo debido a la incertidumbre y frustraci\u00f3n que manifestaban al principio y conforme empeoraba la situaci\u00f3n de casos de coronavirus en el pa\u00eds, por esta raz\u00f3n he estado aliment\u00e1ndoles de buena fe y esperanza&nbsp; para que puedan realizar sus tareas desde casa y darles mucho aliento para que se sientan con buen \u00e1nimo y puedan alcanzar los objetivos en medio de esta situaci\u00f3n tan compleja en la que vivimos globalmente.<br \/>&nbsp;<br \/>Hemos realizado un grupo en la red social WhatsApp de estudiantes y padres y madres de familia, para as\u00ed convocarles ah\u00ed y poder organizarnos en esa red, seguidamente hemos estado enviando algunas actividades con diferentes tem\u00e1ticas relacionadas al Covid-19 y&nbsp; otras de inter\u00e9s com\u00fan como el derecho a la educaci\u00f3n en estos tiempos y las juventudes han estado interactuando desde la red social de Facebook en la p\u00e1gina de Juventudes centro 10 y Juventudes fe y alegr\u00eda Guatemala. Tambi\u00e9n se les han elaborado gu\u00edas de diferentes \u00e1reas educativas apegadas a su nivel educativo. Ha sido una experiencia totalmente diferente debido a que nadie estaba preparado para hacer este tipo de teletrabajo, sin embargo a pesar de lo que se enfrenta ha sido una nueva experiencia y de muchos aprendizajes.<br \/>&nbsp;<br \/>Llev\u00e1bamos una vida muy ajetreada una vida donde no nos sent\u00e1bamos a pensar por nuestros sue\u00f1os y anhelos, tampoco ten\u00edamos ese espacio para convivir con nuestras familias y nos faltaba y falta mucha m\u00e1s empat\u00eda y solidaridad para con las dem\u00e1s personas&nbsp; y ahora con esta pandemia hemos descubierto todas estas fallas, que espero que como humanidad podamos resolverlos&nbsp; y ser mejores personas en el futuro.<\/p>\n<p>Mi mensaje ser\u00eda que no pierdan las esperanzas por salir adelante que esta pandemia pasar\u00e1 y que todo lo malo que hayamos pasado en este tiempo nos ayude a ser mejores humanos y contribuir colectivamente a la sociedad sin odios ni rencores y recordar siempre que todos y todas nos necesitamos y que solo trabajando en equipo podemos vencer muchos problemas que nos afectan local y globalmente.<\/p>\n<p>&nbsp;<\/p>\n","protected":false},"excerpt":{"rendered":"<p>Hola, mi nombre es&nbsp;Marco Antonio Lemus Rivera tengo 30 a\u00f1os de edad, soy educador de Fe y Alegr\u00eda en Guatemala espec\u00edficamente en la comunidad educativa No. 10 de Jocot\u00e1n, Chiquimula y&nbsp; en mis espacios libres me encanta hacer ejercicio f\u00edsico, hacer zumba, jugar voleibol y caminar por lugares en donde se aprecie la naturaleza;&nbsp;en conclusi\u00f3n soy una persona que le gusta estar en movimiento. Actualmente acompa\u00f1o al Protagonismo Juvenil Organizado (PJO) de mi centro educativo y he tenido muchas experiencias gratificantes al frente de esta organizaci\u00f3n juvenil, hemos construido muchas ideas en equipo y las hemos puesto en marcha. Tambi\u00e9n pertenezco a la red de comunicadores de la Red Generaci\u00f3n 21+ y en donde hemos estado activando para transmitir muchos mensajes de esperanza y de concientizaci\u00f3n con temas de inter\u00e9s global.&nbsp;El COVID-19 sorprendi\u00f3 al mundo entero y evidentemente pocas semanas despues de celebrar un Encuentro Global m\u00e1s. Con todo que [&hellip;]<\/p>\n","protected":false},"featured_media":9606,"template":"single-noticia","meta":{"_acf_changed":false},"categories":[7],"tags":[191],"country":[],"cause":[],"class_list":["post-9605","noticia","type-noticia","status-publish","has-post-thumbnail","hentry","category-noticia","tag-voluntariado"],"acf":[],"yoast_head":"<!-- This site is optimized with the Yoast SEO Premium plugin v21.6 (Yoast SEO v27.5) - https:\/\/yoast.com\/product\/yoast-seo-premium-wordpress\/ -->\n<title>Marco Antonio Lemus - RSJ - Fe y Alegr\u00eda, Guatemala - Entreculturas<\/title>\n<meta name=\"robots\" content=\"index, follow, max-snippet:-1, max-image-preview:large, max-video-preview:-1\" \/>\n<link rel=\"canonical\" href=\"https:\/\/www.entreculturas.org\/gl\/noticia\/marco-antonio-lemus-rsj-fe-y-alegria-guatemala\/\" \/>\n<meta property=\"og:locale\" content=\"gl_ES\" \/>\n<meta property=\"og:type\" content=\"article\" \/>\n<meta property=\"og:title\" content=\"Marco Antonio Lemus - RSJ - Fe y Alegr\u00eda, Guatemala\" \/>\n<meta property=\"og:description\" content=\"Hola, mi nombre es&nbsp;Marco Antonio Lemus Rivera tengo 30 a\u00f1os de edad, soy educador de Fe y Alegr\u00eda en Guatemala espec\u00edficamente en la comunidad educativa No. 10 de Jocot\u00e1n, Chiquimula y&nbsp; en mis espacios libres me encanta hacer ejercicio f\u00edsico, hacer zumba, jugar voleibol y caminar por lugares en donde se aprecie la naturaleza;&nbsp;en conclusi\u00f3n soy una persona que le gusta estar en movimiento. Actualmente acompa\u00f1o al Protagonismo Juvenil Organizado (PJO) de mi centro educativo y he tenido muchas experiencias gratificantes al frente de esta organizaci\u00f3n juvenil, hemos construido muchas ideas en equipo y las hemos puesto en marcha. Tambi\u00e9n pertenezco a la red de comunicadores de la Red Generaci\u00f3n 21+ y en donde hemos estado activando para transmitir muchos mensajes de esperanza y de concientizaci\u00f3n con temas de inter\u00e9s global.&nbsp;El COVID-19 sorprendi\u00f3 al mundo entero y evidentemente pocas semanas despues de celebrar un Encuentro Global m\u00e1s. Con todo que [&hellip;]\" \/>\n<meta property=\"og:url\" content=\"https:\/\/www.entreculturas.org\/gl\/noticia\/marco-antonio-lemus-rsj-fe-y-alegria-guatemala\/\" \/>\n<meta property=\"og:site_name\" content=\"Entreculturas\" \/>\n<meta property=\"article:publisher\" content=\"https:\/\/www.facebook.com\/entreculturas\" \/>\n<meta property=\"article:modified_time\" content=\"2024-09-20T11:14:43+00:00\" \/>\n<meta property=\"og:image\" content=\"https:\/\/www.entreculturas.org\/wp-content\/uploads\/2023\/12\/marco_antonio_lemus_baja-e1726830873515.jpg\" \/>\n\t<meta property=\"og:image:width\" content=\"500\" \/>\n\t<meta property=\"og:image:height\" content=\"202\" \/>\n\t<meta property=\"og:image:type\" content=\"image\/jpeg\" \/>\n<meta name=\"twitter:card\" content=\"summary_large_image\" \/>\n<meta name=\"twitter:site\" content=\"@Entreculturas\" \/>\n<script type=\"application\/ld+json\" class=\"yoast-schema-graph\">{\"@context\":\"https:\\\/\\\/schema.org\",\"@graph\":[{\"@type\":\"WebPage\",\"@id\":\"https:\\\/\\\/www.entreculturas.org\\\/gl\\\/noticia\\\/marco-antonio-lemus-rsj-fe-y-alegria-guatemala\\\/\",\"url\":\"https:\\\/\\\/www.entreculturas.org\\\/gl\\\/noticia\\\/marco-antonio-lemus-rsj-fe-y-alegria-guatemala\\\/\",\"name\":\"Marco Antonio Lemus - RSJ - Fe y Alegr\u00eda, Guatemala - Entreculturas\",\"isPartOf\":{\"@id\":\"https:\\\/\\\/www.entreculturas.org\\\/gl\\\/#website\"},\"primaryImageOfPage\":{\"@id\":\"https:\\\/\\\/www.entreculturas.org\\\/gl\\\/noticia\\\/marco-antonio-lemus-rsj-fe-y-alegria-guatemala\\\/#primaryimage\"},\"image\":{\"@id\":\"https:\\\/\\\/www.entreculturas.org\\\/gl\\\/noticia\\\/marco-antonio-lemus-rsj-fe-y-alegria-guatemala\\\/#primaryimage\"},\"thumbnailUrl\":\"https:\\\/\\\/www.entreculturas.org\\\/wp-content\\\/uploads\\\/2023\\\/12\\\/marco_antonio_lemus_baja-e1726830873515.jpg\",\"datePublished\":\"2020-07-07T07:25:47+00:00\",\"dateModified\":\"2024-09-20T11:14:43+00:00\",\"breadcrumb\":{\"@id\":\"https:\\\/\\\/www.entreculturas.org\\\/gl\\\/noticia\\\/marco-antonio-lemus-rsj-fe-y-alegria-guatemala\\\/#breadcrumb\"},\"inLanguage\":\"gl-ES\",\"potentialAction\":[{\"@type\":\"ReadAction\",\"target\":[\"https:\\\/\\\/www.entreculturas.org\\\/gl\\\/noticia\\\/marco-antonio-lemus-rsj-fe-y-alegria-guatemala\\\/\"]}]},{\"@type\":\"ImageObject\",\"inLanguage\":\"gl-ES\",\"@id\":\"https:\\\/\\\/www.entreculturas.org\\\/gl\\\/noticia\\\/marco-antonio-lemus-rsj-fe-y-alegria-guatemala\\\/#primaryimage\",\"url\":\"https:\\\/\\\/www.entreculturas.org\\\/wp-content\\\/uploads\\\/2023\\\/12\\\/marco_antonio_lemus_baja-e1726830873515.jpg\",\"contentUrl\":\"https:\\\/\\\/www.entreculturas.org\\\/wp-content\\\/uploads\\\/2023\\\/12\\\/marco_antonio_lemus_baja-e1726830873515.jpg\",\"width\":500,\"height\":202},{\"@type\":\"BreadcrumbList\",\"@id\":\"https:\\\/\\\/www.entreculturas.org\\\/gl\\\/noticia\\\/marco-antonio-lemus-rsj-fe-y-alegria-guatemala\\\/#breadcrumb\",\"itemListElement\":[{\"@type\":\"ListItem\",\"position\":1,\"name\":\"Home\",\"item\":\"https:\\\/\\\/www.entreculturas.org\\\/gl\\\/\"},{\"@type\":\"ListItem\",\"position\":2,\"name\":\"Noticias\",\"item\":\"https:\\\/\\\/www.entreculturas.org\\\/gl\\\/noticias\\\/\"},{\"@type\":\"ListItem\",\"position\":3,\"name\":\"Marco Antonio Lemus &#8211; RSJ &#8211; Fe y Alegr\u00eda, Guatemala\"}]},{\"@type\":\"WebSite\",\"@id\":\"https:\\\/\\\/www.entreculturas.org\\\/gl\\\/#website\",\"url\":\"https:\\\/\\\/www.entreculturas.org\\\/gl\\\/\",\"name\":\"Entreculturas\",\"description\":\"\",\"publisher\":{\"@id\":\"https:\\\/\\\/www.entreculturas.org\\\/gl\\\/#organization\"},\"alternateName\":\"Entreculturas\",\"potentialAction\":[{\"@type\":\"SearchAction\",\"target\":{\"@type\":\"EntryPoint\",\"urlTemplate\":\"https:\\\/\\\/www.entreculturas.org\\\/gl\\\/?s={search_term_string}\"},\"query-input\":{\"@type\":\"PropertyValueSpecification\",\"valueRequired\":true,\"valueName\":\"search_term_string\"}}],\"inLanguage\":\"gl-ES\"},{\"@type\":\"Organization\",\"@id\":\"https:\\\/\\\/www.entreculturas.org\\\/gl\\\/#organization\",\"name\":\"Entreculturas\",\"url\":\"https:\\\/\\\/www.entreculturas.org\\\/gl\\\/\",\"logo\":{\"@type\":\"ImageObject\",\"inLanguage\":\"gl-ES\",\"@id\":\"https:\\\/\\\/www.entreculturas.org\\\/gl\\\/#\\\/schema\\\/logo\\\/image\\\/\",\"url\":\"https:\\\/\\\/www.entreculturas.org\\\/wp-content\\\/uploads\\\/2025\\\/10\\\/ESP.svg\",\"contentUrl\":\"https:\\\/\\\/www.entreculturas.org\\\/wp-content\\\/uploads\\\/2025\\\/10\\\/ESP.svg\",\"caption\":\"Entreculturas\"},\"image\":{\"@id\":\"https:\\\/\\\/www.entreculturas.org\\\/gl\\\/#\\\/schema\\\/logo\\\/image\\\/\"},\"sameAs\":[\"https:\\\/\\\/www.facebook.com\\\/entreculturas\",\"https:\\\/\\\/x.com\\\/Entreculturas\",\"https:\\\/\\\/www.instagram.com\\\/entreculturas\\\/\",\"https:\\\/\\\/www.youtube.com\\\/user\\\/entreculturasvideo\",\"https:\\\/\\\/www.linkedin.com\\\/company\\\/fundacion-entreculturas-ngdo\\\/\",\"https:\\\/\\\/www.flickr.com\\\/photos\\\/98455522@N04\\\/albums\\\/\"]}]}<\/script>\n<!-- \/ Yoast SEO Premium plugin. -->","yoast_head_json":{"title":"Marco Antonio Lemus - RSJ - Fe y Alegr\u00eda, Guatemala - Entreculturas","robots":{"index":"index","follow":"follow","max-snippet":"max-snippet:-1","max-image-preview":"max-image-preview:large","max-video-preview":"max-video-preview:-1"},"canonical":"https:\/\/www.entreculturas.org\/gl\/noticia\/marco-antonio-lemus-rsj-fe-y-alegria-guatemala\/","og_locale":"gl_ES","og_type":"article","og_title":"Marco Antonio Lemus - RSJ - Fe y Alegr\u00eda, Guatemala","og_description":"Hola, mi nombre es&nbsp;Marco Antonio Lemus Rivera tengo 30 a\u00f1os de edad, soy educador de Fe y Alegr\u00eda en Guatemala espec\u00edficamente en la comunidad educativa No. 10 de Jocot\u00e1n, Chiquimula y&nbsp; en mis espacios libres me encanta hacer ejercicio f\u00edsico, hacer zumba, jugar voleibol y caminar por lugares en donde se aprecie la naturaleza;&nbsp;en conclusi\u00f3n soy una persona que le gusta estar en movimiento. Actualmente acompa\u00f1o al Protagonismo Juvenil Organizado (PJO) de mi centro educativo y he tenido muchas experiencias gratificantes al frente de esta organizaci\u00f3n juvenil, hemos construido muchas ideas en equipo y las hemos puesto en marcha. Tambi\u00e9n pertenezco a la red de comunicadores de la Red Generaci\u00f3n 21+ y en donde hemos estado activando para transmitir muchos mensajes de esperanza y de concientizaci\u00f3n con temas de inter\u00e9s global.&nbsp;El COVID-19 sorprendi\u00f3 al mundo entero y evidentemente pocas semanas despues de celebrar un Encuentro Global m\u00e1s. Con todo que [&hellip;]","og_url":"https:\/\/www.entreculturas.org\/gl\/noticia\/marco-antonio-lemus-rsj-fe-y-alegria-guatemala\/","og_site_name":"Entreculturas","article_publisher":"https:\/\/www.facebook.com\/entreculturas","article_modified_time":"2024-09-20T11:14:43+00:00","og_image":[{"width":500,"height":202,"url":"https:\/\/www.entreculturas.org\/wp-content\/uploads\/2023\/12\/marco_antonio_lemus_baja-e1726830873515.jpg","type":"image\/jpeg"}],"twitter_card":"summary_large_image","twitter_site":"@Entreculturas","schema":{"@context":"https:\/\/schema.org","@graph":[{"@type":"WebPage","@id":"https:\/\/www.entreculturas.org\/gl\/noticia\/marco-antonio-lemus-rsj-fe-y-alegria-guatemala\/","url":"https:\/\/www.entreculturas.org\/gl\/noticia\/marco-antonio-lemus-rsj-fe-y-alegria-guatemala\/","name":"Marco Antonio Lemus - RSJ - Fe y Alegr\u00eda, Guatemala - Entreculturas","isPartOf":{"@id":"https:\/\/www.entreculturas.org\/gl\/#website"},"primaryImageOfPage":{"@id":"https:\/\/www.entreculturas.org\/gl\/noticia\/marco-antonio-lemus-rsj-fe-y-alegria-guatemala\/#primaryimage"},"image":{"@id":"https:\/\/www.entreculturas.org\/gl\/noticia\/marco-antonio-lemus-rsj-fe-y-alegria-guatemala\/#primaryimage"},"thumbnailUrl":"https:\/\/www.entreculturas.org\/wp-content\/uploads\/2023\/12\/marco_antonio_lemus_baja-e1726830873515.jpg","datePublished":"2020-07-07T07:25:47+00:00","dateModified":"2024-09-20T11:14:43+00:00","breadcrumb":{"@id":"https:\/\/www.entreculturas.org\/gl\/noticia\/marco-antonio-lemus-rsj-fe-y-alegria-guatemala\/#breadcrumb"},"inLanguage":"gl-ES","potentialAction":[{"@type":"ReadAction","target":["https:\/\/www.entreculturas.org\/gl\/noticia\/marco-antonio-lemus-rsj-fe-y-alegria-guatemala\/"]}]},{"@type":"ImageObject","inLanguage":"gl-ES","@id":"https:\/\/www.entreculturas.org\/gl\/noticia\/marco-antonio-lemus-rsj-fe-y-alegria-guatemala\/#primaryimage","url":"https:\/\/www.entreculturas.org\/wp-content\/uploads\/2023\/12\/marco_antonio_lemus_baja-e1726830873515.jpg","contentUrl":"https:\/\/www.entreculturas.org\/wp-content\/uploads\/2023\/12\/marco_antonio_lemus_baja-e1726830873515.jpg","width":500,"height":202},{"@type":"BreadcrumbList","@id":"https:\/\/www.entreculturas.org\/gl\/noticia\/marco-antonio-lemus-rsj-fe-y-alegria-guatemala\/#breadcrumb","itemListElement":[{"@type":"ListItem","position":1,"name":"Home","item":"https:\/\/www.entreculturas.org\/gl\/"},{"@type":"ListItem","position":2,"name":"Noticias","item":"https:\/\/www.entreculturas.org\/gl\/noticias\/"},{"@type":"ListItem","position":3,"name":"Marco Antonio Lemus &#8211; RSJ &#8211; Fe y Alegr\u00eda, Guatemala"}]},{"@type":"WebSite","@id":"https:\/\/www.entreculturas.org\/gl\/#website","url":"https:\/\/www.entreculturas.org\/gl\/","name":"Entreculturas","description":"","publisher":{"@id":"https:\/\/www.entreculturas.org\/gl\/#organization"},"alternateName":"Entreculturas","potentialAction":[{"@type":"SearchAction","target":{"@type":"EntryPoint","urlTemplate":"https:\/\/www.entreculturas.org\/gl\/?s={search_term_string}"},"query-input":{"@type":"PropertyValueSpecification","valueRequired":true,"valueName":"search_term_string"}}],"inLanguage":"gl-ES"},{"@type":"Organization","@id":"https:\/\/www.entreculturas.org\/gl\/#organization","name":"Entreculturas","url":"https:\/\/www.entreculturas.org\/gl\/","logo":{"@type":"ImageObject","inLanguage":"gl-ES","@id":"https:\/\/www.entreculturas.org\/gl\/#\/schema\/logo\/image\/","url":"https:\/\/www.entreculturas.org\/wp-content\/uploads\/2025\/10\/ESP.svg","contentUrl":"https:\/\/www.entreculturas.org\/wp-content\/uploads\/2025\/10\/ESP.svg","caption":"Entreculturas"},"image":{"@id":"https:\/\/www.entreculturas.org\/gl\/#\/schema\/logo\/image\/"},"sameAs":["https:\/\/www.facebook.com\/entreculturas","https:\/\/x.com\/Entreculturas","https:\/\/www.instagram.com\/entreculturas\/","https:\/\/www.youtube.com\/user\/entreculturasvideo","https:\/\/www.linkedin.com\/company\/fundacion-entreculturas-ngdo\/","https:\/\/www.flickr.com\/photos\/98455522@N04\/albums\/"]}]}},"_links":{"self":[{"href":"https:\/\/www.entreculturas.org\/gl\/wp-json\/wp\/v2\/noticia\/9605","targetHints":{"allow":["GET"]}}],"collection":[{"href":"https:\/\/www.entreculturas.org\/gl\/wp-json\/wp\/v2\/noticia"}],"about":[{"href":"https:\/\/www.entreculturas.org\/gl\/wp-json\/wp\/v2\/types\/noticia"}],"wp:featuredmedia":[{"embeddable":true,"href":"https:\/\/www.entreculturas.org\/gl\/wp-json\/wp\/v2\/media\/9606"}],"wp:attachment":[{"href":"https:\/\/www.entreculturas.org\/gl\/wp-json\/wp\/v2\/media?parent=9605"}],"wp:term":[{"taxonomy":"category","embeddable":true,"href":"https:\/\/www.entreculturas.org\/gl\/wp-json\/wp\/v2\/categories?post=9605"},{"taxonomy":"post_tag","embeddable":true,"href":"https:\/\/www.entreculturas.org\/gl\/wp-json\/wp\/v2\/tags?post=9605"},{"taxonomy":"country","embeddable":true,"href":"https:\/\/www.entreculturas.org\/gl\/wp-json\/wp\/v2\/country?post=9605"},{"taxonomy":"cause","embeddable":true,"href":"https:\/\/www.entreculturas.org\/gl\/wp-json\/wp\/v2\/cause?post=9605"}],"curies":[{"name":"wp","href":"https:\/\/api.w.org\/{rel}","templated":true}]}}