{"id":9595,"date":"2020-04-24T08:36:02","date_gmt":"2020-04-24T06:36:02","guid":{"rendered":"https:\/\/www.entreculturas.org\/publicacion\/del-estallido-social-la-crisis-sanitaria-marta-soto\/"},"modified":"2024-09-17T13:48:38","modified_gmt":"2024-09-17T11:48:38","slug":"del-estallido-social-la-crisis-sanitaria-marta-soto","status":"publish","type":"noticia","link":"https:\/\/www.entreculturas.org\/gl\/noticia\/del-estallido-social-la-crisis-sanitaria-marta-soto\/","title":{"rendered":"&#8220;Del Estallido social a la crisis sanitaria&#8221; &#8211; Marta Soto, VOLPA en Chile"},"content":{"rendered":"<p>Llegu\u00e9 a Chile un 23 de octubre, cuatro d\u00edas despu\u00e9s del \u201cEstallido social\u201d, con toque de queda, un pa\u00eds paralizado y el pueblo en la calle. <strong>Hoy, seis meses despu\u00e9s de aquello y tras un mes y medio de cuarentena, con un toque de queda, un mundo paralizado y con la humanidad en sus casas, voy a intentar contar mi experiencia de voluntariado VOLPA. <\/strong>Perd\u00f3n, no me present\u00e9, la verdad que esta experiencia no ha sido muy lineal, por lo que supongo que el relato tampoco pod\u00eda serlo. <strong>Me llamo Marta Soto Hortet, me encuentro en Arica, norte de Chile, realizando un voluntariado en el SJM (Servicio Jesuita a Migrantes)<\/strong>, trabajo como apoyo en el \u00e1rea social y en el \u00e1rea de educaci\u00f3n y sensibilizaci\u00f3n.<\/p>\n<p>Lo primero que podr\u00eda decir de estos meses es que no me imaginaba que mi a\u00f1o VOLPA empezar\u00eda con una crisis social y mucho menos que me encontrar\u00eda a mitad de a\u00f1o escribiendo sobre mi experiencia desde la confinaci\u00f3n, pero, desde luego, todas las situaciones por las que hemos pasado han sido parte del proceso de aprendizaje, aunque eso es algo que he ido comprendiendo con el paso del tiempo.<\/p>\n<p>Pareciera por el comienzo de este relato que han sido meses dif\u00edciles, pero de este tiempo he sacado las mayores lecciones, probablemente los aprendizajes m\u00e1s destacables. <strong>Estas \u00faltimas semanas he tenido que cuestionarme, preguntarme, \u00bfqu\u00e9 papel tenemos los voluntarios\/as en esta crisis?<\/strong> \u00bfC\u00f3mo mantener las motivaciones que te trajeron hasta aqu\u00ed? \u00bfSiguen siendo las mismas? \u00bfC\u00f3mo decidir si quedarte o irte? \u00bfC\u00f3mo explicar a la familia que decides quedarte a miles de kil\u00f3metros de casa? Me encantar\u00eda tener las respuestas a todas estas preguntas y me encantar\u00eda decir que las que tengo son las correctas, pero la verdad es que no creo que haya verdades absolutas en estos tiempos, quiz\u00e1s en seis meses m\u00e1s pueda responderlas mejor, pero por ahora creo que la \u00fanica forma de vislumbrar las respuestas es hablar de mi labor aqu\u00ed, de la labor del SJM en Arica.<\/p>\n<p><strong>Desde el SJM se trabaja con y para la poblaci\u00f3n migrante y refugiada.<\/strong> Arica, al ser ciudad fronteriza hace <strong>un trabajo muy potente de informaci\u00f3n, orientaci\u00f3n y apoyo a las personas que llegan al pa\u00eds v\u00eda terrestre desde los diferentes rincones del continente:<\/strong> Per\u00fa, Bolivia, Colombia y, este \u00faltimo a\u00f1o, con un aumento considerable de poblaci\u00f3n venezolana. <strong>Cuando estall\u00f3 el conflicto en octubre fue el primer grupo en sufrir las consecuencias de cierres de locales y despidos;<\/strong> en estos momentos, apenas recuperados, <strong>con la crisis sanitaria vuelven a estar en el punto de mira<\/strong> sus trabajos, sus tr\u00e1mites de residencia en el pa\u00eds, su integraci\u00f3n social y su salud, ya que hay que tener en cuenta el riesgo de exposici\u00f3n por la necesidad de salir a buscar trabajo, la falta de protecci\u00f3n en los mismos, la pobreza y el hacinamiento que algunos sectores de esta poblaci\u00f3n migrante sufre, <strong>d\u00e1ndose esta \u00faltima semana situaciones de racismo y marginaci\u00f3n hacia sectores migrantes<\/strong>. A esta problem\u00e1tica se une el conflicto de frontera. Tanto Per\u00fa como Bolivia cerraron sus fronteras, quedando un n\u00famero importante de personas \u201catrapadas\u201d en Chile sin poder regresar a sus pa\u00edses de residencia, con todos los problemas de recursos que eso les puede suponer a estas familias, por lo que en las \u00faltimas semanas se han visto momentos tensos en los controles fronterizos. Todo esto se conjuga en una situaci\u00f3n donde la comunidad migrante y refugiada suma dificultades a su d\u00eda a d\u00eda, pasando a ser uno de los grupos m\u00e1s vulnerables y m\u00e1s desamparados por sus l\u00edmites al acceso de ayudas.<\/p>\n<p><strong>Chile, a diferencia de otros pa\u00edses, no ha implementado cuarentena a nivel nacional, sino por comunas<\/strong> seg\u00fan sus datos de contagio, por lo que las situaciones son muy diferentes seg\u00fan la zona del pa\u00eds. Muchas decisiones del gobierno han provocado descontento generalizado, hay que destacar que este gobierno sigue al mando tras meses de protestas y con una aprobaci\u00f3n popular m\u00ednima, por lo que la credibilidad y la confianza son muy bajas. Arica solo lleva una semana en cuarentena; sin embargo, <strong>en el SJM estamos en cuarentena voluntaria con teletrabajo desde el 16 de marzo, lo que ha supuesto un cambio fundamental en la forma de trabajar de cara a la persona migrante o refugiada, ya que nuestras atenciones han pasado a ser virtuales. <\/strong>Actualmente, trabajamos principalmente con una aplicaci\u00f3n m\u00f3vil llamada Migrapp, desde la cual cualquier usuario puede contactarnos y consultarnos, desde esta misma aplicaci\u00f3n podemos llegar a las familias m\u00e1s vulnerables que necesitan ayudas de v\u00edveres, arriendo, \u00fatiles de aseo o pa\u00f1ales para beb\u00e9s. Todo el sistema de trabajo, todos los proyectos y programaciones anuales se han tenido que centrar en el plan de contingencia creado para hacer m\u00e1s f\u00e1ciles a estas familias las dificultades impuestas por la crisis.<\/p>\n<p>La situaci\u00f3n nos ha obligado a pararnos, a focalizar las fuerzas y volver a repensar nuestra misi\u00f3n, sin olvidar qui\u00e9n est\u00e1 detr\u00e1s de los n\u00fameros, las pantallas, los datos y las estad\u00edsticas. <strong>Esas mismas personas que hasta hace poco atend\u00edamos en nuestras oficinas, personas con nombres y apellidos, rostros que tienen su historia, sus metas, sus proyectos. Proyectos que se han visto truncados<\/strong>, al igual que los nuestros, con la peque\u00f1a diferencia de que ellos no disponen del estado de comodidad, seguridad y privilegio en el que nos encontramos muchos de nosotros. Tener siempre en mente el lado m\u00e1s humano, el nuestro, el suyo, saber que somos iguales, que esta es una lucha de la humanidad, que no entiende de fronteras, har\u00e1 que podamos ver m\u00e1s all\u00e1 de las paredes de nuestra casa, que logremos llegar a esa empat\u00eda que nos conecta como humanidad, donde los l\u00edmites de pa\u00edses se diluyen y solo queda personas encontr\u00e1ndose con otras personas y compartiendo un espacio com\u00fan, que es este planeta donde vivimos.<\/p>\n<p>Estos seis meses han sido duros y extremadamente bonitos. He aprendido de la lucha de los pueblos por la justicia social, que la pertenencia habla de familia y tradiciones, que todos somos migrantes y es parte de nuestra esencia humana, que <strong>la empat\u00eda nos hace llegar al lugar donde se rompen los prejuicios<\/strong>, que la humildad nos acerca, que la alegr\u00eda y la celebraci\u00f3n de lo sencillo juega un papel imprescindible en el trabajo que hacemos, que las peores crisis nos hacen volver a las ra\u00edces, hacer autocr\u00edtica y mirar m\u00e1s all\u00e1 de nosotros mismos.<\/p>\n<p>Pude haber decidido irme, decid\u00ed quedarme porque tuve el apoyo de mi familia, porque me siento segura, protegida y acompa\u00f1ada por Entreculturas y el SJM, porque <strong>s\u00e9 que estoy donde debo estar y que mi misi\u00f3n sigue aqu\u00ed<\/strong>, porque <strong>cuando las ra\u00edces son firmes, las motivaciones se mantienen fuertes<\/strong>. Me siento privilegiada por haber tenido la oportunidad de decidir, ya que no todos la tienen, me siento afortunada por estar rodeada de personas que me han permitido continuar esta experiencia.<\/p>\n<p>Tengo claro que no seremos los mismos cuando pase esta crisis, ni los voluntarios, ni Entreculturas, ni el SJM, ni el mundo tal y como lo entendemos. <strong>Ojal\u00e1 sepamos ser mejores<\/strong>. Gracias por pararos a leer, espero haber sabido trasladar un poco de esta realidad a la vuestra. \u00c1nimo, fuerza y un abrazo grande desde el Norte Grande.<\/p>\n","protected":false},"excerpt":{"rendered":"<p>Llegu\u00e9 a Chile un 23 de octubre, cuatro d\u00edas despu\u00e9s del \u201cEstallido social\u201d, con toque de queda, un pa\u00eds paralizado y el pueblo en la calle. Hoy, seis meses despu\u00e9s de aquello y tras un mes y medio de cuarentena, con un toque de queda, un mundo paralizado y con la humanidad en sus casas, voy a intentar contar mi experiencia de voluntariado VOLPA. Perd\u00f3n, no me present\u00e9, la verdad que esta experiencia no ha sido muy lineal, por lo que supongo que el relato tampoco pod\u00eda serlo. Me llamo Marta Soto Hortet, me encuentro en Arica, norte de Chile, realizando un voluntariado en el SJM (Servicio Jesuita a Migrantes), trabajo como apoyo en el \u00e1rea social y en el \u00e1rea de educaci\u00f3n y sensibilizaci\u00f3n. Lo primero que podr\u00eda decir de estos meses es que no me imaginaba que mi a\u00f1o VOLPA empezar\u00eda con una crisis social y mucho menos [&hellip;]<\/p>\n","protected":false},"featured_media":9596,"template":"single-noticia","meta":{"_acf_changed":false},"categories":[7],"tags":[191],"country":[],"cause":[],"class_list":["post-9595","noticia","type-noticia","status-publish","has-post-thumbnail","hentry","category-noticia","tag-voluntariado"],"acf":[],"yoast_head":"<!-- This site is optimized with the Yoast SEO Premium plugin v21.6 (Yoast SEO v27.5) - https:\/\/yoast.com\/product\/yoast-seo-premium-wordpress\/ -->\n<title>&quot;Del Estallido social a la crisis sanitaria&quot; - Marta Soto, VOLPA en Chile - Entreculturas<\/title>\n<meta name=\"robots\" content=\"index, follow, max-snippet:-1, max-image-preview:large, max-video-preview:-1\" \/>\n<link rel=\"canonical\" href=\"https:\/\/www.entreculturas.org\/gl\/noticia\/del-estallido-social-la-crisis-sanitaria-marta-soto\/\" \/>\n<meta property=\"og:locale\" content=\"gl_ES\" \/>\n<meta property=\"og:type\" content=\"article\" \/>\n<meta property=\"og:title\" content=\"&quot;Del Estallido social a la crisis sanitaria&quot; - Marta Soto, VOLPA en Chile\" \/>\n<meta property=\"og:description\" content=\"Llegu\u00e9 a Chile un 23 de octubre, cuatro d\u00edas despu\u00e9s del \u201cEstallido social\u201d, con toque de queda, un pa\u00eds paralizado y el pueblo en la calle. Hoy, seis meses despu\u00e9s de aquello y tras un mes y medio de cuarentena, con un toque de queda, un mundo paralizado y con la humanidad en sus casas, voy a intentar contar mi experiencia de voluntariado VOLPA. Perd\u00f3n, no me present\u00e9, la verdad que esta experiencia no ha sido muy lineal, por lo que supongo que el relato tampoco pod\u00eda serlo. Me llamo Marta Soto Hortet, me encuentro en Arica, norte de Chile, realizando un voluntariado en el SJM (Servicio Jesuita a Migrantes), trabajo como apoyo en el \u00e1rea social y en el \u00e1rea de educaci\u00f3n y sensibilizaci\u00f3n. Lo primero que podr\u00eda decir de estos meses es que no me imaginaba que mi a\u00f1o VOLPA empezar\u00eda con una crisis social y mucho menos [&hellip;]\" \/>\n<meta property=\"og:url\" content=\"https:\/\/www.entreculturas.org\/gl\/noticia\/del-estallido-social-la-crisis-sanitaria-marta-soto\/\" \/>\n<meta property=\"og:site_name\" content=\"Entreculturas\" \/>\n<meta property=\"article:publisher\" content=\"https:\/\/www.facebook.com\/entreculturas\" \/>\n<meta property=\"article:modified_time\" content=\"2024-09-17T11:48:38+00:00\" \/>\n<meta property=\"og:image\" content=\"https:\/\/www.entreculturas.org\/wp-content\/uploads\/2023\/12\/marta_0.jpg\" \/>\n\t<meta property=\"og:image:width\" content=\"1000\" \/>\n\t<meta property=\"og:image:height\" content=\"667\" \/>\n\t<meta property=\"og:image:type\" content=\"image\/jpeg\" \/>\n<meta name=\"twitter:card\" content=\"summary_large_image\" \/>\n<meta name=\"twitter:site\" content=\"@Entreculturas\" \/>\n<script type=\"application\/ld+json\" class=\"yoast-schema-graph\">{\"@context\":\"https:\\\/\\\/schema.org\",\"@graph\":[{\"@type\":\"WebPage\",\"@id\":\"https:\\\/\\\/www.entreculturas.org\\\/gl\\\/noticia\\\/del-estallido-social-la-crisis-sanitaria-marta-soto\\\/\",\"url\":\"https:\\\/\\\/www.entreculturas.org\\\/gl\\\/noticia\\\/del-estallido-social-la-crisis-sanitaria-marta-soto\\\/\",\"name\":\"\\\"Del Estallido social a la crisis sanitaria\\\" - Marta Soto, VOLPA en Chile - Entreculturas\",\"isPartOf\":{\"@id\":\"https:\\\/\\\/www.entreculturas.org\\\/gl\\\/#website\"},\"primaryImageOfPage\":{\"@id\":\"https:\\\/\\\/www.entreculturas.org\\\/gl\\\/noticia\\\/del-estallido-social-la-crisis-sanitaria-marta-soto\\\/#primaryimage\"},\"image\":{\"@id\":\"https:\\\/\\\/www.entreculturas.org\\\/gl\\\/noticia\\\/del-estallido-social-la-crisis-sanitaria-marta-soto\\\/#primaryimage\"},\"thumbnailUrl\":\"https:\\\/\\\/www.entreculturas.org\\\/wp-content\\\/uploads\\\/2023\\\/12\\\/marta_0.jpg\",\"datePublished\":\"2020-04-24T06:36:02+00:00\",\"dateModified\":\"2024-09-17T11:48:38+00:00\",\"breadcrumb\":{\"@id\":\"https:\\\/\\\/www.entreculturas.org\\\/gl\\\/noticia\\\/del-estallido-social-la-crisis-sanitaria-marta-soto\\\/#breadcrumb\"},\"inLanguage\":\"gl-ES\",\"potentialAction\":[{\"@type\":\"ReadAction\",\"target\":[\"https:\\\/\\\/www.entreculturas.org\\\/gl\\\/noticia\\\/del-estallido-social-la-crisis-sanitaria-marta-soto\\\/\"]}]},{\"@type\":\"ImageObject\",\"inLanguage\":\"gl-ES\",\"@id\":\"https:\\\/\\\/www.entreculturas.org\\\/gl\\\/noticia\\\/del-estallido-social-la-crisis-sanitaria-marta-soto\\\/#primaryimage\",\"url\":\"https:\\\/\\\/www.entreculturas.org\\\/wp-content\\\/uploads\\\/2023\\\/12\\\/marta_0.jpg\",\"contentUrl\":\"https:\\\/\\\/www.entreculturas.org\\\/wp-content\\\/uploads\\\/2023\\\/12\\\/marta_0.jpg\",\"width\":1000,\"height\":667},{\"@type\":\"BreadcrumbList\",\"@id\":\"https:\\\/\\\/www.entreculturas.org\\\/gl\\\/noticia\\\/del-estallido-social-la-crisis-sanitaria-marta-soto\\\/#breadcrumb\",\"itemListElement\":[{\"@type\":\"ListItem\",\"position\":1,\"name\":\"Home\",\"item\":\"https:\\\/\\\/www.entreculturas.org\\\/gl\\\/\"},{\"@type\":\"ListItem\",\"position\":2,\"name\":\"Noticias\",\"item\":\"https:\\\/\\\/www.entreculturas.org\\\/gl\\\/noticias\\\/\"},{\"@type\":\"ListItem\",\"position\":3,\"name\":\"&#8220;Del Estallido social a la crisis sanitaria&#8221; &#8211; Marta Soto, VOLPA en Chile\"}]},{\"@type\":\"WebSite\",\"@id\":\"https:\\\/\\\/www.entreculturas.org\\\/gl\\\/#website\",\"url\":\"https:\\\/\\\/www.entreculturas.org\\\/gl\\\/\",\"name\":\"Entreculturas\",\"description\":\"\",\"publisher\":{\"@id\":\"https:\\\/\\\/www.entreculturas.org\\\/gl\\\/#organization\"},\"alternateName\":\"Entreculturas\",\"potentialAction\":[{\"@type\":\"SearchAction\",\"target\":{\"@type\":\"EntryPoint\",\"urlTemplate\":\"https:\\\/\\\/www.entreculturas.org\\\/gl\\\/?s={search_term_string}\"},\"query-input\":{\"@type\":\"PropertyValueSpecification\",\"valueRequired\":true,\"valueName\":\"search_term_string\"}}],\"inLanguage\":\"gl-ES\"},{\"@type\":\"Organization\",\"@id\":\"https:\\\/\\\/www.entreculturas.org\\\/gl\\\/#organization\",\"name\":\"Entreculturas\",\"url\":\"https:\\\/\\\/www.entreculturas.org\\\/gl\\\/\",\"logo\":{\"@type\":\"ImageObject\",\"inLanguage\":\"gl-ES\",\"@id\":\"https:\\\/\\\/www.entreculturas.org\\\/gl\\\/#\\\/schema\\\/logo\\\/image\\\/\",\"url\":\"https:\\\/\\\/www.entreculturas.org\\\/wp-content\\\/uploads\\\/2025\\\/10\\\/ESP.svg\",\"contentUrl\":\"https:\\\/\\\/www.entreculturas.org\\\/wp-content\\\/uploads\\\/2025\\\/10\\\/ESP.svg\",\"caption\":\"Entreculturas\"},\"image\":{\"@id\":\"https:\\\/\\\/www.entreculturas.org\\\/gl\\\/#\\\/schema\\\/logo\\\/image\\\/\"},\"sameAs\":[\"https:\\\/\\\/www.facebook.com\\\/entreculturas\",\"https:\\\/\\\/x.com\\\/Entreculturas\",\"https:\\\/\\\/www.instagram.com\\\/entreculturas\\\/\",\"https:\\\/\\\/www.youtube.com\\\/user\\\/entreculturasvideo\",\"https:\\\/\\\/www.linkedin.com\\\/company\\\/fundacion-entreculturas-ngdo\\\/\",\"https:\\\/\\\/www.flickr.com\\\/photos\\\/98455522@N04\\\/albums\\\/\"]}]}<\/script>\n<!-- \/ Yoast SEO Premium plugin. -->","yoast_head_json":{"title":"\"Del Estallido social a la crisis sanitaria\" - Marta Soto, VOLPA en Chile - Entreculturas","robots":{"index":"index","follow":"follow","max-snippet":"max-snippet:-1","max-image-preview":"max-image-preview:large","max-video-preview":"max-video-preview:-1"},"canonical":"https:\/\/www.entreculturas.org\/gl\/noticia\/del-estallido-social-la-crisis-sanitaria-marta-soto\/","og_locale":"gl_ES","og_type":"article","og_title":"\"Del Estallido social a la crisis sanitaria\" - Marta Soto, VOLPA en Chile","og_description":"Llegu\u00e9 a Chile un 23 de octubre, cuatro d\u00edas despu\u00e9s del \u201cEstallido social\u201d, con toque de queda, un pa\u00eds paralizado y el pueblo en la calle. Hoy, seis meses despu\u00e9s de aquello y tras un mes y medio de cuarentena, con un toque de queda, un mundo paralizado y con la humanidad en sus casas, voy a intentar contar mi experiencia de voluntariado VOLPA. Perd\u00f3n, no me present\u00e9, la verdad que esta experiencia no ha sido muy lineal, por lo que supongo que el relato tampoco pod\u00eda serlo. Me llamo Marta Soto Hortet, me encuentro en Arica, norte de Chile, realizando un voluntariado en el SJM (Servicio Jesuita a Migrantes), trabajo como apoyo en el \u00e1rea social y en el \u00e1rea de educaci\u00f3n y sensibilizaci\u00f3n. Lo primero que podr\u00eda decir de estos meses es que no me imaginaba que mi a\u00f1o VOLPA empezar\u00eda con una crisis social y mucho menos [&hellip;]","og_url":"https:\/\/www.entreculturas.org\/gl\/noticia\/del-estallido-social-la-crisis-sanitaria-marta-soto\/","og_site_name":"Entreculturas","article_publisher":"https:\/\/www.facebook.com\/entreculturas","article_modified_time":"2024-09-17T11:48:38+00:00","og_image":[{"width":1000,"height":667,"url":"https:\/\/www.entreculturas.org\/wp-content\/uploads\/2023\/12\/marta_0.jpg","type":"image\/jpeg"}],"twitter_card":"summary_large_image","twitter_site":"@Entreculturas","schema":{"@context":"https:\/\/schema.org","@graph":[{"@type":"WebPage","@id":"https:\/\/www.entreculturas.org\/gl\/noticia\/del-estallido-social-la-crisis-sanitaria-marta-soto\/","url":"https:\/\/www.entreculturas.org\/gl\/noticia\/del-estallido-social-la-crisis-sanitaria-marta-soto\/","name":"\"Del Estallido social a la crisis sanitaria\" - Marta Soto, VOLPA en Chile - Entreculturas","isPartOf":{"@id":"https:\/\/www.entreculturas.org\/gl\/#website"},"primaryImageOfPage":{"@id":"https:\/\/www.entreculturas.org\/gl\/noticia\/del-estallido-social-la-crisis-sanitaria-marta-soto\/#primaryimage"},"image":{"@id":"https:\/\/www.entreculturas.org\/gl\/noticia\/del-estallido-social-la-crisis-sanitaria-marta-soto\/#primaryimage"},"thumbnailUrl":"https:\/\/www.entreculturas.org\/wp-content\/uploads\/2023\/12\/marta_0.jpg","datePublished":"2020-04-24T06:36:02+00:00","dateModified":"2024-09-17T11:48:38+00:00","breadcrumb":{"@id":"https:\/\/www.entreculturas.org\/gl\/noticia\/del-estallido-social-la-crisis-sanitaria-marta-soto\/#breadcrumb"},"inLanguage":"gl-ES","potentialAction":[{"@type":"ReadAction","target":["https:\/\/www.entreculturas.org\/gl\/noticia\/del-estallido-social-la-crisis-sanitaria-marta-soto\/"]}]},{"@type":"ImageObject","inLanguage":"gl-ES","@id":"https:\/\/www.entreculturas.org\/gl\/noticia\/del-estallido-social-la-crisis-sanitaria-marta-soto\/#primaryimage","url":"https:\/\/www.entreculturas.org\/wp-content\/uploads\/2023\/12\/marta_0.jpg","contentUrl":"https:\/\/www.entreculturas.org\/wp-content\/uploads\/2023\/12\/marta_0.jpg","width":1000,"height":667},{"@type":"BreadcrumbList","@id":"https:\/\/www.entreculturas.org\/gl\/noticia\/del-estallido-social-la-crisis-sanitaria-marta-soto\/#breadcrumb","itemListElement":[{"@type":"ListItem","position":1,"name":"Home","item":"https:\/\/www.entreculturas.org\/gl\/"},{"@type":"ListItem","position":2,"name":"Noticias","item":"https:\/\/www.entreculturas.org\/gl\/noticias\/"},{"@type":"ListItem","position":3,"name":"&#8220;Del Estallido social a la crisis sanitaria&#8221; &#8211; Marta Soto, VOLPA en Chile"}]},{"@type":"WebSite","@id":"https:\/\/www.entreculturas.org\/gl\/#website","url":"https:\/\/www.entreculturas.org\/gl\/","name":"Entreculturas","description":"","publisher":{"@id":"https:\/\/www.entreculturas.org\/gl\/#organization"},"alternateName":"Entreculturas","potentialAction":[{"@type":"SearchAction","target":{"@type":"EntryPoint","urlTemplate":"https:\/\/www.entreculturas.org\/gl\/?s={search_term_string}"},"query-input":{"@type":"PropertyValueSpecification","valueRequired":true,"valueName":"search_term_string"}}],"inLanguage":"gl-ES"},{"@type":"Organization","@id":"https:\/\/www.entreculturas.org\/gl\/#organization","name":"Entreculturas","url":"https:\/\/www.entreculturas.org\/gl\/","logo":{"@type":"ImageObject","inLanguage":"gl-ES","@id":"https:\/\/www.entreculturas.org\/gl\/#\/schema\/logo\/image\/","url":"https:\/\/www.entreculturas.org\/wp-content\/uploads\/2025\/10\/ESP.svg","contentUrl":"https:\/\/www.entreculturas.org\/wp-content\/uploads\/2025\/10\/ESP.svg","caption":"Entreculturas"},"image":{"@id":"https:\/\/www.entreculturas.org\/gl\/#\/schema\/logo\/image\/"},"sameAs":["https:\/\/www.facebook.com\/entreculturas","https:\/\/x.com\/Entreculturas","https:\/\/www.instagram.com\/entreculturas\/","https:\/\/www.youtube.com\/user\/entreculturasvideo","https:\/\/www.linkedin.com\/company\/fundacion-entreculturas-ngdo\/","https:\/\/www.flickr.com\/photos\/98455522@N04\/albums\/"]}]}},"_links":{"self":[{"href":"https:\/\/www.entreculturas.org\/gl\/wp-json\/wp\/v2\/noticia\/9595","targetHints":{"allow":["GET"]}}],"collection":[{"href":"https:\/\/www.entreculturas.org\/gl\/wp-json\/wp\/v2\/noticia"}],"about":[{"href":"https:\/\/www.entreculturas.org\/gl\/wp-json\/wp\/v2\/types\/noticia"}],"wp:featuredmedia":[{"embeddable":true,"href":"https:\/\/www.entreculturas.org\/gl\/wp-json\/wp\/v2\/media\/9596"}],"wp:attachment":[{"href":"https:\/\/www.entreculturas.org\/gl\/wp-json\/wp\/v2\/media?parent=9595"}],"wp:term":[{"taxonomy":"category","embeddable":true,"href":"https:\/\/www.entreculturas.org\/gl\/wp-json\/wp\/v2\/categories?post=9595"},{"taxonomy":"post_tag","embeddable":true,"href":"https:\/\/www.entreculturas.org\/gl\/wp-json\/wp\/v2\/tags?post=9595"},{"taxonomy":"country","embeddable":true,"href":"https:\/\/www.entreculturas.org\/gl\/wp-json\/wp\/v2\/country?post=9595"},{"taxonomy":"cause","embeddable":true,"href":"https:\/\/www.entreculturas.org\/gl\/wp-json\/wp\/v2\/cause?post=9595"}],"curies":[{"name":"wp","href":"https:\/\/api.w.org\/{rel}","templated":true}]}}