{"id":9571,"date":"2019-08-23T12:36:30","date_gmt":"2019-08-23T10:36:30","guid":{"rendered":"https:\/\/www.entreculturas.org\/publicacion\/arturo-pineda-volpa-en-chiquimula-guatemala\/"},"modified":"2024-09-17T14:02:12","modified_gmt":"2024-09-17T12:02:12","slug":"arturo-pineda-volpa-en-chiquimula-guatemala","status":"publish","type":"noticia","link":"https:\/\/www.entreculturas.org\/gl\/noticia\/arturo-pineda-volpa-en-chiquimula-guatemala\/","title":{"rendered":"Arturo Pineda, VOLPA en Chiquimula (Guatemala)"},"content":{"rendered":"<p>Soy fisioterapeuta, tengo 25 a\u00f1os y soy de Sevilla. Me encuentro en Santa Mar\u00eda de Chiquimula, una peque\u00f1a ciudad en el altiplano guatemalteco, participando en el programa de voluntariado de Entreculturas desde octubre de 2018.<br \/>&nbsp;<br \/>Las primeras semanas en Guatemala fueron duras, por el hecho de dejar a mi familia y amigos y la incertidumbre de no saber qu\u00e9 me iba a encontrar. Con el tiempo me fui adaptando, ve\u00eda todo diferente y nuevo: la gente, el paisaje, la forma de hablar, las costumbres, la comida.&nbsp;<br \/>&nbsp;<br \/>Me he encontrado con mucha pobreza y carencias de las que no era consciente al principio. La ciudad padece al no tener papeleras y contenedores de basura, lo que hace que las calles est\u00e9n sucias y los bosques contaminados; la falta de acceso a agua potable provoca enfermedades. Los espacios de esparcimientos para ni\u00f1os, ni\u00f1as y familias, como parques y plazas, son escasas; las personas dedican todo su tiempo a trabajar para salir adelante. Veo con dolor una desnutrici\u00f3n que alcanza al 70% de los ni\u00f1os y ni\u00f1as chiquimultecas, el machismo, el alcoholismo, el contexto de violencia y miedo que hay en el pa\u00eds.<\/p>\n<p>Mis tareas aqu\u00ed como voluntario empiezan visitando las aldeas que forman parte de Santa Mar\u00eda de lunes a mi\u00e9rcoles, para encontrarnos con las madres y sus hijos. Por otro lado, los lunes y los domingos prestamos atenci\u00f3n en la cl\u00ednica parroquial, que cuenta con farmacia, un laboratorio de an\u00e1lisis, consultas m\u00e9dicas y ahora fisioterapia. Mi labor, al principio, era complicada, porque la mayor\u00eda de las personas no sab\u00edan bien a qu\u00e9 se dedica un fisioterapeuta, y muchas veces es dif\u00edcil que la gente opte por perder tiempo de trabajo y, por tanto, perder dinero, para dedicar unos minutos al d\u00eda a realizar los ejercicios recetados para aliviar su dolor.&nbsp;<\/p>\n<p>Desde la primera formaci\u00f3n VOLPA, hasta el d\u00eda de hoy, siento que&nbsp;<strong>estoy donde tengo que estar&nbsp;<\/strong>y que todo est\u00e1 mereciendo la pena. Estoy creciendo y aprendiendo much\u00edsimo. A todo aquel que tenga inquietud por conocer en profundidad un contexto y una cultura totalmente diferentes, les digo que se atreva a<strong>&nbsp;abrir la mente y desmontar muchas ideas preconcebidas<\/strong>, para provocar un cambio, aunque sea peque\u00f1o.<\/p>\n","protected":false},"excerpt":{"rendered":"<p>Soy fisioterapeuta, tengo 25 a\u00f1os y soy de Sevilla. Me encuentro en Santa Mar\u00eda de Chiquimula, una peque\u00f1a ciudad en el altiplano guatemalteco, participando en el programa de voluntariado de Entreculturas desde octubre de 2018.&nbsp;Las primeras semanas en Guatemala fueron duras, por el hecho de dejar a mi familia y amigos y la incertidumbre de no saber qu\u00e9 me iba a encontrar. Con el tiempo me fui adaptando, ve\u00eda todo diferente y nuevo: la gente, el paisaje, la forma de hablar, las costumbres, la comida.&nbsp;&nbsp;Me he encontrado con mucha pobreza y carencias de las que no era consciente al principio. La ciudad padece al no tener papeleras y contenedores de basura, lo que hace que las calles est\u00e9n sucias y los bosques contaminados; la falta de acceso a agua potable provoca enfermedades. Los espacios de esparcimientos para ni\u00f1os, ni\u00f1as y familias, como parques y plazas, son escasas; las personas dedican [&hellip;]<\/p>\n","protected":false},"featured_media":9572,"template":"single-noticia","meta":{"_acf_changed":false},"categories":[7],"tags":[191],"country":[],"cause":[],"class_list":["post-9571","noticia","type-noticia","status-publish","has-post-thumbnail","hentry","category-noticia","tag-voluntariado"],"acf":[],"yoast_head":"<!-- This site is optimized with the Yoast SEO Premium plugin v21.6 (Yoast SEO v27.5) - https:\/\/yoast.com\/product\/yoast-seo-premium-wordpress\/ -->\n<title>Arturo Pineda, VOLPA en Chiquimula (Guatemala) - Entreculturas<\/title>\n<meta name=\"robots\" content=\"index, follow, max-snippet:-1, max-image-preview:large, max-video-preview:-1\" \/>\n<link rel=\"canonical\" href=\"https:\/\/www.entreculturas.org\/gl\/noticia\/arturo-pineda-volpa-en-chiquimula-guatemala\/\" \/>\n<meta property=\"og:locale\" content=\"gl_ES\" \/>\n<meta property=\"og:type\" content=\"article\" \/>\n<meta property=\"og:title\" content=\"Arturo Pineda, VOLPA en Chiquimula (Guatemala)\" \/>\n<meta property=\"og:description\" content=\"Soy fisioterapeuta, tengo 25 a\u00f1os y soy de Sevilla. Me encuentro en Santa Mar\u00eda de Chiquimula, una peque\u00f1a ciudad en el altiplano guatemalteco, participando en el programa de voluntariado de Entreculturas desde octubre de 2018.&nbsp;Las primeras semanas en Guatemala fueron duras, por el hecho de dejar a mi familia y amigos y la incertidumbre de no saber qu\u00e9 me iba a encontrar. Con el tiempo me fui adaptando, ve\u00eda todo diferente y nuevo: la gente, el paisaje, la forma de hablar, las costumbres, la comida.&nbsp;&nbsp;Me he encontrado con mucha pobreza y carencias de las que no era consciente al principio. La ciudad padece al no tener papeleras y contenedores de basura, lo que hace que las calles est\u00e9n sucias y los bosques contaminados; la falta de acceso a agua potable provoca enfermedades. Los espacios de esparcimientos para ni\u00f1os, ni\u00f1as y familias, como parques y plazas, son escasas; las personas dedican [&hellip;]\" \/>\n<meta property=\"og:url\" content=\"https:\/\/www.entreculturas.org\/gl\/noticia\/arturo-pineda-volpa-en-chiquimula-guatemala\/\" \/>\n<meta property=\"og:site_name\" content=\"Entreculturas\" \/>\n<meta property=\"article:publisher\" content=\"https:\/\/www.facebook.com\/entreculturas\" \/>\n<meta property=\"article:modified_time\" content=\"2024-09-17T12:02:12+00:00\" \/>\n<meta property=\"og:image\" content=\"https:\/\/www.entreculturas.org\/wp-content\/uploads\/2023\/12\/volpa-2.jpg\" \/>\n\t<meta property=\"og:image:width\" content=\"500\" \/>\n\t<meta property=\"og:image:height\" content=\"375\" \/>\n\t<meta property=\"og:image:type\" content=\"image\/jpeg\" \/>\n<meta name=\"twitter:card\" content=\"summary_large_image\" \/>\n<meta name=\"twitter:site\" content=\"@Entreculturas\" \/>\n<script type=\"application\/ld+json\" class=\"yoast-schema-graph\">{\"@context\":\"https:\\\/\\\/schema.org\",\"@graph\":[{\"@type\":\"WebPage\",\"@id\":\"https:\\\/\\\/www.entreculturas.org\\\/gl\\\/noticia\\\/arturo-pineda-volpa-en-chiquimula-guatemala\\\/\",\"url\":\"https:\\\/\\\/www.entreculturas.org\\\/gl\\\/noticia\\\/arturo-pineda-volpa-en-chiquimula-guatemala\\\/\",\"name\":\"Arturo Pineda, VOLPA en Chiquimula (Guatemala) - Entreculturas\",\"isPartOf\":{\"@id\":\"https:\\\/\\\/www.entreculturas.org\\\/gl\\\/#website\"},\"primaryImageOfPage\":{\"@id\":\"https:\\\/\\\/www.entreculturas.org\\\/gl\\\/noticia\\\/arturo-pineda-volpa-en-chiquimula-guatemala\\\/#primaryimage\"},\"image\":{\"@id\":\"https:\\\/\\\/www.entreculturas.org\\\/gl\\\/noticia\\\/arturo-pineda-volpa-en-chiquimula-guatemala\\\/#primaryimage\"},\"thumbnailUrl\":\"https:\\\/\\\/www.entreculturas.org\\\/wp-content\\\/uploads\\\/2023\\\/12\\\/volpa-2.jpg\",\"datePublished\":\"2019-08-23T10:36:30+00:00\",\"dateModified\":\"2024-09-17T12:02:12+00:00\",\"breadcrumb\":{\"@id\":\"https:\\\/\\\/www.entreculturas.org\\\/gl\\\/noticia\\\/arturo-pineda-volpa-en-chiquimula-guatemala\\\/#breadcrumb\"},\"inLanguage\":\"gl-ES\",\"potentialAction\":[{\"@type\":\"ReadAction\",\"target\":[\"https:\\\/\\\/www.entreculturas.org\\\/gl\\\/noticia\\\/arturo-pineda-volpa-en-chiquimula-guatemala\\\/\"]}]},{\"@type\":\"ImageObject\",\"inLanguage\":\"gl-ES\",\"@id\":\"https:\\\/\\\/www.entreculturas.org\\\/gl\\\/noticia\\\/arturo-pineda-volpa-en-chiquimula-guatemala\\\/#primaryimage\",\"url\":\"https:\\\/\\\/www.entreculturas.org\\\/wp-content\\\/uploads\\\/2023\\\/12\\\/volpa-2.jpg\",\"contentUrl\":\"https:\\\/\\\/www.entreculturas.org\\\/wp-content\\\/uploads\\\/2023\\\/12\\\/volpa-2.jpg\",\"width\":500,\"height\":375},{\"@type\":\"BreadcrumbList\",\"@id\":\"https:\\\/\\\/www.entreculturas.org\\\/gl\\\/noticia\\\/arturo-pineda-volpa-en-chiquimula-guatemala\\\/#breadcrumb\",\"itemListElement\":[{\"@type\":\"ListItem\",\"position\":1,\"name\":\"Home\",\"item\":\"https:\\\/\\\/www.entreculturas.org\\\/gl\\\/\"},{\"@type\":\"ListItem\",\"position\":2,\"name\":\"Noticias\",\"item\":\"https:\\\/\\\/www.entreculturas.org\\\/gl\\\/noticias\\\/\"},{\"@type\":\"ListItem\",\"position\":3,\"name\":\"Arturo Pineda, VOLPA en Chiquimula (Guatemala)\"}]},{\"@type\":\"WebSite\",\"@id\":\"https:\\\/\\\/www.entreculturas.org\\\/gl\\\/#website\",\"url\":\"https:\\\/\\\/www.entreculturas.org\\\/gl\\\/\",\"name\":\"Entreculturas\",\"description\":\"\",\"publisher\":{\"@id\":\"https:\\\/\\\/www.entreculturas.org\\\/gl\\\/#organization\"},\"alternateName\":\"Entreculturas\",\"potentialAction\":[{\"@type\":\"SearchAction\",\"target\":{\"@type\":\"EntryPoint\",\"urlTemplate\":\"https:\\\/\\\/www.entreculturas.org\\\/gl\\\/?s={search_term_string}\"},\"query-input\":{\"@type\":\"PropertyValueSpecification\",\"valueRequired\":true,\"valueName\":\"search_term_string\"}}],\"inLanguage\":\"gl-ES\"},{\"@type\":\"Organization\",\"@id\":\"https:\\\/\\\/www.entreculturas.org\\\/gl\\\/#organization\",\"name\":\"Entreculturas\",\"url\":\"https:\\\/\\\/www.entreculturas.org\\\/gl\\\/\",\"logo\":{\"@type\":\"ImageObject\",\"inLanguage\":\"gl-ES\",\"@id\":\"https:\\\/\\\/www.entreculturas.org\\\/gl\\\/#\\\/schema\\\/logo\\\/image\\\/\",\"url\":\"https:\\\/\\\/www.entreculturas.org\\\/wp-content\\\/uploads\\\/2025\\\/10\\\/ESP.svg\",\"contentUrl\":\"https:\\\/\\\/www.entreculturas.org\\\/wp-content\\\/uploads\\\/2025\\\/10\\\/ESP.svg\",\"caption\":\"Entreculturas\"},\"image\":{\"@id\":\"https:\\\/\\\/www.entreculturas.org\\\/gl\\\/#\\\/schema\\\/logo\\\/image\\\/\"},\"sameAs\":[\"https:\\\/\\\/www.facebook.com\\\/entreculturas\",\"https:\\\/\\\/x.com\\\/Entreculturas\",\"https:\\\/\\\/www.instagram.com\\\/entreculturas\\\/\",\"https:\\\/\\\/www.youtube.com\\\/user\\\/entreculturasvideo\",\"https:\\\/\\\/www.linkedin.com\\\/company\\\/fundacion-entreculturas-ngdo\\\/\",\"https:\\\/\\\/www.flickr.com\\\/photos\\\/98455522@N04\\\/albums\\\/\"]}]}<\/script>\n<!-- \/ Yoast SEO Premium plugin. -->","yoast_head_json":{"title":"Arturo Pineda, VOLPA en Chiquimula (Guatemala) - Entreculturas","robots":{"index":"index","follow":"follow","max-snippet":"max-snippet:-1","max-image-preview":"max-image-preview:large","max-video-preview":"max-video-preview:-1"},"canonical":"https:\/\/www.entreculturas.org\/gl\/noticia\/arturo-pineda-volpa-en-chiquimula-guatemala\/","og_locale":"gl_ES","og_type":"article","og_title":"Arturo Pineda, VOLPA en Chiquimula (Guatemala)","og_description":"Soy fisioterapeuta, tengo 25 a\u00f1os y soy de Sevilla. Me encuentro en Santa Mar\u00eda de Chiquimula, una peque\u00f1a ciudad en el altiplano guatemalteco, participando en el programa de voluntariado de Entreculturas desde octubre de 2018.&nbsp;Las primeras semanas en Guatemala fueron duras, por el hecho de dejar a mi familia y amigos y la incertidumbre de no saber qu\u00e9 me iba a encontrar. Con el tiempo me fui adaptando, ve\u00eda todo diferente y nuevo: la gente, el paisaje, la forma de hablar, las costumbres, la comida.&nbsp;&nbsp;Me he encontrado con mucha pobreza y carencias de las que no era consciente al principio. La ciudad padece al no tener papeleras y contenedores de basura, lo que hace que las calles est\u00e9n sucias y los bosques contaminados; la falta de acceso a agua potable provoca enfermedades. Los espacios de esparcimientos para ni\u00f1os, ni\u00f1as y familias, como parques y plazas, son escasas; las personas dedican [&hellip;]","og_url":"https:\/\/www.entreculturas.org\/gl\/noticia\/arturo-pineda-volpa-en-chiquimula-guatemala\/","og_site_name":"Entreculturas","article_publisher":"https:\/\/www.facebook.com\/entreculturas","article_modified_time":"2024-09-17T12:02:12+00:00","og_image":[{"width":500,"height":375,"url":"https:\/\/www.entreculturas.org\/wp-content\/uploads\/2023\/12\/volpa-2.jpg","type":"image\/jpeg"}],"twitter_card":"summary_large_image","twitter_site":"@Entreculturas","schema":{"@context":"https:\/\/schema.org","@graph":[{"@type":"WebPage","@id":"https:\/\/www.entreculturas.org\/gl\/noticia\/arturo-pineda-volpa-en-chiquimula-guatemala\/","url":"https:\/\/www.entreculturas.org\/gl\/noticia\/arturo-pineda-volpa-en-chiquimula-guatemala\/","name":"Arturo Pineda, VOLPA en Chiquimula (Guatemala) - Entreculturas","isPartOf":{"@id":"https:\/\/www.entreculturas.org\/gl\/#website"},"primaryImageOfPage":{"@id":"https:\/\/www.entreculturas.org\/gl\/noticia\/arturo-pineda-volpa-en-chiquimula-guatemala\/#primaryimage"},"image":{"@id":"https:\/\/www.entreculturas.org\/gl\/noticia\/arturo-pineda-volpa-en-chiquimula-guatemala\/#primaryimage"},"thumbnailUrl":"https:\/\/www.entreculturas.org\/wp-content\/uploads\/2023\/12\/volpa-2.jpg","datePublished":"2019-08-23T10:36:30+00:00","dateModified":"2024-09-17T12:02:12+00:00","breadcrumb":{"@id":"https:\/\/www.entreculturas.org\/gl\/noticia\/arturo-pineda-volpa-en-chiquimula-guatemala\/#breadcrumb"},"inLanguage":"gl-ES","potentialAction":[{"@type":"ReadAction","target":["https:\/\/www.entreculturas.org\/gl\/noticia\/arturo-pineda-volpa-en-chiquimula-guatemala\/"]}]},{"@type":"ImageObject","inLanguage":"gl-ES","@id":"https:\/\/www.entreculturas.org\/gl\/noticia\/arturo-pineda-volpa-en-chiquimula-guatemala\/#primaryimage","url":"https:\/\/www.entreculturas.org\/wp-content\/uploads\/2023\/12\/volpa-2.jpg","contentUrl":"https:\/\/www.entreculturas.org\/wp-content\/uploads\/2023\/12\/volpa-2.jpg","width":500,"height":375},{"@type":"BreadcrumbList","@id":"https:\/\/www.entreculturas.org\/gl\/noticia\/arturo-pineda-volpa-en-chiquimula-guatemala\/#breadcrumb","itemListElement":[{"@type":"ListItem","position":1,"name":"Home","item":"https:\/\/www.entreculturas.org\/gl\/"},{"@type":"ListItem","position":2,"name":"Noticias","item":"https:\/\/www.entreculturas.org\/gl\/noticias\/"},{"@type":"ListItem","position":3,"name":"Arturo Pineda, VOLPA en Chiquimula (Guatemala)"}]},{"@type":"WebSite","@id":"https:\/\/www.entreculturas.org\/gl\/#website","url":"https:\/\/www.entreculturas.org\/gl\/","name":"Entreculturas","description":"","publisher":{"@id":"https:\/\/www.entreculturas.org\/gl\/#organization"},"alternateName":"Entreculturas","potentialAction":[{"@type":"SearchAction","target":{"@type":"EntryPoint","urlTemplate":"https:\/\/www.entreculturas.org\/gl\/?s={search_term_string}"},"query-input":{"@type":"PropertyValueSpecification","valueRequired":true,"valueName":"search_term_string"}}],"inLanguage":"gl-ES"},{"@type":"Organization","@id":"https:\/\/www.entreculturas.org\/gl\/#organization","name":"Entreculturas","url":"https:\/\/www.entreculturas.org\/gl\/","logo":{"@type":"ImageObject","inLanguage":"gl-ES","@id":"https:\/\/www.entreculturas.org\/gl\/#\/schema\/logo\/image\/","url":"https:\/\/www.entreculturas.org\/wp-content\/uploads\/2025\/10\/ESP.svg","contentUrl":"https:\/\/www.entreculturas.org\/wp-content\/uploads\/2025\/10\/ESP.svg","caption":"Entreculturas"},"image":{"@id":"https:\/\/www.entreculturas.org\/gl\/#\/schema\/logo\/image\/"},"sameAs":["https:\/\/www.facebook.com\/entreculturas","https:\/\/x.com\/Entreculturas","https:\/\/www.instagram.com\/entreculturas\/","https:\/\/www.youtube.com\/user\/entreculturasvideo","https:\/\/www.linkedin.com\/company\/fundacion-entreculturas-ngdo\/","https:\/\/www.flickr.com\/photos\/98455522@N04\/albums\/"]}]}},"_links":{"self":[{"href":"https:\/\/www.entreculturas.org\/gl\/wp-json\/wp\/v2\/noticia\/9571","targetHints":{"allow":["GET"]}}],"collection":[{"href":"https:\/\/www.entreculturas.org\/gl\/wp-json\/wp\/v2\/noticia"}],"about":[{"href":"https:\/\/www.entreculturas.org\/gl\/wp-json\/wp\/v2\/types\/noticia"}],"wp:featuredmedia":[{"embeddable":true,"href":"https:\/\/www.entreculturas.org\/gl\/wp-json\/wp\/v2\/media\/9572"}],"wp:attachment":[{"href":"https:\/\/www.entreculturas.org\/gl\/wp-json\/wp\/v2\/media?parent=9571"}],"wp:term":[{"taxonomy":"category","embeddable":true,"href":"https:\/\/www.entreculturas.org\/gl\/wp-json\/wp\/v2\/categories?post=9571"},{"taxonomy":"post_tag","embeddable":true,"href":"https:\/\/www.entreculturas.org\/gl\/wp-json\/wp\/v2\/tags?post=9571"},{"taxonomy":"country","embeddable":true,"href":"https:\/\/www.entreculturas.org\/gl\/wp-json\/wp\/v2\/country?post=9571"},{"taxonomy":"cause","embeddable":true,"href":"https:\/\/www.entreculturas.org\/gl\/wp-json\/wp\/v2\/cause?post=9571"}],"curies":[{"name":"wp","href":"https:\/\/api.w.org\/{rel}","templated":true}]}}