{"id":9562,"date":"2019-01-02T12:51:00","date_gmt":"2019-01-02T11:51:00","guid":{"rendered":"https:\/\/www.entreculturas.org\/publicacion\/jose-angel-y-ester-volpas-en-guatemala\/"},"modified":"2024-09-17T13:59:31","modified_gmt":"2024-09-17T11:59:31","slug":"jose-angel-y-ester-volpas-en-guatemala","status":"publish","type":"noticia","link":"https:\/\/www.entreculturas.org\/gl\/noticia\/jose-angel-y-ester-volpas-en-guatemala\/","title":{"rendered":"Jos\u00e9 \u00c1ngel y Ester, VOLPAS en Guatemala"},"content":{"rendered":"<p>Me llamo Jos\u00e9 \u00c1ngel Espinar, tengo 40 a\u00f1os y soy maestro. Mi pareja se llama Ester Lapuerta, tiene 36 a\u00f1os y es m\u00e9dico de familia. En numerosas ocasiones a lo largo de nuestra relaci\u00f3n hemos hablado de realizar un proyecto de vida com\u00fan con un enfoque solidario, aunando Sanidad y Educaci\u00f3n. A los dos nos llena de ilusi\u00f3n y felicidad poder cumplir una acci\u00f3n voluntaria de entrega y ayuda a los dem\u00e1s, por eso decidimos embarcarnos en el Programa VOLPA de Entreculturas.<br \/>&nbsp;<br \/>Tras la formaci\u00f3n, que nos pareci\u00f3 muy adecuada y muy bien estructurada, lleg\u00f3 nuestro destino: Guatemala. Los primeros d\u00edas fueron de muchos cambios (distinto huso horario, comidas, costumbres) pero, desde el primer momento,<strong> nos hemos sentido uno m\u00e1s de la familia de Fe y Alegr\u00eda.<br \/>&nbsp;<\/strong><br \/>En mi caso, al llegar, reci\u00e9n hab\u00eda terminado el curso en el Colegio Fe y Alegr\u00eda n\u00ba 49, por lo que estuve ayudando en la celebraci\u00f3n de las graduaciones del alumnado y tuve la suerte de participar en unas formaciones sobre \u201cbuenas pr\u00e1cticas docentes\u201d que se celebraban en esa fecha. Tambi\u00e9n ahora voy a recibir una formaci\u00f3n espec\u00edfica sobre \u201cResponsabilidad Social a trav\u00e9s del Deporte\u201d para actuar como observador en la aplicaci\u00f3n de dicho programa en 10 escuelas multigrado de Fe y Alegr\u00eda en las comunidades de Santa Luc\u00eda La Reforma.<br \/>&nbsp;<br \/>Ester, por su parte, est\u00e1 colaborando en el Programa de Salud de la Parroquia de Santa Mar\u00eda de Chiquimula. Tres d\u00edas en semana visitan las comunidades de la regi\u00f3n en el marco de un programa de salud materno-infantil, controlan el desarrollo nutricional de los ni\u00f1os y ofrecen talleres de formaci\u00f3n a las mam\u00e1s. Otros dos d\u00edas en semana pasa consulta de medicina general en la cl\u00ednica parroquial.<br \/>&nbsp;<br \/>El ritmo de vida \u201cac\u00e1\u201d es m\u00e1s tranquilo y todo va m\u00e1s despacio. Una de las cosas que m\u00e1s nos ha sorprendido es la forma de vivir, nos vamos dando cuenta de que no hacen falta tantas cosas materiales para disfrutar de un buen nivel de vida, ni para ser felices. Aqu\u00ed estamos teniendo la oportunidad de dedicarnos tiempo a nosotros mismos y a las personas que comparten nuestro d\u00eda a d\u00eda, sin carreras y sin prisas\u2026 Esto ya da valor a la experiencia. <strong>Una experiencia que no ha hecho m\u00e1s que empezar y que ya sentimos que nos est\u00e1 enriqueciendo<\/strong>. Estoy convencido de que a lo largo de este a\u00f1o en Guatemala voy a recopilar un mont\u00f3n de herramientas con las que luego poder transmitir a mis alumnos reflexiones y valores que se est\u00e1n perdiendo. Me gustar\u00eda poder ser un agente transformador a mi regreso. <strong>Al final, uno viene deseando ayudar y mejorar las cosas pero, como dice Ester, sospecho que los que m\u00e1s aprenderemos somos nosotros&#8230;<\/strong><\/p>\n<p>&nbsp;<\/p>\n<p>&nbsp;<\/p>\n","protected":false},"excerpt":{"rendered":"<p>Me llamo Jos\u00e9 \u00c1ngel Espinar, tengo 40 a\u00f1os y soy maestro. Mi pareja se llama Ester Lapuerta, tiene 36 a\u00f1os y es m\u00e9dico de familia. En numerosas ocasiones a lo largo de nuestra relaci\u00f3n hemos hablado de realizar un proyecto de vida com\u00fan con un enfoque solidario, aunando Sanidad y Educaci\u00f3n. A los dos nos llena de ilusi\u00f3n y felicidad poder cumplir una acci\u00f3n voluntaria de entrega y ayuda a los dem\u00e1s, por eso decidimos embarcarnos en el Programa VOLPA de Entreculturas.&nbsp;Tras la formaci\u00f3n, que nos pareci\u00f3 muy adecuada y muy bien estructurada, lleg\u00f3 nuestro destino: Guatemala. Los primeros d\u00edas fueron de muchos cambios (distinto huso horario, comidas, costumbres) pero, desde el primer momento, nos hemos sentido uno m\u00e1s de la familia de Fe y Alegr\u00eda.&nbsp;En mi caso, al llegar, reci\u00e9n hab\u00eda terminado el curso en el Colegio Fe y Alegr\u00eda n\u00ba 49, por lo que estuve ayudando en la [&hellip;]<\/p>\n","protected":false},"featured_media":9563,"template":"single-noticia","meta":{"_acf_changed":false},"categories":[7],"tags":[191],"country":[],"cause":[],"class_list":["post-9562","noticia","type-noticia","status-publish","has-post-thumbnail","hentry","category-noticia","tag-voluntariado"],"acf":[],"yoast_head":"<!-- This site is optimized with the Yoast SEO Premium plugin v21.6 (Yoast SEO v27.5) - https:\/\/yoast.com\/product\/yoast-seo-premium-wordpress\/ -->\n<title>Jos\u00e9 \u00c1ngel y Ester, VOLPAS en Guatemala - Entreculturas<\/title>\n<meta name=\"robots\" content=\"index, follow, max-snippet:-1, max-image-preview:large, max-video-preview:-1\" \/>\n<link rel=\"canonical\" href=\"https:\/\/www.entreculturas.org\/gl\/noticia\/jose-angel-y-ester-volpas-en-guatemala\/\" \/>\n<meta property=\"og:locale\" content=\"gl_ES\" \/>\n<meta property=\"og:type\" content=\"article\" \/>\n<meta property=\"og:title\" content=\"Jos\u00e9 \u00c1ngel y Ester, VOLPAS en Guatemala\" \/>\n<meta property=\"og:description\" content=\"Me llamo Jos\u00e9 \u00c1ngel Espinar, tengo 40 a\u00f1os y soy maestro. Mi pareja se llama Ester Lapuerta, tiene 36 a\u00f1os y es m\u00e9dico de familia. En numerosas ocasiones a lo largo de nuestra relaci\u00f3n hemos hablado de realizar un proyecto de vida com\u00fan con un enfoque solidario, aunando Sanidad y Educaci\u00f3n. A los dos nos llena de ilusi\u00f3n y felicidad poder cumplir una acci\u00f3n voluntaria de entrega y ayuda a los dem\u00e1s, por eso decidimos embarcarnos en el Programa VOLPA de Entreculturas.&nbsp;Tras la formaci\u00f3n, que nos pareci\u00f3 muy adecuada y muy bien estructurada, lleg\u00f3 nuestro destino: Guatemala. Los primeros d\u00edas fueron de muchos cambios (distinto huso horario, comidas, costumbres) pero, desde el primer momento, nos hemos sentido uno m\u00e1s de la familia de Fe y Alegr\u00eda.&nbsp;En mi caso, al llegar, reci\u00e9n hab\u00eda terminado el curso en el Colegio Fe y Alegr\u00eda n\u00ba 49, por lo que estuve ayudando en la [&hellip;]\" \/>\n<meta property=\"og:url\" content=\"https:\/\/www.entreculturas.org\/gl\/noticia\/jose-angel-y-ester-volpas-en-guatemala\/\" \/>\n<meta property=\"og:site_name\" content=\"Entreculturas\" \/>\n<meta property=\"article:publisher\" content=\"https:\/\/www.facebook.com\/entreculturas\" \/>\n<meta property=\"article:modified_time\" content=\"2024-09-17T11:59:31+00:00\" \/>\n<meta property=\"og:image\" content=\"https:\/\/www.entreculturas.org\/wp-content\/uploads\/2023\/12\/foto_joseangel_ester2.jpg\" \/>\n\t<meta property=\"og:image:width\" content=\"600\" \/>\n\t<meta property=\"og:image:height\" content=\"500\" \/>\n\t<meta property=\"og:image:type\" content=\"image\/jpeg\" \/>\n<meta name=\"twitter:card\" content=\"summary_large_image\" \/>\n<meta name=\"twitter:site\" content=\"@Entreculturas\" \/>\n<script type=\"application\/ld+json\" class=\"yoast-schema-graph\">{\"@context\":\"https:\\\/\\\/schema.org\",\"@graph\":[{\"@type\":\"WebPage\",\"@id\":\"https:\\\/\\\/www.entreculturas.org\\\/gl\\\/noticia\\\/jose-angel-y-ester-volpas-en-guatemala\\\/\",\"url\":\"https:\\\/\\\/www.entreculturas.org\\\/gl\\\/noticia\\\/jose-angel-y-ester-volpas-en-guatemala\\\/\",\"name\":\"Jos\u00e9 \u00c1ngel y Ester, VOLPAS en Guatemala - Entreculturas\",\"isPartOf\":{\"@id\":\"https:\\\/\\\/www.entreculturas.org\\\/gl\\\/#website\"},\"primaryImageOfPage\":{\"@id\":\"https:\\\/\\\/www.entreculturas.org\\\/gl\\\/noticia\\\/jose-angel-y-ester-volpas-en-guatemala\\\/#primaryimage\"},\"image\":{\"@id\":\"https:\\\/\\\/www.entreculturas.org\\\/gl\\\/noticia\\\/jose-angel-y-ester-volpas-en-guatemala\\\/#primaryimage\"},\"thumbnailUrl\":\"https:\\\/\\\/www.entreculturas.org\\\/wp-content\\\/uploads\\\/2023\\\/12\\\/foto_joseangel_ester2.jpg\",\"datePublished\":\"2019-01-02T11:51:00+00:00\",\"dateModified\":\"2024-09-17T11:59:31+00:00\",\"breadcrumb\":{\"@id\":\"https:\\\/\\\/www.entreculturas.org\\\/gl\\\/noticia\\\/jose-angel-y-ester-volpas-en-guatemala\\\/#breadcrumb\"},\"inLanguage\":\"gl-ES\",\"potentialAction\":[{\"@type\":\"ReadAction\",\"target\":[\"https:\\\/\\\/www.entreculturas.org\\\/gl\\\/noticia\\\/jose-angel-y-ester-volpas-en-guatemala\\\/\"]}]},{\"@type\":\"ImageObject\",\"inLanguage\":\"gl-ES\",\"@id\":\"https:\\\/\\\/www.entreculturas.org\\\/gl\\\/noticia\\\/jose-angel-y-ester-volpas-en-guatemala\\\/#primaryimage\",\"url\":\"https:\\\/\\\/www.entreculturas.org\\\/wp-content\\\/uploads\\\/2023\\\/12\\\/foto_joseangel_ester2.jpg\",\"contentUrl\":\"https:\\\/\\\/www.entreculturas.org\\\/wp-content\\\/uploads\\\/2023\\\/12\\\/foto_joseangel_ester2.jpg\",\"width\":600,\"height\":500},{\"@type\":\"BreadcrumbList\",\"@id\":\"https:\\\/\\\/www.entreculturas.org\\\/gl\\\/noticia\\\/jose-angel-y-ester-volpas-en-guatemala\\\/#breadcrumb\",\"itemListElement\":[{\"@type\":\"ListItem\",\"position\":1,\"name\":\"Home\",\"item\":\"https:\\\/\\\/www.entreculturas.org\\\/gl\\\/\"},{\"@type\":\"ListItem\",\"position\":2,\"name\":\"Noticias\",\"item\":\"https:\\\/\\\/www.entreculturas.org\\\/gl\\\/noticias\\\/\"},{\"@type\":\"ListItem\",\"position\":3,\"name\":\"Jos\u00e9 \u00c1ngel y Ester, VOLPAS en Guatemala\"}]},{\"@type\":\"WebSite\",\"@id\":\"https:\\\/\\\/www.entreculturas.org\\\/gl\\\/#website\",\"url\":\"https:\\\/\\\/www.entreculturas.org\\\/gl\\\/\",\"name\":\"Entreculturas\",\"description\":\"\",\"publisher\":{\"@id\":\"https:\\\/\\\/www.entreculturas.org\\\/gl\\\/#organization\"},\"alternateName\":\"Entreculturas\",\"potentialAction\":[{\"@type\":\"SearchAction\",\"target\":{\"@type\":\"EntryPoint\",\"urlTemplate\":\"https:\\\/\\\/www.entreculturas.org\\\/gl\\\/?s={search_term_string}\"},\"query-input\":{\"@type\":\"PropertyValueSpecification\",\"valueRequired\":true,\"valueName\":\"search_term_string\"}}],\"inLanguage\":\"gl-ES\"},{\"@type\":\"Organization\",\"@id\":\"https:\\\/\\\/www.entreculturas.org\\\/gl\\\/#organization\",\"name\":\"Entreculturas\",\"url\":\"https:\\\/\\\/www.entreculturas.org\\\/gl\\\/\",\"logo\":{\"@type\":\"ImageObject\",\"inLanguage\":\"gl-ES\",\"@id\":\"https:\\\/\\\/www.entreculturas.org\\\/gl\\\/#\\\/schema\\\/logo\\\/image\\\/\",\"url\":\"https:\\\/\\\/www.entreculturas.org\\\/wp-content\\\/uploads\\\/2025\\\/10\\\/ESP.svg\",\"contentUrl\":\"https:\\\/\\\/www.entreculturas.org\\\/wp-content\\\/uploads\\\/2025\\\/10\\\/ESP.svg\",\"caption\":\"Entreculturas\"},\"image\":{\"@id\":\"https:\\\/\\\/www.entreculturas.org\\\/gl\\\/#\\\/schema\\\/logo\\\/image\\\/\"},\"sameAs\":[\"https:\\\/\\\/www.facebook.com\\\/entreculturas\",\"https:\\\/\\\/x.com\\\/Entreculturas\",\"https:\\\/\\\/www.instagram.com\\\/entreculturas\\\/\",\"https:\\\/\\\/www.youtube.com\\\/user\\\/entreculturasvideo\",\"https:\\\/\\\/www.linkedin.com\\\/company\\\/fundacion-entreculturas-ngdo\\\/\",\"https:\\\/\\\/www.flickr.com\\\/photos\\\/98455522@N04\\\/albums\\\/\"]}]}<\/script>\n<!-- \/ Yoast SEO Premium plugin. -->","yoast_head_json":{"title":"Jos\u00e9 \u00c1ngel y Ester, VOLPAS en Guatemala - Entreculturas","robots":{"index":"index","follow":"follow","max-snippet":"max-snippet:-1","max-image-preview":"max-image-preview:large","max-video-preview":"max-video-preview:-1"},"canonical":"https:\/\/www.entreculturas.org\/gl\/noticia\/jose-angel-y-ester-volpas-en-guatemala\/","og_locale":"gl_ES","og_type":"article","og_title":"Jos\u00e9 \u00c1ngel y Ester, VOLPAS en Guatemala","og_description":"Me llamo Jos\u00e9 \u00c1ngel Espinar, tengo 40 a\u00f1os y soy maestro. Mi pareja se llama Ester Lapuerta, tiene 36 a\u00f1os y es m\u00e9dico de familia. En numerosas ocasiones a lo largo de nuestra relaci\u00f3n hemos hablado de realizar un proyecto de vida com\u00fan con un enfoque solidario, aunando Sanidad y Educaci\u00f3n. A los dos nos llena de ilusi\u00f3n y felicidad poder cumplir una acci\u00f3n voluntaria de entrega y ayuda a los dem\u00e1s, por eso decidimos embarcarnos en el Programa VOLPA de Entreculturas.&nbsp;Tras la formaci\u00f3n, que nos pareci\u00f3 muy adecuada y muy bien estructurada, lleg\u00f3 nuestro destino: Guatemala. Los primeros d\u00edas fueron de muchos cambios (distinto huso horario, comidas, costumbres) pero, desde el primer momento, nos hemos sentido uno m\u00e1s de la familia de Fe y Alegr\u00eda.&nbsp;En mi caso, al llegar, reci\u00e9n hab\u00eda terminado el curso en el Colegio Fe y Alegr\u00eda n\u00ba 49, por lo que estuve ayudando en la [&hellip;]","og_url":"https:\/\/www.entreculturas.org\/gl\/noticia\/jose-angel-y-ester-volpas-en-guatemala\/","og_site_name":"Entreculturas","article_publisher":"https:\/\/www.facebook.com\/entreculturas","article_modified_time":"2024-09-17T11:59:31+00:00","og_image":[{"width":600,"height":500,"url":"https:\/\/www.entreculturas.org\/wp-content\/uploads\/2023\/12\/foto_joseangel_ester2.jpg","type":"image\/jpeg"}],"twitter_card":"summary_large_image","twitter_site":"@Entreculturas","schema":{"@context":"https:\/\/schema.org","@graph":[{"@type":"WebPage","@id":"https:\/\/www.entreculturas.org\/gl\/noticia\/jose-angel-y-ester-volpas-en-guatemala\/","url":"https:\/\/www.entreculturas.org\/gl\/noticia\/jose-angel-y-ester-volpas-en-guatemala\/","name":"Jos\u00e9 \u00c1ngel y Ester, VOLPAS en Guatemala - Entreculturas","isPartOf":{"@id":"https:\/\/www.entreculturas.org\/gl\/#website"},"primaryImageOfPage":{"@id":"https:\/\/www.entreculturas.org\/gl\/noticia\/jose-angel-y-ester-volpas-en-guatemala\/#primaryimage"},"image":{"@id":"https:\/\/www.entreculturas.org\/gl\/noticia\/jose-angel-y-ester-volpas-en-guatemala\/#primaryimage"},"thumbnailUrl":"https:\/\/www.entreculturas.org\/wp-content\/uploads\/2023\/12\/foto_joseangel_ester2.jpg","datePublished":"2019-01-02T11:51:00+00:00","dateModified":"2024-09-17T11:59:31+00:00","breadcrumb":{"@id":"https:\/\/www.entreculturas.org\/gl\/noticia\/jose-angel-y-ester-volpas-en-guatemala\/#breadcrumb"},"inLanguage":"gl-ES","potentialAction":[{"@type":"ReadAction","target":["https:\/\/www.entreculturas.org\/gl\/noticia\/jose-angel-y-ester-volpas-en-guatemala\/"]}]},{"@type":"ImageObject","inLanguage":"gl-ES","@id":"https:\/\/www.entreculturas.org\/gl\/noticia\/jose-angel-y-ester-volpas-en-guatemala\/#primaryimage","url":"https:\/\/www.entreculturas.org\/wp-content\/uploads\/2023\/12\/foto_joseangel_ester2.jpg","contentUrl":"https:\/\/www.entreculturas.org\/wp-content\/uploads\/2023\/12\/foto_joseangel_ester2.jpg","width":600,"height":500},{"@type":"BreadcrumbList","@id":"https:\/\/www.entreculturas.org\/gl\/noticia\/jose-angel-y-ester-volpas-en-guatemala\/#breadcrumb","itemListElement":[{"@type":"ListItem","position":1,"name":"Home","item":"https:\/\/www.entreculturas.org\/gl\/"},{"@type":"ListItem","position":2,"name":"Noticias","item":"https:\/\/www.entreculturas.org\/gl\/noticias\/"},{"@type":"ListItem","position":3,"name":"Jos\u00e9 \u00c1ngel y Ester, VOLPAS en Guatemala"}]},{"@type":"WebSite","@id":"https:\/\/www.entreculturas.org\/gl\/#website","url":"https:\/\/www.entreculturas.org\/gl\/","name":"Entreculturas","description":"","publisher":{"@id":"https:\/\/www.entreculturas.org\/gl\/#organization"},"alternateName":"Entreculturas","potentialAction":[{"@type":"SearchAction","target":{"@type":"EntryPoint","urlTemplate":"https:\/\/www.entreculturas.org\/gl\/?s={search_term_string}"},"query-input":{"@type":"PropertyValueSpecification","valueRequired":true,"valueName":"search_term_string"}}],"inLanguage":"gl-ES"},{"@type":"Organization","@id":"https:\/\/www.entreculturas.org\/gl\/#organization","name":"Entreculturas","url":"https:\/\/www.entreculturas.org\/gl\/","logo":{"@type":"ImageObject","inLanguage":"gl-ES","@id":"https:\/\/www.entreculturas.org\/gl\/#\/schema\/logo\/image\/","url":"https:\/\/www.entreculturas.org\/wp-content\/uploads\/2025\/10\/ESP.svg","contentUrl":"https:\/\/www.entreculturas.org\/wp-content\/uploads\/2025\/10\/ESP.svg","caption":"Entreculturas"},"image":{"@id":"https:\/\/www.entreculturas.org\/gl\/#\/schema\/logo\/image\/"},"sameAs":["https:\/\/www.facebook.com\/entreculturas","https:\/\/x.com\/Entreculturas","https:\/\/www.instagram.com\/entreculturas\/","https:\/\/www.youtube.com\/user\/entreculturasvideo","https:\/\/www.linkedin.com\/company\/fundacion-entreculturas-ngdo\/","https:\/\/www.flickr.com\/photos\/98455522@N04\/albums\/"]}]}},"_links":{"self":[{"href":"https:\/\/www.entreculturas.org\/gl\/wp-json\/wp\/v2\/noticia\/9562","targetHints":{"allow":["GET"]}}],"collection":[{"href":"https:\/\/www.entreculturas.org\/gl\/wp-json\/wp\/v2\/noticia"}],"about":[{"href":"https:\/\/www.entreculturas.org\/gl\/wp-json\/wp\/v2\/types\/noticia"}],"wp:featuredmedia":[{"embeddable":true,"href":"https:\/\/www.entreculturas.org\/gl\/wp-json\/wp\/v2\/media\/9563"}],"wp:attachment":[{"href":"https:\/\/www.entreculturas.org\/gl\/wp-json\/wp\/v2\/media?parent=9562"}],"wp:term":[{"taxonomy":"category","embeddable":true,"href":"https:\/\/www.entreculturas.org\/gl\/wp-json\/wp\/v2\/categories?post=9562"},{"taxonomy":"post_tag","embeddable":true,"href":"https:\/\/www.entreculturas.org\/gl\/wp-json\/wp\/v2\/tags?post=9562"},{"taxonomy":"country","embeddable":true,"href":"https:\/\/www.entreculturas.org\/gl\/wp-json\/wp\/v2\/country?post=9562"},{"taxonomy":"cause","embeddable":true,"href":"https:\/\/www.entreculturas.org\/gl\/wp-json\/wp\/v2\/cause?post=9562"}],"curies":[{"name":"wp","href":"https:\/\/api.w.org\/{rel}","templated":true}]}}