{"id":9552,"date":"2018-10-26T09:26:54","date_gmt":"2018-10-26T07:26:54","guid":{"rendered":"https:\/\/www.entreculturas.org\/publicacion\/jose-luis-barreiro-areses\/"},"modified":"2024-09-17T13:55:25","modified_gmt":"2024-09-17T11:55:25","slug":"jose-luis-barreiro-areses","status":"publish","type":"noticia","link":"https:\/\/www.entreculturas.org\/gl\/noticia\/jose-luis-barreiro-areses\/","title":{"rendered":"Jos\u00e9 Luis Barreiro Areses"},"content":{"rendered":"<p>Soy Jos\u00e9 Luis Barreiro, vigu\u00e9s, de 51 a\u00f1os y periodista de formaci\u00f3n. Este verano decid\u00ed vivir mi primera experiencia en el Sur, un viaje personal e interior que ten\u00eda pendiente desde mi juventud. Estar en Entreculturas y tener una situaci\u00f3n familiar m\u00e1s liberada, fueron dos factores que confluyeron para tomar la decisi\u00f3n de que el momento hab\u00eda llegado. Una decisi\u00f3n reflexionada y compartida con mi familia, donde sent\u00ed el apoyo y la complicidad que necesitaba.<\/p>\n<p>Mi destino fue Honduras, un pa\u00eds totalmente desconocido para m\u00ed. Rico en recursos, bello, lleno de vida y con personas valientes y comprometidas en su d\u00eda a d\u00eda. Pero tambi\u00e9n un pa\u00eds muy pobre (70% de la poblaci\u00f3n), con una desigualdad casi obscena y con un Estado autoritario que lo controla desde el miedo y desde la violaci\u00f3n constante de los derechos humanos. La violencia y la inseguridad tienen a la poblaci\u00f3n, y a los periodistas de Radio Progreso, contra las cuerdas pero, como dicen por all\u00ed, \u201cnos han robado tanto que hasta nos han robado el miedo\u201d.<\/p>\n<p>Mi vivienda era la del Padre Melo, jesuita hondure\u00f1o y director del ERIC-Radio Progreso. Con \u00e9l compart\u00eda charlas, viajes, programas de radio&#8230; y as\u00ed conoc\u00ed a un hombre totalmente comprometido con la causa de los pobres, de la justicia y de la defensa de los derechos humanos en este pa\u00eds, lo que le ha valido reconocimientos, pero tambi\u00e9n vivir bajo protecci\u00f3n debido a las amenazas de muerte que sufre y que lleva con una dignidad envidiable.<\/p>\n<p>Tambi\u00e9n tuve la oportunidad de conocer a la gente de Fe y Alegr\u00eda y del Instituto T\u00e9cnico Loyola, ubicados en la misma zona que Radio Progreso. Honduras ya forma parte de mi vida, de mi compromiso personal y profesional. Esta experiencia ha sido un punto de inflexi\u00f3n como persona, como periodista y como creyente. He tendido un puente con los hermanos hondure\u00f1os que espero volver a cruzar.<\/p>\n","protected":false},"excerpt":{"rendered":"<p>Soy Jos\u00e9 Luis Barreiro, vigu\u00e9s, de 51 a\u00f1os y periodista de formaci\u00f3n. Este verano decid\u00ed vivir mi primera experiencia en el Sur, un viaje personal e interior que ten\u00eda pendiente desde mi juventud. Estar en Entreculturas y tener una situaci\u00f3n familiar m\u00e1s liberada, fueron dos factores que confluyeron para tomar la decisi\u00f3n de que el momento hab\u00eda llegado. Una decisi\u00f3n reflexionada y compartida con mi familia, donde sent\u00ed el apoyo y la complicidad que necesitaba. Mi destino fue Honduras, un pa\u00eds totalmente desconocido para m\u00ed. Rico en recursos, bello, lleno de vida y con personas valientes y comprometidas en su d\u00eda a d\u00eda. Pero tambi\u00e9n un pa\u00eds muy pobre (70% de la poblaci\u00f3n), con una desigualdad casi obscena y con un Estado autoritario que lo controla desde el miedo y desde la violaci\u00f3n constante de los derechos humanos. La violencia y la inseguridad tienen a la poblaci\u00f3n, y a los [&hellip;]<\/p>\n","protected":false},"featured_media":9553,"template":"single-noticia","meta":{"_acf_changed":false},"categories":[7],"tags":[191],"country":[],"cause":[],"class_list":["post-9552","noticia","type-noticia","status-publish","has-post-thumbnail","hentry","category-noticia","tag-voluntariado"],"acf":[],"yoast_head":"<!-- This site is optimized with the Yoast SEO Premium plugin v21.6 (Yoast SEO v27.5) - https:\/\/yoast.com\/product\/yoast-seo-premium-wordpress\/ -->\n<title>Jos\u00e9 Luis Barreiro Areses - Entreculturas<\/title>\n<meta name=\"robots\" content=\"index, follow, max-snippet:-1, max-image-preview:large, max-video-preview:-1\" \/>\n<link rel=\"canonical\" href=\"https:\/\/www.entreculturas.org\/gl\/noticia\/jose-luis-barreiro-areses\/\" \/>\n<meta property=\"og:locale\" content=\"gl_ES\" \/>\n<meta property=\"og:type\" content=\"article\" \/>\n<meta property=\"og:title\" content=\"Jos\u00e9 Luis Barreiro Areses\" \/>\n<meta property=\"og:description\" content=\"Soy Jos\u00e9 Luis Barreiro, vigu\u00e9s, de 51 a\u00f1os y periodista de formaci\u00f3n. Este verano decid\u00ed vivir mi primera experiencia en el Sur, un viaje personal e interior que ten\u00eda pendiente desde mi juventud. Estar en Entreculturas y tener una situaci\u00f3n familiar m\u00e1s liberada, fueron dos factores que confluyeron para tomar la decisi\u00f3n de que el momento hab\u00eda llegado. Una decisi\u00f3n reflexionada y compartida con mi familia, donde sent\u00ed el apoyo y la complicidad que necesitaba. Mi destino fue Honduras, un pa\u00eds totalmente desconocido para m\u00ed. Rico en recursos, bello, lleno de vida y con personas valientes y comprometidas en su d\u00eda a d\u00eda. Pero tambi\u00e9n un pa\u00eds muy pobre (70% de la poblaci\u00f3n), con una desigualdad casi obscena y con un Estado autoritario que lo controla desde el miedo y desde la violaci\u00f3n constante de los derechos humanos. La violencia y la inseguridad tienen a la poblaci\u00f3n, y a los [&hellip;]\" \/>\n<meta property=\"og:url\" content=\"https:\/\/www.entreculturas.org\/gl\/noticia\/jose-luis-barreiro-areses\/\" \/>\n<meta property=\"og:site_name\" content=\"Entreculturas\" \/>\n<meta property=\"article:publisher\" content=\"https:\/\/www.facebook.com\/entreculturas\" \/>\n<meta property=\"article:modified_time\" content=\"2024-09-17T11:55:25+00:00\" \/>\n<meta property=\"og:image\" content=\"https:\/\/www.entreculturas.org\/wp-content\/uploads\/2023\/12\/joseluisbarreiro.jpg\" \/>\n\t<meta property=\"og:image:width\" content=\"500\" \/>\n\t<meta property=\"og:image:height\" content=\"375\" \/>\n\t<meta property=\"og:image:type\" content=\"image\/jpeg\" \/>\n<meta name=\"twitter:card\" content=\"summary_large_image\" \/>\n<meta name=\"twitter:site\" content=\"@Entreculturas\" \/>\n<script type=\"application\/ld+json\" class=\"yoast-schema-graph\">{\"@context\":\"https:\\\/\\\/schema.org\",\"@graph\":[{\"@type\":\"WebPage\",\"@id\":\"https:\\\/\\\/www.entreculturas.org\\\/gl\\\/noticia\\\/jose-luis-barreiro-areses\\\/\",\"url\":\"https:\\\/\\\/www.entreculturas.org\\\/gl\\\/noticia\\\/jose-luis-barreiro-areses\\\/\",\"name\":\"Jos\u00e9 Luis Barreiro Areses - Entreculturas\",\"isPartOf\":{\"@id\":\"https:\\\/\\\/www.entreculturas.org\\\/gl\\\/#website\"},\"primaryImageOfPage\":{\"@id\":\"https:\\\/\\\/www.entreculturas.org\\\/gl\\\/noticia\\\/jose-luis-barreiro-areses\\\/#primaryimage\"},\"image\":{\"@id\":\"https:\\\/\\\/www.entreculturas.org\\\/gl\\\/noticia\\\/jose-luis-barreiro-areses\\\/#primaryimage\"},\"thumbnailUrl\":\"https:\\\/\\\/www.entreculturas.org\\\/wp-content\\\/uploads\\\/2023\\\/12\\\/joseluisbarreiro.jpg\",\"datePublished\":\"2018-10-26T07:26:54+00:00\",\"dateModified\":\"2024-09-17T11:55:25+00:00\",\"breadcrumb\":{\"@id\":\"https:\\\/\\\/www.entreculturas.org\\\/gl\\\/noticia\\\/jose-luis-barreiro-areses\\\/#breadcrumb\"},\"inLanguage\":\"gl-ES\",\"potentialAction\":[{\"@type\":\"ReadAction\",\"target\":[\"https:\\\/\\\/www.entreculturas.org\\\/gl\\\/noticia\\\/jose-luis-barreiro-areses\\\/\"]}]},{\"@type\":\"ImageObject\",\"inLanguage\":\"gl-ES\",\"@id\":\"https:\\\/\\\/www.entreculturas.org\\\/gl\\\/noticia\\\/jose-luis-barreiro-areses\\\/#primaryimage\",\"url\":\"https:\\\/\\\/www.entreculturas.org\\\/wp-content\\\/uploads\\\/2023\\\/12\\\/joseluisbarreiro.jpg\",\"contentUrl\":\"https:\\\/\\\/www.entreculturas.org\\\/wp-content\\\/uploads\\\/2023\\\/12\\\/joseluisbarreiro.jpg\",\"width\":500,\"height\":375},{\"@type\":\"BreadcrumbList\",\"@id\":\"https:\\\/\\\/www.entreculturas.org\\\/gl\\\/noticia\\\/jose-luis-barreiro-areses\\\/#breadcrumb\",\"itemListElement\":[{\"@type\":\"ListItem\",\"position\":1,\"name\":\"Home\",\"item\":\"https:\\\/\\\/www.entreculturas.org\\\/gl\\\/\"},{\"@type\":\"ListItem\",\"position\":2,\"name\":\"Noticias\",\"item\":\"https:\\\/\\\/www.entreculturas.org\\\/gl\\\/noticias\\\/\"},{\"@type\":\"ListItem\",\"position\":3,\"name\":\"Jos\u00e9 Luis Barreiro Areses\"}]},{\"@type\":\"WebSite\",\"@id\":\"https:\\\/\\\/www.entreculturas.org\\\/gl\\\/#website\",\"url\":\"https:\\\/\\\/www.entreculturas.org\\\/gl\\\/\",\"name\":\"Entreculturas\",\"description\":\"\",\"publisher\":{\"@id\":\"https:\\\/\\\/www.entreculturas.org\\\/gl\\\/#organization\"},\"alternateName\":\"Entreculturas\",\"potentialAction\":[{\"@type\":\"SearchAction\",\"target\":{\"@type\":\"EntryPoint\",\"urlTemplate\":\"https:\\\/\\\/www.entreculturas.org\\\/gl\\\/?s={search_term_string}\"},\"query-input\":{\"@type\":\"PropertyValueSpecification\",\"valueRequired\":true,\"valueName\":\"search_term_string\"}}],\"inLanguage\":\"gl-ES\"},{\"@type\":\"Organization\",\"@id\":\"https:\\\/\\\/www.entreculturas.org\\\/gl\\\/#organization\",\"name\":\"Entreculturas\",\"url\":\"https:\\\/\\\/www.entreculturas.org\\\/gl\\\/\",\"logo\":{\"@type\":\"ImageObject\",\"inLanguage\":\"gl-ES\",\"@id\":\"https:\\\/\\\/www.entreculturas.org\\\/gl\\\/#\\\/schema\\\/logo\\\/image\\\/\",\"url\":\"https:\\\/\\\/www.entreculturas.org\\\/wp-content\\\/uploads\\\/2025\\\/10\\\/ESP.svg\",\"contentUrl\":\"https:\\\/\\\/www.entreculturas.org\\\/wp-content\\\/uploads\\\/2025\\\/10\\\/ESP.svg\",\"caption\":\"Entreculturas\"},\"image\":{\"@id\":\"https:\\\/\\\/www.entreculturas.org\\\/gl\\\/#\\\/schema\\\/logo\\\/image\\\/\"},\"sameAs\":[\"https:\\\/\\\/www.facebook.com\\\/entreculturas\",\"https:\\\/\\\/x.com\\\/Entreculturas\",\"https:\\\/\\\/www.instagram.com\\\/entreculturas\\\/\",\"https:\\\/\\\/www.youtube.com\\\/user\\\/entreculturasvideo\",\"https:\\\/\\\/www.linkedin.com\\\/company\\\/fundacion-entreculturas-ngdo\\\/\",\"https:\\\/\\\/www.flickr.com\\\/photos\\\/98455522@N04\\\/albums\\\/\"]}]}<\/script>\n<!-- \/ Yoast SEO Premium plugin. -->","yoast_head_json":{"title":"Jos\u00e9 Luis Barreiro Areses - Entreculturas","robots":{"index":"index","follow":"follow","max-snippet":"max-snippet:-1","max-image-preview":"max-image-preview:large","max-video-preview":"max-video-preview:-1"},"canonical":"https:\/\/www.entreculturas.org\/gl\/noticia\/jose-luis-barreiro-areses\/","og_locale":"gl_ES","og_type":"article","og_title":"Jos\u00e9 Luis Barreiro Areses","og_description":"Soy Jos\u00e9 Luis Barreiro, vigu\u00e9s, de 51 a\u00f1os y periodista de formaci\u00f3n. Este verano decid\u00ed vivir mi primera experiencia en el Sur, un viaje personal e interior que ten\u00eda pendiente desde mi juventud. Estar en Entreculturas y tener una situaci\u00f3n familiar m\u00e1s liberada, fueron dos factores que confluyeron para tomar la decisi\u00f3n de que el momento hab\u00eda llegado. Una decisi\u00f3n reflexionada y compartida con mi familia, donde sent\u00ed el apoyo y la complicidad que necesitaba. Mi destino fue Honduras, un pa\u00eds totalmente desconocido para m\u00ed. Rico en recursos, bello, lleno de vida y con personas valientes y comprometidas en su d\u00eda a d\u00eda. Pero tambi\u00e9n un pa\u00eds muy pobre (70% de la poblaci\u00f3n), con una desigualdad casi obscena y con un Estado autoritario que lo controla desde el miedo y desde la violaci\u00f3n constante de los derechos humanos. La violencia y la inseguridad tienen a la poblaci\u00f3n, y a los [&hellip;]","og_url":"https:\/\/www.entreculturas.org\/gl\/noticia\/jose-luis-barreiro-areses\/","og_site_name":"Entreculturas","article_publisher":"https:\/\/www.facebook.com\/entreculturas","article_modified_time":"2024-09-17T11:55:25+00:00","og_image":[{"width":500,"height":375,"url":"https:\/\/www.entreculturas.org\/wp-content\/uploads\/2023\/12\/joseluisbarreiro.jpg","type":"image\/jpeg"}],"twitter_card":"summary_large_image","twitter_site":"@Entreculturas","schema":{"@context":"https:\/\/schema.org","@graph":[{"@type":"WebPage","@id":"https:\/\/www.entreculturas.org\/gl\/noticia\/jose-luis-barreiro-areses\/","url":"https:\/\/www.entreculturas.org\/gl\/noticia\/jose-luis-barreiro-areses\/","name":"Jos\u00e9 Luis Barreiro Areses - Entreculturas","isPartOf":{"@id":"https:\/\/www.entreculturas.org\/gl\/#website"},"primaryImageOfPage":{"@id":"https:\/\/www.entreculturas.org\/gl\/noticia\/jose-luis-barreiro-areses\/#primaryimage"},"image":{"@id":"https:\/\/www.entreculturas.org\/gl\/noticia\/jose-luis-barreiro-areses\/#primaryimage"},"thumbnailUrl":"https:\/\/www.entreculturas.org\/wp-content\/uploads\/2023\/12\/joseluisbarreiro.jpg","datePublished":"2018-10-26T07:26:54+00:00","dateModified":"2024-09-17T11:55:25+00:00","breadcrumb":{"@id":"https:\/\/www.entreculturas.org\/gl\/noticia\/jose-luis-barreiro-areses\/#breadcrumb"},"inLanguage":"gl-ES","potentialAction":[{"@type":"ReadAction","target":["https:\/\/www.entreculturas.org\/gl\/noticia\/jose-luis-barreiro-areses\/"]}]},{"@type":"ImageObject","inLanguage":"gl-ES","@id":"https:\/\/www.entreculturas.org\/gl\/noticia\/jose-luis-barreiro-areses\/#primaryimage","url":"https:\/\/www.entreculturas.org\/wp-content\/uploads\/2023\/12\/joseluisbarreiro.jpg","contentUrl":"https:\/\/www.entreculturas.org\/wp-content\/uploads\/2023\/12\/joseluisbarreiro.jpg","width":500,"height":375},{"@type":"BreadcrumbList","@id":"https:\/\/www.entreculturas.org\/gl\/noticia\/jose-luis-barreiro-areses\/#breadcrumb","itemListElement":[{"@type":"ListItem","position":1,"name":"Home","item":"https:\/\/www.entreculturas.org\/gl\/"},{"@type":"ListItem","position":2,"name":"Noticias","item":"https:\/\/www.entreculturas.org\/gl\/noticias\/"},{"@type":"ListItem","position":3,"name":"Jos\u00e9 Luis Barreiro Areses"}]},{"@type":"WebSite","@id":"https:\/\/www.entreculturas.org\/gl\/#website","url":"https:\/\/www.entreculturas.org\/gl\/","name":"Entreculturas","description":"","publisher":{"@id":"https:\/\/www.entreculturas.org\/gl\/#organization"},"alternateName":"Entreculturas","potentialAction":[{"@type":"SearchAction","target":{"@type":"EntryPoint","urlTemplate":"https:\/\/www.entreculturas.org\/gl\/?s={search_term_string}"},"query-input":{"@type":"PropertyValueSpecification","valueRequired":true,"valueName":"search_term_string"}}],"inLanguage":"gl-ES"},{"@type":"Organization","@id":"https:\/\/www.entreculturas.org\/gl\/#organization","name":"Entreculturas","url":"https:\/\/www.entreculturas.org\/gl\/","logo":{"@type":"ImageObject","inLanguage":"gl-ES","@id":"https:\/\/www.entreculturas.org\/gl\/#\/schema\/logo\/image\/","url":"https:\/\/www.entreculturas.org\/wp-content\/uploads\/2025\/10\/ESP.svg","contentUrl":"https:\/\/www.entreculturas.org\/wp-content\/uploads\/2025\/10\/ESP.svg","caption":"Entreculturas"},"image":{"@id":"https:\/\/www.entreculturas.org\/gl\/#\/schema\/logo\/image\/"},"sameAs":["https:\/\/www.facebook.com\/entreculturas","https:\/\/x.com\/Entreculturas","https:\/\/www.instagram.com\/entreculturas\/","https:\/\/www.youtube.com\/user\/entreculturasvideo","https:\/\/www.linkedin.com\/company\/fundacion-entreculturas-ngdo\/","https:\/\/www.flickr.com\/photos\/98455522@N04\/albums\/"]}]}},"_links":{"self":[{"href":"https:\/\/www.entreculturas.org\/gl\/wp-json\/wp\/v2\/noticia\/9552","targetHints":{"allow":["GET"]}}],"collection":[{"href":"https:\/\/www.entreculturas.org\/gl\/wp-json\/wp\/v2\/noticia"}],"about":[{"href":"https:\/\/www.entreculturas.org\/gl\/wp-json\/wp\/v2\/types\/noticia"}],"wp:featuredmedia":[{"embeddable":true,"href":"https:\/\/www.entreculturas.org\/gl\/wp-json\/wp\/v2\/media\/9553"}],"wp:attachment":[{"href":"https:\/\/www.entreculturas.org\/gl\/wp-json\/wp\/v2\/media?parent=9552"}],"wp:term":[{"taxonomy":"category","embeddable":true,"href":"https:\/\/www.entreculturas.org\/gl\/wp-json\/wp\/v2\/categories?post=9552"},{"taxonomy":"post_tag","embeddable":true,"href":"https:\/\/www.entreculturas.org\/gl\/wp-json\/wp\/v2\/tags?post=9552"},{"taxonomy":"country","embeddable":true,"href":"https:\/\/www.entreculturas.org\/gl\/wp-json\/wp\/v2\/country?post=9552"},{"taxonomy":"cause","embeddable":true,"href":"https:\/\/www.entreculturas.org\/gl\/wp-json\/wp\/v2\/cause?post=9552"}],"curies":[{"name":"wp","href":"https:\/\/api.w.org\/{rel}","templated":true}]}}