{"id":9539,"date":"2018-03-28T10:37:45","date_gmt":"2018-03-28T08:37:45","guid":{"rendered":"https:\/\/www.entreculturas.org\/publicacion\/paloma-penas-volpa-en-haiti\/"},"modified":"2024-09-17T13:48:55","modified_gmt":"2024-09-17T11:48:55","slug":"paloma-penas-volpa-en-haiti","status":"publish","type":"noticia","link":"https:\/\/www.entreculturas.org\/gl\/noticia\/paloma-penas-volpa-en-haiti\/","title":{"rendered":"Paloma Pe\u00f1as, VOLPA en Hait\u00ed"},"content":{"rendered":"<p>Me llamo Paloma, tengo 24 a\u00f1os y soy de Madrid. Llegu\u00e9 a Hait\u00ed hace casi cinco meses para colaborar con Fe y Alegr\u00eda, as\u00ed como con la escuela Sainte Marie. Vivo con 4 misioneras, Religiosas de Jes\u00fas Mar\u00eda, con las que trabajo codo con codo. Mi trabajo aqu\u00ed es muy diverso, pero estoy centrada principalmente en la educaci\u00f3n y formaci\u00f3n. Realizo formaci\u00f3n a docentes (tanto de manera individual como colectiva, a trav\u00e9s de jornadas formativas) con el objetivo de mejorar la calidad de la educaci\u00f3n. Tambi\u00e9n apoyo al aula de educaci\u00f3n especial de una de las escuelas, que es una novedad de este a\u00f1o. Y, por otro lado, echo una mano en la escuela de Sainte Marie, que imparte clases a ni\u00f1as y ni\u00f1os restavek, que realizan trabajo infantil y, en muchas ocasiones, no se les permite ir al colegio; esta escuela da la posibilidad de ir por las tardes, durante la etapa de Educaci\u00f3n Primaria.<br \/>&nbsp;<br \/>Adem\u00e1s de todo esto, hemos empezado&nbsp; un grupo de conversaci\u00f3n en franc\u00e9s junto a varios j\u00f3venes donde, con esa excusa, buscamos crear un espacio de encuentro que sea liderado por los propios chavales haitianos.<br \/>&nbsp;<br \/><strong>Estos meses han sido un ba\u00f1o de realidad total, han sido duros y muy bonitos<\/strong>, ya que he tenido que aprender lengua criolla (creole) para poder comunicarme con la gente. Esto me ha abierto la posibilidad de tener encuentros con personas de todo tipo y en cualquier parte. Durante estos meses he ido conociendo la realidad haitiana, del pueblo que dio el primer grito de independencia, del pueblo que es azotado una y otra vez por fen\u00f3menos de la naturaleza, he visto el dolor que causan las palabras de ciertos dirigentes, la alegr\u00eda que produce el carnaval o la curiosidad de un ni\u00f1o al ver una persona con la piel de un color diferente\u2026 Han sido meses de cambio y encuentro, de ver la pobreza y la injusticia, as\u00ed como de trabajo conjunto, con personas que buscan el cambio en sus comunidades, en sus escuelas.<br \/>&nbsp;<br \/>Espero seguir mirando con ojos nuevos, seguir buscando encuentros con personas que vuelven del mercado, creciendo con las maestras de las escuelas y, sobre todo, seguir disfrutando de la alegr\u00eda y ganas de aprender de las ni\u00f1as y los ni\u00f1os, j\u00f3venes, mujeres y personas que van cruz\u00e1ndose en mi camino.<\/p>\n","protected":false},"excerpt":{"rendered":"<p>Me llamo Paloma, tengo 24 a\u00f1os y soy de Madrid. Llegu\u00e9 a Hait\u00ed hace casi cinco meses para colaborar con Fe y Alegr\u00eda, as\u00ed como con la escuela Sainte Marie. Vivo con 4 misioneras, Religiosas de Jes\u00fas Mar\u00eda, con las que trabajo codo con codo. Mi trabajo aqu\u00ed es muy diverso, pero estoy centrada principalmente en la educaci\u00f3n y formaci\u00f3n. Realizo formaci\u00f3n a docentes (tanto de manera individual como colectiva, a trav\u00e9s de jornadas formativas) con el objetivo de mejorar la calidad de la educaci\u00f3n. Tambi\u00e9n apoyo al aula de educaci\u00f3n especial de una de las escuelas, que es una novedad de este a\u00f1o. Y, por otro lado, echo una mano en la escuela de Sainte Marie, que imparte clases a ni\u00f1as y ni\u00f1os restavek, que realizan trabajo infantil y, en muchas ocasiones, no se les permite ir al colegio; esta escuela da la posibilidad de ir por las tardes, [&hellip;]<\/p>\n","protected":false},"featured_media":9540,"template":"single-noticia","meta":{"_acf_changed":false},"categories":[7],"tags":[191],"country":[],"cause":[],"class_list":["post-9539","noticia","type-noticia","status-publish","has-post-thumbnail","hentry","category-noticia","tag-voluntariado"],"acf":[],"yoast_head":"<!-- This site is optimized with the Yoast SEO Premium plugin v21.6 (Yoast SEO v27.5) - https:\/\/yoast.com\/product\/yoast-seo-premium-wordpress\/ -->\n<title>Paloma Pe\u00f1as, VOLPA en Hait\u00ed - Entreculturas<\/title>\n<meta name=\"robots\" content=\"index, follow, max-snippet:-1, max-image-preview:large, max-video-preview:-1\" \/>\n<link rel=\"canonical\" href=\"https:\/\/www.entreculturas.org\/gl\/noticia\/paloma-penas-volpa-en-haiti\/\" \/>\n<meta property=\"og:locale\" content=\"gl_ES\" \/>\n<meta property=\"og:type\" content=\"article\" \/>\n<meta property=\"og:title\" content=\"Paloma Pe\u00f1as, VOLPA en Hait\u00ed\" \/>\n<meta property=\"og:description\" content=\"Me llamo Paloma, tengo 24 a\u00f1os y soy de Madrid. Llegu\u00e9 a Hait\u00ed hace casi cinco meses para colaborar con Fe y Alegr\u00eda, as\u00ed como con la escuela Sainte Marie. Vivo con 4 misioneras, Religiosas de Jes\u00fas Mar\u00eda, con las que trabajo codo con codo. Mi trabajo aqu\u00ed es muy diverso, pero estoy centrada principalmente en la educaci\u00f3n y formaci\u00f3n. Realizo formaci\u00f3n a docentes (tanto de manera individual como colectiva, a trav\u00e9s de jornadas formativas) con el objetivo de mejorar la calidad de la educaci\u00f3n. Tambi\u00e9n apoyo al aula de educaci\u00f3n especial de una de las escuelas, que es una novedad de este a\u00f1o. Y, por otro lado, echo una mano en la escuela de Sainte Marie, que imparte clases a ni\u00f1as y ni\u00f1os restavek, que realizan trabajo infantil y, en muchas ocasiones, no se les permite ir al colegio; esta escuela da la posibilidad de ir por las tardes, [&hellip;]\" \/>\n<meta property=\"og:url\" content=\"https:\/\/www.entreculturas.org\/gl\/noticia\/paloma-penas-volpa-en-haiti\/\" \/>\n<meta property=\"og:site_name\" content=\"Entreculturas\" \/>\n<meta property=\"article:publisher\" content=\"https:\/\/www.facebook.com\/entreculturas\" \/>\n<meta property=\"article:modified_time\" content=\"2024-09-17T11:48:55+00:00\" \/>\n<meta property=\"og:image\" content=\"https:\/\/www.entreculturas.org\/wp-content\/uploads\/2023\/12\/img_20180207_170938_ok.jpg\" \/>\n\t<meta property=\"og:image:width\" content=\"800\" \/>\n\t<meta property=\"og:image:height\" content=\"600\" \/>\n\t<meta property=\"og:image:type\" content=\"image\/jpeg\" \/>\n<meta name=\"twitter:card\" content=\"summary_large_image\" \/>\n<meta name=\"twitter:site\" content=\"@Entreculturas\" \/>\n<script type=\"application\/ld+json\" class=\"yoast-schema-graph\">{\"@context\":\"https:\\\/\\\/schema.org\",\"@graph\":[{\"@type\":\"WebPage\",\"@id\":\"https:\\\/\\\/www.entreculturas.org\\\/gl\\\/noticia\\\/paloma-penas-volpa-en-haiti\\\/\",\"url\":\"https:\\\/\\\/www.entreculturas.org\\\/gl\\\/noticia\\\/paloma-penas-volpa-en-haiti\\\/\",\"name\":\"Paloma Pe\u00f1as, VOLPA en Hait\u00ed - Entreculturas\",\"isPartOf\":{\"@id\":\"https:\\\/\\\/www.entreculturas.org\\\/gl\\\/#website\"},\"primaryImageOfPage\":{\"@id\":\"https:\\\/\\\/www.entreculturas.org\\\/gl\\\/noticia\\\/paloma-penas-volpa-en-haiti\\\/#primaryimage\"},\"image\":{\"@id\":\"https:\\\/\\\/www.entreculturas.org\\\/gl\\\/noticia\\\/paloma-penas-volpa-en-haiti\\\/#primaryimage\"},\"thumbnailUrl\":\"https:\\\/\\\/www.entreculturas.org\\\/wp-content\\\/uploads\\\/2023\\\/12\\\/img_20180207_170938_ok.jpg\",\"datePublished\":\"2018-03-28T08:37:45+00:00\",\"dateModified\":\"2024-09-17T11:48:55+00:00\",\"breadcrumb\":{\"@id\":\"https:\\\/\\\/www.entreculturas.org\\\/gl\\\/noticia\\\/paloma-penas-volpa-en-haiti\\\/#breadcrumb\"},\"inLanguage\":\"gl-ES\",\"potentialAction\":[{\"@type\":\"ReadAction\",\"target\":[\"https:\\\/\\\/www.entreculturas.org\\\/gl\\\/noticia\\\/paloma-penas-volpa-en-haiti\\\/\"]}]},{\"@type\":\"ImageObject\",\"inLanguage\":\"gl-ES\",\"@id\":\"https:\\\/\\\/www.entreculturas.org\\\/gl\\\/noticia\\\/paloma-penas-volpa-en-haiti\\\/#primaryimage\",\"url\":\"https:\\\/\\\/www.entreculturas.org\\\/wp-content\\\/uploads\\\/2023\\\/12\\\/img_20180207_170938_ok.jpg\",\"contentUrl\":\"https:\\\/\\\/www.entreculturas.org\\\/wp-content\\\/uploads\\\/2023\\\/12\\\/img_20180207_170938_ok.jpg\",\"width\":800,\"height\":600},{\"@type\":\"BreadcrumbList\",\"@id\":\"https:\\\/\\\/www.entreculturas.org\\\/gl\\\/noticia\\\/paloma-penas-volpa-en-haiti\\\/#breadcrumb\",\"itemListElement\":[{\"@type\":\"ListItem\",\"position\":1,\"name\":\"Home\",\"item\":\"https:\\\/\\\/www.entreculturas.org\\\/gl\\\/\"},{\"@type\":\"ListItem\",\"position\":2,\"name\":\"Noticias\",\"item\":\"https:\\\/\\\/www.entreculturas.org\\\/gl\\\/noticias\\\/\"},{\"@type\":\"ListItem\",\"position\":3,\"name\":\"Paloma Pe\u00f1as, VOLPA en Hait\u00ed\"}]},{\"@type\":\"WebSite\",\"@id\":\"https:\\\/\\\/www.entreculturas.org\\\/gl\\\/#website\",\"url\":\"https:\\\/\\\/www.entreculturas.org\\\/gl\\\/\",\"name\":\"Entreculturas\",\"description\":\"\",\"publisher\":{\"@id\":\"https:\\\/\\\/www.entreculturas.org\\\/gl\\\/#organization\"},\"alternateName\":\"Entreculturas\",\"potentialAction\":[{\"@type\":\"SearchAction\",\"target\":{\"@type\":\"EntryPoint\",\"urlTemplate\":\"https:\\\/\\\/www.entreculturas.org\\\/gl\\\/?s={search_term_string}\"},\"query-input\":{\"@type\":\"PropertyValueSpecification\",\"valueRequired\":true,\"valueName\":\"search_term_string\"}}],\"inLanguage\":\"gl-ES\"},{\"@type\":\"Organization\",\"@id\":\"https:\\\/\\\/www.entreculturas.org\\\/gl\\\/#organization\",\"name\":\"Entreculturas\",\"url\":\"https:\\\/\\\/www.entreculturas.org\\\/gl\\\/\",\"logo\":{\"@type\":\"ImageObject\",\"inLanguage\":\"gl-ES\",\"@id\":\"https:\\\/\\\/www.entreculturas.org\\\/gl\\\/#\\\/schema\\\/logo\\\/image\\\/\",\"url\":\"https:\\\/\\\/www.entreculturas.org\\\/wp-content\\\/uploads\\\/2025\\\/10\\\/ESP.svg\",\"contentUrl\":\"https:\\\/\\\/www.entreculturas.org\\\/wp-content\\\/uploads\\\/2025\\\/10\\\/ESP.svg\",\"caption\":\"Entreculturas\"},\"image\":{\"@id\":\"https:\\\/\\\/www.entreculturas.org\\\/gl\\\/#\\\/schema\\\/logo\\\/image\\\/\"},\"sameAs\":[\"https:\\\/\\\/www.facebook.com\\\/entreculturas\",\"https:\\\/\\\/x.com\\\/Entreculturas\",\"https:\\\/\\\/www.instagram.com\\\/entreculturas\\\/\",\"https:\\\/\\\/www.youtube.com\\\/user\\\/entreculturasvideo\",\"https:\\\/\\\/www.linkedin.com\\\/company\\\/fundacion-entreculturas-ngdo\\\/\",\"https:\\\/\\\/www.flickr.com\\\/photos\\\/98455522@N04\\\/albums\\\/\"]}]}<\/script>\n<!-- \/ Yoast SEO Premium plugin. -->","yoast_head_json":{"title":"Paloma Pe\u00f1as, VOLPA en Hait\u00ed - Entreculturas","robots":{"index":"index","follow":"follow","max-snippet":"max-snippet:-1","max-image-preview":"max-image-preview:large","max-video-preview":"max-video-preview:-1"},"canonical":"https:\/\/www.entreculturas.org\/gl\/noticia\/paloma-penas-volpa-en-haiti\/","og_locale":"gl_ES","og_type":"article","og_title":"Paloma Pe\u00f1as, VOLPA en Hait\u00ed","og_description":"Me llamo Paloma, tengo 24 a\u00f1os y soy de Madrid. Llegu\u00e9 a Hait\u00ed hace casi cinco meses para colaborar con Fe y Alegr\u00eda, as\u00ed como con la escuela Sainte Marie. Vivo con 4 misioneras, Religiosas de Jes\u00fas Mar\u00eda, con las que trabajo codo con codo. Mi trabajo aqu\u00ed es muy diverso, pero estoy centrada principalmente en la educaci\u00f3n y formaci\u00f3n. Realizo formaci\u00f3n a docentes (tanto de manera individual como colectiva, a trav\u00e9s de jornadas formativas) con el objetivo de mejorar la calidad de la educaci\u00f3n. Tambi\u00e9n apoyo al aula de educaci\u00f3n especial de una de las escuelas, que es una novedad de este a\u00f1o. Y, por otro lado, echo una mano en la escuela de Sainte Marie, que imparte clases a ni\u00f1as y ni\u00f1os restavek, que realizan trabajo infantil y, en muchas ocasiones, no se les permite ir al colegio; esta escuela da la posibilidad de ir por las tardes, [&hellip;]","og_url":"https:\/\/www.entreculturas.org\/gl\/noticia\/paloma-penas-volpa-en-haiti\/","og_site_name":"Entreculturas","article_publisher":"https:\/\/www.facebook.com\/entreculturas","article_modified_time":"2024-09-17T11:48:55+00:00","og_image":[{"width":800,"height":600,"url":"https:\/\/www.entreculturas.org\/wp-content\/uploads\/2023\/12\/img_20180207_170938_ok.jpg","type":"image\/jpeg"}],"twitter_card":"summary_large_image","twitter_site":"@Entreculturas","schema":{"@context":"https:\/\/schema.org","@graph":[{"@type":"WebPage","@id":"https:\/\/www.entreculturas.org\/gl\/noticia\/paloma-penas-volpa-en-haiti\/","url":"https:\/\/www.entreculturas.org\/gl\/noticia\/paloma-penas-volpa-en-haiti\/","name":"Paloma Pe\u00f1as, VOLPA en Hait\u00ed - Entreculturas","isPartOf":{"@id":"https:\/\/www.entreculturas.org\/gl\/#website"},"primaryImageOfPage":{"@id":"https:\/\/www.entreculturas.org\/gl\/noticia\/paloma-penas-volpa-en-haiti\/#primaryimage"},"image":{"@id":"https:\/\/www.entreculturas.org\/gl\/noticia\/paloma-penas-volpa-en-haiti\/#primaryimage"},"thumbnailUrl":"https:\/\/www.entreculturas.org\/wp-content\/uploads\/2023\/12\/img_20180207_170938_ok.jpg","datePublished":"2018-03-28T08:37:45+00:00","dateModified":"2024-09-17T11:48:55+00:00","breadcrumb":{"@id":"https:\/\/www.entreculturas.org\/gl\/noticia\/paloma-penas-volpa-en-haiti\/#breadcrumb"},"inLanguage":"gl-ES","potentialAction":[{"@type":"ReadAction","target":["https:\/\/www.entreculturas.org\/gl\/noticia\/paloma-penas-volpa-en-haiti\/"]}]},{"@type":"ImageObject","inLanguage":"gl-ES","@id":"https:\/\/www.entreculturas.org\/gl\/noticia\/paloma-penas-volpa-en-haiti\/#primaryimage","url":"https:\/\/www.entreculturas.org\/wp-content\/uploads\/2023\/12\/img_20180207_170938_ok.jpg","contentUrl":"https:\/\/www.entreculturas.org\/wp-content\/uploads\/2023\/12\/img_20180207_170938_ok.jpg","width":800,"height":600},{"@type":"BreadcrumbList","@id":"https:\/\/www.entreculturas.org\/gl\/noticia\/paloma-penas-volpa-en-haiti\/#breadcrumb","itemListElement":[{"@type":"ListItem","position":1,"name":"Home","item":"https:\/\/www.entreculturas.org\/gl\/"},{"@type":"ListItem","position":2,"name":"Noticias","item":"https:\/\/www.entreculturas.org\/gl\/noticias\/"},{"@type":"ListItem","position":3,"name":"Paloma Pe\u00f1as, VOLPA en Hait\u00ed"}]},{"@type":"WebSite","@id":"https:\/\/www.entreculturas.org\/gl\/#website","url":"https:\/\/www.entreculturas.org\/gl\/","name":"Entreculturas","description":"","publisher":{"@id":"https:\/\/www.entreculturas.org\/gl\/#organization"},"alternateName":"Entreculturas","potentialAction":[{"@type":"SearchAction","target":{"@type":"EntryPoint","urlTemplate":"https:\/\/www.entreculturas.org\/gl\/?s={search_term_string}"},"query-input":{"@type":"PropertyValueSpecification","valueRequired":true,"valueName":"search_term_string"}}],"inLanguage":"gl-ES"},{"@type":"Organization","@id":"https:\/\/www.entreculturas.org\/gl\/#organization","name":"Entreculturas","url":"https:\/\/www.entreculturas.org\/gl\/","logo":{"@type":"ImageObject","inLanguage":"gl-ES","@id":"https:\/\/www.entreculturas.org\/gl\/#\/schema\/logo\/image\/","url":"https:\/\/www.entreculturas.org\/wp-content\/uploads\/2025\/10\/ESP.svg","contentUrl":"https:\/\/www.entreculturas.org\/wp-content\/uploads\/2025\/10\/ESP.svg","caption":"Entreculturas"},"image":{"@id":"https:\/\/www.entreculturas.org\/gl\/#\/schema\/logo\/image\/"},"sameAs":["https:\/\/www.facebook.com\/entreculturas","https:\/\/x.com\/Entreculturas","https:\/\/www.instagram.com\/entreculturas\/","https:\/\/www.youtube.com\/user\/entreculturasvideo","https:\/\/www.linkedin.com\/company\/fundacion-entreculturas-ngdo\/","https:\/\/www.flickr.com\/photos\/98455522@N04\/albums\/"]}]}},"_links":{"self":[{"href":"https:\/\/www.entreculturas.org\/gl\/wp-json\/wp\/v2\/noticia\/9539","targetHints":{"allow":["GET"]}}],"collection":[{"href":"https:\/\/www.entreculturas.org\/gl\/wp-json\/wp\/v2\/noticia"}],"about":[{"href":"https:\/\/www.entreculturas.org\/gl\/wp-json\/wp\/v2\/types\/noticia"}],"wp:featuredmedia":[{"embeddable":true,"href":"https:\/\/www.entreculturas.org\/gl\/wp-json\/wp\/v2\/media\/9540"}],"wp:attachment":[{"href":"https:\/\/www.entreculturas.org\/gl\/wp-json\/wp\/v2\/media?parent=9539"}],"wp:term":[{"taxonomy":"category","embeddable":true,"href":"https:\/\/www.entreculturas.org\/gl\/wp-json\/wp\/v2\/categories?post=9539"},{"taxonomy":"post_tag","embeddable":true,"href":"https:\/\/www.entreculturas.org\/gl\/wp-json\/wp\/v2\/tags?post=9539"},{"taxonomy":"country","embeddable":true,"href":"https:\/\/www.entreculturas.org\/gl\/wp-json\/wp\/v2\/country?post=9539"},{"taxonomy":"cause","embeddable":true,"href":"https:\/\/www.entreculturas.org\/gl\/wp-json\/wp\/v2\/cause?post=9539"}],"curies":[{"name":"wp","href":"https:\/\/api.w.org\/{rel}","templated":true}]}}