{"id":9534,"date":"2017-08-03T10:16:15","date_gmt":"2017-08-03T08:16:15","guid":{"rendered":"https:\/\/www.entreculturas.org\/publicacion\/judith-volpa-en-chile\/"},"modified":"2024-09-17T13:47:14","modified_gmt":"2024-09-17T11:47:14","slug":"judith-volpa-en-chile","status":"publish","type":"noticia","link":"https:\/\/www.entreculturas.org\/gl\/noticia\/judith-volpa-en-chile\/","title":{"rendered":"Judith, VOLPA en Chile"},"content":{"rendered":"<p>Soy Judith y <strong>pas\u00e9 un a\u00f1o como voluntaria en la oficina del Servicio Jesuita a Migrantes (SJM) en Santiago de Chile<\/strong>. Mi experiencia como VOLPA la califiqu\u00e9 en su momento, y lo sigo haciendo, como \u201cuna sucesi\u00f3n de nirvanas\u201d, y es que el Sur, m\u00e1s que atrapar \u2013que lo hace\u2013 <strong>te abre los ojos, te cura contra la indiferencia, te da herramientas para la luchar por la justicia social<\/strong>, te hace no querer parar en esa idea de contar qu\u00e9 has visto y, a su vez, al regresar, de destapar aquellas realidades de exclusi\u00f3n social que se encuentran enquistadas y ocultas en nuestra sociedad: nuestros sures.<\/p>\n<p>En Chile y desde el SJM, <strong>me vi como una esponja: viendo, observando y aprendiendo de todo<\/strong> lo que suced\u00eda a mi alrededor. Tambi\u00e9n me vi despojada de prejuicios, lo que me ayud\u00f3 a enfocarme m\u00e1s en entender por qu\u00e9 suceden las cosas en lugar de juzgar de manera arbitraria tanto a personas como a situaciones. Es muy f\u00e1cil y c\u00f3modo tener un esquema mental con nuestra escala de valores de lo que es bueno o malo, y categorizar el mundo, las realidades y las personas de acuerdo con esa escala. Y es muy f\u00e1cil que, con ese listado en la mano, uno se atreva a no ser capaz de mirar a las personas desde su esencia, como a seres humanos.<\/p>\n<p>Antes de viajar a Chile algunas personas me dijeron: &#8220;\u00bfUn voluntariado en Chile? All\u00ed no necesitan voluntariado.&#8221; Una respuesta que no juzgo y que, entiendo, parte de una idea falsa que yo misma he tenido al vincular la acci\u00f3n del voluntario\/a internacional con entornos &#8220;de miseria de recursos&#8221; y &#8220;de desastres&#8221;. Chile, las chilenas, los chilenos, los y las personas migrantes\u2026 tienen mucho que decir y est\u00e1n hablando, y merecen que yo cuente lo que ellos me contaron\u2026 Esas realidades, rostros y corazones que no aparecen reflejados en esas cifras que nos llegan del pa\u00eds; <strong>depende de nuestros testimonios<\/strong> desde el voluntariado (&#8220;urgidos por la justicia y animados por el amor&#8221;) <strong>que sus voces no sean, de nuevo, acalladas<\/strong>.<\/p>\n","protected":false},"excerpt":{"rendered":"<p>Soy Judith y pas\u00e9 un a\u00f1o como voluntaria en la oficina del Servicio Jesuita a Migrantes (SJM) en Santiago de Chile. Mi experiencia como VOLPA la califiqu\u00e9 en su momento, y lo sigo haciendo, como \u201cuna sucesi\u00f3n de nirvanas\u201d, y es que el Sur, m\u00e1s que atrapar \u2013que lo hace\u2013 te abre los ojos, te cura contra la indiferencia, te da herramientas para la luchar por la justicia social, te hace no querer parar en esa idea de contar qu\u00e9 has visto y, a su vez, al regresar, de destapar aquellas realidades de exclusi\u00f3n social que se encuentran enquistadas y ocultas en nuestra sociedad: nuestros sures. En Chile y desde el SJM, me vi como una esponja: viendo, observando y aprendiendo de todo lo que suced\u00eda a mi alrededor. Tambi\u00e9n me vi despojada de prejuicios, lo que me ayud\u00f3 a enfocarme m\u00e1s en entender por qu\u00e9 suceden las cosas en [&hellip;]<\/p>\n","protected":false},"featured_media":9535,"template":"single-noticia","meta":{"_acf_changed":false},"categories":[7],"tags":[191],"country":[],"cause":[],"class_list":["post-9534","noticia","type-noticia","status-publish","has-post-thumbnail","hentry","category-noticia","tag-voluntariado"],"acf":[],"yoast_head":"<!-- This site is optimized with the Yoast SEO Premium plugin v21.6 (Yoast SEO v27.5) - https:\/\/yoast.com\/product\/yoast-seo-premium-wordpress\/ -->\n<title>Judith, VOLPA en Chile - Entreculturas<\/title>\n<meta name=\"robots\" content=\"index, follow, max-snippet:-1, max-image-preview:large, max-video-preview:-1\" \/>\n<link rel=\"canonical\" href=\"https:\/\/www.entreculturas.org\/gl\/noticia\/judith-volpa-en-chile\/\" \/>\n<meta property=\"og:locale\" content=\"gl_ES\" \/>\n<meta property=\"og:type\" content=\"article\" \/>\n<meta property=\"og:title\" content=\"Judith, VOLPA en Chile\" \/>\n<meta property=\"og:description\" content=\"Soy Judith y pas\u00e9 un a\u00f1o como voluntaria en la oficina del Servicio Jesuita a Migrantes (SJM) en Santiago de Chile. Mi experiencia como VOLPA la califiqu\u00e9 en su momento, y lo sigo haciendo, como \u201cuna sucesi\u00f3n de nirvanas\u201d, y es que el Sur, m\u00e1s que atrapar \u2013que lo hace\u2013 te abre los ojos, te cura contra la indiferencia, te da herramientas para la luchar por la justicia social, te hace no querer parar en esa idea de contar qu\u00e9 has visto y, a su vez, al regresar, de destapar aquellas realidades de exclusi\u00f3n social que se encuentran enquistadas y ocultas en nuestra sociedad: nuestros sures. En Chile y desde el SJM, me vi como una esponja: viendo, observando y aprendiendo de todo lo que suced\u00eda a mi alrededor. Tambi\u00e9n me vi despojada de prejuicios, lo que me ayud\u00f3 a enfocarme m\u00e1s en entender por qu\u00e9 suceden las cosas en [&hellip;]\" \/>\n<meta property=\"og:url\" content=\"https:\/\/www.entreculturas.org\/gl\/noticia\/judith-volpa-en-chile\/\" \/>\n<meta property=\"og:site_name\" content=\"Entreculturas\" \/>\n<meta property=\"article:publisher\" content=\"https:\/\/www.facebook.com\/entreculturas\" \/>\n<meta property=\"article:modified_time\" content=\"2024-09-17T11:47:14+00:00\" \/>\n<meta property=\"og:image\" content=\"https:\/\/www.entreculturas.org\/wp-content\/uploads\/2023\/12\/judith_0.jpg\" \/>\n\t<meta property=\"og:image:width\" content=\"567\" \/>\n\t<meta property=\"og:image:height\" content=\"425\" \/>\n\t<meta property=\"og:image:type\" content=\"image\/jpeg\" \/>\n<meta name=\"twitter:card\" content=\"summary_large_image\" \/>\n<meta name=\"twitter:site\" content=\"@Entreculturas\" \/>\n<script type=\"application\/ld+json\" class=\"yoast-schema-graph\">{\"@context\":\"https:\\\/\\\/schema.org\",\"@graph\":[{\"@type\":\"WebPage\",\"@id\":\"https:\\\/\\\/www.entreculturas.org\\\/gl\\\/noticia\\\/judith-volpa-en-chile\\\/\",\"url\":\"https:\\\/\\\/www.entreculturas.org\\\/gl\\\/noticia\\\/judith-volpa-en-chile\\\/\",\"name\":\"Judith, VOLPA en Chile - Entreculturas\",\"isPartOf\":{\"@id\":\"https:\\\/\\\/www.entreculturas.org\\\/gl\\\/#website\"},\"primaryImageOfPage\":{\"@id\":\"https:\\\/\\\/www.entreculturas.org\\\/gl\\\/noticia\\\/judith-volpa-en-chile\\\/#primaryimage\"},\"image\":{\"@id\":\"https:\\\/\\\/www.entreculturas.org\\\/gl\\\/noticia\\\/judith-volpa-en-chile\\\/#primaryimage\"},\"thumbnailUrl\":\"https:\\\/\\\/www.entreculturas.org\\\/wp-content\\\/uploads\\\/2023\\\/12\\\/judith_0.jpg\",\"datePublished\":\"2017-08-03T08:16:15+00:00\",\"dateModified\":\"2024-09-17T11:47:14+00:00\",\"breadcrumb\":{\"@id\":\"https:\\\/\\\/www.entreculturas.org\\\/gl\\\/noticia\\\/judith-volpa-en-chile\\\/#breadcrumb\"},\"inLanguage\":\"gl-ES\",\"potentialAction\":[{\"@type\":\"ReadAction\",\"target\":[\"https:\\\/\\\/www.entreculturas.org\\\/gl\\\/noticia\\\/judith-volpa-en-chile\\\/\"]}]},{\"@type\":\"ImageObject\",\"inLanguage\":\"gl-ES\",\"@id\":\"https:\\\/\\\/www.entreculturas.org\\\/gl\\\/noticia\\\/judith-volpa-en-chile\\\/#primaryimage\",\"url\":\"https:\\\/\\\/www.entreculturas.org\\\/wp-content\\\/uploads\\\/2023\\\/12\\\/judith_0.jpg\",\"contentUrl\":\"https:\\\/\\\/www.entreculturas.org\\\/wp-content\\\/uploads\\\/2023\\\/12\\\/judith_0.jpg\",\"width\":567,\"height\":425},{\"@type\":\"BreadcrumbList\",\"@id\":\"https:\\\/\\\/www.entreculturas.org\\\/gl\\\/noticia\\\/judith-volpa-en-chile\\\/#breadcrumb\",\"itemListElement\":[{\"@type\":\"ListItem\",\"position\":1,\"name\":\"Home\",\"item\":\"https:\\\/\\\/www.entreculturas.org\\\/gl\\\/\"},{\"@type\":\"ListItem\",\"position\":2,\"name\":\"Noticias\",\"item\":\"https:\\\/\\\/www.entreculturas.org\\\/gl\\\/noticias\\\/\"},{\"@type\":\"ListItem\",\"position\":3,\"name\":\"Judith, VOLPA en Chile\"}]},{\"@type\":\"WebSite\",\"@id\":\"https:\\\/\\\/www.entreculturas.org\\\/gl\\\/#website\",\"url\":\"https:\\\/\\\/www.entreculturas.org\\\/gl\\\/\",\"name\":\"Entreculturas\",\"description\":\"\",\"publisher\":{\"@id\":\"https:\\\/\\\/www.entreculturas.org\\\/gl\\\/#organization\"},\"alternateName\":\"Entreculturas\",\"potentialAction\":[{\"@type\":\"SearchAction\",\"target\":{\"@type\":\"EntryPoint\",\"urlTemplate\":\"https:\\\/\\\/www.entreculturas.org\\\/gl\\\/?s={search_term_string}\"},\"query-input\":{\"@type\":\"PropertyValueSpecification\",\"valueRequired\":true,\"valueName\":\"search_term_string\"}}],\"inLanguage\":\"gl-ES\"},{\"@type\":\"Organization\",\"@id\":\"https:\\\/\\\/www.entreculturas.org\\\/gl\\\/#organization\",\"name\":\"Entreculturas\",\"url\":\"https:\\\/\\\/www.entreculturas.org\\\/gl\\\/\",\"logo\":{\"@type\":\"ImageObject\",\"inLanguage\":\"gl-ES\",\"@id\":\"https:\\\/\\\/www.entreculturas.org\\\/gl\\\/#\\\/schema\\\/logo\\\/image\\\/\",\"url\":\"https:\\\/\\\/www.entreculturas.org\\\/wp-content\\\/uploads\\\/2025\\\/10\\\/ESP.svg\",\"contentUrl\":\"https:\\\/\\\/www.entreculturas.org\\\/wp-content\\\/uploads\\\/2025\\\/10\\\/ESP.svg\",\"caption\":\"Entreculturas\"},\"image\":{\"@id\":\"https:\\\/\\\/www.entreculturas.org\\\/gl\\\/#\\\/schema\\\/logo\\\/image\\\/\"},\"sameAs\":[\"https:\\\/\\\/www.facebook.com\\\/entreculturas\",\"https:\\\/\\\/x.com\\\/Entreculturas\",\"https:\\\/\\\/www.instagram.com\\\/entreculturas\\\/\",\"https:\\\/\\\/www.youtube.com\\\/user\\\/entreculturasvideo\",\"https:\\\/\\\/www.linkedin.com\\\/company\\\/fundacion-entreculturas-ngdo\\\/\",\"https:\\\/\\\/www.flickr.com\\\/photos\\\/98455522@N04\\\/albums\\\/\"]}]}<\/script>\n<!-- \/ Yoast SEO Premium plugin. -->","yoast_head_json":{"title":"Judith, VOLPA en Chile - Entreculturas","robots":{"index":"index","follow":"follow","max-snippet":"max-snippet:-1","max-image-preview":"max-image-preview:large","max-video-preview":"max-video-preview:-1"},"canonical":"https:\/\/www.entreculturas.org\/gl\/noticia\/judith-volpa-en-chile\/","og_locale":"gl_ES","og_type":"article","og_title":"Judith, VOLPA en Chile","og_description":"Soy Judith y pas\u00e9 un a\u00f1o como voluntaria en la oficina del Servicio Jesuita a Migrantes (SJM) en Santiago de Chile. Mi experiencia como VOLPA la califiqu\u00e9 en su momento, y lo sigo haciendo, como \u201cuna sucesi\u00f3n de nirvanas\u201d, y es que el Sur, m\u00e1s que atrapar \u2013que lo hace\u2013 te abre los ojos, te cura contra la indiferencia, te da herramientas para la luchar por la justicia social, te hace no querer parar en esa idea de contar qu\u00e9 has visto y, a su vez, al regresar, de destapar aquellas realidades de exclusi\u00f3n social que se encuentran enquistadas y ocultas en nuestra sociedad: nuestros sures. En Chile y desde el SJM, me vi como una esponja: viendo, observando y aprendiendo de todo lo que suced\u00eda a mi alrededor. Tambi\u00e9n me vi despojada de prejuicios, lo que me ayud\u00f3 a enfocarme m\u00e1s en entender por qu\u00e9 suceden las cosas en [&hellip;]","og_url":"https:\/\/www.entreculturas.org\/gl\/noticia\/judith-volpa-en-chile\/","og_site_name":"Entreculturas","article_publisher":"https:\/\/www.facebook.com\/entreculturas","article_modified_time":"2024-09-17T11:47:14+00:00","og_image":[{"width":567,"height":425,"url":"https:\/\/www.entreculturas.org\/wp-content\/uploads\/2023\/12\/judith_0.jpg","type":"image\/jpeg"}],"twitter_card":"summary_large_image","twitter_site":"@Entreculturas","schema":{"@context":"https:\/\/schema.org","@graph":[{"@type":"WebPage","@id":"https:\/\/www.entreculturas.org\/gl\/noticia\/judith-volpa-en-chile\/","url":"https:\/\/www.entreculturas.org\/gl\/noticia\/judith-volpa-en-chile\/","name":"Judith, VOLPA en Chile - Entreculturas","isPartOf":{"@id":"https:\/\/www.entreculturas.org\/gl\/#website"},"primaryImageOfPage":{"@id":"https:\/\/www.entreculturas.org\/gl\/noticia\/judith-volpa-en-chile\/#primaryimage"},"image":{"@id":"https:\/\/www.entreculturas.org\/gl\/noticia\/judith-volpa-en-chile\/#primaryimage"},"thumbnailUrl":"https:\/\/www.entreculturas.org\/wp-content\/uploads\/2023\/12\/judith_0.jpg","datePublished":"2017-08-03T08:16:15+00:00","dateModified":"2024-09-17T11:47:14+00:00","breadcrumb":{"@id":"https:\/\/www.entreculturas.org\/gl\/noticia\/judith-volpa-en-chile\/#breadcrumb"},"inLanguage":"gl-ES","potentialAction":[{"@type":"ReadAction","target":["https:\/\/www.entreculturas.org\/gl\/noticia\/judith-volpa-en-chile\/"]}]},{"@type":"ImageObject","inLanguage":"gl-ES","@id":"https:\/\/www.entreculturas.org\/gl\/noticia\/judith-volpa-en-chile\/#primaryimage","url":"https:\/\/www.entreculturas.org\/wp-content\/uploads\/2023\/12\/judith_0.jpg","contentUrl":"https:\/\/www.entreculturas.org\/wp-content\/uploads\/2023\/12\/judith_0.jpg","width":567,"height":425},{"@type":"BreadcrumbList","@id":"https:\/\/www.entreculturas.org\/gl\/noticia\/judith-volpa-en-chile\/#breadcrumb","itemListElement":[{"@type":"ListItem","position":1,"name":"Home","item":"https:\/\/www.entreculturas.org\/gl\/"},{"@type":"ListItem","position":2,"name":"Noticias","item":"https:\/\/www.entreculturas.org\/gl\/noticias\/"},{"@type":"ListItem","position":3,"name":"Judith, VOLPA en Chile"}]},{"@type":"WebSite","@id":"https:\/\/www.entreculturas.org\/gl\/#website","url":"https:\/\/www.entreculturas.org\/gl\/","name":"Entreculturas","description":"","publisher":{"@id":"https:\/\/www.entreculturas.org\/gl\/#organization"},"alternateName":"Entreculturas","potentialAction":[{"@type":"SearchAction","target":{"@type":"EntryPoint","urlTemplate":"https:\/\/www.entreculturas.org\/gl\/?s={search_term_string}"},"query-input":{"@type":"PropertyValueSpecification","valueRequired":true,"valueName":"search_term_string"}}],"inLanguage":"gl-ES"},{"@type":"Organization","@id":"https:\/\/www.entreculturas.org\/gl\/#organization","name":"Entreculturas","url":"https:\/\/www.entreculturas.org\/gl\/","logo":{"@type":"ImageObject","inLanguage":"gl-ES","@id":"https:\/\/www.entreculturas.org\/gl\/#\/schema\/logo\/image\/","url":"https:\/\/www.entreculturas.org\/wp-content\/uploads\/2025\/10\/ESP.svg","contentUrl":"https:\/\/www.entreculturas.org\/wp-content\/uploads\/2025\/10\/ESP.svg","caption":"Entreculturas"},"image":{"@id":"https:\/\/www.entreculturas.org\/gl\/#\/schema\/logo\/image\/"},"sameAs":["https:\/\/www.facebook.com\/entreculturas","https:\/\/x.com\/Entreculturas","https:\/\/www.instagram.com\/entreculturas\/","https:\/\/www.youtube.com\/user\/entreculturasvideo","https:\/\/www.linkedin.com\/company\/fundacion-entreculturas-ngdo\/","https:\/\/www.flickr.com\/photos\/98455522@N04\/albums\/"]}]}},"_links":{"self":[{"href":"https:\/\/www.entreculturas.org\/gl\/wp-json\/wp\/v2\/noticia\/9534","targetHints":{"allow":["GET"]}}],"collection":[{"href":"https:\/\/www.entreculturas.org\/gl\/wp-json\/wp\/v2\/noticia"}],"about":[{"href":"https:\/\/www.entreculturas.org\/gl\/wp-json\/wp\/v2\/types\/noticia"}],"wp:featuredmedia":[{"embeddable":true,"href":"https:\/\/www.entreculturas.org\/gl\/wp-json\/wp\/v2\/media\/9535"}],"wp:attachment":[{"href":"https:\/\/www.entreculturas.org\/gl\/wp-json\/wp\/v2\/media?parent=9534"}],"wp:term":[{"taxonomy":"category","embeddable":true,"href":"https:\/\/www.entreculturas.org\/gl\/wp-json\/wp\/v2\/categories?post=9534"},{"taxonomy":"post_tag","embeddable":true,"href":"https:\/\/www.entreculturas.org\/gl\/wp-json\/wp\/v2\/tags?post=9534"},{"taxonomy":"country","embeddable":true,"href":"https:\/\/www.entreculturas.org\/gl\/wp-json\/wp\/v2\/country?post=9534"},{"taxonomy":"cause","embeddable":true,"href":"https:\/\/www.entreculturas.org\/gl\/wp-json\/wp\/v2\/cause?post=9534"}],"curies":[{"name":"wp","href":"https:\/\/api.w.org\/{rel}","templated":true}]}}