{"id":9532,"date":"2017-07-04T11:55:50","date_gmt":"2017-07-04T09:55:50","guid":{"rendered":"https:\/\/www.entreculturas.org\/publicacion\/susana-volpa-en-mexico\/"},"modified":"2024-09-17T13:46:28","modified_gmt":"2024-09-17T11:46:28","slug":"susana-volpa-en-mexico","status":"publish","type":"noticia","link":"https:\/\/www.entreculturas.org\/gl\/noticia\/susana-volpa-en-mexico\/","title":{"rendered":"Susana, VOLPA en M\u00e9xico"},"content":{"rendered":"<p>Soy originaria de Barcelona e Integradora Social. Los \u00faltimos a\u00f1os de mi vida profesional se hab\u00edan desarrollado en el mundo de las organizaciones humanitarias, pero en oficina y en la parte de gesti\u00f3n de donantes. Pese al rumbo de mi carrera profesional, <strong>mi verdadera vocaci\u00f3n siempre ha sido el trabajo directo con personas en situaci\u00f3n de vulnerabilidad<\/strong> y su desarrollo seg\u00fan el contexto cultural.&nbsp;<\/p>\n<p>Gracias a un gran amigo tuve la suerte de conocer Entreculturas y su programa de voluntariado internacional y decid\u00ed embarcarme en un cambio vital. Con mucha ilusi\u00f3n -y tambi\u00e9n con muchos miedos- dej\u00e9 mi vida en Espa\u00f1a para viajar a Latinoam\u00e9rica. No eleg\u00ed el pa\u00eds de destino, pero s\u00ed tuve la suerte de poder llegar a un proyecto que me entusiasmaba, el trabajo con migraci\u00f3n en albergues.<\/p>\n<p>Y as\u00ed fue como e<strong>n enero llegu\u00e9 al albergue de Bojay, una peque\u00f1a colonia en el estado de Hidalgo, M\u00e9xico<\/strong>. Nuestra casa para migrantes actualmente es un peque\u00f1o comedor donde prestamos servicio de 9 a 14h a personas en tr\u00e1nsito de Centroam\u00e9rica y M\u00e9xico que huyen de su pa\u00eds e intentan llegar a EE.UU. como \u00fanica opci\u00f3n para mejorar o directamente salvar su vida. Nuestra labor a priori es bien sencilla, atendemos a los migrantes con servicios de comida, roper\u00eda, enfermer\u00eda, llamadas y espacios de descanso. Pero, <strong>tras estos meses en Bojay, puedo ver en lo sencillo de estos servicios lo importantes y necesarios que son para otras personas<\/strong>. Esto me ayuda a dar m\u00e1s valor y fuerza a mi trabajo, ya que a veces cuesta creer que est\u00e1s aportando algo en una realidad tan compleja.&nbsp;<\/p>\n<p>En este tiempo puedo decir que he visto a m\u00e1s de 2.000 personas migrantes pasar y que, para m\u00ed, suponen la expresi\u00f3n de un mundo que se maneja de una forma il\u00f3gica. Las historias y los aprendizajes que me llevo son inesperados y diferentes todos los d\u00edas. Porque, aunque los puntos de huida son comunes, cada persona y realidad son diferentes, y su forma de vivir el camino tambi\u00e9n. Pese a la dureza de sus historias, guardo como aprendizaje principal de las y los migrantes la capacidad de lucha y de resiliencia del ser humano. <strong>Recuerdo cada mirada y sonrisa llena de lucha y fe<\/strong>. Eso me ense\u00f1a y me recuerda todos los d\u00edas que debo hacer lo mismo desde mi lejana realidad. Me recuerdan que debo luchar por lo que quiero, como visibilizar aquello con lo que no estoy conforme, aquello que quiero cambiar en m\u00ed y en el mundo en el que vivo. Porque, <strong>como decimos en el albergue, todos y todas somos hermanos en el camino<\/strong>. Gracias a Entreculturas y a su programa de voluntariado por brindarme esta posibilidad que har\u00e1 que en algunas cosas ya no sea la misma.&nbsp;<\/p>\n<p>&nbsp;<\/p>\n","protected":false},"excerpt":{"rendered":"<p>Soy originaria de Barcelona e Integradora Social. Los \u00faltimos a\u00f1os de mi vida profesional se hab\u00edan desarrollado en el mundo de las organizaciones humanitarias, pero en oficina y en la parte de gesti\u00f3n de donantes. Pese al rumbo de mi carrera profesional, mi verdadera vocaci\u00f3n siempre ha sido el trabajo directo con personas en situaci\u00f3n de vulnerabilidad y su desarrollo seg\u00fan el contexto cultural.&nbsp; Gracias a un gran amigo tuve la suerte de conocer Entreculturas y su programa de voluntariado internacional y decid\u00ed embarcarme en un cambio vital. Con mucha ilusi\u00f3n -y tambi\u00e9n con muchos miedos- dej\u00e9 mi vida en Espa\u00f1a para viajar a Latinoam\u00e9rica. No eleg\u00ed el pa\u00eds de destino, pero s\u00ed tuve la suerte de poder llegar a un proyecto que me entusiasmaba, el trabajo con migraci\u00f3n en albergues. Y as\u00ed fue como en enero llegu\u00e9 al albergue de Bojay, una peque\u00f1a colonia en el estado de Hidalgo, [&hellip;]<\/p>\n","protected":false},"featured_media":9533,"template":"single-noticia","meta":{"_acf_changed":false},"categories":[7],"tags":[191],"country":[],"cause":[],"class_list":["post-9532","noticia","type-noticia","status-publish","has-post-thumbnail","hentry","category-noticia","tag-voluntariado"],"acf":[],"yoast_head":"<!-- This site is optimized with the Yoast SEO Premium plugin v21.6 (Yoast SEO v27.5) - https:\/\/yoast.com\/product\/yoast-seo-premium-wordpress\/ -->\n<title>Susana, VOLPA en M\u00e9xico - Entreculturas<\/title>\n<meta name=\"robots\" content=\"index, follow, max-snippet:-1, max-image-preview:large, max-video-preview:-1\" \/>\n<link rel=\"canonical\" href=\"https:\/\/www.entreculturas.org\/gl\/noticia\/susana-volpa-en-mexico\/\" \/>\n<meta property=\"og:locale\" content=\"gl_ES\" \/>\n<meta property=\"og:type\" content=\"article\" \/>\n<meta property=\"og:title\" content=\"Susana, VOLPA en M\u00e9xico\" \/>\n<meta property=\"og:description\" content=\"Soy originaria de Barcelona e Integradora Social. Los \u00faltimos a\u00f1os de mi vida profesional se hab\u00edan desarrollado en el mundo de las organizaciones humanitarias, pero en oficina y en la parte de gesti\u00f3n de donantes. Pese al rumbo de mi carrera profesional, mi verdadera vocaci\u00f3n siempre ha sido el trabajo directo con personas en situaci\u00f3n de vulnerabilidad y su desarrollo seg\u00fan el contexto cultural.&nbsp; Gracias a un gran amigo tuve la suerte de conocer Entreculturas y su programa de voluntariado internacional y decid\u00ed embarcarme en un cambio vital. Con mucha ilusi\u00f3n -y tambi\u00e9n con muchos miedos- dej\u00e9 mi vida en Espa\u00f1a para viajar a Latinoam\u00e9rica. No eleg\u00ed el pa\u00eds de destino, pero s\u00ed tuve la suerte de poder llegar a un proyecto que me entusiasmaba, el trabajo con migraci\u00f3n en albergues. Y as\u00ed fue como en enero llegu\u00e9 al albergue de Bojay, una peque\u00f1a colonia en el estado de Hidalgo, [&hellip;]\" \/>\n<meta property=\"og:url\" content=\"https:\/\/www.entreculturas.org\/gl\/noticia\/susana-volpa-en-mexico\/\" \/>\n<meta property=\"og:site_name\" content=\"Entreculturas\" \/>\n<meta property=\"article:publisher\" content=\"https:\/\/www.facebook.com\/entreculturas\" \/>\n<meta property=\"article:modified_time\" content=\"2024-09-17T11:46:28+00:00\" \/>\n<meta property=\"og:image\" content=\"https:\/\/www.entreculturas.org\/wp-content\/uploads\/2023\/12\/susana-volpa.jpg\" \/>\n\t<meta property=\"og:image:width\" content=\"250\" \/>\n\t<meta property=\"og:image:height\" content=\"387\" \/>\n\t<meta property=\"og:image:type\" content=\"image\/jpeg\" \/>\n<meta name=\"twitter:card\" content=\"summary_large_image\" \/>\n<meta name=\"twitter:site\" content=\"@Entreculturas\" \/>\n<script type=\"application\/ld+json\" class=\"yoast-schema-graph\">{\"@context\":\"https:\\\/\\\/schema.org\",\"@graph\":[{\"@type\":\"WebPage\",\"@id\":\"https:\\\/\\\/www.entreculturas.org\\\/gl\\\/noticia\\\/susana-volpa-en-mexico\\\/\",\"url\":\"https:\\\/\\\/www.entreculturas.org\\\/gl\\\/noticia\\\/susana-volpa-en-mexico\\\/\",\"name\":\"Susana, VOLPA en M\u00e9xico - Entreculturas\",\"isPartOf\":{\"@id\":\"https:\\\/\\\/www.entreculturas.org\\\/gl\\\/#website\"},\"primaryImageOfPage\":{\"@id\":\"https:\\\/\\\/www.entreculturas.org\\\/gl\\\/noticia\\\/susana-volpa-en-mexico\\\/#primaryimage\"},\"image\":{\"@id\":\"https:\\\/\\\/www.entreculturas.org\\\/gl\\\/noticia\\\/susana-volpa-en-mexico\\\/#primaryimage\"},\"thumbnailUrl\":\"https:\\\/\\\/www.entreculturas.org\\\/wp-content\\\/uploads\\\/2023\\\/12\\\/susana-volpa.jpg\",\"datePublished\":\"2017-07-04T09:55:50+00:00\",\"dateModified\":\"2024-09-17T11:46:28+00:00\",\"breadcrumb\":{\"@id\":\"https:\\\/\\\/www.entreculturas.org\\\/gl\\\/noticia\\\/susana-volpa-en-mexico\\\/#breadcrumb\"},\"inLanguage\":\"gl-ES\",\"potentialAction\":[{\"@type\":\"ReadAction\",\"target\":[\"https:\\\/\\\/www.entreculturas.org\\\/gl\\\/noticia\\\/susana-volpa-en-mexico\\\/\"]}]},{\"@type\":\"ImageObject\",\"inLanguage\":\"gl-ES\",\"@id\":\"https:\\\/\\\/www.entreculturas.org\\\/gl\\\/noticia\\\/susana-volpa-en-mexico\\\/#primaryimage\",\"url\":\"https:\\\/\\\/www.entreculturas.org\\\/wp-content\\\/uploads\\\/2023\\\/12\\\/susana-volpa.jpg\",\"contentUrl\":\"https:\\\/\\\/www.entreculturas.org\\\/wp-content\\\/uploads\\\/2023\\\/12\\\/susana-volpa.jpg\",\"width\":250,\"height\":387},{\"@type\":\"BreadcrumbList\",\"@id\":\"https:\\\/\\\/www.entreculturas.org\\\/gl\\\/noticia\\\/susana-volpa-en-mexico\\\/#breadcrumb\",\"itemListElement\":[{\"@type\":\"ListItem\",\"position\":1,\"name\":\"Home\",\"item\":\"https:\\\/\\\/www.entreculturas.org\\\/gl\\\/\"},{\"@type\":\"ListItem\",\"position\":2,\"name\":\"Noticias\",\"item\":\"https:\\\/\\\/www.entreculturas.org\\\/gl\\\/noticias\\\/\"},{\"@type\":\"ListItem\",\"position\":3,\"name\":\"Susana, VOLPA en M\u00e9xico\"}]},{\"@type\":\"WebSite\",\"@id\":\"https:\\\/\\\/www.entreculturas.org\\\/gl\\\/#website\",\"url\":\"https:\\\/\\\/www.entreculturas.org\\\/gl\\\/\",\"name\":\"Entreculturas\",\"description\":\"\",\"publisher\":{\"@id\":\"https:\\\/\\\/www.entreculturas.org\\\/gl\\\/#organization\"},\"alternateName\":\"Entreculturas\",\"potentialAction\":[{\"@type\":\"SearchAction\",\"target\":{\"@type\":\"EntryPoint\",\"urlTemplate\":\"https:\\\/\\\/www.entreculturas.org\\\/gl\\\/?s={search_term_string}\"},\"query-input\":{\"@type\":\"PropertyValueSpecification\",\"valueRequired\":true,\"valueName\":\"search_term_string\"}}],\"inLanguage\":\"gl-ES\"},{\"@type\":\"Organization\",\"@id\":\"https:\\\/\\\/www.entreculturas.org\\\/gl\\\/#organization\",\"name\":\"Entreculturas\",\"url\":\"https:\\\/\\\/www.entreculturas.org\\\/gl\\\/\",\"logo\":{\"@type\":\"ImageObject\",\"inLanguage\":\"gl-ES\",\"@id\":\"https:\\\/\\\/www.entreculturas.org\\\/gl\\\/#\\\/schema\\\/logo\\\/image\\\/\",\"url\":\"https:\\\/\\\/www.entreculturas.org\\\/wp-content\\\/uploads\\\/2025\\\/10\\\/ESP.svg\",\"contentUrl\":\"https:\\\/\\\/www.entreculturas.org\\\/wp-content\\\/uploads\\\/2025\\\/10\\\/ESP.svg\",\"caption\":\"Entreculturas\"},\"image\":{\"@id\":\"https:\\\/\\\/www.entreculturas.org\\\/gl\\\/#\\\/schema\\\/logo\\\/image\\\/\"},\"sameAs\":[\"https:\\\/\\\/www.facebook.com\\\/entreculturas\",\"https:\\\/\\\/x.com\\\/Entreculturas\",\"https:\\\/\\\/www.instagram.com\\\/entreculturas\\\/\",\"https:\\\/\\\/www.youtube.com\\\/user\\\/entreculturasvideo\",\"https:\\\/\\\/www.linkedin.com\\\/company\\\/fundacion-entreculturas-ngdo\\\/\",\"https:\\\/\\\/www.flickr.com\\\/photos\\\/98455522@N04\\\/albums\\\/\"]}]}<\/script>\n<!-- \/ Yoast SEO Premium plugin. -->","yoast_head_json":{"title":"Susana, VOLPA en M\u00e9xico - Entreculturas","robots":{"index":"index","follow":"follow","max-snippet":"max-snippet:-1","max-image-preview":"max-image-preview:large","max-video-preview":"max-video-preview:-1"},"canonical":"https:\/\/www.entreculturas.org\/gl\/noticia\/susana-volpa-en-mexico\/","og_locale":"gl_ES","og_type":"article","og_title":"Susana, VOLPA en M\u00e9xico","og_description":"Soy originaria de Barcelona e Integradora Social. Los \u00faltimos a\u00f1os de mi vida profesional se hab\u00edan desarrollado en el mundo de las organizaciones humanitarias, pero en oficina y en la parte de gesti\u00f3n de donantes. Pese al rumbo de mi carrera profesional, mi verdadera vocaci\u00f3n siempre ha sido el trabajo directo con personas en situaci\u00f3n de vulnerabilidad y su desarrollo seg\u00fan el contexto cultural.&nbsp; Gracias a un gran amigo tuve la suerte de conocer Entreculturas y su programa de voluntariado internacional y decid\u00ed embarcarme en un cambio vital. Con mucha ilusi\u00f3n -y tambi\u00e9n con muchos miedos- dej\u00e9 mi vida en Espa\u00f1a para viajar a Latinoam\u00e9rica. No eleg\u00ed el pa\u00eds de destino, pero s\u00ed tuve la suerte de poder llegar a un proyecto que me entusiasmaba, el trabajo con migraci\u00f3n en albergues. Y as\u00ed fue como en enero llegu\u00e9 al albergue de Bojay, una peque\u00f1a colonia en el estado de Hidalgo, [&hellip;]","og_url":"https:\/\/www.entreculturas.org\/gl\/noticia\/susana-volpa-en-mexico\/","og_site_name":"Entreculturas","article_publisher":"https:\/\/www.facebook.com\/entreculturas","article_modified_time":"2024-09-17T11:46:28+00:00","og_image":[{"width":250,"height":387,"url":"https:\/\/www.entreculturas.org\/wp-content\/uploads\/2023\/12\/susana-volpa.jpg","type":"image\/jpeg"}],"twitter_card":"summary_large_image","twitter_site":"@Entreculturas","schema":{"@context":"https:\/\/schema.org","@graph":[{"@type":"WebPage","@id":"https:\/\/www.entreculturas.org\/gl\/noticia\/susana-volpa-en-mexico\/","url":"https:\/\/www.entreculturas.org\/gl\/noticia\/susana-volpa-en-mexico\/","name":"Susana, VOLPA en M\u00e9xico - Entreculturas","isPartOf":{"@id":"https:\/\/www.entreculturas.org\/gl\/#website"},"primaryImageOfPage":{"@id":"https:\/\/www.entreculturas.org\/gl\/noticia\/susana-volpa-en-mexico\/#primaryimage"},"image":{"@id":"https:\/\/www.entreculturas.org\/gl\/noticia\/susana-volpa-en-mexico\/#primaryimage"},"thumbnailUrl":"https:\/\/www.entreculturas.org\/wp-content\/uploads\/2023\/12\/susana-volpa.jpg","datePublished":"2017-07-04T09:55:50+00:00","dateModified":"2024-09-17T11:46:28+00:00","breadcrumb":{"@id":"https:\/\/www.entreculturas.org\/gl\/noticia\/susana-volpa-en-mexico\/#breadcrumb"},"inLanguage":"gl-ES","potentialAction":[{"@type":"ReadAction","target":["https:\/\/www.entreculturas.org\/gl\/noticia\/susana-volpa-en-mexico\/"]}]},{"@type":"ImageObject","inLanguage":"gl-ES","@id":"https:\/\/www.entreculturas.org\/gl\/noticia\/susana-volpa-en-mexico\/#primaryimage","url":"https:\/\/www.entreculturas.org\/wp-content\/uploads\/2023\/12\/susana-volpa.jpg","contentUrl":"https:\/\/www.entreculturas.org\/wp-content\/uploads\/2023\/12\/susana-volpa.jpg","width":250,"height":387},{"@type":"BreadcrumbList","@id":"https:\/\/www.entreculturas.org\/gl\/noticia\/susana-volpa-en-mexico\/#breadcrumb","itemListElement":[{"@type":"ListItem","position":1,"name":"Home","item":"https:\/\/www.entreculturas.org\/gl\/"},{"@type":"ListItem","position":2,"name":"Noticias","item":"https:\/\/www.entreculturas.org\/gl\/noticias\/"},{"@type":"ListItem","position":3,"name":"Susana, VOLPA en M\u00e9xico"}]},{"@type":"WebSite","@id":"https:\/\/www.entreculturas.org\/gl\/#website","url":"https:\/\/www.entreculturas.org\/gl\/","name":"Entreculturas","description":"","publisher":{"@id":"https:\/\/www.entreculturas.org\/gl\/#organization"},"alternateName":"Entreculturas","potentialAction":[{"@type":"SearchAction","target":{"@type":"EntryPoint","urlTemplate":"https:\/\/www.entreculturas.org\/gl\/?s={search_term_string}"},"query-input":{"@type":"PropertyValueSpecification","valueRequired":true,"valueName":"search_term_string"}}],"inLanguage":"gl-ES"},{"@type":"Organization","@id":"https:\/\/www.entreculturas.org\/gl\/#organization","name":"Entreculturas","url":"https:\/\/www.entreculturas.org\/gl\/","logo":{"@type":"ImageObject","inLanguage":"gl-ES","@id":"https:\/\/www.entreculturas.org\/gl\/#\/schema\/logo\/image\/","url":"https:\/\/www.entreculturas.org\/wp-content\/uploads\/2025\/10\/ESP.svg","contentUrl":"https:\/\/www.entreculturas.org\/wp-content\/uploads\/2025\/10\/ESP.svg","caption":"Entreculturas"},"image":{"@id":"https:\/\/www.entreculturas.org\/gl\/#\/schema\/logo\/image\/"},"sameAs":["https:\/\/www.facebook.com\/entreculturas","https:\/\/x.com\/Entreculturas","https:\/\/www.instagram.com\/entreculturas\/","https:\/\/www.youtube.com\/user\/entreculturasvideo","https:\/\/www.linkedin.com\/company\/fundacion-entreculturas-ngdo\/","https:\/\/www.flickr.com\/photos\/98455522@N04\/albums\/"]}]}},"_links":{"self":[{"href":"https:\/\/www.entreculturas.org\/gl\/wp-json\/wp\/v2\/noticia\/9532","targetHints":{"allow":["GET"]}}],"collection":[{"href":"https:\/\/www.entreculturas.org\/gl\/wp-json\/wp\/v2\/noticia"}],"about":[{"href":"https:\/\/www.entreculturas.org\/gl\/wp-json\/wp\/v2\/types\/noticia"}],"wp:featuredmedia":[{"embeddable":true,"href":"https:\/\/www.entreculturas.org\/gl\/wp-json\/wp\/v2\/media\/9533"}],"wp:attachment":[{"href":"https:\/\/www.entreculturas.org\/gl\/wp-json\/wp\/v2\/media?parent=9532"}],"wp:term":[{"taxonomy":"category","embeddable":true,"href":"https:\/\/www.entreculturas.org\/gl\/wp-json\/wp\/v2\/categories?post=9532"},{"taxonomy":"post_tag","embeddable":true,"href":"https:\/\/www.entreculturas.org\/gl\/wp-json\/wp\/v2\/tags?post=9532"},{"taxonomy":"country","embeddable":true,"href":"https:\/\/www.entreculturas.org\/gl\/wp-json\/wp\/v2\/country?post=9532"},{"taxonomy":"cause","embeddable":true,"href":"https:\/\/www.entreculturas.org\/gl\/wp-json\/wp\/v2\/cause?post=9532"}],"curies":[{"name":"wp","href":"https:\/\/api.w.org\/{rel}","templated":true}]}}