{"id":9530,"date":"2017-03-24T13:42:37","date_gmt":"2017-03-24T12:42:37","guid":{"rendered":"https:\/\/www.entreculturas.org\/publicacion\/milagros-volpa-en-guatemala\/"},"modified":"2024-09-17T13:45:53","modified_gmt":"2024-09-17T11:45:53","slug":"milagros-volpa-en-guatemala","status":"publish","type":"noticia","link":"https:\/\/www.entreculturas.org\/gl\/noticia\/milagros-volpa-en-guatemala\/","title":{"rendered":"Milagros, VOLPA en Guatemala"},"content":{"rendered":"<p>Desde peque\u00f1a he sido sensible al hecho de que hay muchas, demasiadas personas en el mundo que viven injustamente en condiciones muy duras: marginadas, excluidas, en medio de la violencia, en la escasez de recursos econ\u00f3micos y de oportunidades\u2026 y he sentido que deb\u00eda y quer\u00eda hacer algo para ayudar a transformar esas realidades. He tenido la suerte de haber disfrutado de las oportunidades necesarias para poder desarrollarme personal y profesionalmente y, <strong>apunt\u00e1ndome a VOLPA, quer\u00eda devolver a la sociedad parte de lo que \u00e9sta me ha dado en ese sentido<\/strong>, y comprometerme con las personas y grupos de personas a las que injustamente privan de esas oportunidades.<br \/>&nbsp;<br \/>He estado en Guatemala desde enero de 2016 hasta finales de febrero de 2017. <strong>Lo que he estado haciendo aqu\u00ed cada d\u00eda es, ante todo, conocer otra realidad, otra cultura, otra forma de interpretar la vida y de vivir muy diferentes a la que estaba acostumbrada<\/strong>, pues viv\u00eda&nbsp;en Santa Mar\u00eda Chiquimula, un peque\u00f1o municipio rural e ind\u00edgena del altiplano guatemalteco. Adem\u00e1s de eso, colaboraba&nbsp;con el programa de salud de la parroquia. Lunes, martes y mi\u00e9rcoles participaba en&nbsp;el Programa Educativo Materno Infantil (P.E.M.I) destinado a prevenir y paliar la desnutrici\u00f3n infantil en el municipio. Guatemala es el pa\u00eds con la tasa m\u00e1s elevada de desnutrici\u00f3n infantil de las Am\u00e9ricas y el municipio de Santa Mar\u00eda cuenta, a su vez, con una de las tasas m\u00e1s altas del pa\u00eds. Llev\u00e1bamos un control del peso y la talla de los ni\u00f1os y ni\u00f1as inscritos en el programa, educ\u00e1bamos a las madres en temas higi\u00e9nico-sanitarios y nutricionales y repart\u00edamos alimentos para mejorar la dieta de los ni\u00f1os y ni\u00f1as y de sus familias. Jueves y domingos atend\u00eda&nbsp;la farmacia social de la cl\u00ednica parroquial, tambi\u00e9n ayudaba&nbsp;a elaborar preparados medicinales y cosm\u00e9ticos naturales a base de las plantas medicinales de la granja escuela donde resid\u00eda. &nbsp;<br \/>&nbsp;<br \/>Alguna dificultad que otra, como en todo, siempre hay, sobre todo teniendo en cuenta que de repente me encontr\u00e9 sumergida en otra cultura muy diferente, con una lengua madre diferente (maya k\u2019iche\u2019), pas\u00e9 de vivir en un ambiente urbano a un ambiente rural y, por supuesto, sin la gran mayor\u00eda de las comodidades a las que estaba acostumbrada. Sin embargo, siento que VOLPA ha sido un gran regalo. <strong>Una experiencia positiva, hermosa, dura. Un encuentro que no deja indiferente, que transforma, que deja una huella de amor, y que prende un fuego de compromiso y defensa de los m\u00e1s vulnerables y de reivindicaci\u00f3n de justicia social<\/strong>. &nbsp;<br \/>&nbsp;<br \/>\u00bfLo que m\u00e1s me ha gustado? Sin duda, las personas que he tenido la suerte de conocer y de compartir con ellas sus historias de vida, su fuerza, su dignidad. Han sido un gran ejemplo para m\u00ed. Descubrir la belleza que existe tambi\u00e9n en las circunstancias m\u00e1s duras, donde se nos dice y pareciera que solo hay escasez, desgracia, olvido\u2026 Junto a eso hay tantas cosas hermosas y dignas de admirar que es una pena que pasen desapercibidas para la gran parte del mundo.<\/p>\n","protected":false},"excerpt":{"rendered":"<p>Desde peque\u00f1a he sido sensible al hecho de que hay muchas, demasiadas personas en el mundo que viven injustamente en condiciones muy duras: marginadas, excluidas, en medio de la violencia, en la escasez de recursos econ\u00f3micos y de oportunidades\u2026 y he sentido que deb\u00eda y quer\u00eda hacer algo para ayudar a transformar esas realidades. He tenido la suerte de haber disfrutado de las oportunidades necesarias para poder desarrollarme personal y profesionalmente y, apunt\u00e1ndome a VOLPA, quer\u00eda devolver a la sociedad parte de lo que \u00e9sta me ha dado en ese sentido, y comprometerme con las personas y grupos de personas a las que injustamente privan de esas oportunidades.&nbsp;He estado en Guatemala desde enero de 2016 hasta finales de febrero de 2017. Lo que he estado haciendo aqu\u00ed cada d\u00eda es, ante todo, conocer otra realidad, otra cultura, otra forma de interpretar la vida y de vivir muy diferentes a la [&hellip;]<\/p>\n","protected":false},"featured_media":9531,"template":"single-noticia","meta":{"_acf_changed":false},"categories":[7],"tags":[191],"country":[],"cause":[],"class_list":["post-9530","noticia","type-noticia","status-publish","has-post-thumbnail","hentry","category-noticia","tag-voluntariado"],"acf":[],"yoast_head":"<!-- This site is optimized with the Yoast SEO Premium plugin v21.6 (Yoast SEO v27.5) - https:\/\/yoast.com\/product\/yoast-seo-premium-wordpress\/ -->\n<title>Milagros, VOLPA en Guatemala - Entreculturas<\/title>\n<meta name=\"robots\" content=\"index, follow, max-snippet:-1, max-image-preview:large, max-video-preview:-1\" \/>\n<link rel=\"canonical\" href=\"https:\/\/www.entreculturas.org\/gl\/noticia\/milagros-volpa-en-guatemala\/\" \/>\n<meta property=\"og:locale\" content=\"gl_ES\" \/>\n<meta property=\"og:type\" content=\"article\" \/>\n<meta property=\"og:title\" content=\"Milagros, VOLPA en Guatemala\" \/>\n<meta property=\"og:description\" content=\"Desde peque\u00f1a he sido sensible al hecho de que hay muchas, demasiadas personas en el mundo que viven injustamente en condiciones muy duras: marginadas, excluidas, en medio de la violencia, en la escasez de recursos econ\u00f3micos y de oportunidades\u2026 y he sentido que deb\u00eda y quer\u00eda hacer algo para ayudar a transformar esas realidades. He tenido la suerte de haber disfrutado de las oportunidades necesarias para poder desarrollarme personal y profesionalmente y, apunt\u00e1ndome a VOLPA, quer\u00eda devolver a la sociedad parte de lo que \u00e9sta me ha dado en ese sentido, y comprometerme con las personas y grupos de personas a las que injustamente privan de esas oportunidades.&nbsp;He estado en Guatemala desde enero de 2016 hasta finales de febrero de 2017. Lo que he estado haciendo aqu\u00ed cada d\u00eda es, ante todo, conocer otra realidad, otra cultura, otra forma de interpretar la vida y de vivir muy diferentes a la [&hellip;]\" \/>\n<meta property=\"og:url\" content=\"https:\/\/www.entreculturas.org\/gl\/noticia\/milagros-volpa-en-guatemala\/\" \/>\n<meta property=\"og:site_name\" content=\"Entreculturas\" \/>\n<meta property=\"article:publisher\" content=\"https:\/\/www.facebook.com\/entreculturas\" \/>\n<meta property=\"article:modified_time\" content=\"2024-09-17T11:45:53+00:00\" \/>\n<meta property=\"og:image\" content=\"https:\/\/www.entreculturas.org\/wp-content\/uploads\/2023\/12\/milagros-ok.jpg\" \/>\n\t<meta property=\"og:image:width\" content=\"250\" \/>\n\t<meta property=\"og:image:height\" content=\"387\" \/>\n\t<meta property=\"og:image:type\" content=\"image\/jpeg\" \/>\n<meta name=\"twitter:card\" content=\"summary_large_image\" \/>\n<meta name=\"twitter:site\" content=\"@Entreculturas\" \/>\n<script type=\"application\/ld+json\" class=\"yoast-schema-graph\">{\"@context\":\"https:\\\/\\\/schema.org\",\"@graph\":[{\"@type\":\"WebPage\",\"@id\":\"https:\\\/\\\/www.entreculturas.org\\\/gl\\\/noticia\\\/milagros-volpa-en-guatemala\\\/\",\"url\":\"https:\\\/\\\/www.entreculturas.org\\\/gl\\\/noticia\\\/milagros-volpa-en-guatemala\\\/\",\"name\":\"Milagros, VOLPA en Guatemala - Entreculturas\",\"isPartOf\":{\"@id\":\"https:\\\/\\\/www.entreculturas.org\\\/gl\\\/#website\"},\"primaryImageOfPage\":{\"@id\":\"https:\\\/\\\/www.entreculturas.org\\\/gl\\\/noticia\\\/milagros-volpa-en-guatemala\\\/#primaryimage\"},\"image\":{\"@id\":\"https:\\\/\\\/www.entreculturas.org\\\/gl\\\/noticia\\\/milagros-volpa-en-guatemala\\\/#primaryimage\"},\"thumbnailUrl\":\"https:\\\/\\\/www.entreculturas.org\\\/wp-content\\\/uploads\\\/2023\\\/12\\\/milagros-ok.jpg\",\"datePublished\":\"2017-03-24T12:42:37+00:00\",\"dateModified\":\"2024-09-17T11:45:53+00:00\",\"breadcrumb\":{\"@id\":\"https:\\\/\\\/www.entreculturas.org\\\/gl\\\/noticia\\\/milagros-volpa-en-guatemala\\\/#breadcrumb\"},\"inLanguage\":\"gl-ES\",\"potentialAction\":[{\"@type\":\"ReadAction\",\"target\":[\"https:\\\/\\\/www.entreculturas.org\\\/gl\\\/noticia\\\/milagros-volpa-en-guatemala\\\/\"]}]},{\"@type\":\"ImageObject\",\"inLanguage\":\"gl-ES\",\"@id\":\"https:\\\/\\\/www.entreculturas.org\\\/gl\\\/noticia\\\/milagros-volpa-en-guatemala\\\/#primaryimage\",\"url\":\"https:\\\/\\\/www.entreculturas.org\\\/wp-content\\\/uploads\\\/2023\\\/12\\\/milagros-ok.jpg\",\"contentUrl\":\"https:\\\/\\\/www.entreculturas.org\\\/wp-content\\\/uploads\\\/2023\\\/12\\\/milagros-ok.jpg\",\"width\":250,\"height\":387},{\"@type\":\"BreadcrumbList\",\"@id\":\"https:\\\/\\\/www.entreculturas.org\\\/gl\\\/noticia\\\/milagros-volpa-en-guatemala\\\/#breadcrumb\",\"itemListElement\":[{\"@type\":\"ListItem\",\"position\":1,\"name\":\"Home\",\"item\":\"https:\\\/\\\/www.entreculturas.org\\\/gl\\\/\"},{\"@type\":\"ListItem\",\"position\":2,\"name\":\"Noticias\",\"item\":\"https:\\\/\\\/www.entreculturas.org\\\/gl\\\/noticias\\\/\"},{\"@type\":\"ListItem\",\"position\":3,\"name\":\"Milagros, VOLPA en Guatemala\"}]},{\"@type\":\"WebSite\",\"@id\":\"https:\\\/\\\/www.entreculturas.org\\\/gl\\\/#website\",\"url\":\"https:\\\/\\\/www.entreculturas.org\\\/gl\\\/\",\"name\":\"Entreculturas\",\"description\":\"\",\"publisher\":{\"@id\":\"https:\\\/\\\/www.entreculturas.org\\\/gl\\\/#organization\"},\"alternateName\":\"Entreculturas\",\"potentialAction\":[{\"@type\":\"SearchAction\",\"target\":{\"@type\":\"EntryPoint\",\"urlTemplate\":\"https:\\\/\\\/www.entreculturas.org\\\/gl\\\/?s={search_term_string}\"},\"query-input\":{\"@type\":\"PropertyValueSpecification\",\"valueRequired\":true,\"valueName\":\"search_term_string\"}}],\"inLanguage\":\"gl-ES\"},{\"@type\":\"Organization\",\"@id\":\"https:\\\/\\\/www.entreculturas.org\\\/gl\\\/#organization\",\"name\":\"Entreculturas\",\"url\":\"https:\\\/\\\/www.entreculturas.org\\\/gl\\\/\",\"logo\":{\"@type\":\"ImageObject\",\"inLanguage\":\"gl-ES\",\"@id\":\"https:\\\/\\\/www.entreculturas.org\\\/gl\\\/#\\\/schema\\\/logo\\\/image\\\/\",\"url\":\"https:\\\/\\\/www.entreculturas.org\\\/wp-content\\\/uploads\\\/2025\\\/10\\\/ESP.svg\",\"contentUrl\":\"https:\\\/\\\/www.entreculturas.org\\\/wp-content\\\/uploads\\\/2025\\\/10\\\/ESP.svg\",\"caption\":\"Entreculturas\"},\"image\":{\"@id\":\"https:\\\/\\\/www.entreculturas.org\\\/gl\\\/#\\\/schema\\\/logo\\\/image\\\/\"},\"sameAs\":[\"https:\\\/\\\/www.facebook.com\\\/entreculturas\",\"https:\\\/\\\/x.com\\\/Entreculturas\",\"https:\\\/\\\/www.instagram.com\\\/entreculturas\\\/\",\"https:\\\/\\\/www.youtube.com\\\/user\\\/entreculturasvideo\",\"https:\\\/\\\/www.linkedin.com\\\/company\\\/fundacion-entreculturas-ngdo\\\/\",\"https:\\\/\\\/www.flickr.com\\\/photos\\\/98455522@N04\\\/albums\\\/\"]}]}<\/script>\n<!-- \/ Yoast SEO Premium plugin. -->","yoast_head_json":{"title":"Milagros, VOLPA en Guatemala - Entreculturas","robots":{"index":"index","follow":"follow","max-snippet":"max-snippet:-1","max-image-preview":"max-image-preview:large","max-video-preview":"max-video-preview:-1"},"canonical":"https:\/\/www.entreculturas.org\/gl\/noticia\/milagros-volpa-en-guatemala\/","og_locale":"gl_ES","og_type":"article","og_title":"Milagros, VOLPA en Guatemala","og_description":"Desde peque\u00f1a he sido sensible al hecho de que hay muchas, demasiadas personas en el mundo que viven injustamente en condiciones muy duras: marginadas, excluidas, en medio de la violencia, en la escasez de recursos econ\u00f3micos y de oportunidades\u2026 y he sentido que deb\u00eda y quer\u00eda hacer algo para ayudar a transformar esas realidades. He tenido la suerte de haber disfrutado de las oportunidades necesarias para poder desarrollarme personal y profesionalmente y, apunt\u00e1ndome a VOLPA, quer\u00eda devolver a la sociedad parte de lo que \u00e9sta me ha dado en ese sentido, y comprometerme con las personas y grupos de personas a las que injustamente privan de esas oportunidades.&nbsp;He estado en Guatemala desde enero de 2016 hasta finales de febrero de 2017. Lo que he estado haciendo aqu\u00ed cada d\u00eda es, ante todo, conocer otra realidad, otra cultura, otra forma de interpretar la vida y de vivir muy diferentes a la [&hellip;]","og_url":"https:\/\/www.entreculturas.org\/gl\/noticia\/milagros-volpa-en-guatemala\/","og_site_name":"Entreculturas","article_publisher":"https:\/\/www.facebook.com\/entreculturas","article_modified_time":"2024-09-17T11:45:53+00:00","og_image":[{"width":250,"height":387,"url":"https:\/\/www.entreculturas.org\/wp-content\/uploads\/2023\/12\/milagros-ok.jpg","type":"image\/jpeg"}],"twitter_card":"summary_large_image","twitter_site":"@Entreculturas","schema":{"@context":"https:\/\/schema.org","@graph":[{"@type":"WebPage","@id":"https:\/\/www.entreculturas.org\/gl\/noticia\/milagros-volpa-en-guatemala\/","url":"https:\/\/www.entreculturas.org\/gl\/noticia\/milagros-volpa-en-guatemala\/","name":"Milagros, VOLPA en Guatemala - Entreculturas","isPartOf":{"@id":"https:\/\/www.entreculturas.org\/gl\/#website"},"primaryImageOfPage":{"@id":"https:\/\/www.entreculturas.org\/gl\/noticia\/milagros-volpa-en-guatemala\/#primaryimage"},"image":{"@id":"https:\/\/www.entreculturas.org\/gl\/noticia\/milagros-volpa-en-guatemala\/#primaryimage"},"thumbnailUrl":"https:\/\/www.entreculturas.org\/wp-content\/uploads\/2023\/12\/milagros-ok.jpg","datePublished":"2017-03-24T12:42:37+00:00","dateModified":"2024-09-17T11:45:53+00:00","breadcrumb":{"@id":"https:\/\/www.entreculturas.org\/gl\/noticia\/milagros-volpa-en-guatemala\/#breadcrumb"},"inLanguage":"gl-ES","potentialAction":[{"@type":"ReadAction","target":["https:\/\/www.entreculturas.org\/gl\/noticia\/milagros-volpa-en-guatemala\/"]}]},{"@type":"ImageObject","inLanguage":"gl-ES","@id":"https:\/\/www.entreculturas.org\/gl\/noticia\/milagros-volpa-en-guatemala\/#primaryimage","url":"https:\/\/www.entreculturas.org\/wp-content\/uploads\/2023\/12\/milagros-ok.jpg","contentUrl":"https:\/\/www.entreculturas.org\/wp-content\/uploads\/2023\/12\/milagros-ok.jpg","width":250,"height":387},{"@type":"BreadcrumbList","@id":"https:\/\/www.entreculturas.org\/gl\/noticia\/milagros-volpa-en-guatemala\/#breadcrumb","itemListElement":[{"@type":"ListItem","position":1,"name":"Home","item":"https:\/\/www.entreculturas.org\/gl\/"},{"@type":"ListItem","position":2,"name":"Noticias","item":"https:\/\/www.entreculturas.org\/gl\/noticias\/"},{"@type":"ListItem","position":3,"name":"Milagros, VOLPA en Guatemala"}]},{"@type":"WebSite","@id":"https:\/\/www.entreculturas.org\/gl\/#website","url":"https:\/\/www.entreculturas.org\/gl\/","name":"Entreculturas","description":"","publisher":{"@id":"https:\/\/www.entreculturas.org\/gl\/#organization"},"alternateName":"Entreculturas","potentialAction":[{"@type":"SearchAction","target":{"@type":"EntryPoint","urlTemplate":"https:\/\/www.entreculturas.org\/gl\/?s={search_term_string}"},"query-input":{"@type":"PropertyValueSpecification","valueRequired":true,"valueName":"search_term_string"}}],"inLanguage":"gl-ES"},{"@type":"Organization","@id":"https:\/\/www.entreculturas.org\/gl\/#organization","name":"Entreculturas","url":"https:\/\/www.entreculturas.org\/gl\/","logo":{"@type":"ImageObject","inLanguage":"gl-ES","@id":"https:\/\/www.entreculturas.org\/gl\/#\/schema\/logo\/image\/","url":"https:\/\/www.entreculturas.org\/wp-content\/uploads\/2025\/10\/ESP.svg","contentUrl":"https:\/\/www.entreculturas.org\/wp-content\/uploads\/2025\/10\/ESP.svg","caption":"Entreculturas"},"image":{"@id":"https:\/\/www.entreculturas.org\/gl\/#\/schema\/logo\/image\/"},"sameAs":["https:\/\/www.facebook.com\/entreculturas","https:\/\/x.com\/Entreculturas","https:\/\/www.instagram.com\/entreculturas\/","https:\/\/www.youtube.com\/user\/entreculturasvideo","https:\/\/www.linkedin.com\/company\/fundacion-entreculturas-ngdo\/","https:\/\/www.flickr.com\/photos\/98455522@N04\/albums\/"]}]}},"_links":{"self":[{"href":"https:\/\/www.entreculturas.org\/gl\/wp-json\/wp\/v2\/noticia\/9530","targetHints":{"allow":["GET"]}}],"collection":[{"href":"https:\/\/www.entreculturas.org\/gl\/wp-json\/wp\/v2\/noticia"}],"about":[{"href":"https:\/\/www.entreculturas.org\/gl\/wp-json\/wp\/v2\/types\/noticia"}],"wp:featuredmedia":[{"embeddable":true,"href":"https:\/\/www.entreculturas.org\/gl\/wp-json\/wp\/v2\/media\/9531"}],"wp:attachment":[{"href":"https:\/\/www.entreculturas.org\/gl\/wp-json\/wp\/v2\/media?parent=9530"}],"wp:term":[{"taxonomy":"category","embeddable":true,"href":"https:\/\/www.entreculturas.org\/gl\/wp-json\/wp\/v2\/categories?post=9530"},{"taxonomy":"post_tag","embeddable":true,"href":"https:\/\/www.entreculturas.org\/gl\/wp-json\/wp\/v2\/tags?post=9530"},{"taxonomy":"country","embeddable":true,"href":"https:\/\/www.entreculturas.org\/gl\/wp-json\/wp\/v2\/country?post=9530"},{"taxonomy":"cause","embeddable":true,"href":"https:\/\/www.entreculturas.org\/gl\/wp-json\/wp\/v2\/cause?post=9530"}],"curies":[{"name":"wp","href":"https:\/\/api.w.org\/{rel}","templated":true}]}}