{"id":9458,"date":"2023-11-30T10:51:37","date_gmt":"2023-11-30T09:51:37","guid":{"rendered":"https:\/\/www.entreculturas.org\/noticia\/voyaser-el-programa-de-colaboracion-de-entreculturas-y-santillana-latinoamerica-finalista\/"},"modified":"2024-02-14T15:04:34","modified_gmt":"2024-02-14T14:04:34","slug":"voyaser-el-programa-de-colaboracion-de-entreculturas-y-santillana-latinoamerica-finalista","status":"publish","type":"noticia","link":"https:\/\/www.entreculturas.org\/gl\/noticia\/voyaser-el-programa-de-colaboracion-de-entreculturas-y-santillana-latinoamerica-finalista\/","title":{"rendered":"#VoyaSer, el programa de colaboraci\u00f3n de Entreculturas y Santillana Latinoam\u00e9rica finalista en los XIV Premios Corresponsables"},"content":{"rendered":"<\/p>\n<p>&nbsp;<\/p>\n<p>El programa #VoyaSer,&nbsp; impulsado por Entreculturas &#8211; Fe y Alegr\u00eda y Santillana Latinoam\u00e9rica fue uno de los proyectos finalistas en los #XIVPremiosCorresponsables, que se entregaron el pasado 15 de noviembre en la sede del IESE Business School &#8211; University of Navarra, en Madrid.<\/p>\n<p>Este programa de colaboraci\u00f3n de Santillana y Entreculturas fue seleccionado junto a otras organizaciones, pertenecientes a todo tipo de grupos de inter\u00e9s, entre m\u00e1s de 800 candidaturas de 13 pa\u00edses, que se presentaron a los premios. Unos premios que reconocen algunas de las pr\u00e1cticas m\u00e1s destacadas en Responsabilidad Social, Sostenibilidad y ODS, as\u00ed como las mejores acciones de comunicaci\u00f3n con enfoque corresponsable.<\/p>\n<p>El programa Voy a Ser, que comenz\u00f3 en 2022, busca generar oportunidades de futuro para ni\u00f1as ind\u00edgenas en situaci\u00f3n de vulnerabilidad en Guatemala y Per\u00fa. Desde entonces, este programa de colaboraci\u00f3n est\u00e1 consiguiendo garantizar la continuidad educativa de las ni\u00f1as participantes, pero adem\u00e1s est\u00e1 consiguiendo, de una manera muy eficaz, visibilizar la realidad de desigualdad que sufren, la violencia e incidir para transformar las causas que originan esta injusticia. Asimismo, el programa Voy a Ser est\u00e1 produciendo un cambio en la comunidad local, ya que cada vez son m\u00e1s las ni\u00f1as que quieren participar en el programa y retomar sus estudios, transformando as\u00ed sus propias comunidades y siendo motor de cambio.<\/p>\n","protected":false},"excerpt":{"rendered":"<p>El programa #VoyaSer,  impulsado por Entreculturas &#8211; Fe y Alegr\u00eda y Santillana Latinoam\u00e9rica fue uno de los proyectos finalistas en los #XIVPremiosCorresponsables, que se entregaron el pasado 15 de noviembre en la sede del IESE Business School &#8211; University of Navarra, en Madrid.<\/p>\n","protected":false},"featured_media":9459,"template":"single-noticia","meta":{"_acf_changed":false},"categories":[7,728],"tags":[196],"country":[120],"cause":[128],"class_list":["post-9458","noticia","type-noticia","status-publish","has-post-thumbnail","hentry","category-noticia","category-sin-categorizar","tag-rsc","country-espana","cause-educacion"],"acf":[],"yoast_head":"<!-- This site is optimized with the Yoast SEO Premium plugin v21.6 (Yoast SEO v27.5) - https:\/\/yoast.com\/product\/yoast-seo-premium-wordpress\/ -->\n<title>#VoyaSer, el programa de colaboraci\u00f3n de Entreculturas y Santillana Latinoam\u00e9rica finalista en los XIV Premios Corresponsables - Entreculturas<\/title>\n<meta name=\"robots\" content=\"index, follow, max-snippet:-1, max-image-preview:large, max-video-preview:-1\" \/>\n<link rel=\"canonical\" href=\"https:\/\/www.entreculturas.org\/gl\/noticia\/voyaser-el-programa-de-colaboracion-de-entreculturas-y-santillana-latinoamerica-finalista\/\" \/>\n<meta property=\"og:locale\" content=\"gl_ES\" \/>\n<meta property=\"og:type\" content=\"article\" \/>\n<meta property=\"og:title\" content=\"#VoyaSer, el programa de colaboraci\u00f3n de Entreculturas y Santillana Latinoam\u00e9rica finalista en los XIV Premios Corresponsables\" \/>\n<meta property=\"og:description\" content=\"El programa #VoyaSer, impulsado por Entreculturas - Fe y Alegr\u00eda y Santillana Latinoam\u00e9rica fue uno de los proyectos finalistas en los #XIVPremiosCorresponsables, que se entregaron el pasado 15 de noviembre en la sede del IESE Business School - University of Navarra, en Madrid.\" \/>\n<meta property=\"og:url\" content=\"https:\/\/www.entreculturas.org\/gl\/noticia\/voyaser-el-programa-de-colaboracion-de-entreculturas-y-santillana-latinoamerica-finalista\/\" \/>\n<meta property=\"og:site_name\" content=\"Entreculturas\" \/>\n<meta property=\"article:publisher\" content=\"https:\/\/www.facebook.com\/entreculturas\" \/>\n<meta property=\"article:modified_time\" content=\"2024-02-14T14:04:34+00:00\" \/>\n<meta property=\"og:image\" content=\"https:\/\/www.entreculturas.org\/wp-content\/uploads\/2023\/12\/galicia_11_de_13-scaled-1.jpg\" \/>\n\t<meta property=\"og:image:width\" content=\"2560\" \/>\n\t<meta property=\"og:image:height\" content=\"1707\" \/>\n\t<meta property=\"og:image:type\" content=\"image\/jpeg\" \/>\n<meta name=\"twitter:card\" content=\"summary_large_image\" \/>\n<meta name=\"twitter:site\" content=\"@Entreculturas\" \/>\n<script type=\"application\/ld+json\" class=\"yoast-schema-graph\">{\"@context\":\"https:\\\/\\\/schema.org\",\"@graph\":[{\"@type\":\"WebPage\",\"@id\":\"https:\\\/\\\/www.entreculturas.org\\\/gl\\\/noticia\\\/voyaser-el-programa-de-colaboracion-de-entreculturas-y-santillana-latinoamerica-finalista\\\/\",\"url\":\"https:\\\/\\\/www.entreculturas.org\\\/gl\\\/noticia\\\/voyaser-el-programa-de-colaboracion-de-entreculturas-y-santillana-latinoamerica-finalista\\\/\",\"name\":\"#VoyaSer, el programa de colaboraci\u00f3n de Entreculturas y Santillana Latinoam\u00e9rica finalista en los XIV Premios Corresponsables - Entreculturas\",\"isPartOf\":{\"@id\":\"https:\\\/\\\/www.entreculturas.org\\\/gl\\\/#website\"},\"primaryImageOfPage\":{\"@id\":\"https:\\\/\\\/www.entreculturas.org\\\/gl\\\/noticia\\\/voyaser-el-programa-de-colaboracion-de-entreculturas-y-santillana-latinoamerica-finalista\\\/#primaryimage\"},\"image\":{\"@id\":\"https:\\\/\\\/www.entreculturas.org\\\/gl\\\/noticia\\\/voyaser-el-programa-de-colaboracion-de-entreculturas-y-santillana-latinoamerica-finalista\\\/#primaryimage\"},\"thumbnailUrl\":\"https:\\\/\\\/www.entreculturas.org\\\/wp-content\\\/uploads\\\/2023\\\/12\\\/galicia_11_de_13-scaled-1.jpg\",\"datePublished\":\"2023-11-30T09:51:37+00:00\",\"dateModified\":\"2024-02-14T14:04:34+00:00\",\"breadcrumb\":{\"@id\":\"https:\\\/\\\/www.entreculturas.org\\\/gl\\\/noticia\\\/voyaser-el-programa-de-colaboracion-de-entreculturas-y-santillana-latinoamerica-finalista\\\/#breadcrumb\"},\"inLanguage\":\"gl-ES\",\"potentialAction\":[{\"@type\":\"ReadAction\",\"target\":[\"https:\\\/\\\/www.entreculturas.org\\\/gl\\\/noticia\\\/voyaser-el-programa-de-colaboracion-de-entreculturas-y-santillana-latinoamerica-finalista\\\/\"]}]},{\"@type\":\"ImageObject\",\"inLanguage\":\"gl-ES\",\"@id\":\"https:\\\/\\\/www.entreculturas.org\\\/gl\\\/noticia\\\/voyaser-el-programa-de-colaboracion-de-entreculturas-y-santillana-latinoamerica-finalista\\\/#primaryimage\",\"url\":\"https:\\\/\\\/www.entreculturas.org\\\/wp-content\\\/uploads\\\/2023\\\/12\\\/galicia_11_de_13-scaled-1.jpg\",\"contentUrl\":\"https:\\\/\\\/www.entreculturas.org\\\/wp-content\\\/uploads\\\/2023\\\/12\\\/galicia_11_de_13-scaled-1.jpg\",\"width\":2560,\"height\":1707},{\"@type\":\"BreadcrumbList\",\"@id\":\"https:\\\/\\\/www.entreculturas.org\\\/gl\\\/noticia\\\/voyaser-el-programa-de-colaboracion-de-entreculturas-y-santillana-latinoamerica-finalista\\\/#breadcrumb\",\"itemListElement\":[{\"@type\":\"ListItem\",\"position\":1,\"name\":\"Home\",\"item\":\"https:\\\/\\\/www.entreculturas.org\\\/gl\\\/\"},{\"@type\":\"ListItem\",\"position\":2,\"name\":\"Noticias\",\"item\":\"https:\\\/\\\/www.entreculturas.org\\\/gl\\\/noticias\\\/\"},{\"@type\":\"ListItem\",\"position\":3,\"name\":\"#VoyaSer, el programa de colaboraci\u00f3n de Entreculturas y Santillana Latinoam\u00e9rica finalista en los XIV Premios Corresponsables\"}]},{\"@type\":\"WebSite\",\"@id\":\"https:\\\/\\\/www.entreculturas.org\\\/gl\\\/#website\",\"url\":\"https:\\\/\\\/www.entreculturas.org\\\/gl\\\/\",\"name\":\"Entreculturas\",\"description\":\"\",\"publisher\":{\"@id\":\"https:\\\/\\\/www.entreculturas.org\\\/gl\\\/#organization\"},\"alternateName\":\"Entreculturas\",\"potentialAction\":[{\"@type\":\"SearchAction\",\"target\":{\"@type\":\"EntryPoint\",\"urlTemplate\":\"https:\\\/\\\/www.entreculturas.org\\\/gl\\\/?s={search_term_string}\"},\"query-input\":{\"@type\":\"PropertyValueSpecification\",\"valueRequired\":true,\"valueName\":\"search_term_string\"}}],\"inLanguage\":\"gl-ES\"},{\"@type\":\"Organization\",\"@id\":\"https:\\\/\\\/www.entreculturas.org\\\/gl\\\/#organization\",\"name\":\"Entreculturas\",\"url\":\"https:\\\/\\\/www.entreculturas.org\\\/gl\\\/\",\"logo\":{\"@type\":\"ImageObject\",\"inLanguage\":\"gl-ES\",\"@id\":\"https:\\\/\\\/www.entreculturas.org\\\/gl\\\/#\\\/schema\\\/logo\\\/image\\\/\",\"url\":\"https:\\\/\\\/www.entreculturas.org\\\/wp-content\\\/uploads\\\/2025\\\/10\\\/ESP.svg\",\"contentUrl\":\"https:\\\/\\\/www.entreculturas.org\\\/wp-content\\\/uploads\\\/2025\\\/10\\\/ESP.svg\",\"caption\":\"Entreculturas\"},\"image\":{\"@id\":\"https:\\\/\\\/www.entreculturas.org\\\/gl\\\/#\\\/schema\\\/logo\\\/image\\\/\"},\"sameAs\":[\"https:\\\/\\\/www.facebook.com\\\/entreculturas\",\"https:\\\/\\\/x.com\\\/Entreculturas\",\"https:\\\/\\\/www.instagram.com\\\/entreculturas\\\/\",\"https:\\\/\\\/www.youtube.com\\\/user\\\/entreculturasvideo\",\"https:\\\/\\\/www.linkedin.com\\\/company\\\/fundacion-entreculturas-ngdo\\\/\",\"https:\\\/\\\/www.flickr.com\\\/photos\\\/98455522@N04\\\/albums\\\/\"]}]}<\/script>\n<!-- \/ Yoast SEO Premium plugin. -->","yoast_head_json":{"title":"#VoyaSer, el programa de colaboraci\u00f3n de Entreculturas y Santillana Latinoam\u00e9rica finalista en los XIV Premios Corresponsables - Entreculturas","robots":{"index":"index","follow":"follow","max-snippet":"max-snippet:-1","max-image-preview":"max-image-preview:large","max-video-preview":"max-video-preview:-1"},"canonical":"https:\/\/www.entreculturas.org\/gl\/noticia\/voyaser-el-programa-de-colaboracion-de-entreculturas-y-santillana-latinoamerica-finalista\/","og_locale":"gl_ES","og_type":"article","og_title":"#VoyaSer, el programa de colaboraci\u00f3n de Entreculturas y Santillana Latinoam\u00e9rica finalista en los XIV Premios Corresponsables","og_description":"El programa #VoyaSer, impulsado por Entreculturas - Fe y Alegr\u00eda y Santillana Latinoam\u00e9rica fue uno de los proyectos finalistas en los #XIVPremiosCorresponsables, que se entregaron el pasado 15 de noviembre en la sede del IESE Business School - University of Navarra, en Madrid.","og_url":"https:\/\/www.entreculturas.org\/gl\/noticia\/voyaser-el-programa-de-colaboracion-de-entreculturas-y-santillana-latinoamerica-finalista\/","og_site_name":"Entreculturas","article_publisher":"https:\/\/www.facebook.com\/entreculturas","article_modified_time":"2024-02-14T14:04:34+00:00","og_image":[{"width":2560,"height":1707,"url":"https:\/\/www.entreculturas.org\/wp-content\/uploads\/2023\/12\/galicia_11_de_13-scaled-1.jpg","type":"image\/jpeg"}],"twitter_card":"summary_large_image","twitter_site":"@Entreculturas","schema":{"@context":"https:\/\/schema.org","@graph":[{"@type":"WebPage","@id":"https:\/\/www.entreculturas.org\/gl\/noticia\/voyaser-el-programa-de-colaboracion-de-entreculturas-y-santillana-latinoamerica-finalista\/","url":"https:\/\/www.entreculturas.org\/gl\/noticia\/voyaser-el-programa-de-colaboracion-de-entreculturas-y-santillana-latinoamerica-finalista\/","name":"#VoyaSer, el programa de colaboraci\u00f3n de Entreculturas y Santillana Latinoam\u00e9rica finalista en los XIV Premios Corresponsables - Entreculturas","isPartOf":{"@id":"https:\/\/www.entreculturas.org\/gl\/#website"},"primaryImageOfPage":{"@id":"https:\/\/www.entreculturas.org\/gl\/noticia\/voyaser-el-programa-de-colaboracion-de-entreculturas-y-santillana-latinoamerica-finalista\/#primaryimage"},"image":{"@id":"https:\/\/www.entreculturas.org\/gl\/noticia\/voyaser-el-programa-de-colaboracion-de-entreculturas-y-santillana-latinoamerica-finalista\/#primaryimage"},"thumbnailUrl":"https:\/\/www.entreculturas.org\/wp-content\/uploads\/2023\/12\/galicia_11_de_13-scaled-1.jpg","datePublished":"2023-11-30T09:51:37+00:00","dateModified":"2024-02-14T14:04:34+00:00","breadcrumb":{"@id":"https:\/\/www.entreculturas.org\/gl\/noticia\/voyaser-el-programa-de-colaboracion-de-entreculturas-y-santillana-latinoamerica-finalista\/#breadcrumb"},"inLanguage":"gl-ES","potentialAction":[{"@type":"ReadAction","target":["https:\/\/www.entreculturas.org\/gl\/noticia\/voyaser-el-programa-de-colaboracion-de-entreculturas-y-santillana-latinoamerica-finalista\/"]}]},{"@type":"ImageObject","inLanguage":"gl-ES","@id":"https:\/\/www.entreculturas.org\/gl\/noticia\/voyaser-el-programa-de-colaboracion-de-entreculturas-y-santillana-latinoamerica-finalista\/#primaryimage","url":"https:\/\/www.entreculturas.org\/wp-content\/uploads\/2023\/12\/galicia_11_de_13-scaled-1.jpg","contentUrl":"https:\/\/www.entreculturas.org\/wp-content\/uploads\/2023\/12\/galicia_11_de_13-scaled-1.jpg","width":2560,"height":1707},{"@type":"BreadcrumbList","@id":"https:\/\/www.entreculturas.org\/gl\/noticia\/voyaser-el-programa-de-colaboracion-de-entreculturas-y-santillana-latinoamerica-finalista\/#breadcrumb","itemListElement":[{"@type":"ListItem","position":1,"name":"Home","item":"https:\/\/www.entreculturas.org\/gl\/"},{"@type":"ListItem","position":2,"name":"Noticias","item":"https:\/\/www.entreculturas.org\/gl\/noticias\/"},{"@type":"ListItem","position":3,"name":"#VoyaSer, el programa de colaboraci\u00f3n de Entreculturas y Santillana Latinoam\u00e9rica finalista en los XIV Premios Corresponsables"}]},{"@type":"WebSite","@id":"https:\/\/www.entreculturas.org\/gl\/#website","url":"https:\/\/www.entreculturas.org\/gl\/","name":"Entreculturas","description":"","publisher":{"@id":"https:\/\/www.entreculturas.org\/gl\/#organization"},"alternateName":"Entreculturas","potentialAction":[{"@type":"SearchAction","target":{"@type":"EntryPoint","urlTemplate":"https:\/\/www.entreculturas.org\/gl\/?s={search_term_string}"},"query-input":{"@type":"PropertyValueSpecification","valueRequired":true,"valueName":"search_term_string"}}],"inLanguage":"gl-ES"},{"@type":"Organization","@id":"https:\/\/www.entreculturas.org\/gl\/#organization","name":"Entreculturas","url":"https:\/\/www.entreculturas.org\/gl\/","logo":{"@type":"ImageObject","inLanguage":"gl-ES","@id":"https:\/\/www.entreculturas.org\/gl\/#\/schema\/logo\/image\/","url":"https:\/\/www.entreculturas.org\/wp-content\/uploads\/2025\/10\/ESP.svg","contentUrl":"https:\/\/www.entreculturas.org\/wp-content\/uploads\/2025\/10\/ESP.svg","caption":"Entreculturas"},"image":{"@id":"https:\/\/www.entreculturas.org\/gl\/#\/schema\/logo\/image\/"},"sameAs":["https:\/\/www.facebook.com\/entreculturas","https:\/\/x.com\/Entreculturas","https:\/\/www.instagram.com\/entreculturas\/","https:\/\/www.youtube.com\/user\/entreculturasvideo","https:\/\/www.linkedin.com\/company\/fundacion-entreculturas-ngdo\/","https:\/\/www.flickr.com\/photos\/98455522@N04\/albums\/"]}]}},"_links":{"self":[{"href":"https:\/\/www.entreculturas.org\/gl\/wp-json\/wp\/v2\/noticia\/9458","targetHints":{"allow":["GET"]}}],"collection":[{"href":"https:\/\/www.entreculturas.org\/gl\/wp-json\/wp\/v2\/noticia"}],"about":[{"href":"https:\/\/www.entreculturas.org\/gl\/wp-json\/wp\/v2\/types\/noticia"}],"wp:featuredmedia":[{"embeddable":true,"href":"https:\/\/www.entreculturas.org\/gl\/wp-json\/wp\/v2\/media\/9459"}],"wp:attachment":[{"href":"https:\/\/www.entreculturas.org\/gl\/wp-json\/wp\/v2\/media?parent=9458"}],"wp:term":[{"taxonomy":"category","embeddable":true,"href":"https:\/\/www.entreculturas.org\/gl\/wp-json\/wp\/v2\/categories?post=9458"},{"taxonomy":"post_tag","embeddable":true,"href":"https:\/\/www.entreculturas.org\/gl\/wp-json\/wp\/v2\/tags?post=9458"},{"taxonomy":"country","embeddable":true,"href":"https:\/\/www.entreculturas.org\/gl\/wp-json\/wp\/v2\/country?post=9458"},{"taxonomy":"cause","embeddable":true,"href":"https:\/\/www.entreculturas.org\/gl\/wp-json\/wp\/v2\/cause?post=9458"}],"curies":[{"name":"wp","href":"https:\/\/api.w.org\/{rel}","templated":true}]}}