{"id":9421,"date":"2024-05-29T09:18:00","date_gmt":"2024-05-29T07:18:00","guid":{"rendered":"https:\/\/www.entreculturas.org\/noticia\/tifon-yolanda-una-historia-de-resiliencia\/"},"modified":"2025-07-09T09:14:16","modified_gmt":"2025-07-09T07:14:16","slug":"tifon-yolanda-una-historia-de-resiliencia","status":"publish","type":"noticia","link":"https:\/\/www.entreculturas.org\/gl\/noticia\/tifon-yolanda-una-historia-de-resiliencia\/","title":{"rendered":"TIF\u00d3N YOLANDA: UNA HISTORIA DE RESILIENCIA"},"content":{"rendered":"\n<p>\u201cNo abandonamos la casa hasta que no sentimos el fuerte viento. Cuando amaneci\u00f3, lo vimos todo. Casi todas las casas hab\u00edan desaparecido, sin tejados, totalmente destruidas\u201d. Son palabras de Dionesio Nuevo. Su testimonio refleja el profundo impacto que el <strong>tif\u00f3n Haiyan<\/strong>, denominado localmente Yolanda, dej\u00f3 en la vida y los hogares de las familias filipinas.<\/p>\n\n\n\n<p class=\"has-text-align-left\">El 8 de noviembre de 2013 Yolanda azot\u00f3 la zona central del pa\u00eds dejando a su paso una destrucci\u00f3n inimaginable. Aproximadamente 8.000 personas perdieron la vida y m\u00e1s de 853.000 familias fueron desplazadas.<\/p>\n\n\n\n<p>A d\u00eda de hoy el <strong>impacto <\/strong>del tif\u00f3n sigue dejando una huella en la poblaci\u00f3n filipina; no obstante, han demostrado una resiliencia impresionante. Han trabajado en la recuperaci\u00f3n y en la preparaci\u00f3n para futuros desastres, construyendo un futuro m\u00e1s seguro y fortaleciendo sus capacidades de respuesta ante emergencias. <strong>Una d\u00e9cada despu\u00e9s, Filipinas reconstruye mejor, m\u00e1s verde y m\u00e1s fuerte que nunca.\u00a0<\/strong><\/p>\n\n\n\n<p>Desde Entreculturas, como parte de la Red Xavier, hemos estado a su lado en este proceso de reconstrucci\u00f3n y fortalecimiento a trav\u00e9s de dos proyectos en los municipios de Culion y Salcedo, en colaboraci\u00f3n con nuestros socios locales Simbahang Lingkod ng Bayan (SLB) y Environmental Science for Social Change (ESSC).<\/p>\n\n\n\n<h2 class=\"wp-block-heading\" id=\"h-un-futuro-mas-seguro\"><strong>Un futuro m\u00e1s seguro<\/strong><\/h2>\n\n\n\n<div style=\"height:15px\" aria-hidden=\"true\" class=\"wp-block-spacer\"><\/div>\n\n\n\n<div class=\"wp-block-columns is-layout-flex wp-container-core-columns-is-layout-71e086fe wp-block-columns-is-layout-flex\" style=\"padding-top:0;padding-right:var(--wp--preset--spacing--80);padding-bottom:0;padding-left:var(--wp--preset--spacing--80)\">\n<div class=\"wp-block-column is-layout-flow wp-block-column-is-layout-flow\" style=\"flex-basis:100%\">\n<figure class=\"wp-block-embed aligncenter is-type-video is-provider-youtube wp-block-embed-youtube wp-embed-aspect-16-9 wp-has-aspect-ratio\"><div class=\"wp-block-embed__wrapper\">\n<iframe loading=\"lazy\" title=\"Tif\u00f3n Yolanda - Testimonio Maricris\" width=\"500\" height=\"281\" src=\"https:\/\/www.youtube.com\/embed\/x440VOBP078?feature=oembed\" frameborder=\"0\" allow=\"accelerometer; autoplay; clipboard-write; encrypted-media; gyroscope; picture-in-picture; web-share\" referrerpolicy=\"strict-origin-when-cross-origin\" allowfullscreen><\/iframe>\n<\/div><\/figure>\n<\/div>\n<\/div>\n\n\n\n<p>Maricris Cabrera se dedica a la venta de pescado y lumpias (rollitos fritos) para garantizar la alimentaci\u00f3n y educaci\u00f3n de sus hijas. Su familia es una de las muchas que perdieron sus casas debido a la devastaci\u00f3n causada por el tif\u00f3n. De acuerdo al Consejo Nacional para la Reducci\u00f3n del Riesgo en Desastres de Filipinas, <strong>1 &#8216;1 mill\u00f3n de viviendas fueron destruidas.<\/strong><\/p>\n\n\n\n<p>Sin embargo, hoy en d\u00eda, Maricris y su familia pueden disfrutar de un hogar seguro. <strong>Su casa fue reconstruida gracias a los proyectos que impulsamos desde la Red Xavier en Filipinas<\/strong>. \u201cAhora tenemos nuestra casa que est\u00e1 a salvo de tormentas. Un lugar que podemos considerar nuestro. Lo que quiero para mi familia, especialmente para mis hijas es que estudien y se grad\u00faen. Realmente es mi sue\u00f1o. Antes est\u00e1bamos preocupados por ellas. Ahora estamos aqu\u00ed. Mi familia est\u00e1 a salvo\u201d, explica Maricris.<\/p>\n\n\n\n<figure class=\"wp-block-image aligncenter size-full\"><img decoding=\"async\" width=\"900\" height=\"561\" src=\"https:\/\/www.entreculturas.org\/wp-content\/uploads\/2023\/12\/dji_0037.jpg\" alt=\"tif\u00f3n yolanda\" class=\"wp-image-10781\" srcset=\"https:\/\/www.entreculturas.org\/wp-content\/uploads\/2023\/12\/dji_0037.jpg 900w, https:\/\/www.entreculturas.org\/wp-content\/uploads\/2023\/12\/dji_0037-300x187.jpg 300w, https:\/\/www.entreculturas.org\/wp-content\/uploads\/2023\/12\/dji_0037-768x479.jpg 768w\" sizes=\"(max-width: 900px) 100vw, 900px\" \/><\/figure>\n\n\n\n<p class=\"has-text-align-center\"><span style=\"font-size: 10px;\">\u00a9 Jaime Murciego&nbsp;<\/span><\/p>\n\n\n\n<p>A trav\u00e9s de estos proyectos, hemos reubicado a m\u00e1s de 300 familias, como la de Maricris, cuyas casas fueron destruidas por el tif\u00f3n o que viv\u00edan en zonas de alto riesgo. Adem\u00e1s, con estrecha colaboraci\u00f3n con&nbsp;las comunidades, hemos construido viviendas seguras para que las familias puedan vivir en paz y disfrutar de un hogar seguro, as\u00ed como pabellones de evacuaci\u00f3n en caso de futuras emergencias, asegurando as\u00ed la protecci\u00f3n y bienestar de la comunidad.<\/p>\n\n\n\n<p>Maritess A. Lacaba y sus hijos son otra de las familias que ahora disfrutan de un hogar seguro. Tras el tif\u00f3n, Maritess ha iniciado un peque\u00f1o negocio que les brinda ingresos y mayor estabilidad. Para ella, el cambio supuso un gran alivio cuando se mudaron: &#8220;Ya no importa lo fuerte que sople el viento. Ya no tengo que estar pendiente de las noticias para saber si hay tormenta, porque ahora estoy segura aqu\u00ed&#8221;.<\/p>\n\n\n\n<figure class=\"wp-block-image aligncenter size-full\"><img decoding=\"async\" width=\"900\" height=\"601\" src=\"https:\/\/www.entreculturas.org\/wp-content\/uploads\/2023\/12\/tess3.jpg\" alt=\"\" class=\"wp-image-10782\" srcset=\"https:\/\/www.entreculturas.org\/wp-content\/uploads\/2023\/12\/tess3.jpg 900w, https:\/\/www.entreculturas.org\/wp-content\/uploads\/2023\/12\/tess3-300x200.jpg 300w, https:\/\/www.entreculturas.org\/wp-content\/uploads\/2023\/12\/tess3-768x513.jpg 768w\" sizes=\"(max-width: 900px) 100vw, 900px\" \/><\/figure>\n\n\n\n<p class=\"has-text-align-center\"><span style=\"font-size: 10px;\">\u00a9 Jaime Murciego&nbsp;<\/span><\/p>\n\n\n\n<div style=\"height:15px\" aria-hidden=\"true\" class=\"wp-block-spacer\"><\/div>\n\n\n\n<h2 class=\"wp-block-heading\" id=\"h-otras-formas-de-sustento-tras-el-tifon-yolanda\"><strong>Otras formas de sustento tras el tif\u00f3n Yolanda<\/strong><\/h2>\n\n\n\n<p>El tif\u00f3n no solo caus\u00f3 la destrucci\u00f3n de los hogares de las familias filipinas, sino que tambi\u00e9n <strong>provoc\u00f3 la p\u00e9rdida de sus fuentes de ingresos<\/strong>, debido a la devastaci\u00f3n generalizada que afect\u00f3 a sectores como la agricultura, el comercio local y, principalmente, la pesca.&nbsp;Erlinda Boseiho y su esposo se dedicaban a la pesca antes del desastre para mantener a su familia, pero el tif\u00f3n destruy\u00f3 los manglares, corrales y costa. La pesca se volvi\u00f3 insuficiente no solo para la alimentaci\u00f3n de su familia, sino tambi\u00e9n para garantizar la educaci\u00f3n de sus 9 hijos.<\/p>\n\n\n\n<p>A trav\u00e9s de los proyectos que pusimos en marcha, hemos impulsado a las familias a <strong>crear nuevas fuentes de ingresos m\u00e1s sostenibles.<\/strong>&nbsp;Erlinda y su esposo dejaron atr\u00e1s la pesca para dedicarse a la agricultura, espec\u00edficamente al cultivo de bananas y tapioca. Esto ha sido un cambio significativo en sus vidas, ya que les ha permitido asegurar el sustento de su familia de una manera m\u00e1s segura y sostenible.<\/p>\n\n\n\n<p>Ahora Erlinda y su familia pueden so\u00f1ar con un futuro mejor: \u201cEl futuro que imagino para mi familia es que mis hijos y mis hijas puedan estudiar y que yo pueda apoyarles econ\u00f3micamente. Para m\u00ed es importante que terminen sus estudios\u201d.<\/p>\n\n\n\n<div style=\"height:15px\" aria-hidden=\"true\" class=\"wp-block-spacer\"><\/div>\n\n\n\n<div class=\"wp-block-columns is-layout-flex wp-container-core-columns-is-layout-c6a03c77 wp-block-columns-is-layout-flex\" style=\"padding-right:var(--wp--preset--spacing--80);padding-left:var(--wp--preset--spacing--80)\">\n<div class=\"wp-block-column is-layout-flow wp-block-column-is-layout-flow\" style=\"flex-basis:100%\">\n<figure class=\"wp-block-embed is-type-video is-provider-youtube wp-block-embed-youtube wp-embed-aspect-16-9 wp-has-aspect-ratio\"><div class=\"wp-block-embed__wrapper\">\n<iframe loading=\"lazy\" title=\"Tif\u00f3n Yolanda - Erlinda Boseiho\" width=\"500\" height=\"281\" src=\"https:\/\/www.youtube.com\/embed\/5xW-68PsvsM?start=1&#038;feature=oembed\" frameborder=\"0\" allow=\"accelerometer; autoplay; clipboard-write; encrypted-media; gyroscope; picture-in-picture; web-share\" referrerpolicy=\"strict-origin-when-cross-origin\" allowfullscreen><\/iframe>\n<\/div><\/figure>\n<\/div>\n<\/div>\n\n\n\n<div style=\"height:15px\" aria-hidden=\"true\" class=\"wp-block-spacer\"><\/div>\n\n\n\n<p>Los proyectos que hemos llevado a cabo tambi\u00e9n han incluido la formaci\u00f3n de una cooperativa local que se encarga de gestionar estas alternativas de subsistencia a la pesca. Esta cooperativa ha desempe\u00f1ado un papel crucial en la transformaci\u00f3n de la vida de familias como la de Erlinda, brind\u00e1ndoles un nuevo comienzo y la posibilidad de construir un futuro mejor.<\/p>\n\n\n\n<h2 class=\"wp-block-heading\" id=\"h-concientizacion-y-prevencion-nbsp\"><strong>Concientizaci\u00f3n y prevenci\u00f3n&nbsp;<\/strong><\/h2>\n\n\n\n<p>El tif\u00f3n no solo trajo consigo impactos negativos, sino que tambi\u00e9n desencaden\u00f3 una <strong>profunda reflexi\u00f3n en la poblaci\u00f3n filipina sobre los desastres naturales y la importancia de la prevenci\u00f3n<\/strong>. Las comunidades se han vuelto altamente conscientes de los riesgos clim\u00e1ticos y de la necesidad de desarrollar pr\u00e1cticas de protecci\u00f3n y cuidado del medio ambiente en sus espacios comunes, as\u00ed como en sus propias viviendas.<\/p>\n\n\n\n<p>Mediante nuestros proyectos, hemos promovido una mayor conciencia y reforzado la preparaci\u00f3n de las comunidades ante situaciones de emergencia, como desastres naturales. Ahora, <strong>las familias saben c\u00f3mo responder de manera efectiva en este tipo de circunstancias<\/strong>. Adem\u00e1s, como parte esencial de esta preparaci\u00f3n, se ha puesto un \u00e9nfasis significativo en la conservaci\u00f3n y restauraci\u00f3n de los manglares, que act\u00faan como una barrera natural contra las tormentas y las inundaciones costeras.<\/p>\n\n\n\n<div style=\"height:0px\" aria-hidden=\"true\" class=\"wp-block-spacer\"><\/div>\n\n\n\n<p>&#8220;La gente abusa del medio ambiente y por eso, estamos en peligro cada vez que hay un desastre como los tifones. Las tormentas se est\u00e1n volviendo m\u00e1s fuertes debido a la irresponsabilidad de las personas que provocan el cambio clim\u00e1tico&#8221; reflexiona Maricris. Su testimonio refleja el compromiso de la poblaci\u00f3n filipina en la conciencia ambiental y la prevenci\u00f3n de desastres naturales.<\/p>\n\n\n\n<h2 class=\"wp-block-heading\" id=\"h-la-importancia-del-trabajo-comunitario\"><strong>La importancia del trabajo comunitario<\/strong><\/h2>\n\n\n\n<div style=\"height:15px\" aria-hidden=\"true\" class=\"wp-block-spacer\"><\/div>\n\n\n\n<p><strong>Bayanihan<\/strong> en filipino significa esfuerzo colectivo y cooperaci\u00f3n para construir juntos como comunidad. Esta palabra encarna perfectamente el esp\u00edritu que ha guiado a la poblaci\u00f3n filipina durante el proceso de reconstrucci\u00f3n. <strong>La restauraci\u00f3n y recuperaci\u00f3n de Filipinas no habr\u00edan sido posibles sin el trabajo y la unidad de las comunidades locales.<\/strong><\/p>\n\n\n\n<p>Hombres, mujeres y j\u00f3venes participaron en los dos proyectos que llevamos a cabo en los municipios de Culi\u00f3n y Salcedo. Desde la construcci\u00f3n de viviendas hasta la implementaci\u00f3n de pr\u00e1cticas de mitigaci\u00f3n y adaptaci\u00f3n, estas comunidades se involucraron de manera activa y <strong>lideraron el camino hacia la reconstrucci\u00f3n de sus hogares y entornos<\/strong>. Su compromiso demostr\u00f3 que cuando las personas se unen en un esfuerzo colectivo, pueden superar cualquier adversidad.<\/p>\n\n\n\n<p>\u201cEs bonito vivir en una casa que pertenece a una comunidad porque siente el amor siente la unidad de&nbsp; una comunidad. Nos tratamos como una familia, como amigos\u201d menciona Erlinda Boseiho.<\/p>\n\n\n\n<div style=\"height:15px\" aria-hidden=\"true\" class=\"wp-block-spacer\"><\/div>\n\n\n\n<figure class=\"wp-block-image aligncenter size-full\"><img decoding=\"async\" width=\"900\" height=\"601\" src=\"https:\/\/www.entreculturas.org\/wp-content\/uploads\/2023\/12\/pedro2.jpg\" alt=\"\" class=\"wp-image-10784\" srcset=\"https:\/\/www.entreculturas.org\/wp-content\/uploads\/2023\/12\/pedro2.jpg 900w, https:\/\/www.entreculturas.org\/wp-content\/uploads\/2023\/12\/pedro2-300x200.jpg 300w, https:\/\/www.entreculturas.org\/wp-content\/uploads\/2023\/12\/pedro2-768x513.jpg 768w\" sizes=\"(max-width: 900px) 100vw, 900px\" \/><\/figure>\n\n\n\n<p class=\"has-text-align-center\"><span style=\"font-size: 10px;\">\u00a9 Jaime Murciego&nbsp;<\/span><\/p>\n\n\n\n<div style=\"height:15px\" aria-hidden=\"true\" class=\"wp-block-spacer\"><\/div>\n\n\n\n<p>Pedro Walpole, Director de Investigaci\u00f3n de Environmental Science for Social Change reflexiona sobre la <strong>importancia del sentido de comunidad <\/strong>en proyectos como los que llevamos a cabo en Filipinas. \u201cSi no construimos comunidad, las casas, de alguna forma, me temo que no van a ser efectivas\u201d, afirma. \u201cAs\u00ed que con esta iniciativa de unirse hay esperanza, hay fuerza aqu\u00ed que no est\u00e1 hecha de hormig\u00f3n. Tenemos un hogar donde la gente puede mantenerse unida, donde la gente puede -si la econom\u00eda y las pol\u00edticas son las correctas- construir un modo de vida solidario y sostenible\u201d.<\/p>\n\n\n\n<h2 class=\"wp-block-heading\" id=\"h-que-es-la-red-xavier\"><strong>\u00bfQu\u00e9 es la Red Xavier?<\/strong><\/h2>\n\n\n\n<p>La Red Xavier, fundada en 2004, es una coalici\u00f3n de 14 organizaciones jesuitas, entre las que se encuentra Entreculturas. Con presencia en m\u00e1s de 75 pa\u00edses, estas organizaciones trabajamos de manera coordinada para responder a emergencias, como la que se vivi\u00f3 en Filipinas durante el tif\u00f3n Yolanda, y situaciones de crisis en todo el mundo, llevando a cabo acciones humanitarias y proyectos de desarrollo.<br><br>Desc\u00e1rgate el cuaderno de la evaluaci\u00f3n del <a href=\"https:\/\/www.entreculturas.org\/publicacion\/resiliencia-comunitaria-en-emergencias\/\">proyecto<\/a>.<\/p>\n\n\n\n<li><a href=\"\"><\/a><\/li>\n\n\n\n<li><a href=\"\"><\/a><\/li>\n","protected":false},"excerpt":{"rendered":"<p>Hoy, se cumplen 10 a\u00f1os desde que el pa\u00eds presenci\u00f3 esta cat\u00e1strofe natural, catalogada como la peor de su historia reciente. El 8 de noviembre de 2013 Yolanda azot\u00f3 la zona central del pa\u00eds dejando a su paso una destrucci\u00f3n inimaginable. Aproximadamente 8.000 personas perdieron la vida y m\u00e1s de 853.000 familias fueron desplazadas.<\/p>\n","protected":false},"featured_media":9422,"template":"single-noticia","meta":{"_acf_changed":false},"categories":[7],"tags":[185],"country":[],"cause":[131],"class_list":["post-9421","noticia","type-noticia","status-publish","has-post-thumbnail","hentry","category-noticia","tag-entreculturas","cause-justicia-medioambiental"],"acf":[],"yoast_head":"<!-- This site is optimized with the Yoast SEO Premium plugin v21.6 (Yoast SEO v27.5) - https:\/\/yoast.com\/product\/yoast-seo-premium-wordpress\/ -->\n<title>TIF\u00d3N YOLANDA: UNA HISTORIA DE RESILIENCIA - Entreculturas<\/title>\n<meta name=\"description\" content=\"A d\u00eda de hoy el impacto del tif\u00f3n Yolanda sigue dejando una huella en la poblaci\u00f3n filipina; no obstante, han demostrado resiliencia.\" \/>\n<meta name=\"robots\" content=\"index, follow, max-snippet:-1, max-image-preview:large, max-video-preview:-1\" \/>\n<link rel=\"canonical\" href=\"https:\/\/www.entreculturas.org\/gl\/noticia\/tifon-yolanda-una-historia-de-resiliencia\/\" \/>\n<meta property=\"og:locale\" content=\"gl_ES\" \/>\n<meta property=\"og:type\" content=\"article\" \/>\n<meta property=\"og:title\" content=\"TIF\u00d3N YOLANDA: UNA HISTORIA DE RESILIENCIA\" \/>\n<meta property=\"og:description\" content=\"A d\u00eda de hoy el impacto del tif\u00f3n Yolanda sigue dejando una huella en la poblaci\u00f3n filipina; no obstante, han demostrado resiliencia.\" \/>\n<meta property=\"og:url\" content=\"https:\/\/www.entreculturas.org\/gl\/noticia\/tifon-yolanda-una-historia-de-resiliencia\/\" \/>\n<meta property=\"og:site_name\" content=\"Entreculturas\" \/>\n<meta property=\"article:publisher\" content=\"https:\/\/www.facebook.com\/entreculturas\" \/>\n<meta property=\"article:modified_time\" content=\"2025-07-09T07:14:16+00:00\" \/>\n<meta property=\"og:image\" content=\"https:\/\/www.entreculturas.org\/wp-content\/uploads\/2023\/12\/dji_0037-scaled-1.jpg\" \/>\n\t<meta property=\"og:image:width\" content=\"2560\" \/>\n\t<meta property=\"og:image:height\" content=\"1596\" \/>\n\t<meta property=\"og:image:type\" content=\"image\/jpeg\" \/>\n<meta name=\"twitter:card\" content=\"summary_large_image\" \/>\n<meta name=\"twitter:site\" content=\"@Entreculturas\" \/>\n<script type=\"application\/ld+json\" class=\"yoast-schema-graph\">{\"@context\":\"https:\\\/\\\/schema.org\",\"@graph\":[{\"@type\":\"WebPage\",\"@id\":\"https:\\\/\\\/www.entreculturas.org\\\/gl\\\/noticia\\\/tifon-yolanda-una-historia-de-resiliencia\\\/\",\"url\":\"https:\\\/\\\/www.entreculturas.org\\\/gl\\\/noticia\\\/tifon-yolanda-una-historia-de-resiliencia\\\/\",\"name\":\"TIF\u00d3N YOLANDA: UNA HISTORIA DE RESILIENCIA - Entreculturas\",\"isPartOf\":{\"@id\":\"https:\\\/\\\/www.entreculturas.org\\\/gl\\\/#website\"},\"primaryImageOfPage\":{\"@id\":\"https:\\\/\\\/www.entreculturas.org\\\/gl\\\/noticia\\\/tifon-yolanda-una-historia-de-resiliencia\\\/#primaryimage\"},\"image\":{\"@id\":\"https:\\\/\\\/www.entreculturas.org\\\/gl\\\/noticia\\\/tifon-yolanda-una-historia-de-resiliencia\\\/#primaryimage\"},\"thumbnailUrl\":\"https:\\\/\\\/www.entreculturas.org\\\/wp-content\\\/uploads\\\/2023\\\/12\\\/dji_0037-scaled-1.jpg\",\"datePublished\":\"2024-05-29T07:18:00+00:00\",\"dateModified\":\"2025-07-09T07:14:16+00:00\",\"description\":\"A d\u00eda de hoy el impacto del tif\u00f3n Yolanda sigue dejando una huella en la poblaci\u00f3n filipina; no obstante, han demostrado resiliencia.\",\"breadcrumb\":{\"@id\":\"https:\\\/\\\/www.entreculturas.org\\\/gl\\\/noticia\\\/tifon-yolanda-una-historia-de-resiliencia\\\/#breadcrumb\"},\"inLanguage\":\"gl-ES\",\"potentialAction\":[{\"@type\":\"ReadAction\",\"target\":[\"https:\\\/\\\/www.entreculturas.org\\\/gl\\\/noticia\\\/tifon-yolanda-una-historia-de-resiliencia\\\/\"]}]},{\"@type\":\"ImageObject\",\"inLanguage\":\"gl-ES\",\"@id\":\"https:\\\/\\\/www.entreculturas.org\\\/gl\\\/noticia\\\/tifon-yolanda-una-historia-de-resiliencia\\\/#primaryimage\",\"url\":\"https:\\\/\\\/www.entreculturas.org\\\/wp-content\\\/uploads\\\/2023\\\/12\\\/dji_0037-scaled-1.jpg\",\"contentUrl\":\"https:\\\/\\\/www.entreculturas.org\\\/wp-content\\\/uploads\\\/2023\\\/12\\\/dji_0037-scaled-1.jpg\",\"width\":2560,\"height\":1596},{\"@type\":\"BreadcrumbList\",\"@id\":\"https:\\\/\\\/www.entreculturas.org\\\/gl\\\/noticia\\\/tifon-yolanda-una-historia-de-resiliencia\\\/#breadcrumb\",\"itemListElement\":[{\"@type\":\"ListItem\",\"position\":1,\"name\":\"Home\",\"item\":\"https:\\\/\\\/www.entreculturas.org\\\/gl\\\/\"},{\"@type\":\"ListItem\",\"position\":2,\"name\":\"Noticias\",\"item\":\"https:\\\/\\\/www.entreculturas.org\\\/gl\\\/noticias\\\/\"},{\"@type\":\"ListItem\",\"position\":3,\"name\":\"TIF\u00d3N YOLANDA: UNA HISTORIA DE RESILIENCIA\"}]},{\"@type\":\"WebSite\",\"@id\":\"https:\\\/\\\/www.entreculturas.org\\\/gl\\\/#website\",\"url\":\"https:\\\/\\\/www.entreculturas.org\\\/gl\\\/\",\"name\":\"Entreculturas\",\"description\":\"\",\"publisher\":{\"@id\":\"https:\\\/\\\/www.entreculturas.org\\\/gl\\\/#organization\"},\"alternateName\":\"Entreculturas\",\"potentialAction\":[{\"@type\":\"SearchAction\",\"target\":{\"@type\":\"EntryPoint\",\"urlTemplate\":\"https:\\\/\\\/www.entreculturas.org\\\/gl\\\/?s={search_term_string}\"},\"query-input\":{\"@type\":\"PropertyValueSpecification\",\"valueRequired\":true,\"valueName\":\"search_term_string\"}}],\"inLanguage\":\"gl-ES\"},{\"@type\":\"Organization\",\"@id\":\"https:\\\/\\\/www.entreculturas.org\\\/gl\\\/#organization\",\"name\":\"Entreculturas\",\"url\":\"https:\\\/\\\/www.entreculturas.org\\\/gl\\\/\",\"logo\":{\"@type\":\"ImageObject\",\"inLanguage\":\"gl-ES\",\"@id\":\"https:\\\/\\\/www.entreculturas.org\\\/gl\\\/#\\\/schema\\\/logo\\\/image\\\/\",\"url\":\"https:\\\/\\\/www.entreculturas.org\\\/wp-content\\\/uploads\\\/2025\\\/10\\\/ESP.svg\",\"contentUrl\":\"https:\\\/\\\/www.entreculturas.org\\\/wp-content\\\/uploads\\\/2025\\\/10\\\/ESP.svg\",\"caption\":\"Entreculturas\"},\"image\":{\"@id\":\"https:\\\/\\\/www.entreculturas.org\\\/gl\\\/#\\\/schema\\\/logo\\\/image\\\/\"},\"sameAs\":[\"https:\\\/\\\/www.facebook.com\\\/entreculturas\",\"https:\\\/\\\/x.com\\\/Entreculturas\",\"https:\\\/\\\/www.instagram.com\\\/entreculturas\\\/\",\"https:\\\/\\\/www.youtube.com\\\/user\\\/entreculturasvideo\",\"https:\\\/\\\/www.linkedin.com\\\/company\\\/fundacion-entreculturas-ngdo\\\/\",\"https:\\\/\\\/www.flickr.com\\\/photos\\\/98455522@N04\\\/albums\\\/\"]}]}<\/script>\n<!-- \/ Yoast SEO Premium plugin. -->","yoast_head_json":{"title":"TIF\u00d3N YOLANDA: UNA HISTORIA DE RESILIENCIA - Entreculturas","description":"A d\u00eda de hoy el impacto del tif\u00f3n Yolanda sigue dejando una huella en la poblaci\u00f3n filipina; no obstante, han demostrado resiliencia.","robots":{"index":"index","follow":"follow","max-snippet":"max-snippet:-1","max-image-preview":"max-image-preview:large","max-video-preview":"max-video-preview:-1"},"canonical":"https:\/\/www.entreculturas.org\/gl\/noticia\/tifon-yolanda-una-historia-de-resiliencia\/","og_locale":"gl_ES","og_type":"article","og_title":"TIF\u00d3N YOLANDA: UNA HISTORIA DE RESILIENCIA","og_description":"A d\u00eda de hoy el impacto del tif\u00f3n Yolanda sigue dejando una huella en la poblaci\u00f3n filipina; no obstante, han demostrado resiliencia.","og_url":"https:\/\/www.entreculturas.org\/gl\/noticia\/tifon-yolanda-una-historia-de-resiliencia\/","og_site_name":"Entreculturas","article_publisher":"https:\/\/www.facebook.com\/entreculturas","article_modified_time":"2025-07-09T07:14:16+00:00","og_image":[{"width":2560,"height":1596,"url":"https:\/\/www.entreculturas.org\/wp-content\/uploads\/2023\/12\/dji_0037-scaled-1.jpg","type":"image\/jpeg"}],"twitter_card":"summary_large_image","twitter_site":"@Entreculturas","schema":{"@context":"https:\/\/schema.org","@graph":[{"@type":"WebPage","@id":"https:\/\/www.entreculturas.org\/gl\/noticia\/tifon-yolanda-una-historia-de-resiliencia\/","url":"https:\/\/www.entreculturas.org\/gl\/noticia\/tifon-yolanda-una-historia-de-resiliencia\/","name":"TIF\u00d3N YOLANDA: UNA HISTORIA DE RESILIENCIA - Entreculturas","isPartOf":{"@id":"https:\/\/www.entreculturas.org\/gl\/#website"},"primaryImageOfPage":{"@id":"https:\/\/www.entreculturas.org\/gl\/noticia\/tifon-yolanda-una-historia-de-resiliencia\/#primaryimage"},"image":{"@id":"https:\/\/www.entreculturas.org\/gl\/noticia\/tifon-yolanda-una-historia-de-resiliencia\/#primaryimage"},"thumbnailUrl":"https:\/\/www.entreculturas.org\/wp-content\/uploads\/2023\/12\/dji_0037-scaled-1.jpg","datePublished":"2024-05-29T07:18:00+00:00","dateModified":"2025-07-09T07:14:16+00:00","description":"A d\u00eda de hoy el impacto del tif\u00f3n Yolanda sigue dejando una huella en la poblaci\u00f3n filipina; no obstante, han demostrado resiliencia.","breadcrumb":{"@id":"https:\/\/www.entreculturas.org\/gl\/noticia\/tifon-yolanda-una-historia-de-resiliencia\/#breadcrumb"},"inLanguage":"gl-ES","potentialAction":[{"@type":"ReadAction","target":["https:\/\/www.entreculturas.org\/gl\/noticia\/tifon-yolanda-una-historia-de-resiliencia\/"]}]},{"@type":"ImageObject","inLanguage":"gl-ES","@id":"https:\/\/www.entreculturas.org\/gl\/noticia\/tifon-yolanda-una-historia-de-resiliencia\/#primaryimage","url":"https:\/\/www.entreculturas.org\/wp-content\/uploads\/2023\/12\/dji_0037-scaled-1.jpg","contentUrl":"https:\/\/www.entreculturas.org\/wp-content\/uploads\/2023\/12\/dji_0037-scaled-1.jpg","width":2560,"height":1596},{"@type":"BreadcrumbList","@id":"https:\/\/www.entreculturas.org\/gl\/noticia\/tifon-yolanda-una-historia-de-resiliencia\/#breadcrumb","itemListElement":[{"@type":"ListItem","position":1,"name":"Home","item":"https:\/\/www.entreculturas.org\/gl\/"},{"@type":"ListItem","position":2,"name":"Noticias","item":"https:\/\/www.entreculturas.org\/gl\/noticias\/"},{"@type":"ListItem","position":3,"name":"TIF\u00d3N YOLANDA: UNA HISTORIA DE RESILIENCIA"}]},{"@type":"WebSite","@id":"https:\/\/www.entreculturas.org\/gl\/#website","url":"https:\/\/www.entreculturas.org\/gl\/","name":"Entreculturas","description":"","publisher":{"@id":"https:\/\/www.entreculturas.org\/gl\/#organization"},"alternateName":"Entreculturas","potentialAction":[{"@type":"SearchAction","target":{"@type":"EntryPoint","urlTemplate":"https:\/\/www.entreculturas.org\/gl\/?s={search_term_string}"},"query-input":{"@type":"PropertyValueSpecification","valueRequired":true,"valueName":"search_term_string"}}],"inLanguage":"gl-ES"},{"@type":"Organization","@id":"https:\/\/www.entreculturas.org\/gl\/#organization","name":"Entreculturas","url":"https:\/\/www.entreculturas.org\/gl\/","logo":{"@type":"ImageObject","inLanguage":"gl-ES","@id":"https:\/\/www.entreculturas.org\/gl\/#\/schema\/logo\/image\/","url":"https:\/\/www.entreculturas.org\/wp-content\/uploads\/2025\/10\/ESP.svg","contentUrl":"https:\/\/www.entreculturas.org\/wp-content\/uploads\/2025\/10\/ESP.svg","caption":"Entreculturas"},"image":{"@id":"https:\/\/www.entreculturas.org\/gl\/#\/schema\/logo\/image\/"},"sameAs":["https:\/\/www.facebook.com\/entreculturas","https:\/\/x.com\/Entreculturas","https:\/\/www.instagram.com\/entreculturas\/","https:\/\/www.youtube.com\/user\/entreculturasvideo","https:\/\/www.linkedin.com\/company\/fundacion-entreculturas-ngdo\/","https:\/\/www.flickr.com\/photos\/98455522@N04\/albums\/"]}]}},"_links":{"self":[{"href":"https:\/\/www.entreculturas.org\/gl\/wp-json\/wp\/v2\/noticia\/9421","targetHints":{"allow":["GET"]}}],"collection":[{"href":"https:\/\/www.entreculturas.org\/gl\/wp-json\/wp\/v2\/noticia"}],"about":[{"href":"https:\/\/www.entreculturas.org\/gl\/wp-json\/wp\/v2\/types\/noticia"}],"wp:featuredmedia":[{"embeddable":true,"href":"https:\/\/www.entreculturas.org\/gl\/wp-json\/wp\/v2\/media\/9422"}],"wp:attachment":[{"href":"https:\/\/www.entreculturas.org\/gl\/wp-json\/wp\/v2\/media?parent=9421"}],"wp:term":[{"taxonomy":"category","embeddable":true,"href":"https:\/\/www.entreculturas.org\/gl\/wp-json\/wp\/v2\/categories?post=9421"},{"taxonomy":"post_tag","embeddable":true,"href":"https:\/\/www.entreculturas.org\/gl\/wp-json\/wp\/v2\/tags?post=9421"},{"taxonomy":"country","embeddable":true,"href":"https:\/\/www.entreculturas.org\/gl\/wp-json\/wp\/v2\/country?post=9421"},{"taxonomy":"cause","embeddable":true,"href":"https:\/\/www.entreculturas.org\/gl\/wp-json\/wp\/v2\/cause?post=9421"}],"curies":[{"name":"wp","href":"https:\/\/api.w.org\/{rel}","templated":true}]}}