{"id":9407,"date":"2023-10-25T10:43:40","date_gmt":"2023-10-25T08:43:40","guid":{"rendered":"https:\/\/www.entreculturas.org\/noticia\/serge-lumbule-artista-refugiado-congoleno\/"},"modified":"2024-02-14T14:59:38","modified_gmt":"2024-02-14T13:59:38","slug":"serge-lumbule-artista-refugiado-congoleno","status":"publish","type":"noticia","link":"https:\/\/www.entreculturas.org\/gl\/noticia\/serge-lumbule-artista-refugiado-congoleno\/","title":{"rendered":"Serge Lumbule: artista refugiado congole\u00f1o"},"content":{"rendered":"<\/p>\n<p>El D\u00eda del Artista, aunque no es tan celebrado como otras festividades, nos brinda la oportunidad de reflexionar sobre el poder del arte para transformar vidas. Para muchos, el arte es simplemente una forma de expresi\u00f3n, mientras que para otros, es un refugio, un espacio de paz y desconexi\u00f3n. En Entreculturas, creemos firmemente que el <strong>arte puede ser una herramienta para inspirar, sanar y empoderar a las personas.<\/strong> Hoy te contamos la historia de Serge Lumbule.&nbsp;<\/p>\n<p><strong>Un nuevo comienzo en Uganda<\/strong><\/p>\n<p>Serge Lumbule es un refugiado congole\u00f1o que ha vivido en Kampala, Uganda, desde 2009. Su vida como refugiado comenz\u00f3 cuando apenas era un ni\u00f1o, escapando de la violencia y la persecuci\u00f3n. Su familia se vio<strong> obligada a huir <\/strong>debido a los ataques de hombres armados que buscaban a su padre, un minero de oro.<\/p>\n<p>Tras llegar a <strong>Uganda<\/strong>, Serge y su familia se enfrentaron a numerosos desaf\u00edos. Sin amigos ni familiares para apoyarlos en su nuevo hogar, debieron afrontar la vida en un entorno completamente desconocido.<\/p>\n<p>\u201cLa vida era una pesadilla para nosotros, sin comida, pero intentamos sobrevivir como los p\u00e1jaros en el aire\u201d, afirma.<\/p>\n<p>Inicialmente, no pudo asistir a la escuela por la falta de recursos econ\u00f3micos y la barrera del idioma, ya que en Uganda se utiliza el ingl\u00e9s como lengua de instrucci\u00f3n. Sin embargo, tuvo la oportunidad de <strong>participar en un programa educativo<\/strong> del Servicio Jesuita a Refugiados que&nbsp;le abri\u00f3 muchas puertas<\/p>\n<p>Gracias a su <strong>dedicaci\u00f3n y perseverancia<\/strong>, gan\u00f3 una beca que le permiti\u00f3 iniciar su educaci\u00f3n primaria. Desde entonces, Serge no solo ha destacado en al \u00e1mbito acad\u00e9mico, sino que tambi\u00e9n se ha convertido en un h\u00e1bil artista.<\/p>\n<p>\u201cTener&nbsp; la oportunidad de estudiar sin interrupciones me hizo darme cuenta que esta era la \u00fanica posibilidad que ten\u00eda para convertirme en una mejor persona y no en un recolector de chatarra en las calle\u201d, menciona Serge.&nbsp;<\/p>\n<p><img decoding=\"async\" alt=\" src=\"https:\/\/www.entreculturas.org\/wp-content\/uploads\/2023\/12\/2023-03-jrskampala-stories-serge-drawing.jpg\" style=\"width: 525px; height: 700px;\"><\/p>\n<p><strong>El poder del arte<\/strong><\/p>\n<p>Serge ha encontrado en el arte una verdadera vocaci\u00f3n y una fuente de ingresos. <strong>Sus habilidades con el l\u00e1piz y el papel<\/strong> le permiten crear retratos y obras de arte visual y abstracto que vende para contribuir al sustento de su familia. Serge aspira a cursar una carrera en ingenier\u00eda civil en la universidad y considera que su capacidad en el arte y la ingenier\u00eda lo hace excepcionalmente vers\u00e1til. Actualmente, vive con su madre y cuatro hermanos.<\/p>\n<p><img decoding=\"async\" alt=\" src=\"https:\/\/www.entreculturas.org\/wp-content\/uploads\/2023\/12\/2023-03-jrskampala-stories-serge-art1.jpg\" style=\"width: 450px; height: 600px;\"><\/p>\n<p>Desde&nbsp;Entreculturas creemos en el <strong>poder del arte para transformar vidas<\/strong>. Por ello, apoyamos el trabajo de JRS en Uganda y otros pa\u00edses&nbsp;para fomentar el acceso a la educaci\u00f3n y promover el desarrollo integral de las comunidades.<\/p>\n<p>As\u00ed, acompa\u00f1amos a ni\u00f1os, ni\u00f1as y j\u00f3venes como Serge para que encuentren en la <strong>escuela un espacio seguro <\/strong>en el que puedan descubrir y <strong>nutrir su creatividad, superar las adversidades y construir un camino hacia un futuro m\u00e1s brillante.<\/strong> Creemos que la educaci\u00f3n y el arte son herramientas fundamentales para empoderar a las generaciones venideras y forjar un mundo m\u00e1s justo y lleno de oportunidades.<\/p>\n<div>&nbsp;<\/div>\n","protected":false},"excerpt":{"rendered":"<p>El D\u00eda del Artista, aunque no es tan celebrado como otras festividades, nos brinda la oportunidad de reflexionar sobre el poder del arte para transformar vidas. Para muchos, el arte es simplemente una forma de expresi\u00f3n, mientras que para otros, es un refugio, un espacio de paz y desconexi\u00f3n. En Entreculturas, creemos firmemente que el arte puede ser una herramienta para inspirar, sanar y empoderar a las personas. Hoy te contamos la historia de Serge Lumbule.<\/p>\n","protected":false},"featured_media":9410,"template":"single-noticia","meta":{"_acf_changed":false},"categories":[7,728],"tags":[10],"country":[125],"cause":[129],"class_list":["post-9407","noticia","type-noticia","status-publish","has-post-thumbnail","hentry","category-noticia","category-sin-categorizar","tag-migracion-y-refugio","country-uganda","cause-migracion-y-refugio"],"acf":[],"yoast_head":"<!-- This site is optimized with the Yoast SEO Premium plugin v21.6 (Yoast SEO v27.5) - https:\/\/yoast.com\/product\/yoast-seo-premium-wordpress\/ -->\n<title>Serge Lumbule: artista refugiado congole\u00f1o - Entreculturas<\/title>\n<meta name=\"robots\" content=\"index, follow, max-snippet:-1, max-image-preview:large, max-video-preview:-1\" \/>\n<link rel=\"canonical\" href=\"https:\/\/www.entreculturas.org\/gl\/noticia\/serge-lumbule-artista-refugiado-congoleno\/\" \/>\n<meta property=\"og:locale\" content=\"gl_ES\" \/>\n<meta property=\"og:type\" content=\"article\" \/>\n<meta property=\"og:title\" content=\"Serge Lumbule: artista refugiado congole\u00f1o\" \/>\n<meta property=\"og:description\" content=\"El D\u00eda del Artista, aunque no es tan celebrado como otras festividades, nos brinda la oportunidad de reflexionar sobre el poder del arte para transformar vidas. Para muchos, el arte es simplemente una forma de expresi\u00f3n, mientras que para otros, es un refugio, un espacio de paz y desconexi\u00f3n. En Entreculturas, creemos firmemente que el arte puede ser una herramienta para inspirar, sanar y empoderar a las personas. Hoy te contamos la historia de Serge Lumbule.\" \/>\n<meta property=\"og:url\" content=\"https:\/\/www.entreculturas.org\/gl\/noticia\/serge-lumbule-artista-refugiado-congoleno\/\" \/>\n<meta property=\"og:site_name\" content=\"Entreculturas\" \/>\n<meta property=\"article:publisher\" content=\"https:\/\/www.facebook.com\/entreculturas\" \/>\n<meta property=\"article:modified_time\" content=\"2024-02-14T13:59:38+00:00\" \/>\n<meta property=\"og:image\" content=\"https:\/\/www.entreculturas.org\/wp-content\/uploads\/2023\/12\/2023-03-jrskampala-stories-serge-potrait-scaled-1.jpg\" \/>\n\t<meta property=\"og:image:width\" content=\"2560\" \/>\n\t<meta property=\"og:image:height\" content=\"1386\" \/>\n\t<meta property=\"og:image:type\" content=\"image\/jpeg\" \/>\n<meta name=\"twitter:card\" content=\"summary_large_image\" \/>\n<meta name=\"twitter:site\" content=\"@Entreculturas\" \/>\n<script type=\"application\/ld+json\" class=\"yoast-schema-graph\">{\"@context\":\"https:\\\/\\\/schema.org\",\"@graph\":[{\"@type\":\"WebPage\",\"@id\":\"https:\\\/\\\/www.entreculturas.org\\\/gl\\\/noticia\\\/serge-lumbule-artista-refugiado-congoleno\\\/\",\"url\":\"https:\\\/\\\/www.entreculturas.org\\\/gl\\\/noticia\\\/serge-lumbule-artista-refugiado-congoleno\\\/\",\"name\":\"Serge Lumbule: artista refugiado congole\u00f1o - Entreculturas\",\"isPartOf\":{\"@id\":\"https:\\\/\\\/www.entreculturas.org\\\/gl\\\/#website\"},\"primaryImageOfPage\":{\"@id\":\"https:\\\/\\\/www.entreculturas.org\\\/gl\\\/noticia\\\/serge-lumbule-artista-refugiado-congoleno\\\/#primaryimage\"},\"image\":{\"@id\":\"https:\\\/\\\/www.entreculturas.org\\\/gl\\\/noticia\\\/serge-lumbule-artista-refugiado-congoleno\\\/#primaryimage\"},\"thumbnailUrl\":\"https:\\\/\\\/www.entreculturas.org\\\/wp-content\\\/uploads\\\/2023\\\/12\\\/2023-03-jrskampala-stories-serge-potrait-scaled-1.jpg\",\"datePublished\":\"2023-10-25T08:43:40+00:00\",\"dateModified\":\"2024-02-14T13:59:38+00:00\",\"breadcrumb\":{\"@id\":\"https:\\\/\\\/www.entreculturas.org\\\/gl\\\/noticia\\\/serge-lumbule-artista-refugiado-congoleno\\\/#breadcrumb\"},\"inLanguage\":\"gl-ES\",\"potentialAction\":[{\"@type\":\"ReadAction\",\"target\":[\"https:\\\/\\\/www.entreculturas.org\\\/gl\\\/noticia\\\/serge-lumbule-artista-refugiado-congoleno\\\/\"]}]},{\"@type\":\"ImageObject\",\"inLanguage\":\"gl-ES\",\"@id\":\"https:\\\/\\\/www.entreculturas.org\\\/gl\\\/noticia\\\/serge-lumbule-artista-refugiado-congoleno\\\/#primaryimage\",\"url\":\"https:\\\/\\\/www.entreculturas.org\\\/wp-content\\\/uploads\\\/2023\\\/12\\\/2023-03-jrskampala-stories-serge-potrait-scaled-1.jpg\",\"contentUrl\":\"https:\\\/\\\/www.entreculturas.org\\\/wp-content\\\/uploads\\\/2023\\\/12\\\/2023-03-jrskampala-stories-serge-potrait-scaled-1.jpg\",\"width\":2560,\"height\":1386},{\"@type\":\"BreadcrumbList\",\"@id\":\"https:\\\/\\\/www.entreculturas.org\\\/gl\\\/noticia\\\/serge-lumbule-artista-refugiado-congoleno\\\/#breadcrumb\",\"itemListElement\":[{\"@type\":\"ListItem\",\"position\":1,\"name\":\"Home\",\"item\":\"https:\\\/\\\/www.entreculturas.org\\\/gl\\\/\"},{\"@type\":\"ListItem\",\"position\":2,\"name\":\"Noticias\",\"item\":\"https:\\\/\\\/www.entreculturas.org\\\/gl\\\/noticias\\\/\"},{\"@type\":\"ListItem\",\"position\":3,\"name\":\"Serge Lumbule: artista refugiado congole\u00f1o\"}]},{\"@type\":\"WebSite\",\"@id\":\"https:\\\/\\\/www.entreculturas.org\\\/gl\\\/#website\",\"url\":\"https:\\\/\\\/www.entreculturas.org\\\/gl\\\/\",\"name\":\"Entreculturas\",\"description\":\"\",\"publisher\":{\"@id\":\"https:\\\/\\\/www.entreculturas.org\\\/gl\\\/#organization\"},\"alternateName\":\"Entreculturas\",\"potentialAction\":[{\"@type\":\"SearchAction\",\"target\":{\"@type\":\"EntryPoint\",\"urlTemplate\":\"https:\\\/\\\/www.entreculturas.org\\\/gl\\\/?s={search_term_string}\"},\"query-input\":{\"@type\":\"PropertyValueSpecification\",\"valueRequired\":true,\"valueName\":\"search_term_string\"}}],\"inLanguage\":\"gl-ES\"},{\"@type\":\"Organization\",\"@id\":\"https:\\\/\\\/www.entreculturas.org\\\/gl\\\/#organization\",\"name\":\"Entreculturas\",\"url\":\"https:\\\/\\\/www.entreculturas.org\\\/gl\\\/\",\"logo\":{\"@type\":\"ImageObject\",\"inLanguage\":\"gl-ES\",\"@id\":\"https:\\\/\\\/www.entreculturas.org\\\/gl\\\/#\\\/schema\\\/logo\\\/image\\\/\",\"url\":\"https:\\\/\\\/www.entreculturas.org\\\/wp-content\\\/uploads\\\/2025\\\/10\\\/ESP.svg\",\"contentUrl\":\"https:\\\/\\\/www.entreculturas.org\\\/wp-content\\\/uploads\\\/2025\\\/10\\\/ESP.svg\",\"caption\":\"Entreculturas\"},\"image\":{\"@id\":\"https:\\\/\\\/www.entreculturas.org\\\/gl\\\/#\\\/schema\\\/logo\\\/image\\\/\"},\"sameAs\":[\"https:\\\/\\\/www.facebook.com\\\/entreculturas\",\"https:\\\/\\\/x.com\\\/Entreculturas\",\"https:\\\/\\\/www.instagram.com\\\/entreculturas\\\/\",\"https:\\\/\\\/www.youtube.com\\\/user\\\/entreculturasvideo\",\"https:\\\/\\\/www.linkedin.com\\\/company\\\/fundacion-entreculturas-ngdo\\\/\",\"https:\\\/\\\/www.flickr.com\\\/photos\\\/98455522@N04\\\/albums\\\/\"]}]}<\/script>\n<!-- \/ Yoast SEO Premium plugin. -->","yoast_head_json":{"title":"Serge Lumbule: artista refugiado congole\u00f1o - Entreculturas","robots":{"index":"index","follow":"follow","max-snippet":"max-snippet:-1","max-image-preview":"max-image-preview:large","max-video-preview":"max-video-preview:-1"},"canonical":"https:\/\/www.entreculturas.org\/gl\/noticia\/serge-lumbule-artista-refugiado-congoleno\/","og_locale":"gl_ES","og_type":"article","og_title":"Serge Lumbule: artista refugiado congole\u00f1o","og_description":"El D\u00eda del Artista, aunque no es tan celebrado como otras festividades, nos brinda la oportunidad de reflexionar sobre el poder del arte para transformar vidas. Para muchos, el arte es simplemente una forma de expresi\u00f3n, mientras que para otros, es un refugio, un espacio de paz y desconexi\u00f3n. En Entreculturas, creemos firmemente que el arte puede ser una herramienta para inspirar, sanar y empoderar a las personas. Hoy te contamos la historia de Serge Lumbule.","og_url":"https:\/\/www.entreculturas.org\/gl\/noticia\/serge-lumbule-artista-refugiado-congoleno\/","og_site_name":"Entreculturas","article_publisher":"https:\/\/www.facebook.com\/entreculturas","article_modified_time":"2024-02-14T13:59:38+00:00","og_image":[{"width":2560,"height":1386,"url":"https:\/\/www.entreculturas.org\/wp-content\/uploads\/2023\/12\/2023-03-jrskampala-stories-serge-potrait-scaled-1.jpg","type":"image\/jpeg"}],"twitter_card":"summary_large_image","twitter_site":"@Entreculturas","schema":{"@context":"https:\/\/schema.org","@graph":[{"@type":"WebPage","@id":"https:\/\/www.entreculturas.org\/gl\/noticia\/serge-lumbule-artista-refugiado-congoleno\/","url":"https:\/\/www.entreculturas.org\/gl\/noticia\/serge-lumbule-artista-refugiado-congoleno\/","name":"Serge Lumbule: artista refugiado congole\u00f1o - Entreculturas","isPartOf":{"@id":"https:\/\/www.entreculturas.org\/gl\/#website"},"primaryImageOfPage":{"@id":"https:\/\/www.entreculturas.org\/gl\/noticia\/serge-lumbule-artista-refugiado-congoleno\/#primaryimage"},"image":{"@id":"https:\/\/www.entreculturas.org\/gl\/noticia\/serge-lumbule-artista-refugiado-congoleno\/#primaryimage"},"thumbnailUrl":"https:\/\/www.entreculturas.org\/wp-content\/uploads\/2023\/12\/2023-03-jrskampala-stories-serge-potrait-scaled-1.jpg","datePublished":"2023-10-25T08:43:40+00:00","dateModified":"2024-02-14T13:59:38+00:00","breadcrumb":{"@id":"https:\/\/www.entreculturas.org\/gl\/noticia\/serge-lumbule-artista-refugiado-congoleno\/#breadcrumb"},"inLanguage":"gl-ES","potentialAction":[{"@type":"ReadAction","target":["https:\/\/www.entreculturas.org\/gl\/noticia\/serge-lumbule-artista-refugiado-congoleno\/"]}]},{"@type":"ImageObject","inLanguage":"gl-ES","@id":"https:\/\/www.entreculturas.org\/gl\/noticia\/serge-lumbule-artista-refugiado-congoleno\/#primaryimage","url":"https:\/\/www.entreculturas.org\/wp-content\/uploads\/2023\/12\/2023-03-jrskampala-stories-serge-potrait-scaled-1.jpg","contentUrl":"https:\/\/www.entreculturas.org\/wp-content\/uploads\/2023\/12\/2023-03-jrskampala-stories-serge-potrait-scaled-1.jpg","width":2560,"height":1386},{"@type":"BreadcrumbList","@id":"https:\/\/www.entreculturas.org\/gl\/noticia\/serge-lumbule-artista-refugiado-congoleno\/#breadcrumb","itemListElement":[{"@type":"ListItem","position":1,"name":"Home","item":"https:\/\/www.entreculturas.org\/gl\/"},{"@type":"ListItem","position":2,"name":"Noticias","item":"https:\/\/www.entreculturas.org\/gl\/noticias\/"},{"@type":"ListItem","position":3,"name":"Serge Lumbule: artista refugiado congole\u00f1o"}]},{"@type":"WebSite","@id":"https:\/\/www.entreculturas.org\/gl\/#website","url":"https:\/\/www.entreculturas.org\/gl\/","name":"Entreculturas","description":"","publisher":{"@id":"https:\/\/www.entreculturas.org\/gl\/#organization"},"alternateName":"Entreculturas","potentialAction":[{"@type":"SearchAction","target":{"@type":"EntryPoint","urlTemplate":"https:\/\/www.entreculturas.org\/gl\/?s={search_term_string}"},"query-input":{"@type":"PropertyValueSpecification","valueRequired":true,"valueName":"search_term_string"}}],"inLanguage":"gl-ES"},{"@type":"Organization","@id":"https:\/\/www.entreculturas.org\/gl\/#organization","name":"Entreculturas","url":"https:\/\/www.entreculturas.org\/gl\/","logo":{"@type":"ImageObject","inLanguage":"gl-ES","@id":"https:\/\/www.entreculturas.org\/gl\/#\/schema\/logo\/image\/","url":"https:\/\/www.entreculturas.org\/wp-content\/uploads\/2025\/10\/ESP.svg","contentUrl":"https:\/\/www.entreculturas.org\/wp-content\/uploads\/2025\/10\/ESP.svg","caption":"Entreculturas"},"image":{"@id":"https:\/\/www.entreculturas.org\/gl\/#\/schema\/logo\/image\/"},"sameAs":["https:\/\/www.facebook.com\/entreculturas","https:\/\/x.com\/Entreculturas","https:\/\/www.instagram.com\/entreculturas\/","https:\/\/www.youtube.com\/user\/entreculturasvideo","https:\/\/www.linkedin.com\/company\/fundacion-entreculturas-ngdo\/","https:\/\/www.flickr.com\/photos\/98455522@N04\/albums\/"]}]}},"_links":{"self":[{"href":"https:\/\/www.entreculturas.org\/gl\/wp-json\/wp\/v2\/noticia\/9407","targetHints":{"allow":["GET"]}}],"collection":[{"href":"https:\/\/www.entreculturas.org\/gl\/wp-json\/wp\/v2\/noticia"}],"about":[{"href":"https:\/\/www.entreculturas.org\/gl\/wp-json\/wp\/v2\/types\/noticia"}],"wp:featuredmedia":[{"embeddable":true,"href":"https:\/\/www.entreculturas.org\/gl\/wp-json\/wp\/v2\/media\/9410"}],"wp:attachment":[{"href":"https:\/\/www.entreculturas.org\/gl\/wp-json\/wp\/v2\/media?parent=9407"}],"wp:term":[{"taxonomy":"category","embeddable":true,"href":"https:\/\/www.entreculturas.org\/gl\/wp-json\/wp\/v2\/categories?post=9407"},{"taxonomy":"post_tag","embeddable":true,"href":"https:\/\/www.entreculturas.org\/gl\/wp-json\/wp\/v2\/tags?post=9407"},{"taxonomy":"country","embeddable":true,"href":"https:\/\/www.entreculturas.org\/gl\/wp-json\/wp\/v2\/country?post=9407"},{"taxonomy":"cause","embeddable":true,"href":"https:\/\/www.entreculturas.org\/gl\/wp-json\/wp\/v2\/cause?post=9407"}],"curies":[{"name":"wp","href":"https:\/\/api.w.org\/{rel}","templated":true}]}}