{"id":9403,"date":"2023-10-25T07:36:02","date_gmt":"2023-10-25T05:36:02","guid":{"rendered":"https:\/\/www.entreculturas.org\/noticia\/entreculturas-participa-en-el-encuentro-de-fiare-banca-etica-en-italia\/"},"modified":"2024-02-14T15:00:11","modified_gmt":"2024-02-14T14:00:11","slug":"entreculturas-participa-en-el-encuentro-de-fiare-banca-etica-en-italia","status":"publish","type":"noticia","link":"https:\/\/www.entreculturas.org\/gl\/noticia\/entreculturas-participa-en-el-encuentro-de-fiare-banca-etica-en-italia\/","title":{"rendered":"Entreculturas participa en el Encuentro de Fiare Banca \u00c9tica en Italia"},"content":{"rendered":"<p>Durante los d\u00edas 19 y 20 de octubre <strong>Entreculturas ha participado en P\u00e1dova y M\u00f3dena en un Encuentro entre las Asambleas Territoriales espa\u00f1ola e italiana<\/strong> de <a href=\"https:\/\/www.fiarebancaetica.coop\/conmidinero\">Fiare Banca \u00c9tica<\/a>, para compartir experiencias y buscar sinergias, con el objetivo de que las finanzas \u00e9ticas contin\u00faen creciendo en ambos pa\u00edses, a nivel de capital social, ahorro, e impacto social, humano, y ambiental.&nbsp;<\/p>\n<p><strong>Entreculturas forma parte de la Asamblea Territorial de Fiare Banca \u00c9tica en Espa\u00f1a desde hace 5 a\u00f1os, junto a organizaciones como C\u00e1ritas, Reas, Refas, Ecooo, o Seryes<\/strong>, con el objetivo de promocionar las finanzas \u00e9ticas en Espa\u00f1a.<\/p>\n<p>Entreculturas es socia de Fiare desde hace m\u00e1s de 10 a\u00f1os, y actualmente <strong>aporta 12.000 euros de capital social al proyecto<\/strong>. Con cada 500 euros de capital social, Fiare puede conceder 7.500 euros en pr\u00e9stamos a entidades sociales que desarrollan una econom\u00eda al servicio de las personas y el medio ambiente. Por lo que el capital social actual de Entrecultura en Faire genera 180.000 euros en forma de pr\u00e9stamos solidarios.&nbsp;<\/p>\n<p>Fiare es un <strong>banco en manos de la ciudadan\u00eda<\/strong> organizada, constituido como <strong>sociedad cooperativa<\/strong> por acciones, que opera en territorio espa\u00f1ol desde hace m\u00e1s de 10 a\u00f1os, financiando proyectos de econom\u00eda social y solidaria (ESS).<\/p>\n<p>Fiare cuenta actualmente en Espa\u00f1a con <a href=\"https:\/\/www.fiarebancaetica.coop\/nuestros-numeros\">3.692 socios y socias<\/a>, un ahorro en cuentas de 285.263.000 \u20ac, un capital social de 5.033.000\u20ac, y pr\u00e9stamos actuales por valor de&nbsp; <strong>90.975.000 \u20ac a proyectos de impacto social y ambiental.<\/strong><\/p>\n<p>Fiare Banca \u00c9tica financia prioritariamente los siguientes sectores <a href=\"https:\/\/www.fiarebancaetica.coop\/informe-impacto-2022\/\">(INFORME DE IMPACTO 2022):<\/a><\/p>\n<ul>\n<li>sistema de bienestar social: servicios socio-sanitarios, vivienda social, microcr\u00e9dito asistencial;<\/li>\n<li>eficiencia energ\u00e9tica y energ\u00edas renovables: aislamiento de inmuebles, cogeneraci\u00f3n, energ\u00eda solar t\u00e9rmica, solar fotovoltaica, e\u00f3lica, hidroel\u00e9ctrica;<\/li>\n<li>medio ambiente: gesti\u00f3n de residuos, reciclado de materias primas, producciones eco-compatibles;<\/li>\n<li>agricultura de proximidad:&nbsp; producci\u00f3n y comercializaci\u00f3n de productos org\u00e1nicos (ecol\u00f3gicos); fomento de canales cortos de comercializaci\u00f3n, grupos de consumo y procesos de soberan\u00eda alimentaria<\/li>\n<li>cooperaci\u00f3n internacional: cooperaci\u00f3n al desarrollo reconocida por el Ministerio de Asuntos Exteriores y de Cooperaci\u00f3n, y\/o por instituciones supranacionales, microfinanzas, finanzas \u00e9ticas y solidarias;<\/li>\n<li>animaci\u00f3n sociocultural: educaci\u00f3n, cultura, deporte, centros juveniles, etc.;<\/li>\n<li>comercio justo.<\/li>\n<\/ul>\n<p>Fiare <strong>publica en su p\u00e1gina web todos los cr\u00e9ditos otorgados<\/strong>, donde los socios y clientes pueden verificar c\u00f3mo se emplea <a href=\"https:\/\/www.fiarebancaetica.coop\/conmidinero\">su dinero.<\/a><\/p>\n<p>Si est\u00e1s interesado\/a en <strong>abrir una cuenta en Fiare Banca \u00c9tica<\/strong>, o en aportar capital social, puedes escribirnos por favor a: Jose D\u00edaz de Argote j.diaz@entreculturas.org \u00a1Gracias!<\/p>\n","protected":false},"excerpt":{"rendered":"<p>Durante los d\u00edas 19 y 20 de octubre Entreculturas ha participado en P\u00e1dova y M\u00f3dena en un Encuentro entre las Asambleas Territoriales espa\u00f1ola e italiana de Fiare Banca \u00c9tica, para compartir experiencias y buscar sinergias, con el objetivo de que las finanzas \u00e9ticas contin\u00faen creciendo en ambos pa\u00edses, a nivel de capital social, ahorro, e impacto social, humano, y ambiental.<\/p>\n","protected":false},"featured_media":9404,"template":"single-noticia","meta":{"_acf_changed":false},"categories":[7,728],"tags":[196],"country":[120],"cause":[131],"class_list":["post-9403","noticia","type-noticia","status-publish","has-post-thumbnail","hentry","category-noticia","category-sin-categorizar","tag-rsc","country-espana","cause-justicia-medioambiental"],"acf":[],"yoast_head":"<!-- This site is optimized with the Yoast SEO Premium plugin v21.6 (Yoast SEO v27.5) - https:\/\/yoast.com\/product\/yoast-seo-premium-wordpress\/ -->\n<title>Entreculturas participa en el Encuentro de Fiare Banca \u00c9tica en Italia - Entreculturas<\/title>\n<meta name=\"robots\" content=\"index, follow, max-snippet:-1, max-image-preview:large, max-video-preview:-1\" \/>\n<link rel=\"canonical\" href=\"https:\/\/www.entreculturas.org\/gl\/noticia\/entreculturas-participa-en-el-encuentro-de-fiare-banca-etica-en-italia\/\" \/>\n<meta property=\"og:locale\" content=\"gl_ES\" \/>\n<meta property=\"og:type\" content=\"article\" \/>\n<meta property=\"og:title\" content=\"Entreculturas participa en el Encuentro de Fiare Banca \u00c9tica en Italia\" \/>\n<meta property=\"og:description\" content=\"Durante los d\u00edas 19 y 20 de octubre Entreculturas ha participado en P\u00e1dova y M\u00f3dena en un Encuentro entre las Asambleas Territoriales espa\u00f1ola e italiana de Fiare Banca \u00c9tica, para compartir experiencias y buscar sinergias, con el objetivo de que las finanzas \u00e9ticas contin\u00faen creciendo en ambos pa\u00edses, a nivel de capital social, ahorro, e impacto social, humano, y ambiental.\" \/>\n<meta property=\"og:url\" content=\"https:\/\/www.entreculturas.org\/gl\/noticia\/entreculturas-participa-en-el-encuentro-de-fiare-banca-etica-en-italia\/\" \/>\n<meta property=\"og:site_name\" content=\"Entreculturas\" \/>\n<meta property=\"article:publisher\" content=\"https:\/\/www.facebook.com\/entreculturas\" \/>\n<meta property=\"article:modified_time\" content=\"2024-02-14T14:00:11+00:00\" \/>\n<meta property=\"og:image\" content=\"https:\/\/www.entreculturas.org\/wp-content\/uploads\/2023\/12\/imagen_encuentro_fiare_23102023.jpg\" \/>\n\t<meta property=\"og:image:width\" content=\"800\" \/>\n\t<meta property=\"og:image:height\" content=\"600\" \/>\n\t<meta property=\"og:image:type\" content=\"image\/jpeg\" \/>\n<meta name=\"twitter:card\" content=\"summary_large_image\" \/>\n<meta name=\"twitter:site\" content=\"@Entreculturas\" \/>\n<script type=\"application\/ld+json\" class=\"yoast-schema-graph\">{\"@context\":\"https:\\\/\\\/schema.org\",\"@graph\":[{\"@type\":\"WebPage\",\"@id\":\"https:\\\/\\\/www.entreculturas.org\\\/gl\\\/noticia\\\/entreculturas-participa-en-el-encuentro-de-fiare-banca-etica-en-italia\\\/\",\"url\":\"https:\\\/\\\/www.entreculturas.org\\\/gl\\\/noticia\\\/entreculturas-participa-en-el-encuentro-de-fiare-banca-etica-en-italia\\\/\",\"name\":\"Entreculturas participa en el Encuentro de Fiare Banca \u00c9tica en Italia - Entreculturas\",\"isPartOf\":{\"@id\":\"https:\\\/\\\/www.entreculturas.org\\\/gl\\\/#website\"},\"primaryImageOfPage\":{\"@id\":\"https:\\\/\\\/www.entreculturas.org\\\/gl\\\/noticia\\\/entreculturas-participa-en-el-encuentro-de-fiare-banca-etica-en-italia\\\/#primaryimage\"},\"image\":{\"@id\":\"https:\\\/\\\/www.entreculturas.org\\\/gl\\\/noticia\\\/entreculturas-participa-en-el-encuentro-de-fiare-banca-etica-en-italia\\\/#primaryimage\"},\"thumbnailUrl\":\"https:\\\/\\\/www.entreculturas.org\\\/wp-content\\\/uploads\\\/2023\\\/12\\\/imagen_encuentro_fiare_23102023.jpg\",\"datePublished\":\"2023-10-25T05:36:02+00:00\",\"dateModified\":\"2024-02-14T14:00:11+00:00\",\"breadcrumb\":{\"@id\":\"https:\\\/\\\/www.entreculturas.org\\\/gl\\\/noticia\\\/entreculturas-participa-en-el-encuentro-de-fiare-banca-etica-en-italia\\\/#breadcrumb\"},\"inLanguage\":\"gl-ES\",\"potentialAction\":[{\"@type\":\"ReadAction\",\"target\":[\"https:\\\/\\\/www.entreculturas.org\\\/gl\\\/noticia\\\/entreculturas-participa-en-el-encuentro-de-fiare-banca-etica-en-italia\\\/\"]}]},{\"@type\":\"ImageObject\",\"inLanguage\":\"gl-ES\",\"@id\":\"https:\\\/\\\/www.entreculturas.org\\\/gl\\\/noticia\\\/entreculturas-participa-en-el-encuentro-de-fiare-banca-etica-en-italia\\\/#primaryimage\",\"url\":\"https:\\\/\\\/www.entreculturas.org\\\/wp-content\\\/uploads\\\/2023\\\/12\\\/imagen_encuentro_fiare_23102023.jpg\",\"contentUrl\":\"https:\\\/\\\/www.entreculturas.org\\\/wp-content\\\/uploads\\\/2023\\\/12\\\/imagen_encuentro_fiare_23102023.jpg\",\"width\":800,\"height\":600},{\"@type\":\"BreadcrumbList\",\"@id\":\"https:\\\/\\\/www.entreculturas.org\\\/gl\\\/noticia\\\/entreculturas-participa-en-el-encuentro-de-fiare-banca-etica-en-italia\\\/#breadcrumb\",\"itemListElement\":[{\"@type\":\"ListItem\",\"position\":1,\"name\":\"Home\",\"item\":\"https:\\\/\\\/www.entreculturas.org\\\/gl\\\/\"},{\"@type\":\"ListItem\",\"position\":2,\"name\":\"Noticias\",\"item\":\"https:\\\/\\\/www.entreculturas.org\\\/gl\\\/noticias\\\/\"},{\"@type\":\"ListItem\",\"position\":3,\"name\":\"Entreculturas participa en el Encuentro de Fiare Banca \u00c9tica en Italia\"}]},{\"@type\":\"WebSite\",\"@id\":\"https:\\\/\\\/www.entreculturas.org\\\/gl\\\/#website\",\"url\":\"https:\\\/\\\/www.entreculturas.org\\\/gl\\\/\",\"name\":\"Entreculturas\",\"description\":\"\",\"publisher\":{\"@id\":\"https:\\\/\\\/www.entreculturas.org\\\/gl\\\/#organization\"},\"alternateName\":\"Entreculturas\",\"potentialAction\":[{\"@type\":\"SearchAction\",\"target\":{\"@type\":\"EntryPoint\",\"urlTemplate\":\"https:\\\/\\\/www.entreculturas.org\\\/gl\\\/?s={search_term_string}\"},\"query-input\":{\"@type\":\"PropertyValueSpecification\",\"valueRequired\":true,\"valueName\":\"search_term_string\"}}],\"inLanguage\":\"gl-ES\"},{\"@type\":\"Organization\",\"@id\":\"https:\\\/\\\/www.entreculturas.org\\\/gl\\\/#organization\",\"name\":\"Entreculturas\",\"url\":\"https:\\\/\\\/www.entreculturas.org\\\/gl\\\/\",\"logo\":{\"@type\":\"ImageObject\",\"inLanguage\":\"gl-ES\",\"@id\":\"https:\\\/\\\/www.entreculturas.org\\\/gl\\\/#\\\/schema\\\/logo\\\/image\\\/\",\"url\":\"https:\\\/\\\/www.entreculturas.org\\\/wp-content\\\/uploads\\\/2025\\\/10\\\/ESP.svg\",\"contentUrl\":\"https:\\\/\\\/www.entreculturas.org\\\/wp-content\\\/uploads\\\/2025\\\/10\\\/ESP.svg\",\"caption\":\"Entreculturas\"},\"image\":{\"@id\":\"https:\\\/\\\/www.entreculturas.org\\\/gl\\\/#\\\/schema\\\/logo\\\/image\\\/\"},\"sameAs\":[\"https:\\\/\\\/www.facebook.com\\\/entreculturas\",\"https:\\\/\\\/x.com\\\/Entreculturas\",\"https:\\\/\\\/www.instagram.com\\\/entreculturas\\\/\",\"https:\\\/\\\/www.youtube.com\\\/user\\\/entreculturasvideo\",\"https:\\\/\\\/www.linkedin.com\\\/company\\\/fundacion-entreculturas-ngdo\\\/\",\"https:\\\/\\\/www.flickr.com\\\/photos\\\/98455522@N04\\\/albums\\\/\"]}]}<\/script>\n<!-- \/ Yoast SEO Premium plugin. -->","yoast_head_json":{"title":"Entreculturas participa en el Encuentro de Fiare Banca \u00c9tica en Italia - Entreculturas","robots":{"index":"index","follow":"follow","max-snippet":"max-snippet:-1","max-image-preview":"max-image-preview:large","max-video-preview":"max-video-preview:-1"},"canonical":"https:\/\/www.entreculturas.org\/gl\/noticia\/entreculturas-participa-en-el-encuentro-de-fiare-banca-etica-en-italia\/","og_locale":"gl_ES","og_type":"article","og_title":"Entreculturas participa en el Encuentro de Fiare Banca \u00c9tica en Italia","og_description":"Durante los d\u00edas 19 y 20 de octubre Entreculturas ha participado en P\u00e1dova y M\u00f3dena en un Encuentro entre las Asambleas Territoriales espa\u00f1ola e italiana de Fiare Banca \u00c9tica, para compartir experiencias y buscar sinergias, con el objetivo de que las finanzas \u00e9ticas contin\u00faen creciendo en ambos pa\u00edses, a nivel de capital social, ahorro, e impacto social, humano, y ambiental.","og_url":"https:\/\/www.entreculturas.org\/gl\/noticia\/entreculturas-participa-en-el-encuentro-de-fiare-banca-etica-en-italia\/","og_site_name":"Entreculturas","article_publisher":"https:\/\/www.facebook.com\/entreculturas","article_modified_time":"2024-02-14T14:00:11+00:00","og_image":[{"width":800,"height":600,"url":"https:\/\/www.entreculturas.org\/wp-content\/uploads\/2023\/12\/imagen_encuentro_fiare_23102023.jpg","type":"image\/jpeg"}],"twitter_card":"summary_large_image","twitter_site":"@Entreculturas","schema":{"@context":"https:\/\/schema.org","@graph":[{"@type":"WebPage","@id":"https:\/\/www.entreculturas.org\/gl\/noticia\/entreculturas-participa-en-el-encuentro-de-fiare-banca-etica-en-italia\/","url":"https:\/\/www.entreculturas.org\/gl\/noticia\/entreculturas-participa-en-el-encuentro-de-fiare-banca-etica-en-italia\/","name":"Entreculturas participa en el Encuentro de Fiare Banca \u00c9tica en Italia - Entreculturas","isPartOf":{"@id":"https:\/\/www.entreculturas.org\/gl\/#website"},"primaryImageOfPage":{"@id":"https:\/\/www.entreculturas.org\/gl\/noticia\/entreculturas-participa-en-el-encuentro-de-fiare-banca-etica-en-italia\/#primaryimage"},"image":{"@id":"https:\/\/www.entreculturas.org\/gl\/noticia\/entreculturas-participa-en-el-encuentro-de-fiare-banca-etica-en-italia\/#primaryimage"},"thumbnailUrl":"https:\/\/www.entreculturas.org\/wp-content\/uploads\/2023\/12\/imagen_encuentro_fiare_23102023.jpg","datePublished":"2023-10-25T05:36:02+00:00","dateModified":"2024-02-14T14:00:11+00:00","breadcrumb":{"@id":"https:\/\/www.entreculturas.org\/gl\/noticia\/entreculturas-participa-en-el-encuentro-de-fiare-banca-etica-en-italia\/#breadcrumb"},"inLanguage":"gl-ES","potentialAction":[{"@type":"ReadAction","target":["https:\/\/www.entreculturas.org\/gl\/noticia\/entreculturas-participa-en-el-encuentro-de-fiare-banca-etica-en-italia\/"]}]},{"@type":"ImageObject","inLanguage":"gl-ES","@id":"https:\/\/www.entreculturas.org\/gl\/noticia\/entreculturas-participa-en-el-encuentro-de-fiare-banca-etica-en-italia\/#primaryimage","url":"https:\/\/www.entreculturas.org\/wp-content\/uploads\/2023\/12\/imagen_encuentro_fiare_23102023.jpg","contentUrl":"https:\/\/www.entreculturas.org\/wp-content\/uploads\/2023\/12\/imagen_encuentro_fiare_23102023.jpg","width":800,"height":600},{"@type":"BreadcrumbList","@id":"https:\/\/www.entreculturas.org\/gl\/noticia\/entreculturas-participa-en-el-encuentro-de-fiare-banca-etica-en-italia\/#breadcrumb","itemListElement":[{"@type":"ListItem","position":1,"name":"Home","item":"https:\/\/www.entreculturas.org\/gl\/"},{"@type":"ListItem","position":2,"name":"Noticias","item":"https:\/\/www.entreculturas.org\/gl\/noticias\/"},{"@type":"ListItem","position":3,"name":"Entreculturas participa en el Encuentro de Fiare Banca \u00c9tica en Italia"}]},{"@type":"WebSite","@id":"https:\/\/www.entreculturas.org\/gl\/#website","url":"https:\/\/www.entreculturas.org\/gl\/","name":"Entreculturas","description":"","publisher":{"@id":"https:\/\/www.entreculturas.org\/gl\/#organization"},"alternateName":"Entreculturas","potentialAction":[{"@type":"SearchAction","target":{"@type":"EntryPoint","urlTemplate":"https:\/\/www.entreculturas.org\/gl\/?s={search_term_string}"},"query-input":{"@type":"PropertyValueSpecification","valueRequired":true,"valueName":"search_term_string"}}],"inLanguage":"gl-ES"},{"@type":"Organization","@id":"https:\/\/www.entreculturas.org\/gl\/#organization","name":"Entreculturas","url":"https:\/\/www.entreculturas.org\/gl\/","logo":{"@type":"ImageObject","inLanguage":"gl-ES","@id":"https:\/\/www.entreculturas.org\/gl\/#\/schema\/logo\/image\/","url":"https:\/\/www.entreculturas.org\/wp-content\/uploads\/2025\/10\/ESP.svg","contentUrl":"https:\/\/www.entreculturas.org\/wp-content\/uploads\/2025\/10\/ESP.svg","caption":"Entreculturas"},"image":{"@id":"https:\/\/www.entreculturas.org\/gl\/#\/schema\/logo\/image\/"},"sameAs":["https:\/\/www.facebook.com\/entreculturas","https:\/\/x.com\/Entreculturas","https:\/\/www.instagram.com\/entreculturas\/","https:\/\/www.youtube.com\/user\/entreculturasvideo","https:\/\/www.linkedin.com\/company\/fundacion-entreculturas-ngdo\/","https:\/\/www.flickr.com\/photos\/98455522@N04\/albums\/"]}]}},"_links":{"self":[{"href":"https:\/\/www.entreculturas.org\/gl\/wp-json\/wp\/v2\/noticia\/9403","targetHints":{"allow":["GET"]}}],"collection":[{"href":"https:\/\/www.entreculturas.org\/gl\/wp-json\/wp\/v2\/noticia"}],"about":[{"href":"https:\/\/www.entreculturas.org\/gl\/wp-json\/wp\/v2\/types\/noticia"}],"wp:featuredmedia":[{"embeddable":true,"href":"https:\/\/www.entreculturas.org\/gl\/wp-json\/wp\/v2\/media\/9404"}],"wp:attachment":[{"href":"https:\/\/www.entreculturas.org\/gl\/wp-json\/wp\/v2\/media?parent=9403"}],"wp:term":[{"taxonomy":"category","embeddable":true,"href":"https:\/\/www.entreculturas.org\/gl\/wp-json\/wp\/v2\/categories?post=9403"},{"taxonomy":"post_tag","embeddable":true,"href":"https:\/\/www.entreculturas.org\/gl\/wp-json\/wp\/v2\/tags?post=9403"},{"taxonomy":"country","embeddable":true,"href":"https:\/\/www.entreculturas.org\/gl\/wp-json\/wp\/v2\/country?post=9403"},{"taxonomy":"cause","embeddable":true,"href":"https:\/\/www.entreculturas.org\/gl\/wp-json\/wp\/v2\/cause?post=9403"}],"curies":[{"name":"wp","href":"https:\/\/api.w.org\/{rel}","templated":true}]}}