{"id":6854,"date":"2023-01-30T08:12:21","date_gmt":"2023-01-30T08:12:21","guid":{"rendered":"https:\/\/entreculturasi.wpenginepowered.com\/?noticias=feria-agroecologica-en-honduras-sembrando-ciudadania-con-soberania-alimentaria"},"modified":"2024-02-14T16:37:14","modified_gmt":"2024-02-14T15:37:14","slug":"feria-agroecologica-en-honduras-sembrando-ciudadania-con-soberania-alimentaria","status":"publish","type":"noticia","link":"https:\/\/www.entreculturas.org\/gl\/noticia\/feria-agroecologica-en-honduras-sembrando-ciudadania-con-soberania-alimentaria\/","title":{"rendered":"Feria agroecol\u00f3gica en Honduras: sembrando ciudadan\u00eda con soberan\u00eda alimentaria"},"content":{"rendered":"<\/p>\n<p>A las siete de la ma\u00f1ana comenzaron a llegar a la Feria Agroecol\u00f3gica los coches llenos de <strong>productos cultivados en las fincas de los productores y productoras <\/strong>que se acompa\u00f1an desde una de nuestras contrapartes en Honduras, el <strong>Equipo de Reflexi\u00f3n, Investigaci\u00f3n y Comunicaci\u00f3n (<a href=\"https:\/\/eric-sj.org\/\" target=\"_blank\" rel=\"noopener\">ERIC<\/a>)<\/strong>.<\/p>\n<p>Varios participantes de la Feria nos cuentan que lo que hab\u00edan tra\u00eddo para exponer y vender es el fruto del conocimiento que han recibido por parte del ERIC en talleres sobre pr\u00e1cticas agroecol\u00f3gicas, como la elaboraci\u00f3n de abono org\u00e1nico. Seg\u00fan explican, su participaci\u00f3n en el proyecto ha permitido <strong>mejorar su alimentaci\u00f3n y poner en marcha pr\u00e1cticas que cuidan y respetan la tierra<\/strong>, ya que de ella sacan la comida de todos los d\u00edas.&nbsp;&nbsp;<\/p>\n<p><img decoding=\"async\" alt=\"\" src=\"https:\/\/www.entreculturas.org\/wp-content\/uploads\/2023\/01\/programa_de_reconstruccion_rural.jpg\" style=\"width: 800px;height: 530px\"><\/p>\n<p>En la Feria se expusieron a la venta frutas, verduras, legumbres, todo producido de manera org\u00e1nica. Tambi\u00e9n se <strong>expusieron las semillas criollas de los productos de la tierra como parte de la apuesta por recuperar la semilla ancestral<\/strong>, alejando de la tierra la producci\u00f3n transg\u00e9nica que afecta la salud y atenta contra la soberan\u00eda alimentaria.<\/p>\n<p>El acompa\u00f1amiento a los productores y productoras y el intercambio y venta de sus productos ha sido posible gracias al apoyo del Ayuntamiento de C\u00f3rdoba. A trav\u00e9s del proyecto \u201cSembrando ciudadan\u00eda con soberan\u00eda alimentaria\u201d, junto al ERIC, buscamos que la comunidad fortalezca su acceso a la alimentaci\u00f3n utilizando la estrategia agroecol\u00f3gica que les permita avanzar hacia la soberan\u00eda alimentaria y continuar defendiendo sus bienes naturales.<\/p>\n","protected":false},"excerpt":{"rendered":"<p>A trav\u00e9s del proyecto \u201cSembrando ciudadan\u00eda con soberan\u00eda alimentaria\u201d, junto al ERIC, buscamos que la comunidad fortalezca su acceso a la alimentaci\u00f3n utilizando la estrategia agroecol\u00f3gica que les permita avanzar hacia la soberan\u00eda alimentaria y continuar defendiendo sus bienes naturales.<\/p>\n","protected":false},"featured_media":6852,"template":"single-noticia","meta":{"_acf_changed":false},"categories":[7],"tags":[256],"country":[146],"cause":[131],"class_list":["post-6854","noticia","type-noticia","status-publish","has-post-thumbnail","hentry","category-noticia","tag-justicia-socioambiental","country-honduras","cause-justicia-medioambiental"],"acf":[],"yoast_head":"<!-- This site is optimized with the Yoast SEO Premium plugin v21.6 (Yoast SEO v27.5) - https:\/\/yoast.com\/product\/yoast-seo-premium-wordpress\/ -->\n<title>Feria agroecol\u00f3gica en Honduras: sembrando ciudadan\u00eda con soberan\u00eda alimentaria - Entreculturas<\/title>\n<meta name=\"robots\" content=\"index, follow, max-snippet:-1, max-image-preview:large, max-video-preview:-1\" \/>\n<link rel=\"canonical\" href=\"https:\/\/www.entreculturas.org\/gl\/noticia\/feria-agroecologica-en-honduras-sembrando-ciudadania-con-soberania-alimentaria\/\" \/>\n<meta property=\"og:locale\" content=\"gl_ES\" \/>\n<meta property=\"og:type\" content=\"article\" \/>\n<meta property=\"og:title\" content=\"Feria agroecol\u00f3gica en Honduras: sembrando ciudadan\u00eda con soberan\u00eda alimentaria\" \/>\n<meta property=\"og:description\" content=\"A trav\u00e9s del proyecto \u201cSembrando ciudadan\u00eda con soberan\u00eda alimentaria\u201d, junto al ERIC, buscamos que la comunidad fortalezca su acceso a la alimentaci\u00f3n utilizando la estrategia agroecol\u00f3gica que les permita avanzar hacia la soberan\u00eda alimentaria y continuar defendiendo sus bienes naturales.\" \/>\n<meta property=\"og:url\" content=\"https:\/\/www.entreculturas.org\/gl\/noticia\/feria-agroecologica-en-honduras-sembrando-ciudadania-con-soberania-alimentaria\/\" \/>\n<meta property=\"og:site_name\" content=\"Entreculturas\" \/>\n<meta property=\"article:publisher\" content=\"https:\/\/www.facebook.com\/entreculturas\" \/>\n<meta property=\"article:modified_time\" content=\"2024-02-14T15:37:14+00:00\" \/>\n<meta property=\"og:image\" content=\"https:\/\/www.entreculturas.org\/wp-content\/uploads\/2023\/01\/productores_san_jose.jpg\" \/>\n\t<meta property=\"og:image:width\" content=\"960\" \/>\n\t<meta property=\"og:image:height\" content=\"636\" \/>\n\t<meta property=\"og:image:type\" content=\"image\/jpeg\" \/>\n<meta name=\"twitter:card\" content=\"summary_large_image\" \/>\n<meta name=\"twitter:site\" content=\"@Entreculturas\" \/>\n<script type=\"application\/ld+json\" class=\"yoast-schema-graph\">{\"@context\":\"https:\\\/\\\/schema.org\",\"@graph\":[{\"@type\":\"WebPage\",\"@id\":\"https:\\\/\\\/www.entreculturas.org\\\/gl\\\/noticia\\\/feria-agroecologica-en-honduras-sembrando-ciudadania-con-soberania-alimentaria\\\/\",\"url\":\"https:\\\/\\\/www.entreculturas.org\\\/gl\\\/noticia\\\/feria-agroecologica-en-honduras-sembrando-ciudadania-con-soberania-alimentaria\\\/\",\"name\":\"Feria agroecol\u00f3gica en Honduras: sembrando ciudadan\u00eda con soberan\u00eda alimentaria - Entreculturas\",\"isPartOf\":{\"@id\":\"https:\\\/\\\/www.entreculturas.org\\\/gl\\\/#website\"},\"primaryImageOfPage\":{\"@id\":\"https:\\\/\\\/www.entreculturas.org\\\/gl\\\/noticia\\\/feria-agroecologica-en-honduras-sembrando-ciudadania-con-soberania-alimentaria\\\/#primaryimage\"},\"image\":{\"@id\":\"https:\\\/\\\/www.entreculturas.org\\\/gl\\\/noticia\\\/feria-agroecologica-en-honduras-sembrando-ciudadania-con-soberania-alimentaria\\\/#primaryimage\"},\"thumbnailUrl\":\"https:\\\/\\\/www.entreculturas.org\\\/wp-content\\\/uploads\\\/2023\\\/01\\\/productores_san_jose.jpg\",\"datePublished\":\"2023-01-30T08:12:21+00:00\",\"dateModified\":\"2024-02-14T15:37:14+00:00\",\"breadcrumb\":{\"@id\":\"https:\\\/\\\/www.entreculturas.org\\\/gl\\\/noticia\\\/feria-agroecologica-en-honduras-sembrando-ciudadania-con-soberania-alimentaria\\\/#breadcrumb\"},\"inLanguage\":\"gl-ES\",\"potentialAction\":[{\"@type\":\"ReadAction\",\"target\":[\"https:\\\/\\\/www.entreculturas.org\\\/gl\\\/noticia\\\/feria-agroecologica-en-honduras-sembrando-ciudadania-con-soberania-alimentaria\\\/\"]}]},{\"@type\":\"ImageObject\",\"inLanguage\":\"gl-ES\",\"@id\":\"https:\\\/\\\/www.entreculturas.org\\\/gl\\\/noticia\\\/feria-agroecologica-en-honduras-sembrando-ciudadania-con-soberania-alimentaria\\\/#primaryimage\",\"url\":\"https:\\\/\\\/www.entreculturas.org\\\/wp-content\\\/uploads\\\/2023\\\/01\\\/productores_san_jose.jpg\",\"contentUrl\":\"https:\\\/\\\/www.entreculturas.org\\\/wp-content\\\/uploads\\\/2023\\\/01\\\/productores_san_jose.jpg\",\"width\":960,\"height\":636},{\"@type\":\"BreadcrumbList\",\"@id\":\"https:\\\/\\\/www.entreculturas.org\\\/gl\\\/noticia\\\/feria-agroecologica-en-honduras-sembrando-ciudadania-con-soberania-alimentaria\\\/#breadcrumb\",\"itemListElement\":[{\"@type\":\"ListItem\",\"position\":1,\"name\":\"Home\",\"item\":\"https:\\\/\\\/www.entreculturas.org\\\/gl\\\/\"},{\"@type\":\"ListItem\",\"position\":2,\"name\":\"Noticias\",\"item\":\"https:\\\/\\\/www.entreculturas.org\\\/gl\\\/noticias\\\/\"},{\"@type\":\"ListItem\",\"position\":3,\"name\":\"Feria agroecol\u00f3gica en Honduras: sembrando ciudadan\u00eda con soberan\u00eda alimentaria\"}]},{\"@type\":\"WebSite\",\"@id\":\"https:\\\/\\\/www.entreculturas.org\\\/gl\\\/#website\",\"url\":\"https:\\\/\\\/www.entreculturas.org\\\/gl\\\/\",\"name\":\"Entreculturas\",\"description\":\"\",\"publisher\":{\"@id\":\"https:\\\/\\\/www.entreculturas.org\\\/gl\\\/#organization\"},\"alternateName\":\"Entreculturas\",\"potentialAction\":[{\"@type\":\"SearchAction\",\"target\":{\"@type\":\"EntryPoint\",\"urlTemplate\":\"https:\\\/\\\/www.entreculturas.org\\\/gl\\\/?s={search_term_string}\"},\"query-input\":{\"@type\":\"PropertyValueSpecification\",\"valueRequired\":true,\"valueName\":\"search_term_string\"}}],\"inLanguage\":\"gl-ES\"},{\"@type\":\"Organization\",\"@id\":\"https:\\\/\\\/www.entreculturas.org\\\/gl\\\/#organization\",\"name\":\"Entreculturas\",\"url\":\"https:\\\/\\\/www.entreculturas.org\\\/gl\\\/\",\"logo\":{\"@type\":\"ImageObject\",\"inLanguage\":\"gl-ES\",\"@id\":\"https:\\\/\\\/www.entreculturas.org\\\/gl\\\/#\\\/schema\\\/logo\\\/image\\\/\",\"url\":\"https:\\\/\\\/www.entreculturas.org\\\/wp-content\\\/uploads\\\/2025\\\/10\\\/ESP.svg\",\"contentUrl\":\"https:\\\/\\\/www.entreculturas.org\\\/wp-content\\\/uploads\\\/2025\\\/10\\\/ESP.svg\",\"caption\":\"Entreculturas\"},\"image\":{\"@id\":\"https:\\\/\\\/www.entreculturas.org\\\/gl\\\/#\\\/schema\\\/logo\\\/image\\\/\"},\"sameAs\":[\"https:\\\/\\\/www.facebook.com\\\/entreculturas\",\"https:\\\/\\\/x.com\\\/Entreculturas\",\"https:\\\/\\\/www.instagram.com\\\/entreculturas\\\/\",\"https:\\\/\\\/www.youtube.com\\\/user\\\/entreculturasvideo\",\"https:\\\/\\\/www.linkedin.com\\\/company\\\/fundacion-entreculturas-ngdo\\\/\",\"https:\\\/\\\/www.flickr.com\\\/photos\\\/98455522@N04\\\/albums\\\/\"]}]}<\/script>\n<!-- \/ Yoast SEO Premium plugin. -->","yoast_head_json":{"title":"Feria agroecol\u00f3gica en Honduras: sembrando ciudadan\u00eda con soberan\u00eda alimentaria - Entreculturas","robots":{"index":"index","follow":"follow","max-snippet":"max-snippet:-1","max-image-preview":"max-image-preview:large","max-video-preview":"max-video-preview:-1"},"canonical":"https:\/\/www.entreculturas.org\/gl\/noticia\/feria-agroecologica-en-honduras-sembrando-ciudadania-con-soberania-alimentaria\/","og_locale":"gl_ES","og_type":"article","og_title":"Feria agroecol\u00f3gica en Honduras: sembrando ciudadan\u00eda con soberan\u00eda alimentaria","og_description":"A trav\u00e9s del proyecto \u201cSembrando ciudadan\u00eda con soberan\u00eda alimentaria\u201d, junto al ERIC, buscamos que la comunidad fortalezca su acceso a la alimentaci\u00f3n utilizando la estrategia agroecol\u00f3gica que les permita avanzar hacia la soberan\u00eda alimentaria y continuar defendiendo sus bienes naturales.","og_url":"https:\/\/www.entreculturas.org\/gl\/noticia\/feria-agroecologica-en-honduras-sembrando-ciudadania-con-soberania-alimentaria\/","og_site_name":"Entreculturas","article_publisher":"https:\/\/www.facebook.com\/entreculturas","article_modified_time":"2024-02-14T15:37:14+00:00","og_image":[{"width":960,"height":636,"url":"https:\/\/www.entreculturas.org\/wp-content\/uploads\/2023\/01\/productores_san_jose.jpg","type":"image\/jpeg"}],"twitter_card":"summary_large_image","twitter_site":"@Entreculturas","schema":{"@context":"https:\/\/schema.org","@graph":[{"@type":"WebPage","@id":"https:\/\/www.entreculturas.org\/gl\/noticia\/feria-agroecologica-en-honduras-sembrando-ciudadania-con-soberania-alimentaria\/","url":"https:\/\/www.entreculturas.org\/gl\/noticia\/feria-agroecologica-en-honduras-sembrando-ciudadania-con-soberania-alimentaria\/","name":"Feria agroecol\u00f3gica en Honduras: sembrando ciudadan\u00eda con soberan\u00eda alimentaria - Entreculturas","isPartOf":{"@id":"https:\/\/www.entreculturas.org\/gl\/#website"},"primaryImageOfPage":{"@id":"https:\/\/www.entreculturas.org\/gl\/noticia\/feria-agroecologica-en-honduras-sembrando-ciudadania-con-soberania-alimentaria\/#primaryimage"},"image":{"@id":"https:\/\/www.entreculturas.org\/gl\/noticia\/feria-agroecologica-en-honduras-sembrando-ciudadania-con-soberania-alimentaria\/#primaryimage"},"thumbnailUrl":"https:\/\/www.entreculturas.org\/wp-content\/uploads\/2023\/01\/productores_san_jose.jpg","datePublished":"2023-01-30T08:12:21+00:00","dateModified":"2024-02-14T15:37:14+00:00","breadcrumb":{"@id":"https:\/\/www.entreculturas.org\/gl\/noticia\/feria-agroecologica-en-honduras-sembrando-ciudadania-con-soberania-alimentaria\/#breadcrumb"},"inLanguage":"gl-ES","potentialAction":[{"@type":"ReadAction","target":["https:\/\/www.entreculturas.org\/gl\/noticia\/feria-agroecologica-en-honduras-sembrando-ciudadania-con-soberania-alimentaria\/"]}]},{"@type":"ImageObject","inLanguage":"gl-ES","@id":"https:\/\/www.entreculturas.org\/gl\/noticia\/feria-agroecologica-en-honduras-sembrando-ciudadania-con-soberania-alimentaria\/#primaryimage","url":"https:\/\/www.entreculturas.org\/wp-content\/uploads\/2023\/01\/productores_san_jose.jpg","contentUrl":"https:\/\/www.entreculturas.org\/wp-content\/uploads\/2023\/01\/productores_san_jose.jpg","width":960,"height":636},{"@type":"BreadcrumbList","@id":"https:\/\/www.entreculturas.org\/gl\/noticia\/feria-agroecologica-en-honduras-sembrando-ciudadania-con-soberania-alimentaria\/#breadcrumb","itemListElement":[{"@type":"ListItem","position":1,"name":"Home","item":"https:\/\/www.entreculturas.org\/gl\/"},{"@type":"ListItem","position":2,"name":"Noticias","item":"https:\/\/www.entreculturas.org\/gl\/noticias\/"},{"@type":"ListItem","position":3,"name":"Feria agroecol\u00f3gica en Honduras: sembrando ciudadan\u00eda con soberan\u00eda alimentaria"}]},{"@type":"WebSite","@id":"https:\/\/www.entreculturas.org\/gl\/#website","url":"https:\/\/www.entreculturas.org\/gl\/","name":"Entreculturas","description":"","publisher":{"@id":"https:\/\/www.entreculturas.org\/gl\/#organization"},"alternateName":"Entreculturas","potentialAction":[{"@type":"SearchAction","target":{"@type":"EntryPoint","urlTemplate":"https:\/\/www.entreculturas.org\/gl\/?s={search_term_string}"},"query-input":{"@type":"PropertyValueSpecification","valueRequired":true,"valueName":"search_term_string"}}],"inLanguage":"gl-ES"},{"@type":"Organization","@id":"https:\/\/www.entreculturas.org\/gl\/#organization","name":"Entreculturas","url":"https:\/\/www.entreculturas.org\/gl\/","logo":{"@type":"ImageObject","inLanguage":"gl-ES","@id":"https:\/\/www.entreculturas.org\/gl\/#\/schema\/logo\/image\/","url":"https:\/\/www.entreculturas.org\/wp-content\/uploads\/2025\/10\/ESP.svg","contentUrl":"https:\/\/www.entreculturas.org\/wp-content\/uploads\/2025\/10\/ESP.svg","caption":"Entreculturas"},"image":{"@id":"https:\/\/www.entreculturas.org\/gl\/#\/schema\/logo\/image\/"},"sameAs":["https:\/\/www.facebook.com\/entreculturas","https:\/\/x.com\/Entreculturas","https:\/\/www.instagram.com\/entreculturas\/","https:\/\/www.youtube.com\/user\/entreculturasvideo","https:\/\/www.linkedin.com\/company\/fundacion-entreculturas-ngdo\/","https:\/\/www.flickr.com\/photos\/98455522@N04\/albums\/"]}]}},"_links":{"self":[{"href":"https:\/\/www.entreculturas.org\/gl\/wp-json\/wp\/v2\/noticia\/6854","targetHints":{"allow":["GET"]}}],"collection":[{"href":"https:\/\/www.entreculturas.org\/gl\/wp-json\/wp\/v2\/noticia"}],"about":[{"href":"https:\/\/www.entreculturas.org\/gl\/wp-json\/wp\/v2\/types\/noticia"}],"wp:featuredmedia":[{"embeddable":true,"href":"https:\/\/www.entreculturas.org\/gl\/wp-json\/wp\/v2\/media\/6852"}],"wp:attachment":[{"href":"https:\/\/www.entreculturas.org\/gl\/wp-json\/wp\/v2\/media?parent=6854"}],"wp:term":[{"taxonomy":"category","embeddable":true,"href":"https:\/\/www.entreculturas.org\/gl\/wp-json\/wp\/v2\/categories?post=6854"},{"taxonomy":"post_tag","embeddable":true,"href":"https:\/\/www.entreculturas.org\/gl\/wp-json\/wp\/v2\/tags?post=6854"},{"taxonomy":"country","embeddable":true,"href":"https:\/\/www.entreculturas.org\/gl\/wp-json\/wp\/v2\/country?post=6854"},{"taxonomy":"cause","embeddable":true,"href":"https:\/\/www.entreculturas.org\/gl\/wp-json\/wp\/v2\/cause?post=6854"}],"curies":[{"name":"wp","href":"https:\/\/api.w.org\/{rel}","templated":true}]}}