{"id":6690,"date":"2022-09-14T16:06:53","date_gmt":"2022-09-14T16:06:53","guid":{"rendered":"https:\/\/entreculturasi.wpenginepowered.com\/?noticias=las-ong-de-desarrollo-piden-que-la-ley-de-cooperacion-garantice-los-derechos-de-la-infancia"},"modified":"2023-12-18T10:31:17","modified_gmt":"2023-12-18T09:31:17","slug":"las-ong-de-desarrollo-piden-que-la-ley-de-cooperacion-garantice-los-derechos-de-la-infancia","status":"publish","type":"noticia","link":"https:\/\/www.entreculturas.org\/gl\/noticia\/las-ong-de-desarrollo-piden-que-la-ley-de-cooperacion-garantice-los-derechos-de-la-infancia\/","title":{"rendered":"Las ONG de desarrollo piden que la ley de cooperaci\u00f3n garantice los derechos de la infancia y que se acompa\u00f1e de financiaci\u00f3n"},"content":{"rendered":"<p dir=\"ltr\" style=\"line-height:1.2;text-align: justify;margin-top:12pt;margin-bottom:0pt\"><span id=\"docs-internal-guid-9c52f251-7fff-4f1f-517e-dabb5068447c\"><span style=\"font-size: 11pt;font-family: Calibri, sans-serif;background-color: transparent\">Las ONG de desarrollo han pedido hoy en el Congreso que la nueva ley de cooperaci\u00f3n garantice los derechos de la infancia y que la acompa\u00f1e de la suficiente dotaci\u00f3n econ\u00f3mica, en un acto al que han asistido representantes de los grupos pol\u00edticos. Recuerdan que la mitad de la poblaci\u00f3n en situaci\u00f3n de pobreza extrema es poblaci\u00f3n infantil, que el a\u00f1o pasado millones de ellos y ellas no recibieron las vacunas y que la crisis alimentaria mundial, en los 15 pa\u00edses m\u00e1s afectados, ha elevado hasta los 8 millones de ni\u00f1os y ni\u00f1as que sufren desnutrici\u00f3n aguda grave, entre otros.&nbsp;<\/span><\/span><\/p>\n<p dir=\"ltr\" style=\"line-height:1.2;text-align: justify;margin-top:12pt;margin-bottom:0pt\">\n<p dir=\"ltr\" style=\"line-height:1.2;text-align: justify;margin-top:12pt;margin-bottom:0pt\"><span id=\"docs-internal-guid-9c52f251-7fff-4f1f-517e-dabb5068447c\"><span style=\"font-size: 11pt;font-family: Calibri, sans-serif;background-color: transparent\">El di\u00e1logo mantenido forma parte de las reflexiones del documento <\/span><a href=\"https:\/\/coordinadoraongd.org\/wp-content\/uploads\/2022\/04\/Una_Nueva_Cooperacion_para_la_Infancia.pdf\"><span style=\"font-size: 11pt;font-family: Calibri, sans-serif;background-color: transparent;font-style: italic\">Una nueva cooperaci\u00f3n para la infancia. De la voluntad al compromiso<\/span><\/a><span style=\"font-size: 11pt;font-family: Calibri, sans-serif;background-color: transparent\">, elaborado por el Grupo de Infancia de La Coordinadora y la Plataforma de Infancia. El documento recoge recomendaciones clave para que Espa\u00f1a asuma un papel relevante en la promoci\u00f3n y protecci\u00f3n de los derechos de la infancia en todo el mundo.&nbsp;<\/span><\/span><\/p>\n<p dir=\"ltr\" style=\"line-height:1.2;text-align: justify;margin-top:12pt;margin-bottom:0pt\"><span id=\"docs-internal-guid-9c52f251-7fff-4f1f-517e-dabb5068447c\"><span style=\"font-size: 11pt;font-family: Calibri, sans-serif;background-color: transparent\">Una de las principales recomendaciones de las organizaciones, la inclusi\u00f3n de los derechos de la infancia en los principios y objetivos de la cooperaci\u00f3n espa\u00f1ola, ya fue incorporada en el Proyecto de Ley de Cooperaci\u00f3n. Se trata de una cuesti\u00f3n fundamental para apostar por el reconocimiento de los ni\u00f1os, ni\u00f1as y adolescentes como sujetos de derechos y como agentes activos de cambio en sus entornos.<\/span><\/span><\/p>\n<p dir=\"ltr\" style=\"line-height:1.2;text-align: justify;margin-top:12pt;margin-bottom:0pt\"><span id=\"docs-internal-guid-9c52f251-7fff-4f1f-517e-dabb5068447c\"><span style=\"font-size: 11pt;font-family: Calibri, sans-serif;background-color: transparent;font-weight: 700\">An\u00e1lisis y propuestas colectivas&nbsp;<\/span><\/span><\/p>\n<p dir=\"ltr\" style=\"line-height:1.2;text-align: justify;margin-top:12pt;margin-bottom:0pt\"><span id=\"docs-internal-guid-9c52f251-7fff-4f1f-517e-dabb5068447c\"><span style=\"font-size: 11pt;font-family: Calibri, sans-serif;background-color: transparent\">La apertura de la jornada ha corrido a cargo de Carles L\u00f3pez, presidente de la Plataforma de Infancia, que ha se\u00f1alado que \u201cel Proyecto de Ley y el actual proceso de reforma del sistema de cooperaci\u00f3n ofrecen una oportunidad inigualable para consolidar compromisos y avances, superar carencias y situar a la infancia en el centro de la cooperaci\u00f3n y de las pol\u00edticas p\u00fablicas estatales, desde una mirada de Coherencia de Pol\u00edticas para el Desarrollo Sostenible, como invita la propia Agenda 2030\u201d.<\/span><\/span><\/p>\n<p dir=\"ltr\" style=\"line-height:1.2;text-align: justify;margin-top:12pt;margin-bottom:0pt\"><span id=\"docs-internal-guid-9c52f251-7fff-4f1f-517e-dabb5068447c\"><span style=\"font-size: 11pt;font-family: Calibri, sans-serif;background-color: transparent\">Por su parte, Irene Bello, presidenta de La Coordinadora de Organizaciones para el Desarrollo, ha recordado que, ante un contexto mundial en el que se superponen diversas y complejas crisis con enormes consecuencias sobre la vida de las personas, la nueva Ley de Cooperaci\u00f3n debe ser ambiciosa y realmente transformadora. \u201cSolo as\u00ed podremos generar cambios que promuevan la garant\u00eda de los derechos humanos de todas las personas que habitan el planeta, especialmente, de la infancia\u201d.<\/span><\/span><\/p>\n<p dir=\"ltr\" style=\"line-height:1.2;text-align: justify;margin-top:12pt;margin-bottom:0pt\"><span id=\"docs-internal-guid-9c52f251-7fff-4f1f-517e-dabb5068447c\"><span style=\"font-size: 11pt;font-family: Calibri, sans-serif;background-color: transparent\">Pilar Orenes, directora de Educo, en representaci\u00f3n del Grupo de Infancia y Cooperaci\u00f3n, ha remarcado \u201clos enormes retos que afrontan ni\u00f1os, ni\u00f1as y adolescentes a nivel global, que ven a diario vulnerados sus derechos, cuando no tienen acceso a servicios esenciales para su vida y su desarrollo, como la salud, las vacunas, la educaci\u00f3n, la alimentaci\u00f3n, o el medioambiente limpio\u201d. \u201cNo podemos olvidar\u201d, se\u00f1ala, \u201cque son actores clave para el desarrollo global que deben tener un rol protagonista\u201d.<\/span><\/span><\/p>\n<p dir=\"ltr\" style=\"line-height:1.2;text-align: justify;margin-top:12pt;margin-bottom:0pt\"><span id=\"docs-internal-guid-9c52f251-7fff-4f1f-517e-dabb5068447c\"><span style=\"font-size: 11pt;font-family: Calibri, sans-serif;background-color: transparent\">En el di\u00e1logo han intervenido portavoces de los siguientes grupos parlamentarios: Socialista, Popular, VOX, Confederal de Unidas Podemos-En Com\u00fa Podem-Galicia en Com\u00fan, Republicano, Plural (con la intervenci\u00f3n de Junts per Catalunya), Mixto y Ciudadanos, integrantes de las comisiones de Asuntos Exteriores y de Cooperaci\u00f3n Internacional para el Desarrollo. La ocasi\u00f3n ha servido para compartir diferentes puntos de vista y propuestas en relaci\u00f3n al compromiso de la Cooperaci\u00f3n Espa\u00f1ola con la infancia.&nbsp;<\/span><\/span><\/p>\n<p dir=\"ltr\" style=\"line-height:1.2;text-align: justify;margin-top:12pt;margin-bottom:0pt\"><span id=\"docs-internal-guid-9c52f251-7fff-4f1f-517e-dabb5068447c\"><span style=\"font-size: 11pt;font-family: Calibri, sans-serif;background-color: transparent\">Finalmente, Jos\u00e9 Mar\u00eda Vera, director ejecutivo de UNICEF Espa\u00f1a, ha establecido las principales recomendaciones del Grupo de Infancia, destacando que \u201ces fundamental que desde la nueva Ley se garantice una inversi\u00f3n suficiente en infancia y adolescencia, y que se refuercen las apuestas en sectores estrat\u00e9gicos para los derechos de la infancia, lo que permitir\u00e1 abrir oportunidades de vida, educaci\u00f3n, salud, bienestar, igualdad, para millones de ni\u00f1os y ni\u00f1as a nivel global\u201d, y ha dado pie al cierre del acto haciendo entrega simb\u00f3lica de las recomendaciones al presidente de la Comisi\u00f3n de Asuntos Exteriores del Congreso, Pau Mari Klose. El presidente ha expresado su compromiso con los derechos de la infancia \u201cLa infancia sufre una vulnerabilidad espec\u00edfica: la falta de acceso a la educaci\u00f3n, a la salud, al medio ambiente sano, etc. Ahora mismo hay un compromiso de impulsar los derechos de la infancia. Gracias a las entidades de infancia por darnos trabajo. Creo que durante mucho tiempo hemos desatendido los derechos de la infancia y ahora estamos haciendo que sea una prioridad&#8221;.<\/span>&nbsp;<\/span><\/p>\n<p>&nbsp;<\/p>\n<div align=\"left\" dir=\"ltr\" style=\"margin-left:-5pt\">\n<table style=\"border-width: initial;border-style: none\">\n<colgroup>\n<col width=\"602\"><\/colgroup>\n<tbody>\n<tr style=\"height:0pt\">\n<td style=\"border-left:solid #000000 1pt;border-right:solid #000000 1pt;border-bottom:solid #000000 1pt;border-top:solid #000000 1pt;vertical-align:top;padding:5pt 5pt 5pt 5pt;overflow:hidden\">\n<p dir=\"ltr\" style=\"line-height:1.2;text-align: justify;margin-top:12pt;margin-bottom:0pt\"><span id=\"docs-internal-guid-9c52f251-7fff-4f1f-517e-dabb5068447c\"><span style=\"font-size: 10pt;font-family: Calibri, sans-serif;background-color: transparent;font-weight: 700\">Algunos datos sobre la infancia en el mundo<\/span><\/span><\/p>\n<p dir=\"ltr\" style=\"line-height:1.2;text-align: justify;margin-top:12pt;margin-bottom:0pt\"><span id=\"docs-internal-guid-9c52f251-7fff-4f1f-517e-dabb5068447c\"><span style=\"font-size: 10pt;font-family: Calibri, sans-serif;background-color: transparent\">La poblaci\u00f3n infantil supone la mitad de la poblaci\u00f3n en situaci\u00f3n de pobreza extrema en el mundo.<\/span><\/span><\/p>\n<p dir=\"ltr\" style=\"line-height:1.2;margin-left: -18pt;text-indent: -18pt;text-align: justify;margin-top:12pt;margin-bottom:0pt;padding:0pt 0pt 0pt 18pt\"><span id=\"docs-internal-guid-9c52f251-7fff-4f1f-517e-dabb5068447c\"><span style=\"font-size: 10pt;font-family: Calibri, sans-serif;background-color: transparent\">25&nbsp; &nbsp; Millones de ni\u00f1os y ni\u00f1as no recibieron en 2021 las vacunas esenciales.<\/span><\/span><\/p>\n<p dir=\"ltr\" style=\"line-height:1.2;text-align: justify;margin-top:12pt;margin-bottom:0pt\"><span id=\"docs-internal-guid-9c52f251-7fff-4f1f-517e-dabb5068447c\"><span style=\"font-size: 10pt;font-family: Calibri, sans-serif;background-color: transparent\">La actual crisis alimentaria mundial ya ha provocado, en los 15 pa\u00edses m\u00e1s afectados, el aumento del n\u00famero de ni\u00f1os y ni\u00f1as con desnutrici\u00f3n aguda grave hasta casi los 8 millones.<\/span><\/span><\/p>\n<p dir=\"ltr\" style=\"line-height:1.2;text-align: justify;margin-top:12pt;margin-bottom:0pt\"><span id=\"docs-internal-guid-9c52f251-7fff-4f1f-517e-dabb5068447c\"><span style=\"font-size: 10pt;font-family: Calibri, sans-serif;background-color: transparent\">El cierre de escuelas derivado de la pandemia (que todav\u00eda afectaba a 23 pa\u00edses en marzo de 2022) supone una grave vulneraci\u00f3n del derecho a la educaci\u00f3n de calidad de ni\u00f1os y ni\u00f1as, <\/span><span style=\"font-size: 10pt;font-family: Calibri, sans-serif\">y les expone a riesgos de protecci\u00f3n como el matrimonio a temprana edad, el abandono escolar y el trabajo infantil, entre otros<\/span><span style=\"font-size: 10pt;font-family: Calibri, sans-serif;background-color: transparent\">.<\/span><\/span><br \/>&nbsp;<\/p>\n<\/td>\n<\/tr>\n<\/tbody>\n<\/table>\n<\/div>\n<p dir=\"ltr\" style=\"line-height:1.295;margin-top:0pt;margin-bottom:8pt\"><span id=\"docs-internal-guid-9c52f251-7fff-4f1f-517e-dabb5068447c\"><span style=\"font-size: 11pt;font-family: Calibri, sans-serif;background-color: transparent;font-weight: 700\">Sobre el Grupo Infancia y Cooperaci\u00f3n<\/span><\/span><\/p>\n<p dir=\"ltr\" style=\"line-height:1.295;text-align: justify;margin-top:12pt;margin-bottom:12pt\"><span id=\"docs-internal-guid-9c52f251-7fff-4f1f-517e-dabb5068447c\"><span style=\"font-size: 11pt;font-family: Calibri, sans-serif\">El Grupo de Infancia y Cooperaci\u00f3n viene desarrollando acciones conjuntas para promover que la infancia y sus derechos est\u00e9n en el coraz\u00f3n de la pol\u00edtica de Cooperaci\u00f3n Espa\u00f1ola desde 2012. Desde 2018 se formaliz\u00f3 como Grupo de trabajo conjunto de La Coordinadora de Organizaciones para el Desarrollo y la Plataforma de Infancia. Actualmente forman parte del Grupo las siguientes entidades: Acci\u00f3n contra el Hambre, Aldeas Infantiles SOS, Educo, Entreculturas, Plan International, Proyecto Solidario, Save the Children, Tierra de Hombres, UNICEF Espa\u00f1a y World Vision.<\/span><\/span><\/p>\n<p>&nbsp;<\/p>\n<p dir=\"ltr\" style=\"line-height:1.295;margin-top:0pt;margin-bottom:8pt\"><span id=\"docs-internal-guid-9c52f251-7fff-4f1f-517e-dabb5068447c\"><span style=\"font-size: 11pt;font-family: Calibri, sans-serif;background-color: transparent\"><span style=\"border-width: initial;border-style: none;overflow: hidden;width: 567px;height: 79px\"><img decoding=\"async\" height=\"79\" src=\"https:\/\/lh5.googleusercontent.com\/8U-AjUf_GO65DCtjo3k4iKTS9_7u4h-NqNkD7O3ARIVyrFybF0LolSJHm3P0phkt-72Ozva16qMxanHFgpnCJN8Gvn6NHsWBDg3CgxsLVBQ123_mw_fM83pBA2JsjY-Fhv-6NXuVjKwkz7UdXOm4d4ifVET-JXNovlljTWzaZ-Cpcrj9a9iNfKn31Bc6\" width=\"567\"><\/span><\/span><\/span><\/p>\n<p dir=\"ltr\" style=\"line-height: 1.2;text-indent: 36pt;text-align: center;margin-top: 0pt;margin-bottom: 0pt;padding: 4pt 0pt 0pt\"><span id=\"docs-internal-guid-9c52f251-7fff-4f1f-517e-dabb5068447c\">&nbsp;<\/span><\/p>\n<div>&nbsp;<\/div>\n","protected":false},"excerpt":{"rendered":"<p>En un encuentro en el Congreso, las organizaciones han pedido que la nueva ley sea realmente transformadora y que responda a los retos que plantea el contexto mundial, cuyo grave impacto recae en la infancia.  <\/p>\n","protected":false},"featured_media":6691,"template":"single-noticia","meta":{"_acf_changed":false},"categories":[7],"tags":[185],"country":[],"cause":[],"class_list":["post-6690","noticia","type-noticia","status-publish","has-post-thumbnail","hentry","category-noticia","tag-entreculturas"],"acf":[],"yoast_head":"<!-- This site is optimized with the Yoast SEO Premium plugin v21.6 (Yoast SEO v27.5) - https:\/\/yoast.com\/product\/yoast-seo-premium-wordpress\/ -->\n<title>Las ONG de desarrollo piden que la ley de cooperaci\u00f3n garantice los derechos de la infancia y que se acompa\u00f1e de financiaci\u00f3n - Entreculturas<\/title>\n<meta name=\"robots\" content=\"index, follow, max-snippet:-1, max-image-preview:large, max-video-preview:-1\" \/>\n<link rel=\"canonical\" href=\"https:\/\/www.entreculturas.org\/gl\/noticia\/las-ong-de-desarrollo-piden-que-la-ley-de-cooperacion-garantice-los-derechos-de-la-infancia\/\" \/>\n<meta property=\"og:locale\" content=\"gl_ES\" \/>\n<meta property=\"og:type\" content=\"article\" \/>\n<meta property=\"og:title\" content=\"Las ONG de desarrollo piden que la ley de cooperaci\u00f3n garantice los derechos de la infancia y que se acompa\u00f1e de financiaci\u00f3n\" \/>\n<meta property=\"og:description\" content=\"En un encuentro en el Congreso, las organizaciones han pedido que la nueva ley sea realmente transformadora y que responda a los retos que plantea el contexto mundial, cuyo grave impacto recae en la infancia.\" \/>\n<meta property=\"og:url\" content=\"https:\/\/www.entreculturas.org\/gl\/noticia\/las-ong-de-desarrollo-piden-que-la-ley-de-cooperacion-garantice-los-derechos-de-la-infancia\/\" \/>\n<meta property=\"og:site_name\" content=\"Entreculturas\" \/>\n<meta property=\"article:publisher\" content=\"https:\/\/www.facebook.com\/entreculturas\" \/>\n<meta property=\"article:modified_time\" content=\"2023-12-18T09:31:17+00:00\" \/>\n<meta property=\"og:image\" content=\"https:\/\/www.entreculturas.org\/wp-content\/uploads\/2022\/09\/fcnd17uwyauln5b.png\" \/>\n\t<meta property=\"og:image:width\" content=\"633\" \/>\n\t<meta property=\"og:image:height\" content=\"877\" \/>\n\t<meta property=\"og:image:type\" content=\"image\/png\" \/>\n<meta name=\"twitter:card\" content=\"summary_large_image\" \/>\n<meta name=\"twitter:site\" content=\"@Entreculturas\" \/>\n<script type=\"application\/ld+json\" class=\"yoast-schema-graph\">{\"@context\":\"https:\\\/\\\/schema.org\",\"@graph\":[{\"@type\":\"WebPage\",\"@id\":\"https:\\\/\\\/www.entreculturas.org\\\/gl\\\/noticia\\\/las-ong-de-desarrollo-piden-que-la-ley-de-cooperacion-garantice-los-derechos-de-la-infancia\\\/\",\"url\":\"https:\\\/\\\/www.entreculturas.org\\\/gl\\\/noticia\\\/las-ong-de-desarrollo-piden-que-la-ley-de-cooperacion-garantice-los-derechos-de-la-infancia\\\/\",\"name\":\"Las ONG de desarrollo piden que la ley de cooperaci\u00f3n garantice los derechos de la infancia y que se acompa\u00f1e de financiaci\u00f3n - Entreculturas\",\"isPartOf\":{\"@id\":\"https:\\\/\\\/www.entreculturas.org\\\/gl\\\/#website\"},\"primaryImageOfPage\":{\"@id\":\"https:\\\/\\\/www.entreculturas.org\\\/gl\\\/noticia\\\/las-ong-de-desarrollo-piden-que-la-ley-de-cooperacion-garantice-los-derechos-de-la-infancia\\\/#primaryimage\"},\"image\":{\"@id\":\"https:\\\/\\\/www.entreculturas.org\\\/gl\\\/noticia\\\/las-ong-de-desarrollo-piden-que-la-ley-de-cooperacion-garantice-los-derechos-de-la-infancia\\\/#primaryimage\"},\"thumbnailUrl\":\"https:\\\/\\\/www.entreculturas.org\\\/wp-content\\\/uploads\\\/2022\\\/09\\\/fcnd17uwyauln5b.png\",\"datePublished\":\"2022-09-14T16:06:53+00:00\",\"dateModified\":\"2023-12-18T09:31:17+00:00\",\"breadcrumb\":{\"@id\":\"https:\\\/\\\/www.entreculturas.org\\\/gl\\\/noticia\\\/las-ong-de-desarrollo-piden-que-la-ley-de-cooperacion-garantice-los-derechos-de-la-infancia\\\/#breadcrumb\"},\"inLanguage\":\"gl-ES\",\"potentialAction\":[{\"@type\":\"ReadAction\",\"target\":[\"https:\\\/\\\/www.entreculturas.org\\\/gl\\\/noticia\\\/las-ong-de-desarrollo-piden-que-la-ley-de-cooperacion-garantice-los-derechos-de-la-infancia\\\/\"]}]},{\"@type\":\"ImageObject\",\"inLanguage\":\"gl-ES\",\"@id\":\"https:\\\/\\\/www.entreculturas.org\\\/gl\\\/noticia\\\/las-ong-de-desarrollo-piden-que-la-ley-de-cooperacion-garantice-los-derechos-de-la-infancia\\\/#primaryimage\",\"url\":\"https:\\\/\\\/www.entreculturas.org\\\/wp-content\\\/uploads\\\/2022\\\/09\\\/fcnd17uwyauln5b.png\",\"contentUrl\":\"https:\\\/\\\/www.entreculturas.org\\\/wp-content\\\/uploads\\\/2022\\\/09\\\/fcnd17uwyauln5b.png\",\"width\":633,\"height\":877,\"caption\":\"fcnd17uwyauln5b\"},{\"@type\":\"BreadcrumbList\",\"@id\":\"https:\\\/\\\/www.entreculturas.org\\\/gl\\\/noticia\\\/las-ong-de-desarrollo-piden-que-la-ley-de-cooperacion-garantice-los-derechos-de-la-infancia\\\/#breadcrumb\",\"itemListElement\":[{\"@type\":\"ListItem\",\"position\":1,\"name\":\"Home\",\"item\":\"https:\\\/\\\/www.entreculturas.org\\\/gl\\\/\"},{\"@type\":\"ListItem\",\"position\":2,\"name\":\"Noticias\",\"item\":\"https:\\\/\\\/www.entreculturas.org\\\/gl\\\/noticias\\\/\"},{\"@type\":\"ListItem\",\"position\":3,\"name\":\"Las ONG de desarrollo piden que la ley de cooperaci\u00f3n garantice los derechos de la infancia y que se acompa\u00f1e de financiaci\u00f3n\"}]},{\"@type\":\"WebSite\",\"@id\":\"https:\\\/\\\/www.entreculturas.org\\\/gl\\\/#website\",\"url\":\"https:\\\/\\\/www.entreculturas.org\\\/gl\\\/\",\"name\":\"Entreculturas\",\"description\":\"\",\"publisher\":{\"@id\":\"https:\\\/\\\/www.entreculturas.org\\\/gl\\\/#organization\"},\"alternateName\":\"Entreculturas\",\"potentialAction\":[{\"@type\":\"SearchAction\",\"target\":{\"@type\":\"EntryPoint\",\"urlTemplate\":\"https:\\\/\\\/www.entreculturas.org\\\/gl\\\/?s={search_term_string}\"},\"query-input\":{\"@type\":\"PropertyValueSpecification\",\"valueRequired\":true,\"valueName\":\"search_term_string\"}}],\"inLanguage\":\"gl-ES\"},{\"@type\":\"Organization\",\"@id\":\"https:\\\/\\\/www.entreculturas.org\\\/gl\\\/#organization\",\"name\":\"Entreculturas\",\"url\":\"https:\\\/\\\/www.entreculturas.org\\\/gl\\\/\",\"logo\":{\"@type\":\"ImageObject\",\"inLanguage\":\"gl-ES\",\"@id\":\"https:\\\/\\\/www.entreculturas.org\\\/gl\\\/#\\\/schema\\\/logo\\\/image\\\/\",\"url\":\"https:\\\/\\\/www.entreculturas.org\\\/wp-content\\\/uploads\\\/2025\\\/10\\\/ESP.svg\",\"contentUrl\":\"https:\\\/\\\/www.entreculturas.org\\\/wp-content\\\/uploads\\\/2025\\\/10\\\/ESP.svg\",\"caption\":\"Entreculturas\"},\"image\":{\"@id\":\"https:\\\/\\\/www.entreculturas.org\\\/gl\\\/#\\\/schema\\\/logo\\\/image\\\/\"},\"sameAs\":[\"https:\\\/\\\/www.facebook.com\\\/entreculturas\",\"https:\\\/\\\/x.com\\\/Entreculturas\",\"https:\\\/\\\/www.instagram.com\\\/entreculturas\\\/\",\"https:\\\/\\\/www.youtube.com\\\/user\\\/entreculturasvideo\",\"https:\\\/\\\/www.linkedin.com\\\/company\\\/fundacion-entreculturas-ngdo\\\/\",\"https:\\\/\\\/www.flickr.com\\\/photos\\\/98455522@N04\\\/albums\\\/\"]}]}<\/script>\n<!-- \/ Yoast SEO Premium plugin. -->","yoast_head_json":{"title":"Las ONG de desarrollo piden que la ley de cooperaci\u00f3n garantice los derechos de la infancia y que se acompa\u00f1e de financiaci\u00f3n - Entreculturas","robots":{"index":"index","follow":"follow","max-snippet":"max-snippet:-1","max-image-preview":"max-image-preview:large","max-video-preview":"max-video-preview:-1"},"canonical":"https:\/\/www.entreculturas.org\/gl\/noticia\/las-ong-de-desarrollo-piden-que-la-ley-de-cooperacion-garantice-los-derechos-de-la-infancia\/","og_locale":"gl_ES","og_type":"article","og_title":"Las ONG de desarrollo piden que la ley de cooperaci\u00f3n garantice los derechos de la infancia y que se acompa\u00f1e de financiaci\u00f3n","og_description":"En un encuentro en el Congreso, las organizaciones han pedido que la nueva ley sea realmente transformadora y que responda a los retos que plantea el contexto mundial, cuyo grave impacto recae en la infancia.","og_url":"https:\/\/www.entreculturas.org\/gl\/noticia\/las-ong-de-desarrollo-piden-que-la-ley-de-cooperacion-garantice-los-derechos-de-la-infancia\/","og_site_name":"Entreculturas","article_publisher":"https:\/\/www.facebook.com\/entreculturas","article_modified_time":"2023-12-18T09:31:17+00:00","og_image":[{"width":633,"height":877,"url":"https:\/\/www.entreculturas.org\/wp-content\/uploads\/2022\/09\/fcnd17uwyauln5b.png","type":"image\/png"}],"twitter_card":"summary_large_image","twitter_site":"@Entreculturas","schema":{"@context":"https:\/\/schema.org","@graph":[{"@type":"WebPage","@id":"https:\/\/www.entreculturas.org\/gl\/noticia\/las-ong-de-desarrollo-piden-que-la-ley-de-cooperacion-garantice-los-derechos-de-la-infancia\/","url":"https:\/\/www.entreculturas.org\/gl\/noticia\/las-ong-de-desarrollo-piden-que-la-ley-de-cooperacion-garantice-los-derechos-de-la-infancia\/","name":"Las ONG de desarrollo piden que la ley de cooperaci\u00f3n garantice los derechos de la infancia y que se acompa\u00f1e de financiaci\u00f3n - Entreculturas","isPartOf":{"@id":"https:\/\/www.entreculturas.org\/gl\/#website"},"primaryImageOfPage":{"@id":"https:\/\/www.entreculturas.org\/gl\/noticia\/las-ong-de-desarrollo-piden-que-la-ley-de-cooperacion-garantice-los-derechos-de-la-infancia\/#primaryimage"},"image":{"@id":"https:\/\/www.entreculturas.org\/gl\/noticia\/las-ong-de-desarrollo-piden-que-la-ley-de-cooperacion-garantice-los-derechos-de-la-infancia\/#primaryimage"},"thumbnailUrl":"https:\/\/www.entreculturas.org\/wp-content\/uploads\/2022\/09\/fcnd17uwyauln5b.png","datePublished":"2022-09-14T16:06:53+00:00","dateModified":"2023-12-18T09:31:17+00:00","breadcrumb":{"@id":"https:\/\/www.entreculturas.org\/gl\/noticia\/las-ong-de-desarrollo-piden-que-la-ley-de-cooperacion-garantice-los-derechos-de-la-infancia\/#breadcrumb"},"inLanguage":"gl-ES","potentialAction":[{"@type":"ReadAction","target":["https:\/\/www.entreculturas.org\/gl\/noticia\/las-ong-de-desarrollo-piden-que-la-ley-de-cooperacion-garantice-los-derechos-de-la-infancia\/"]}]},{"@type":"ImageObject","inLanguage":"gl-ES","@id":"https:\/\/www.entreculturas.org\/gl\/noticia\/las-ong-de-desarrollo-piden-que-la-ley-de-cooperacion-garantice-los-derechos-de-la-infancia\/#primaryimage","url":"https:\/\/www.entreculturas.org\/wp-content\/uploads\/2022\/09\/fcnd17uwyauln5b.png","contentUrl":"https:\/\/www.entreculturas.org\/wp-content\/uploads\/2022\/09\/fcnd17uwyauln5b.png","width":633,"height":877,"caption":"fcnd17uwyauln5b"},{"@type":"BreadcrumbList","@id":"https:\/\/www.entreculturas.org\/gl\/noticia\/las-ong-de-desarrollo-piden-que-la-ley-de-cooperacion-garantice-los-derechos-de-la-infancia\/#breadcrumb","itemListElement":[{"@type":"ListItem","position":1,"name":"Home","item":"https:\/\/www.entreculturas.org\/gl\/"},{"@type":"ListItem","position":2,"name":"Noticias","item":"https:\/\/www.entreculturas.org\/gl\/noticias\/"},{"@type":"ListItem","position":3,"name":"Las ONG de desarrollo piden que la ley de cooperaci\u00f3n garantice los derechos de la infancia y que se acompa\u00f1e de financiaci\u00f3n"}]},{"@type":"WebSite","@id":"https:\/\/www.entreculturas.org\/gl\/#website","url":"https:\/\/www.entreculturas.org\/gl\/","name":"Entreculturas","description":"","publisher":{"@id":"https:\/\/www.entreculturas.org\/gl\/#organization"},"alternateName":"Entreculturas","potentialAction":[{"@type":"SearchAction","target":{"@type":"EntryPoint","urlTemplate":"https:\/\/www.entreculturas.org\/gl\/?s={search_term_string}"},"query-input":{"@type":"PropertyValueSpecification","valueRequired":true,"valueName":"search_term_string"}}],"inLanguage":"gl-ES"},{"@type":"Organization","@id":"https:\/\/www.entreculturas.org\/gl\/#organization","name":"Entreculturas","url":"https:\/\/www.entreculturas.org\/gl\/","logo":{"@type":"ImageObject","inLanguage":"gl-ES","@id":"https:\/\/www.entreculturas.org\/gl\/#\/schema\/logo\/image\/","url":"https:\/\/www.entreculturas.org\/wp-content\/uploads\/2025\/10\/ESP.svg","contentUrl":"https:\/\/www.entreculturas.org\/wp-content\/uploads\/2025\/10\/ESP.svg","caption":"Entreculturas"},"image":{"@id":"https:\/\/www.entreculturas.org\/gl\/#\/schema\/logo\/image\/"},"sameAs":["https:\/\/www.facebook.com\/entreculturas","https:\/\/x.com\/Entreculturas","https:\/\/www.instagram.com\/entreculturas\/","https:\/\/www.youtube.com\/user\/entreculturasvideo","https:\/\/www.linkedin.com\/company\/fundacion-entreculturas-ngdo\/","https:\/\/www.flickr.com\/photos\/98455522@N04\/albums\/"]}]}},"_links":{"self":[{"href":"https:\/\/www.entreculturas.org\/gl\/wp-json\/wp\/v2\/noticia\/6690","targetHints":{"allow":["GET"]}}],"collection":[{"href":"https:\/\/www.entreculturas.org\/gl\/wp-json\/wp\/v2\/noticia"}],"about":[{"href":"https:\/\/www.entreculturas.org\/gl\/wp-json\/wp\/v2\/types\/noticia"}],"wp:featuredmedia":[{"embeddable":true,"href":"https:\/\/www.entreculturas.org\/gl\/wp-json\/wp\/v2\/media\/6691"}],"wp:attachment":[{"href":"https:\/\/www.entreculturas.org\/gl\/wp-json\/wp\/v2\/media?parent=6690"}],"wp:term":[{"taxonomy":"category","embeddable":true,"href":"https:\/\/www.entreculturas.org\/gl\/wp-json\/wp\/v2\/categories?post=6690"},{"taxonomy":"post_tag","embeddable":true,"href":"https:\/\/www.entreculturas.org\/gl\/wp-json\/wp\/v2\/tags?post=6690"},{"taxonomy":"country","embeddable":true,"href":"https:\/\/www.entreculturas.org\/gl\/wp-json\/wp\/v2\/country?post=6690"},{"taxonomy":"cause","embeddable":true,"href":"https:\/\/www.entreculturas.org\/gl\/wp-json\/wp\/v2\/cause?post=6690"}],"curies":[{"name":"wp","href":"https:\/\/api.w.org\/{rel}","templated":true}]}}