{"id":6688,"date":"2022-09-13T09:30:38","date_gmt":"2022-09-13T09:30:38","guid":{"rendered":"https:\/\/entreculturasi.wpenginepowered.com\/?noticias=crisis-humanitaria-en-tigray-etiopia"},"modified":"2024-02-15T14:11:03","modified_gmt":"2024-02-15T13:11:03","slug":"crisis-humanitaria-en-tigray-etiopia","status":"publish","type":"noticia","link":"https:\/\/www.entreculturas.org\/gl\/noticia\/crisis-humanitaria-en-tigray-etiopia\/","title":{"rendered":"Crisis humanitaria en Tigray, Etiop\u00eda"},"content":{"rendered":"<p>Miles de <strong>personas inocentes <\/strong>siguen sufriendo una <strong>guerra civil <\/strong>que conduce al <strong>desplazamiento masivo y al hambre extrema en Tigray<\/strong>, regi\u00f3n del norte de Etiop\u00eda que limita con Sud\u00e1n y Eritrea. El mes pasado se esperaba que las conversaciones de paz lograran un alto el fuego pero, lamentablemente, <strong>la violencia se ha intensificado<\/strong>, dejando a las comunidades vulnerables desesperadas en condiciones de hambruna y con un miedo constante a la violencia.&nbsp;<\/p>\n<p>El violento conflicto en Tigray es una <strong>inmensa crisis humanitaria<\/strong>: miles de civiles no tienen suficiente comida, refugio o agua potable. La guerra ha interrumpido los apoyos y servicios esenciales para personas mayores y vulnerables y ha afectado el suministro de medicamentos y el acceso a la atenci\u00f3n m\u00e9dica.<\/p>\n<p>Antes del inicio de este conflicto en 2020, m\u00e1s de <strong>96.000 personas refugiadas eritreas estaban acogidas en Tigray<\/strong>, principalmente en los cuatro campos de la parte occidental de la regi\u00f3n: Mai-Aini, Adi-Harush, Shimelba e Hitsats. Cuando estallaron los combates a principios de noviembre de 2020 entre el Ej\u00e9rcito de Defensa Nacional de Etiop\u00eda (ENDA) y el Frente de Liberaci\u00f3n del Pueblo de Tigray (TPLF), el resultado fue muertes de civiles y el desplazamiento de miles de personas refugiadas en los cuatro campos y \u00e1reas urbanas de Tigray, creando una grave crisis humanitaria y de protecci\u00f3n.<\/p>\n<p><strong>La poblaci\u00f3n civil es la m\u00e1s est\u00e1 sufriendo.<\/strong> Testigos han denunciado numerosas violaciones de los Derechos Humanos: <strong>masacres, limpieza \u00e9tnica y violencia sexual generalizada<\/strong> que ser\u00e1n denunciadas oficialmente y confirmadas por una investigaci\u00f3n dirigida por la ONU que se publicar\u00e1 a finales de este mes.<\/p>\n<p><strong>Desde<\/strong> las organizaciones que formamos parte de la <strong>Red Xavier<\/strong> <strong>nos hacemos eco de esta carta de la Coordinadora Regional de las Hijas de la Caridad en Mekelle, la Hermana Medhin Tesfay<\/strong>. En la carta recoge su s\u00faplica por el fin de la violencia y relata un testimonio desgarrador de la violencia generalizada. Compartimos esta carta en solidaridad con los civiles de Tigray y lo hacemos para compartir la voz de los que sufren sin voz:<\/p>\n<p><span style=\"color:#FF0000\"><strong>Carta de la Coordinadora Regional de las Hijas de la Caridad en Mekelle, recibida el viernes 26 de agosto de 2022<\/strong><\/span><\/p>\n<p><em>Por favor, recen por nosotros y sean nuestra voz.<\/p>\n<p>Esta carta la estoy escribiendo con el coraz\u00f3n pesado, lleno de desasosiego y tristeza en relaci\u00f3n al desarrollo de un evento que a continuaci\u00f3n voy a compartir. Desde la madrugada del 24 de agosto, las nubes oscurecieron Tigray porque la guerra se ha desatado una vez m\u00e1s. En esa tarde, tuvo lugar un ataque a\u00e9reo en Mekelle que acab\u00f3 con la vida de ni\u00f1os y ni\u00f1as inocentes de una de las escuelas.<\/p>\n<p>Como saben, ha habido numerosos reportes de atroces violaciones a los Derechos Humanos desde que la guerra estall\u00f3 el 3 de noviembre de 2020. Y posteriormente, la gente de Tigray ha sufrido de un severo bloqueo, impidi\u00e9ndoles tener acceso a suministros vitales como comida y medicamentos. En silencio, meses han pasado en los que cada d\u00eda trae nuevos horrores dejando cicatrices en las mentes de civiles inocentes que se han visto atrapados en el medio de estos ataques llenos de odio.<\/p>\n<p>No fue suficiente que algunas de las comunidades m\u00e1s vulnerables sufrieran hambruna durante meses; no fue suficiente que ni\u00f1os y ni\u00f1as nacidos y criados con amor y esperanza fuesen asesinados dejando sus cuerpos hechos trizas; y no fue suficiente que familias vieran la brillante vitalidad de sus hijas y mujeres opacarse y ser reemplazada con terror puro, convirti\u00e9ndolas en testigos de los horrores presenciados; no fue suficiente que tuvieran que ver la vida por la que trabajaron muy duro desmoronarse; no fue suficiente que tuvieran que despojarse de su dignidad y contemplar actos impensables y horrorosos para sobrevivir\u2026 Tambi\u00e9n tuvieron que mirar desamparados c\u00f3mo uno de los suyos fue procesado, quemado vivo, y canibalizado, con una multitud animando esta locura.<\/p>\n<p>Esto va m\u00e1s all\u00e1 de las palabras y la comprensi\u00f3n, y es tan dif\u00edcil imaginar que muy poco se puede hacer para impedir que suceda de nuevo, para que haya mentes en paz que prevean e instauren el orden en un lugar en el que no se ha podido lograr.&nbsp;<\/p>\n<p>En estos momentos, la guerra parece haberse reencendido una vez m\u00e1s, indudablemente para llevarse las vidas de muchas almas j\u00f3venes que pudieron haber contribuido a la mejora de la humanidad.<\/p>\n<p>Como Hijas de la Caridad, alegremente hemos renunciado a comodidades y placeres para dedicar nuestra vida en servicio de las personas pobres. Y con tal incre\u00edble responsabilidad nos encontr\u00e1bamos, y nos seguimos encontrando, inclinadas a mejorar las vidas de los pobres lo m\u00e1s que podamos. Hemos sido dichosas, sinti\u00e9ndonos a salvo bajo el cuidado de los ojos de Dios y la comunidad internacional que no se atuvieron a estos actos impensables. No ha sido parte de nuestra esfera de pensamiento las horribles condiciones que pudieran suceder.<\/p>\n<p>Es, en el d\u00eda de hoy y en esta \u00e9poca, doloroso ver a los pobres a los que nosotras tratamos con tanto amor sucumbir al hambre, mientras hay comida pero est\u00e1 fuera de su alcance. No puedo imaginar c\u00f3mo van a sobrevivir despu\u00e9s de estas miserias que han tenido que soportar. Y con todas las estructuras de apoyo con las que contaban para su sustentaci\u00f3n diaria, ya no se encuentran en posibilidades de proveer con apoyo cuando lo necesitaban m\u00e1s, tengo miedo de que el n\u00famero de muertes sea monumental.<\/p>\n<p>Les ruego que recen en nuestro nombre y se conviertan en nuestras voces, ya que nosotras estamos apunto de ser silenciadas una vez m\u00e1s. En el nombre de los pobres, por favor aboguen para que esta locura termine: su apoyo es sumamente necesario en estos momentos. Esta es la coyuntura de la cual no habr\u00e1 vuelta atr\u00e1s, y en estos tiempos, podr\u00eda mostrar c\u00f3mo el sentido humanitario puede prevalecer sobre la injusticia y la crueldad.<br \/>Por favor, contin\u00faen sus esfuerzos para llegar a quienes lo necesitan, y sepan que vamos a continuar nuestro prop\u00f3sito de encontrar maneras para establecer contacto y, si es que es posible, abrir oportunidades para que quienes lo necesitan obtengan apoyo.<\/p>\n<p>Si lo peor est\u00e1 por llegar, y quedamos completamente incomunicadas, sepan con gentileza que estaremos en este lado del mundo haciendo lo mejor que podemos, con oraciones y esfuerzos para servir a nuestra comunidad explorando todas las opciones disponibles.<\/em><\/p>\n","protected":false},"excerpt":{"rendered":"<p>Miles de personas inocentes siguen sufriendo una guerra civil que conduce al desplazamiento masivo y al hambre extrema en Tigray, regi\u00f3n del norte de Etiop\u00eda que limita con Sud\u00e1n y Eritrea. El mes pasado se esperaba que las conversaciones de paz lograran un alto el fuego pero, lamentablemente, la violencia se ha intensificado, dejando a las comunidades vulnerables desesperadas en condiciones de hambruna y con un miedo constante a la violencia. <\/p>\n","protected":false},"featured_media":6687,"template":"single-noticia","meta":{"_acf_changed":false},"categories":[7],"tags":[10],"country":[331],"cause":[129],"class_list":["post-6688","noticia","type-noticia","status-publish","has-post-thumbnail","hentry","category-noticia","tag-migracion-y-refugio","country-etiopia","cause-migracion-y-refugio"],"acf":[],"yoast_head":"<!-- This site is optimized with the Yoast SEO Premium plugin v21.6 (Yoast SEO v27.5) - https:\/\/yoast.com\/product\/yoast-seo-premium-wordpress\/ -->\n<title>Crisis humanitaria en Tigray, Etiop\u00eda - Entreculturas<\/title>\n<meta name=\"robots\" content=\"index, follow, max-snippet:-1, max-image-preview:large, max-video-preview:-1\" \/>\n<link rel=\"canonical\" href=\"https:\/\/www.entreculturas.org\/gl\/noticia\/crisis-humanitaria-en-tigray-etiopia\/\" \/>\n<meta property=\"og:locale\" content=\"gl_ES\" \/>\n<meta property=\"og:type\" content=\"article\" \/>\n<meta property=\"og:title\" content=\"Crisis humanitaria en Tigray, Etiop\u00eda\" \/>\n<meta property=\"og:description\" content=\"Miles de personas inocentes siguen sufriendo una guerra civil que conduce al desplazamiento masivo y al hambre extrema en Tigray, regi\u00f3n del norte de Etiop\u00eda que limita con Sud\u00e1n y Eritrea. El mes pasado se esperaba que las conversaciones de paz lograran un alto el fuego pero, lamentablemente, la violencia se ha intensificado, dejando a las comunidades vulnerables desesperadas en condiciones de hambruna y con un miedo constante a la violencia.\" \/>\n<meta property=\"og:url\" content=\"https:\/\/www.entreculturas.org\/gl\/noticia\/crisis-humanitaria-en-tigray-etiopia\/\" \/>\n<meta property=\"og:site_name\" content=\"Entreculturas\" \/>\n<meta property=\"article:publisher\" content=\"https:\/\/www.facebook.com\/entreculturas\" \/>\n<meta property=\"article:modified_time\" content=\"2024-02-15T13:11:03+00:00\" \/>\n<meta property=\"og:image\" content=\"https:\/\/www.entreculturas.org\/wp-content\/uploads\/2022\/09\/foto_tigray_copia.jpg\" \/>\n\t<meta property=\"og:image:width\" content=\"800\" \/>\n\t<meta property=\"og:image:height\" content=\"533\" \/>\n\t<meta property=\"og:image:type\" content=\"image\/jpeg\" \/>\n<meta name=\"twitter:card\" content=\"summary_large_image\" \/>\n<meta name=\"twitter:site\" content=\"@Entreculturas\" \/>\n<script type=\"application\/ld+json\" class=\"yoast-schema-graph\">{\"@context\":\"https:\\\/\\\/schema.org\",\"@graph\":[{\"@type\":\"WebPage\",\"@id\":\"https:\\\/\\\/www.entreculturas.org\\\/gl\\\/noticia\\\/crisis-humanitaria-en-tigray-etiopia\\\/\",\"url\":\"https:\\\/\\\/www.entreculturas.org\\\/gl\\\/noticia\\\/crisis-humanitaria-en-tigray-etiopia\\\/\",\"name\":\"Crisis humanitaria en Tigray, Etiop\u00eda - Entreculturas\",\"isPartOf\":{\"@id\":\"https:\\\/\\\/www.entreculturas.org\\\/gl\\\/#website\"},\"primaryImageOfPage\":{\"@id\":\"https:\\\/\\\/www.entreculturas.org\\\/gl\\\/noticia\\\/crisis-humanitaria-en-tigray-etiopia\\\/#primaryimage\"},\"image\":{\"@id\":\"https:\\\/\\\/www.entreculturas.org\\\/gl\\\/noticia\\\/crisis-humanitaria-en-tigray-etiopia\\\/#primaryimage\"},\"thumbnailUrl\":\"https:\\\/\\\/www.entreculturas.org\\\/wp-content\\\/uploads\\\/2022\\\/09\\\/foto_tigray_copia.jpg\",\"datePublished\":\"2022-09-13T09:30:38+00:00\",\"dateModified\":\"2024-02-15T13:11:03+00:00\",\"breadcrumb\":{\"@id\":\"https:\\\/\\\/www.entreculturas.org\\\/gl\\\/noticia\\\/crisis-humanitaria-en-tigray-etiopia\\\/#breadcrumb\"},\"inLanguage\":\"gl-ES\",\"potentialAction\":[{\"@type\":\"ReadAction\",\"target\":[\"https:\\\/\\\/www.entreculturas.org\\\/gl\\\/noticia\\\/crisis-humanitaria-en-tigray-etiopia\\\/\"]}]},{\"@type\":\"ImageObject\",\"inLanguage\":\"gl-ES\",\"@id\":\"https:\\\/\\\/www.entreculturas.org\\\/gl\\\/noticia\\\/crisis-humanitaria-en-tigray-etiopia\\\/#primaryimage\",\"url\":\"https:\\\/\\\/www.entreculturas.org\\\/wp-content\\\/uploads\\\/2022\\\/09\\\/foto_tigray_copia.jpg\",\"contentUrl\":\"https:\\\/\\\/www.entreculturas.org\\\/wp-content\\\/uploads\\\/2022\\\/09\\\/foto_tigray_copia.jpg\",\"width\":800,\"height\":533},{\"@type\":\"BreadcrumbList\",\"@id\":\"https:\\\/\\\/www.entreculturas.org\\\/gl\\\/noticia\\\/crisis-humanitaria-en-tigray-etiopia\\\/#breadcrumb\",\"itemListElement\":[{\"@type\":\"ListItem\",\"position\":1,\"name\":\"Home\",\"item\":\"https:\\\/\\\/www.entreculturas.org\\\/gl\\\/\"},{\"@type\":\"ListItem\",\"position\":2,\"name\":\"Noticias\",\"item\":\"https:\\\/\\\/www.entreculturas.org\\\/gl\\\/noticias\\\/\"},{\"@type\":\"ListItem\",\"position\":3,\"name\":\"Crisis humanitaria en Tigray, Etiop\u00eda\"}]},{\"@type\":\"WebSite\",\"@id\":\"https:\\\/\\\/www.entreculturas.org\\\/gl\\\/#website\",\"url\":\"https:\\\/\\\/www.entreculturas.org\\\/gl\\\/\",\"name\":\"Entreculturas\",\"description\":\"\",\"publisher\":{\"@id\":\"https:\\\/\\\/www.entreculturas.org\\\/gl\\\/#organization\"},\"alternateName\":\"Entreculturas\",\"potentialAction\":[{\"@type\":\"SearchAction\",\"target\":{\"@type\":\"EntryPoint\",\"urlTemplate\":\"https:\\\/\\\/www.entreculturas.org\\\/gl\\\/?s={search_term_string}\"},\"query-input\":{\"@type\":\"PropertyValueSpecification\",\"valueRequired\":true,\"valueName\":\"search_term_string\"}}],\"inLanguage\":\"gl-ES\"},{\"@type\":\"Organization\",\"@id\":\"https:\\\/\\\/www.entreculturas.org\\\/gl\\\/#organization\",\"name\":\"Entreculturas\",\"url\":\"https:\\\/\\\/www.entreculturas.org\\\/gl\\\/\",\"logo\":{\"@type\":\"ImageObject\",\"inLanguage\":\"gl-ES\",\"@id\":\"https:\\\/\\\/www.entreculturas.org\\\/gl\\\/#\\\/schema\\\/logo\\\/image\\\/\",\"url\":\"https:\\\/\\\/www.entreculturas.org\\\/wp-content\\\/uploads\\\/2025\\\/10\\\/ESP.svg\",\"contentUrl\":\"https:\\\/\\\/www.entreculturas.org\\\/wp-content\\\/uploads\\\/2025\\\/10\\\/ESP.svg\",\"caption\":\"Entreculturas\"},\"image\":{\"@id\":\"https:\\\/\\\/www.entreculturas.org\\\/gl\\\/#\\\/schema\\\/logo\\\/image\\\/\"},\"sameAs\":[\"https:\\\/\\\/www.facebook.com\\\/entreculturas\",\"https:\\\/\\\/x.com\\\/Entreculturas\",\"https:\\\/\\\/www.instagram.com\\\/entreculturas\\\/\",\"https:\\\/\\\/www.youtube.com\\\/user\\\/entreculturasvideo\",\"https:\\\/\\\/www.linkedin.com\\\/company\\\/fundacion-entreculturas-ngdo\\\/\",\"https:\\\/\\\/www.flickr.com\\\/photos\\\/98455522@N04\\\/albums\\\/\"]}]}<\/script>\n<!-- \/ Yoast SEO Premium plugin. -->","yoast_head_json":{"title":"Crisis humanitaria en Tigray, Etiop\u00eda - Entreculturas","robots":{"index":"index","follow":"follow","max-snippet":"max-snippet:-1","max-image-preview":"max-image-preview:large","max-video-preview":"max-video-preview:-1"},"canonical":"https:\/\/www.entreculturas.org\/gl\/noticia\/crisis-humanitaria-en-tigray-etiopia\/","og_locale":"gl_ES","og_type":"article","og_title":"Crisis humanitaria en Tigray, Etiop\u00eda","og_description":"Miles de personas inocentes siguen sufriendo una guerra civil que conduce al desplazamiento masivo y al hambre extrema en Tigray, regi\u00f3n del norte de Etiop\u00eda que limita con Sud\u00e1n y Eritrea. El mes pasado se esperaba que las conversaciones de paz lograran un alto el fuego pero, lamentablemente, la violencia se ha intensificado, dejando a las comunidades vulnerables desesperadas en condiciones de hambruna y con un miedo constante a la violencia.","og_url":"https:\/\/www.entreculturas.org\/gl\/noticia\/crisis-humanitaria-en-tigray-etiopia\/","og_site_name":"Entreculturas","article_publisher":"https:\/\/www.facebook.com\/entreculturas","article_modified_time":"2024-02-15T13:11:03+00:00","og_image":[{"width":800,"height":533,"url":"https:\/\/www.entreculturas.org\/wp-content\/uploads\/2022\/09\/foto_tigray_copia.jpg","type":"image\/jpeg"}],"twitter_card":"summary_large_image","twitter_site":"@Entreculturas","schema":{"@context":"https:\/\/schema.org","@graph":[{"@type":"WebPage","@id":"https:\/\/www.entreculturas.org\/gl\/noticia\/crisis-humanitaria-en-tigray-etiopia\/","url":"https:\/\/www.entreculturas.org\/gl\/noticia\/crisis-humanitaria-en-tigray-etiopia\/","name":"Crisis humanitaria en Tigray, Etiop\u00eda - Entreculturas","isPartOf":{"@id":"https:\/\/www.entreculturas.org\/gl\/#website"},"primaryImageOfPage":{"@id":"https:\/\/www.entreculturas.org\/gl\/noticia\/crisis-humanitaria-en-tigray-etiopia\/#primaryimage"},"image":{"@id":"https:\/\/www.entreculturas.org\/gl\/noticia\/crisis-humanitaria-en-tigray-etiopia\/#primaryimage"},"thumbnailUrl":"https:\/\/www.entreculturas.org\/wp-content\/uploads\/2022\/09\/foto_tigray_copia.jpg","datePublished":"2022-09-13T09:30:38+00:00","dateModified":"2024-02-15T13:11:03+00:00","breadcrumb":{"@id":"https:\/\/www.entreculturas.org\/gl\/noticia\/crisis-humanitaria-en-tigray-etiopia\/#breadcrumb"},"inLanguage":"gl-ES","potentialAction":[{"@type":"ReadAction","target":["https:\/\/www.entreculturas.org\/gl\/noticia\/crisis-humanitaria-en-tigray-etiopia\/"]}]},{"@type":"ImageObject","inLanguage":"gl-ES","@id":"https:\/\/www.entreculturas.org\/gl\/noticia\/crisis-humanitaria-en-tigray-etiopia\/#primaryimage","url":"https:\/\/www.entreculturas.org\/wp-content\/uploads\/2022\/09\/foto_tigray_copia.jpg","contentUrl":"https:\/\/www.entreculturas.org\/wp-content\/uploads\/2022\/09\/foto_tigray_copia.jpg","width":800,"height":533},{"@type":"BreadcrumbList","@id":"https:\/\/www.entreculturas.org\/gl\/noticia\/crisis-humanitaria-en-tigray-etiopia\/#breadcrumb","itemListElement":[{"@type":"ListItem","position":1,"name":"Home","item":"https:\/\/www.entreculturas.org\/gl\/"},{"@type":"ListItem","position":2,"name":"Noticias","item":"https:\/\/www.entreculturas.org\/gl\/noticias\/"},{"@type":"ListItem","position":3,"name":"Crisis humanitaria en Tigray, Etiop\u00eda"}]},{"@type":"WebSite","@id":"https:\/\/www.entreculturas.org\/gl\/#website","url":"https:\/\/www.entreculturas.org\/gl\/","name":"Entreculturas","description":"","publisher":{"@id":"https:\/\/www.entreculturas.org\/gl\/#organization"},"alternateName":"Entreculturas","potentialAction":[{"@type":"SearchAction","target":{"@type":"EntryPoint","urlTemplate":"https:\/\/www.entreculturas.org\/gl\/?s={search_term_string}"},"query-input":{"@type":"PropertyValueSpecification","valueRequired":true,"valueName":"search_term_string"}}],"inLanguage":"gl-ES"},{"@type":"Organization","@id":"https:\/\/www.entreculturas.org\/gl\/#organization","name":"Entreculturas","url":"https:\/\/www.entreculturas.org\/gl\/","logo":{"@type":"ImageObject","inLanguage":"gl-ES","@id":"https:\/\/www.entreculturas.org\/gl\/#\/schema\/logo\/image\/","url":"https:\/\/www.entreculturas.org\/wp-content\/uploads\/2025\/10\/ESP.svg","contentUrl":"https:\/\/www.entreculturas.org\/wp-content\/uploads\/2025\/10\/ESP.svg","caption":"Entreculturas"},"image":{"@id":"https:\/\/www.entreculturas.org\/gl\/#\/schema\/logo\/image\/"},"sameAs":["https:\/\/www.facebook.com\/entreculturas","https:\/\/x.com\/Entreculturas","https:\/\/www.instagram.com\/entreculturas\/","https:\/\/www.youtube.com\/user\/entreculturasvideo","https:\/\/www.linkedin.com\/company\/fundacion-entreculturas-ngdo\/","https:\/\/www.flickr.com\/photos\/98455522@N04\/albums\/"]}]}},"_links":{"self":[{"href":"https:\/\/www.entreculturas.org\/gl\/wp-json\/wp\/v2\/noticia\/6688","targetHints":{"allow":["GET"]}}],"collection":[{"href":"https:\/\/www.entreculturas.org\/gl\/wp-json\/wp\/v2\/noticia"}],"about":[{"href":"https:\/\/www.entreculturas.org\/gl\/wp-json\/wp\/v2\/types\/noticia"}],"wp:featuredmedia":[{"embeddable":true,"href":"https:\/\/www.entreculturas.org\/gl\/wp-json\/wp\/v2\/media\/6687"}],"wp:attachment":[{"href":"https:\/\/www.entreculturas.org\/gl\/wp-json\/wp\/v2\/media?parent=6688"}],"wp:term":[{"taxonomy":"category","embeddable":true,"href":"https:\/\/www.entreculturas.org\/gl\/wp-json\/wp\/v2\/categories?post=6688"},{"taxonomy":"post_tag","embeddable":true,"href":"https:\/\/www.entreculturas.org\/gl\/wp-json\/wp\/v2\/tags?post=6688"},{"taxonomy":"country","embeddable":true,"href":"https:\/\/www.entreculturas.org\/gl\/wp-json\/wp\/v2\/country?post=6688"},{"taxonomy":"cause","embeddable":true,"href":"https:\/\/www.entreculturas.org\/gl\/wp-json\/wp\/v2\/cause?post=6688"}],"curies":[{"name":"wp","href":"https:\/\/api.w.org\/{rel}","templated":true}]}}