{"id":6667,"date":"2022-07-21T07:57:24","date_gmt":"2022-07-21T07:57:24","guid":{"rendered":"https:\/\/entreculturasi.wpenginepowered.com\/?noticias=creo-que-la-hospitalidad-es-uno-de-los-momentos-mas-importantes-para-la-reconciliacion-y-la"},"modified":"2024-02-15T14:14:15","modified_gmt":"2024-02-15T13:14:15","slug":"creo-que-la-hospitalidad-es-uno-de-los-momentos-mas-importantes-para-la-reconciliacion-y-la","status":"publish","type":"noticia","link":"https:\/\/www.entreculturas.org\/gl\/noticia\/creo-que-la-hospitalidad-es-uno-de-los-momentos-mas-importantes-para-la-reconciliacion-y-la\/","title":{"rendered":"&#8220;Creo que la hospitalidad es uno de los momentos m\u00e1s importantes para la reconciliaci\u00f3n y la construcci\u00f3n de la paz en el mundo&#8221; Fernando L\u00f3pez"},"content":{"rendered":"<p dir=\"ltr\" style=\"line-height:1.2;text-align: justify;margin-top:0pt;margin-bottom:0pt\"><span id=\"docs-internal-guid-3efd1242-7fff-5f90-d8fe-4255df378705\"><span style=\"font-size: 12pt;font-family: Calibri, sans-serif;background-color: transparent\">Ecuador vive una situaci\u00f3n social compleja <\/span><span style=\"font-size: 12pt;font-family: Calibri, sans-serif;background-color: transparent\">con la migraci\u00f3n forzada<\/span><span style=\"font-size: 12pt;font-family: Calibri, sans-serif;background-color: transparent\">: seg\u00fan datos de ACNUR, hasta diciembre de 2021, el pa\u00eds contaba con m\u00e1s de 71.550 personas refugiadas. En este contexto, JRS <\/span><span style=\"font-size: 12pt;font-family: Calibri, sans-serif;background-color: transparent\">Ecuador<\/span><span style=\"font-size: 12pt;font-family: Calibri, sans-serif;background-color: transparent\"> lleva a cabo un trabajo de acompa\u00f1amiento <\/span><span style=\"font-size: 12pt;font-family: Calibri, sans-serif;background-color: transparent\">integral <\/span><span style=\"font-size: 12pt;font-family: Calibri, sans-serif;background-color: transparent\">a las personas refugiadas y desplazadas forzosas y sensibiliza sobre sus derechos, adem\u00e1s de llevar a cabo acciones de <\/span><span style=\"font-size: 12pt;font-family: Calibri, sans-serif;background-color: transparent\">formaci\u00f3n, comunicaci\u00f3n e <\/span><span style=\"font-size: 12pt;font-family: Calibri, sans-serif;background-color: transparent\">incidencia pol\u00edtica.<\/span><\/span><\/p>\n<p dir=\"ltr\" style=\"line-height:1.2;text-align: justify;margin-top:0pt;margin-bottom:0pt\"><span id=\"docs-internal-guid-3efd1242-7fff-5f90-d8fe-4255df378705\"><span style=\"font-size: 12pt;font-family: Calibri, sans-serif;background-color: transparent;font-weight: 700\">&nbsp;<\/span><\/span><\/p>\n<p dir=\"ltr\" style=\"line-height:1.2;text-align: justify;margin-top:0pt;margin-bottom:0pt\"><span id=\"docs-internal-guid-3efd1242-7fff-5f90-d8fe-4255df378705\"><span style=\"font-size: 12pt;font-family: Calibri, sans-serif;background-color: transparent;font-weight: 700\">\u00bfCu\u00e1l es para ti la f\u00f3rmula para poder acompa\u00f1ar a las personas desplazadas?<\/span><\/span><\/p>\n<p dir=\"ltr\" style=\"line-height:1.2;text-align: justify;margin-top:0pt;margin-bottom:0pt\"><span id=\"docs-internal-guid-3efd1242-7fff-5f90-d8fe-4255df378705\"><span style=\"font-size: 12pt;font-family: Calibri, sans-serif;background-color: transparent\">Lo fundamental es la capacidad de escuchar, de sentarse a conversar con las personas. Y siempre a partir de una escucha atenta y respetuosa, entrar en di\u00e1logos para construir la respuesta a sus necesidades conjuntamente. Lo que m\u00e1s valora la gente es <\/span><span style=\"font-size: 12pt;font-family: Calibri, sans-serif;background-color: transparent\">esa capacidad de <\/span><span style=\"font-size: 12pt;font-family: Calibri, sans-serif;background-color: transparent\">escucha muy respetuosa y muy atenta. Creo que tenemos que <\/span><span style=\"font-size: 12pt;font-family: Calibri, sans-serif;background-color: transparent\">animar y fortalecer <\/span><span style=\"font-size: 12pt;font-family: Calibri, sans-serif;background-color: transparent\">&nbsp;como especie humana <\/span><span style=\"font-size: 12pt;font-family: Calibri, sans-serif;background-color: transparent\">el escucharnos<\/span><span style=\"font-size: 12pt;font-family: Calibri, sans-serif;background-color: transparent\">, <\/span><span style=\"font-size: 12pt;font-family: Calibri, sans-serif;background-color: transparent\">sobre todo ante la realidad <\/span><span style=\"font-size: 12pt;font-family: Calibri, sans-serif;background-color: transparent\">que todas y todos somos migrantes.<\/span><\/span><\/p>\n<p dir=\"ltr\" style=\"line-height:1.2;text-align: justify;margin-top:0pt;margin-bottom:0pt\"><span id=\"docs-internal-guid-3efd1242-7fff-5f90-d8fe-4255df378705\"><span style=\"font-size: 12pt;font-family: Calibri, sans-serif;background-color: transparent;font-weight: 700\">&nbsp;<\/span><\/span><\/p>\n<p dir=\"ltr\" style=\"line-height:1.2;text-align: justify;margin-top:0pt;margin-bottom:0pt\"><span id=\"docs-internal-guid-3efd1242-7fff-5f90-d8fe-4255df378705\"><span style=\"font-size: 12pt;font-family: Calibri, sans-serif;background-color: transparent;font-weight: 700\">\u00bfQu\u00e9 es lo m\u00e1s positivo que resaltar\u00edas de <\/span><span style=\"font-size: 12pt;font-family: Calibri, sans-serif;background-color: transparent;font-weight: 700\">las <\/span><span style=\"font-size: 12pt;font-family: Calibri, sans-serif;background-color: transparent;font-weight: 700\">poblacionales <\/span><span style=\"font-size: 12pt;font-family: Calibri, sans-serif;background-color: transparent;font-weight: 700\">migrantes forzadas<\/span><span style=\"font-size: 12pt;font-family: Calibri, sans-serif;background-color: transparent;font-weight: 700\">?<\/span><\/span><\/p>\n<p dir=\"ltr\" style=\"line-height:1.2;text-align: justify;margin-top:0pt;margin-bottom:0pt\"><span id=\"docs-internal-guid-3efd1242-7fff-5f90-d8fe-4255df378705\"><span style=\"font-size: 12pt;font-family: Calibri, sans-serif;background-color: transparent\">La migraci\u00f3n es una bendici\u00f3n, nos ha permitido estar disfrutando la casa com\u00fan, y eso deber\u00edamos comprenderlo cada vez m\u00e1s. Pero tambi\u00e9n comprender que en cualquier momento nos podemos convertir en migrantes forzados. <\/span><span style=\"font-size: 12pt;font-family: Calibri, sans-serif;background-color: transparent\">A las poblaciones migrantes forzadas<\/span><span style=\"font-size: 12pt;font-family: Calibri, sans-serif;background-color: transparent\"> <\/span><span style=\"font-size: 12pt;font-family: Calibri, sans-serif;background-color: transparent\">fruto de <\/span><span style=\"font-size: 12pt;font-family: Calibri, sans-serif;background-color: transparent\">guerras, enfrentamientos y hambrunas, <\/span><span style=\"font-size: 12pt;font-family: Calibri, sans-serif;background-color: transparent\">se suma la generada por <\/span><span style=\"font-size: 12pt;font-family: Calibri, sans-serif;background-color: transparent\">el cambio clim\u00e1tico. Podemos ser migrantes en cualquier momento.<\/span><\/span><\/p>\n<p dir=\"ltr\" style=\"line-height:1.2;text-align: justify;margin-top:0pt;margin-bottom:0pt\">&nbsp;<\/p>\n<p dir=\"ltr\" style=\"line-height:1.2;text-align: justify;margin-top:0pt;margin-bottom:0pt\">\n<p dir=\"ltr\" style=\"line-height:1.2;text-align: justify;margin-top:0pt;margin-bottom:0pt\"><span id=\"docs-internal-guid-3efd1242-7fff-5f90-d8fe-4255df378705\"><span style=\"font-size: 12pt;font-family: Calibri, sans-serif;background-color: transparent;font-weight: 700\">&nbsp;<\/span><\/span><\/p>\n<p dir=\"ltr\" style=\"line-height:1.2;text-align: justify;margin-top:0pt;margin-bottom:0pt\"><span id=\"docs-internal-guid-3efd1242-7fff-5f90-d8fe-4255df378705\"><span style=\"font-size: 12pt;font-family: Calibri, sans-serif;background-color: transparent;font-weight: 700\">\u00bfC\u00f3mo definir\u00edas la labor que realiz\u00e1is en los albergues y otras instalaciones de JRS Ecuador?<\/span><\/span><\/p>\n<p dir=\"ltr\" style=\"line-height:1.2;text-align: justify;margin-top:0pt;margin-bottom:0pt\"><span id=\"docs-internal-guid-3efd1242-7fff-5f90-d8fe-4255df378705\"><span style=\"font-size: 12pt;font-family: Calibri, sans-serif;background-color: transparent\">Tratamos de responder a las necesidades de las familias de forma integral, no solamente con la necesidad emergente de encontrar un sitio donde vivir. Tratamos de hacer un mapeo de sus necesidades, de su proyecto de vida, de su necesidad de regularizaci\u00f3n, sus necesidades de atenci\u00f3n psicosocial, de salud mental, de acceso a derechos en educaci\u00f3n o en salud.<\/span><\/span><\/p>\n<p dir=\"ltr\" style=\"line-height:1.2;text-align: justify;margin-top:0pt;margin-bottom:0pt\"><span id=\"docs-internal-guid-3efd1242-7fff-5f90-d8fe-4255df378705\"><span style=\"font-size: 12pt;font-family: Calibri, sans-serif;background-color: transparent;font-weight: 700\">&nbsp;<\/span><\/span><\/p>\n<p dir=\"ltr\" style=\"line-height:1.2;text-align: justify;margin-top:0pt;margin-bottom:0pt\"><span id=\"docs-internal-guid-3efd1242-7fff-5f90-d8fe-4255df378705\"><span style=\"font-size: 12pt;font-family: Calibri, sans-serif;background-color: transparent;font-weight: 700\">\u00bfC\u00f3mo describir\u00edas las migraciones actuales?<\/span><\/span><\/p>\n<p dir=\"ltr\" style=\"line-height:1.2;text-align: justify;margin-top:0pt;margin-bottom:0pt\"><span id=\"docs-internal-guid-3efd1242-7fff-5f90-d8fe-4255df378705\"><span style=\"font-size: 12pt;font-family: Calibri, sans-serif;background-color: transparent\">Interculturales<\/span><span style=\"font-size: 12pt;font-family: Calibri, sans-serif;background-color: transparent\">, que tiene que ver con la expresi\u00f3n \u201cEntreculturas\u201d. Debemos entender que nos hacemos uno en la diversidad y que, a pesar de que tengamos or\u00edgenes, formas de lenguaje e idiomas distintos, somos parte de culturas, y que el reto es tal vez convivir como se conviv\u00eda antes, arm\u00f3nicamente entre s\u00ed y con la madre naturaleza, con nosotros y con Dios.<\/span><\/span><\/p>\n<p dir=\"ltr\" style=\"line-height:1.2;text-align: justify;margin-top:0pt;margin-bottom:0pt\"><span id=\"docs-internal-guid-3efd1242-7fff-5f90-d8fe-4255df378705\"><span style=\"font-size: 12pt;font-family: Calibri, sans-serif;background-color: transparent;font-weight: 700\">&nbsp;<\/span><\/span><\/p>\n<p dir=\"ltr\" style=\"line-height:1.2;text-align: justify;margin-top:0pt;margin-bottom:0pt\"><span id=\"docs-internal-guid-3efd1242-7fff-5f90-d8fe-4255df378705\"><span style=\"font-size: 12pt;font-family: Calibri, sans-serif;background-color: transparent;font-weight: 700\">Entonces, \u00bfson la hospitalidad y la solidaridad una ayuda clave a la hora de tratar con las migraciones?<\/span><\/span><\/p>\n<p dir=\"ltr\" style=\"line-height:1.2;text-align: justify;margin-top:0pt;margin-bottom:0pt\"><span id=\"docs-internal-guid-3efd1242-7fff-5f90-d8fe-4255df378705\"><span style=\"font-size: 12pt;font-family: Calibri, sans-serif;background-color: transparent\">Creo que la hospitalidad es uno de los momentos m\u00e1s importantes para la reconciliaci\u00f3n y la construcci\u00f3n de la paz en el mundo. Es un sue\u00f1o que <\/span><span style=\"font-size: 12pt;font-family: Calibri, sans-serif;background-color: transparent\">se hace realidad<\/span><span style=\"font-size: 12pt;font-family: Calibri, sans-serif;background-color: transparent\">. Hay que invitar a que demos el paso que va de la escucha, de la sanaci\u00f3n, hacia la <\/span><span style=\"font-size: 12pt;font-family: Calibri, sans-serif;background-color: transparent\">verdad, <\/span><span style=\"font-size: 12pt;font-family: Calibri, sans-serif;background-color: transparent\">reconciliaci\u00f3n y la construcci\u00f3n de la paz. Eso no quiere decir que se acabaron los conflictos, sino que tenemos que aprender a manejarlos alternativa <\/span><span style=\"font-size: 12pt;font-family: Calibri, sans-serif;background-color: transparent\">y pac\u00edficamente<\/span><span style=\"font-size: 12pt;font-family: Calibri, sans-serif;background-color: transparent\">.<\/span><\/span><\/p>\n<p>&nbsp;<\/p>\n","protected":false},"excerpt":{"rendered":"<p>Ecuador vive una situaci\u00f3n social compleja con la migraci\u00f3n forzada: seg\u00fan datos de ACNUR, hasta diciembre de 2021, el pa\u00eds contaba con m\u00e1s de 71.550 personas refugiadas. <\/p>\n","protected":false},"featured_media":6668,"template":"single-noticia","meta":{"_acf_changed":false},"categories":[7],"tags":[10],"country":[],"cause":[129],"class_list":["post-6667","noticia","type-noticia","status-publish","has-post-thumbnail","hentry","category-noticia","tag-migracion-y-refugio","cause-migracion-y-refugio"],"acf":[],"yoast_head":"<!-- This site is optimized with the Yoast SEO Premium plugin v21.6 (Yoast SEO v27.5) - https:\/\/yoast.com\/product\/yoast-seo-premium-wordpress\/ -->\n<title>&quot;Creo que la hospitalidad es uno de los momentos m\u00e1s importantes para la reconciliaci\u00f3n y la construcci\u00f3n de la paz en el mundo&quot; Fernando L\u00f3pez - Entreculturas<\/title>\n<meta name=\"robots\" content=\"index, follow, max-snippet:-1, max-image-preview:large, max-video-preview:-1\" \/>\n<link rel=\"canonical\" href=\"https:\/\/www.entreculturas.org\/gl\/noticia\/creo-que-la-hospitalidad-es-uno-de-los-momentos-mas-importantes-para-la-reconciliacion-y-la\/\" \/>\n<meta property=\"og:locale\" content=\"gl_ES\" \/>\n<meta property=\"og:type\" content=\"article\" \/>\n<meta property=\"og:title\" content=\"&quot;Creo que la hospitalidad es uno de los momentos m\u00e1s importantes para la reconciliaci\u00f3n y la construcci\u00f3n de la paz en el mundo&quot; Fernando L\u00f3pez\" \/>\n<meta property=\"og:description\" content=\"Ecuador vive una situaci\u00f3n social compleja con la migraci\u00f3n forzada: seg\u00fan datos de ACNUR, hasta diciembre de 2021, el pa\u00eds contaba con m\u00e1s de 71.550 personas refugiadas.\" \/>\n<meta property=\"og:url\" content=\"https:\/\/www.entreculturas.org\/gl\/noticia\/creo-que-la-hospitalidad-es-uno-de-los-momentos-mas-importantes-para-la-reconciliacion-y-la\/\" \/>\n<meta property=\"og:site_name\" content=\"Entreculturas\" \/>\n<meta property=\"article:publisher\" content=\"https:\/\/www.facebook.com\/entreculturas\" \/>\n<meta property=\"article:modified_time\" content=\"2024-02-15T13:14:15+00:00\" \/>\n<meta property=\"og:image\" content=\"https:\/\/www.entreculturas.org\/wp-content\/uploads\/2022\/07\/fernando_lopez-scaled-1.jpg\" \/>\n\t<meta property=\"og:image:width\" content=\"2560\" \/>\n\t<meta property=\"og:image:height\" content=\"1707\" \/>\n\t<meta property=\"og:image:type\" content=\"image\/jpeg\" \/>\n<meta name=\"twitter:card\" content=\"summary_large_image\" \/>\n<meta name=\"twitter:site\" content=\"@Entreculturas\" \/>\n<script type=\"application\/ld+json\" class=\"yoast-schema-graph\">{\"@context\":\"https:\\\/\\\/schema.org\",\"@graph\":[{\"@type\":\"WebPage\",\"@id\":\"https:\\\/\\\/www.entreculturas.org\\\/gl\\\/noticia\\\/creo-que-la-hospitalidad-es-uno-de-los-momentos-mas-importantes-para-la-reconciliacion-y-la\\\/\",\"url\":\"https:\\\/\\\/www.entreculturas.org\\\/gl\\\/noticia\\\/creo-que-la-hospitalidad-es-uno-de-los-momentos-mas-importantes-para-la-reconciliacion-y-la\\\/\",\"name\":\"\\\"Creo que la hospitalidad es uno de los momentos m\u00e1s importantes para la reconciliaci\u00f3n y la construcci\u00f3n de la paz en el mundo\\\" Fernando L\u00f3pez - Entreculturas\",\"isPartOf\":{\"@id\":\"https:\\\/\\\/www.entreculturas.org\\\/gl\\\/#website\"},\"primaryImageOfPage\":{\"@id\":\"https:\\\/\\\/www.entreculturas.org\\\/gl\\\/noticia\\\/creo-que-la-hospitalidad-es-uno-de-los-momentos-mas-importantes-para-la-reconciliacion-y-la\\\/#primaryimage\"},\"image\":{\"@id\":\"https:\\\/\\\/www.entreculturas.org\\\/gl\\\/noticia\\\/creo-que-la-hospitalidad-es-uno-de-los-momentos-mas-importantes-para-la-reconciliacion-y-la\\\/#primaryimage\"},\"thumbnailUrl\":\"https:\\\/\\\/www.entreculturas.org\\\/wp-content\\\/uploads\\\/2022\\\/07\\\/fernando_lopez-scaled-1.jpg\",\"datePublished\":\"2022-07-21T07:57:24+00:00\",\"dateModified\":\"2024-02-15T13:14:15+00:00\",\"breadcrumb\":{\"@id\":\"https:\\\/\\\/www.entreculturas.org\\\/gl\\\/noticia\\\/creo-que-la-hospitalidad-es-uno-de-los-momentos-mas-importantes-para-la-reconciliacion-y-la\\\/#breadcrumb\"},\"inLanguage\":\"gl-ES\",\"potentialAction\":[{\"@type\":\"ReadAction\",\"target\":[\"https:\\\/\\\/www.entreculturas.org\\\/gl\\\/noticia\\\/creo-que-la-hospitalidad-es-uno-de-los-momentos-mas-importantes-para-la-reconciliacion-y-la\\\/\"]}]},{\"@type\":\"ImageObject\",\"inLanguage\":\"gl-ES\",\"@id\":\"https:\\\/\\\/www.entreculturas.org\\\/gl\\\/noticia\\\/creo-que-la-hospitalidad-es-uno-de-los-momentos-mas-importantes-para-la-reconciliacion-y-la\\\/#primaryimage\",\"url\":\"https:\\\/\\\/www.entreculturas.org\\\/wp-content\\\/uploads\\\/2022\\\/07\\\/fernando_lopez-scaled-1.jpg\",\"contentUrl\":\"https:\\\/\\\/www.entreculturas.org\\\/wp-content\\\/uploads\\\/2022\\\/07\\\/fernando_lopez-scaled-1.jpg\",\"width\":2560,\"height\":1707,\"caption\":\"fernando_lopez\"},{\"@type\":\"BreadcrumbList\",\"@id\":\"https:\\\/\\\/www.entreculturas.org\\\/gl\\\/noticia\\\/creo-que-la-hospitalidad-es-uno-de-los-momentos-mas-importantes-para-la-reconciliacion-y-la\\\/#breadcrumb\",\"itemListElement\":[{\"@type\":\"ListItem\",\"position\":1,\"name\":\"Home\",\"item\":\"https:\\\/\\\/www.entreculturas.org\\\/gl\\\/\"},{\"@type\":\"ListItem\",\"position\":2,\"name\":\"Noticias\",\"item\":\"https:\\\/\\\/www.entreculturas.org\\\/gl\\\/noticias\\\/\"},{\"@type\":\"ListItem\",\"position\":3,\"name\":\"&#8220;Creo que la hospitalidad es uno de los momentos m\u00e1s importantes para la reconciliaci\u00f3n y la construcci\u00f3n de la paz en el mundo&#8221; Fernando L\u00f3pez\"}]},{\"@type\":\"WebSite\",\"@id\":\"https:\\\/\\\/www.entreculturas.org\\\/gl\\\/#website\",\"url\":\"https:\\\/\\\/www.entreculturas.org\\\/gl\\\/\",\"name\":\"Entreculturas\",\"description\":\"\",\"publisher\":{\"@id\":\"https:\\\/\\\/www.entreculturas.org\\\/gl\\\/#organization\"},\"alternateName\":\"Entreculturas\",\"potentialAction\":[{\"@type\":\"SearchAction\",\"target\":{\"@type\":\"EntryPoint\",\"urlTemplate\":\"https:\\\/\\\/www.entreculturas.org\\\/gl\\\/?s={search_term_string}\"},\"query-input\":{\"@type\":\"PropertyValueSpecification\",\"valueRequired\":true,\"valueName\":\"search_term_string\"}}],\"inLanguage\":\"gl-ES\"},{\"@type\":\"Organization\",\"@id\":\"https:\\\/\\\/www.entreculturas.org\\\/gl\\\/#organization\",\"name\":\"Entreculturas\",\"url\":\"https:\\\/\\\/www.entreculturas.org\\\/gl\\\/\",\"logo\":{\"@type\":\"ImageObject\",\"inLanguage\":\"gl-ES\",\"@id\":\"https:\\\/\\\/www.entreculturas.org\\\/gl\\\/#\\\/schema\\\/logo\\\/image\\\/\",\"url\":\"https:\\\/\\\/www.entreculturas.org\\\/wp-content\\\/uploads\\\/2025\\\/10\\\/ESP.svg\",\"contentUrl\":\"https:\\\/\\\/www.entreculturas.org\\\/wp-content\\\/uploads\\\/2025\\\/10\\\/ESP.svg\",\"caption\":\"Entreculturas\"},\"image\":{\"@id\":\"https:\\\/\\\/www.entreculturas.org\\\/gl\\\/#\\\/schema\\\/logo\\\/image\\\/\"},\"sameAs\":[\"https:\\\/\\\/www.facebook.com\\\/entreculturas\",\"https:\\\/\\\/x.com\\\/Entreculturas\",\"https:\\\/\\\/www.instagram.com\\\/entreculturas\\\/\",\"https:\\\/\\\/www.youtube.com\\\/user\\\/entreculturasvideo\",\"https:\\\/\\\/www.linkedin.com\\\/company\\\/fundacion-entreculturas-ngdo\\\/\",\"https:\\\/\\\/www.flickr.com\\\/photos\\\/98455522@N04\\\/albums\\\/\"]}]}<\/script>\n<!-- \/ Yoast SEO Premium plugin. -->","yoast_head_json":{"title":"\"Creo que la hospitalidad es uno de los momentos m\u00e1s importantes para la reconciliaci\u00f3n y la construcci\u00f3n de la paz en el mundo\" Fernando L\u00f3pez - Entreculturas","robots":{"index":"index","follow":"follow","max-snippet":"max-snippet:-1","max-image-preview":"max-image-preview:large","max-video-preview":"max-video-preview:-1"},"canonical":"https:\/\/www.entreculturas.org\/gl\/noticia\/creo-que-la-hospitalidad-es-uno-de-los-momentos-mas-importantes-para-la-reconciliacion-y-la\/","og_locale":"gl_ES","og_type":"article","og_title":"\"Creo que la hospitalidad es uno de los momentos m\u00e1s importantes para la reconciliaci\u00f3n y la construcci\u00f3n de la paz en el mundo\" Fernando L\u00f3pez","og_description":"Ecuador vive una situaci\u00f3n social compleja con la migraci\u00f3n forzada: seg\u00fan datos de ACNUR, hasta diciembre de 2021, el pa\u00eds contaba con m\u00e1s de 71.550 personas refugiadas.","og_url":"https:\/\/www.entreculturas.org\/gl\/noticia\/creo-que-la-hospitalidad-es-uno-de-los-momentos-mas-importantes-para-la-reconciliacion-y-la\/","og_site_name":"Entreculturas","article_publisher":"https:\/\/www.facebook.com\/entreculturas","article_modified_time":"2024-02-15T13:14:15+00:00","og_image":[{"width":2560,"height":1707,"url":"https:\/\/www.entreculturas.org\/wp-content\/uploads\/2022\/07\/fernando_lopez-scaled-1.jpg","type":"image\/jpeg"}],"twitter_card":"summary_large_image","twitter_site":"@Entreculturas","schema":{"@context":"https:\/\/schema.org","@graph":[{"@type":"WebPage","@id":"https:\/\/www.entreculturas.org\/gl\/noticia\/creo-que-la-hospitalidad-es-uno-de-los-momentos-mas-importantes-para-la-reconciliacion-y-la\/","url":"https:\/\/www.entreculturas.org\/gl\/noticia\/creo-que-la-hospitalidad-es-uno-de-los-momentos-mas-importantes-para-la-reconciliacion-y-la\/","name":"\"Creo que la hospitalidad es uno de los momentos m\u00e1s importantes para la reconciliaci\u00f3n y la construcci\u00f3n de la paz en el mundo\" Fernando L\u00f3pez - Entreculturas","isPartOf":{"@id":"https:\/\/www.entreculturas.org\/gl\/#website"},"primaryImageOfPage":{"@id":"https:\/\/www.entreculturas.org\/gl\/noticia\/creo-que-la-hospitalidad-es-uno-de-los-momentos-mas-importantes-para-la-reconciliacion-y-la\/#primaryimage"},"image":{"@id":"https:\/\/www.entreculturas.org\/gl\/noticia\/creo-que-la-hospitalidad-es-uno-de-los-momentos-mas-importantes-para-la-reconciliacion-y-la\/#primaryimage"},"thumbnailUrl":"https:\/\/www.entreculturas.org\/wp-content\/uploads\/2022\/07\/fernando_lopez-scaled-1.jpg","datePublished":"2022-07-21T07:57:24+00:00","dateModified":"2024-02-15T13:14:15+00:00","breadcrumb":{"@id":"https:\/\/www.entreculturas.org\/gl\/noticia\/creo-que-la-hospitalidad-es-uno-de-los-momentos-mas-importantes-para-la-reconciliacion-y-la\/#breadcrumb"},"inLanguage":"gl-ES","potentialAction":[{"@type":"ReadAction","target":["https:\/\/www.entreculturas.org\/gl\/noticia\/creo-que-la-hospitalidad-es-uno-de-los-momentos-mas-importantes-para-la-reconciliacion-y-la\/"]}]},{"@type":"ImageObject","inLanguage":"gl-ES","@id":"https:\/\/www.entreculturas.org\/gl\/noticia\/creo-que-la-hospitalidad-es-uno-de-los-momentos-mas-importantes-para-la-reconciliacion-y-la\/#primaryimage","url":"https:\/\/www.entreculturas.org\/wp-content\/uploads\/2022\/07\/fernando_lopez-scaled-1.jpg","contentUrl":"https:\/\/www.entreculturas.org\/wp-content\/uploads\/2022\/07\/fernando_lopez-scaled-1.jpg","width":2560,"height":1707,"caption":"fernando_lopez"},{"@type":"BreadcrumbList","@id":"https:\/\/www.entreculturas.org\/gl\/noticia\/creo-que-la-hospitalidad-es-uno-de-los-momentos-mas-importantes-para-la-reconciliacion-y-la\/#breadcrumb","itemListElement":[{"@type":"ListItem","position":1,"name":"Home","item":"https:\/\/www.entreculturas.org\/gl\/"},{"@type":"ListItem","position":2,"name":"Noticias","item":"https:\/\/www.entreculturas.org\/gl\/noticias\/"},{"@type":"ListItem","position":3,"name":"&#8220;Creo que la hospitalidad es uno de los momentos m\u00e1s importantes para la reconciliaci\u00f3n y la construcci\u00f3n de la paz en el mundo&#8221; Fernando L\u00f3pez"}]},{"@type":"WebSite","@id":"https:\/\/www.entreculturas.org\/gl\/#website","url":"https:\/\/www.entreculturas.org\/gl\/","name":"Entreculturas","description":"","publisher":{"@id":"https:\/\/www.entreculturas.org\/gl\/#organization"},"alternateName":"Entreculturas","potentialAction":[{"@type":"SearchAction","target":{"@type":"EntryPoint","urlTemplate":"https:\/\/www.entreculturas.org\/gl\/?s={search_term_string}"},"query-input":{"@type":"PropertyValueSpecification","valueRequired":true,"valueName":"search_term_string"}}],"inLanguage":"gl-ES"},{"@type":"Organization","@id":"https:\/\/www.entreculturas.org\/gl\/#organization","name":"Entreculturas","url":"https:\/\/www.entreculturas.org\/gl\/","logo":{"@type":"ImageObject","inLanguage":"gl-ES","@id":"https:\/\/www.entreculturas.org\/gl\/#\/schema\/logo\/image\/","url":"https:\/\/www.entreculturas.org\/wp-content\/uploads\/2025\/10\/ESP.svg","contentUrl":"https:\/\/www.entreculturas.org\/wp-content\/uploads\/2025\/10\/ESP.svg","caption":"Entreculturas"},"image":{"@id":"https:\/\/www.entreculturas.org\/gl\/#\/schema\/logo\/image\/"},"sameAs":["https:\/\/www.facebook.com\/entreculturas","https:\/\/x.com\/Entreculturas","https:\/\/www.instagram.com\/entreculturas\/","https:\/\/www.youtube.com\/user\/entreculturasvideo","https:\/\/www.linkedin.com\/company\/fundacion-entreculturas-ngdo\/","https:\/\/www.flickr.com\/photos\/98455522@N04\/albums\/"]}]}},"_links":{"self":[{"href":"https:\/\/www.entreculturas.org\/gl\/wp-json\/wp\/v2\/noticia\/6667","targetHints":{"allow":["GET"]}}],"collection":[{"href":"https:\/\/www.entreculturas.org\/gl\/wp-json\/wp\/v2\/noticia"}],"about":[{"href":"https:\/\/www.entreculturas.org\/gl\/wp-json\/wp\/v2\/types\/noticia"}],"wp:featuredmedia":[{"embeddable":true,"href":"https:\/\/www.entreculturas.org\/gl\/wp-json\/wp\/v2\/media\/6668"}],"wp:attachment":[{"href":"https:\/\/www.entreculturas.org\/gl\/wp-json\/wp\/v2\/media?parent=6667"}],"wp:term":[{"taxonomy":"category","embeddable":true,"href":"https:\/\/www.entreculturas.org\/gl\/wp-json\/wp\/v2\/categories?post=6667"},{"taxonomy":"post_tag","embeddable":true,"href":"https:\/\/www.entreculturas.org\/gl\/wp-json\/wp\/v2\/tags?post=6667"},{"taxonomy":"country","embeddable":true,"href":"https:\/\/www.entreculturas.org\/gl\/wp-json\/wp\/v2\/country?post=6667"},{"taxonomy":"cause","embeddable":true,"href":"https:\/\/www.entreculturas.org\/gl\/wp-json\/wp\/v2\/cause?post=6667"}],"curies":[{"name":"wp","href":"https:\/\/api.w.org\/{rel}","templated":true}]}}