{"id":6651,"date":"2022-07-13T07:29:30","date_gmt":"2022-07-13T07:29:30","guid":{"rendered":"https:\/\/entreculturasi.wpenginepowered.com\/?noticias=rezando-nuestras-causas"},"modified":"2023-12-18T10:31:18","modified_gmt":"2023-12-18T09:31:18","slug":"rezando-nuestras-causas","status":"publish","type":"noticia","link":"https:\/\/www.entreculturas.org\/gl\/noticia\/rezando-nuestras-causas\/","title":{"rendered":"Rezando nuestras causas"},"content":{"rendered":"<\/p>\n<p>Rezandovoy, en colaboraci\u00f3n con Alboan y Entreculturas, las obras de Cooperaci\u00f3n Internacional de la Provincia de Espa\u00f1a, han iniciado el proyecto<strong> &#8220;Rezando nuestras causas&#8221;,<\/strong> que conecta las cinco causas que vertebran nuestra misi\u00f3n con la dimensi\u00f3n de la fe. Para ello hemos elaborado unas oraciones para rezar sobre cada una de las causas, con <strong>textos b\u00edblicos que inspiran nuestro compromiso<\/strong> por las personas m\u00e1s vulnerables de nuestro mundo.<\/p>\n<p>Las cinco causas que articulan la misi\u00f3n de Alboan y Entreculturas y que compartimos con el sector social son las siguientes:<\/p>\n<ul>\n<li>la educaci\u00f3n como derecho humano;<\/li>\n<li>el trabajo por la vida digna de personas migrantes y refugiadas;<\/li>\n<li>la apuesta por la participaci\u00f3n y la construcci\u00f3n de ciudadan\u00eda global comprometida;<\/li>\n<li>la equidad de g\u00e9nero; y la justicia socioambiental.<\/li>\n<\/ul>\n<p>Estas son las causas que promovemos y acompa\u00f1amos tanto con nuestras organizaciones aliadas en los pa\u00edses donde desempe\u00f1amos la labor de Cooperaci\u00f3n para el Desarrollo y Ayuda Humanitaria, como en los centros educativos y grupos que acompa\u00f1amos en la Provincia.&nbsp;<\/p>\n<p>Esperamos que estas oraciones ayuden a muchas personas a encontrarse con Dios, que nos llama a un compromiso con la justicia que brota de la fe.&nbsp;<\/p>\n<ul>\n<li><a href=\"https:\/\/rezandovoy.org\/reproductor\/especial\/4589-justicia-socioambiental\" target=\"_blank\" rel=\"noopener\">Oraci\u00f3n sobre justicia socioambiental<\/a>. Se\u00f1or, ay\u00fadame a cuidar nuestra Casa Com\u00fan.<\/li>\n<li><a href=\"https:\/\/rezandovoy.org\/reproductor\/especial\/4591-equidad-de-genero\" target=\"_blank\" rel=\"noopener\">Oraci\u00f3n sobre equidad de g\u00e9nero<\/a>. Jes\u00fas, que acoja a cada persona a tu manera<\/li>\n<li><a href=\"https:\/\/rezandovoy.org\/reproductor\/especial\/4588-personas-migrantes-y-refugiadas\" target=\"_blank\" rel=\"noopener\">Oraci\u00f3n sobre personas migrantes y refugiadas<\/a>. Que mi fe en ti, Se\u00f1or, me lleve a acoger y compartir mi vida<\/li>\n<li><a href=\"https:\/\/rezandovoy.org\/reproductor\/especial\/4587-derecho-a-la-educacion\" target=\"_blank\" rel=\"noopener\">Oraci\u00f3n sobre derecho a la educaci\u00f3n<\/a>. Jes\u00fas, ens\u00e9\u00f1ame tu modo de hacer sentir a la otra persona m\u00e1s humana; que tus pasos sean mis pasos, mi modo de proceder<\/li>\n<li><a href=\"https:\/\/rezandovoy.org\/reproductor\/especial\/4590-ciudadania-y-participacion\" target=\"_blank\" rel=\"noopener\">Oraci\u00f3n sobre ciudadan\u00eda y participaci\u00f3n<\/a>. Se\u00f1or, que lo injusto no me sea indiferente<\/li>\n<\/ul>\n<p>&nbsp;<\/p>\n","protected":false},"excerpt":{"rendered":"<p>Rezandovoy, en colaboraci\u00f3n con Alboan y Entreculturas, las obras de Cooperaci\u00f3n Internacional de la Provincia de Espa\u00f1a, han iniciado el proyecto &#8220;Rezando nuestras causas&#8221;, que conecta las cinco causas que vertebran nuestra misi\u00f3n con la dimensi\u00f3n de la fe. Para ello hemos elaborado unas oraciones para rezar sobre cada una de las causas, con textos b\u00edblicos que inspiran nuestro compromiso por las personas m\u00e1s vulnerables de nuestro mundo.<\/p>\n","protected":false},"featured_media":6650,"template":"single-noticia","meta":{"_acf_changed":false},"categories":[7],"tags":[185],"country":[],"cause":[],"class_list":["post-6651","noticia","type-noticia","status-publish","has-post-thumbnail","hentry","category-noticia","tag-entreculturas"],"acf":[],"yoast_head":"<!-- This site is optimized with the Yoast SEO Premium plugin v21.6 (Yoast SEO v27.5) - https:\/\/yoast.com\/product\/yoast-seo-premium-wordpress\/ -->\n<title>Rezando nuestras causas - Entreculturas<\/title>\n<meta name=\"robots\" content=\"index, follow, max-snippet:-1, max-image-preview:large, max-video-preview:-1\" \/>\n<link rel=\"canonical\" href=\"https:\/\/www.entreculturas.org\/gl\/noticia\/rezando-nuestras-causas\/\" \/>\n<meta property=\"og:locale\" content=\"gl_ES\" \/>\n<meta property=\"og:type\" content=\"article\" \/>\n<meta property=\"og:title\" content=\"Rezando nuestras causas\" \/>\n<meta property=\"og:description\" content=\"Rezandovoy, en colaboraci\u00f3n con Alboan y Entreculturas, las obras de Cooperaci\u00f3n Internacional de la Provincia de Espa\u00f1a, han iniciado el proyecto &quot;Rezando nuestras causas&quot;, que conecta las cinco causas que vertebran nuestra misi\u00f3n con la dimensi\u00f3n de la fe. Para ello hemos elaborado unas oraciones para rezar sobre cada una de las causas, con textos b\u00edblicos que inspiran nuestro compromiso por las personas m\u00e1s vulnerables de nuestro mundo.\" \/>\n<meta property=\"og:url\" content=\"https:\/\/www.entreculturas.org\/gl\/noticia\/rezando-nuestras-causas\/\" \/>\n<meta property=\"og:site_name\" content=\"Entreculturas\" \/>\n<meta property=\"article:publisher\" content=\"https:\/\/www.facebook.com\/entreculturas\" \/>\n<meta property=\"article:modified_time\" content=\"2023-12-18T09:31:18+00:00\" \/>\n<meta property=\"og:image\" content=\"https:\/\/www.entreculturas.org\/wp-content\/uploads\/2022\/07\/oracion.jpeg\" \/>\n\t<meta property=\"og:image:width\" content=\"763\" \/>\n\t<meta property=\"og:image:height\" content=\"280\" \/>\n\t<meta property=\"og:image:type\" content=\"image\/jpeg\" \/>\n<meta name=\"twitter:card\" content=\"summary_large_image\" \/>\n<meta name=\"twitter:site\" content=\"@Entreculturas\" \/>\n<script type=\"application\/ld+json\" class=\"yoast-schema-graph\">{\"@context\":\"https:\\\/\\\/schema.org\",\"@graph\":[{\"@type\":\"WebPage\",\"@id\":\"https:\\\/\\\/www.entreculturas.org\\\/gl\\\/noticia\\\/rezando-nuestras-causas\\\/\",\"url\":\"https:\\\/\\\/www.entreculturas.org\\\/gl\\\/noticia\\\/rezando-nuestras-causas\\\/\",\"name\":\"Rezando nuestras causas - Entreculturas\",\"isPartOf\":{\"@id\":\"https:\\\/\\\/www.entreculturas.org\\\/gl\\\/#website\"},\"primaryImageOfPage\":{\"@id\":\"https:\\\/\\\/www.entreculturas.org\\\/gl\\\/noticia\\\/rezando-nuestras-causas\\\/#primaryimage\"},\"image\":{\"@id\":\"https:\\\/\\\/www.entreculturas.org\\\/gl\\\/noticia\\\/rezando-nuestras-causas\\\/#primaryimage\"},\"thumbnailUrl\":\"https:\\\/\\\/www.entreculturas.org\\\/wp-content\\\/uploads\\\/2022\\\/07\\\/oracion.jpeg\",\"datePublished\":\"2022-07-13T07:29:30+00:00\",\"dateModified\":\"2023-12-18T09:31:18+00:00\",\"breadcrumb\":{\"@id\":\"https:\\\/\\\/www.entreculturas.org\\\/gl\\\/noticia\\\/rezando-nuestras-causas\\\/#breadcrumb\"},\"inLanguage\":\"gl-ES\",\"potentialAction\":[{\"@type\":\"ReadAction\",\"target\":[\"https:\\\/\\\/www.entreculturas.org\\\/gl\\\/noticia\\\/rezando-nuestras-causas\\\/\"]}]},{\"@type\":\"ImageObject\",\"inLanguage\":\"gl-ES\",\"@id\":\"https:\\\/\\\/www.entreculturas.org\\\/gl\\\/noticia\\\/rezando-nuestras-causas\\\/#primaryimage\",\"url\":\"https:\\\/\\\/www.entreculturas.org\\\/wp-content\\\/uploads\\\/2022\\\/07\\\/oracion.jpeg\",\"contentUrl\":\"https:\\\/\\\/www.entreculturas.org\\\/wp-content\\\/uploads\\\/2022\\\/07\\\/oracion.jpeg\",\"width\":763,\"height\":280},{\"@type\":\"BreadcrumbList\",\"@id\":\"https:\\\/\\\/www.entreculturas.org\\\/gl\\\/noticia\\\/rezando-nuestras-causas\\\/#breadcrumb\",\"itemListElement\":[{\"@type\":\"ListItem\",\"position\":1,\"name\":\"Home\",\"item\":\"https:\\\/\\\/www.entreculturas.org\\\/gl\\\/\"},{\"@type\":\"ListItem\",\"position\":2,\"name\":\"Noticias\",\"item\":\"https:\\\/\\\/www.entreculturas.org\\\/gl\\\/noticias\\\/\"},{\"@type\":\"ListItem\",\"position\":3,\"name\":\"Rezando nuestras causas\"}]},{\"@type\":\"WebSite\",\"@id\":\"https:\\\/\\\/www.entreculturas.org\\\/gl\\\/#website\",\"url\":\"https:\\\/\\\/www.entreculturas.org\\\/gl\\\/\",\"name\":\"Entreculturas\",\"description\":\"\",\"publisher\":{\"@id\":\"https:\\\/\\\/www.entreculturas.org\\\/gl\\\/#organization\"},\"alternateName\":\"Entreculturas\",\"potentialAction\":[{\"@type\":\"SearchAction\",\"target\":{\"@type\":\"EntryPoint\",\"urlTemplate\":\"https:\\\/\\\/www.entreculturas.org\\\/gl\\\/?s={search_term_string}\"},\"query-input\":{\"@type\":\"PropertyValueSpecification\",\"valueRequired\":true,\"valueName\":\"search_term_string\"}}],\"inLanguage\":\"gl-ES\"},{\"@type\":\"Organization\",\"@id\":\"https:\\\/\\\/www.entreculturas.org\\\/gl\\\/#organization\",\"name\":\"Entreculturas\",\"url\":\"https:\\\/\\\/www.entreculturas.org\\\/gl\\\/\",\"logo\":{\"@type\":\"ImageObject\",\"inLanguage\":\"gl-ES\",\"@id\":\"https:\\\/\\\/www.entreculturas.org\\\/gl\\\/#\\\/schema\\\/logo\\\/image\\\/\",\"url\":\"https:\\\/\\\/www.entreculturas.org\\\/wp-content\\\/uploads\\\/2025\\\/10\\\/ESP.svg\",\"contentUrl\":\"https:\\\/\\\/www.entreculturas.org\\\/wp-content\\\/uploads\\\/2025\\\/10\\\/ESP.svg\",\"caption\":\"Entreculturas\"},\"image\":{\"@id\":\"https:\\\/\\\/www.entreculturas.org\\\/gl\\\/#\\\/schema\\\/logo\\\/image\\\/\"},\"sameAs\":[\"https:\\\/\\\/www.facebook.com\\\/entreculturas\",\"https:\\\/\\\/x.com\\\/Entreculturas\",\"https:\\\/\\\/www.instagram.com\\\/entreculturas\\\/\",\"https:\\\/\\\/www.youtube.com\\\/user\\\/entreculturasvideo\",\"https:\\\/\\\/www.linkedin.com\\\/company\\\/fundacion-entreculturas-ngdo\\\/\",\"https:\\\/\\\/www.flickr.com\\\/photos\\\/98455522@N04\\\/albums\\\/\"]}]}<\/script>\n<!-- \/ Yoast SEO Premium plugin. -->","yoast_head_json":{"title":"Rezando nuestras causas - Entreculturas","robots":{"index":"index","follow":"follow","max-snippet":"max-snippet:-1","max-image-preview":"max-image-preview:large","max-video-preview":"max-video-preview:-1"},"canonical":"https:\/\/www.entreculturas.org\/gl\/noticia\/rezando-nuestras-causas\/","og_locale":"gl_ES","og_type":"article","og_title":"Rezando nuestras causas","og_description":"Rezandovoy, en colaboraci\u00f3n con Alboan y Entreculturas, las obras de Cooperaci\u00f3n Internacional de la Provincia de Espa\u00f1a, han iniciado el proyecto \"Rezando nuestras causas\", que conecta las cinco causas que vertebran nuestra misi\u00f3n con la dimensi\u00f3n de la fe. Para ello hemos elaborado unas oraciones para rezar sobre cada una de las causas, con textos b\u00edblicos que inspiran nuestro compromiso por las personas m\u00e1s vulnerables de nuestro mundo.","og_url":"https:\/\/www.entreculturas.org\/gl\/noticia\/rezando-nuestras-causas\/","og_site_name":"Entreculturas","article_publisher":"https:\/\/www.facebook.com\/entreculturas","article_modified_time":"2023-12-18T09:31:18+00:00","og_image":[{"width":763,"height":280,"url":"https:\/\/www.entreculturas.org\/wp-content\/uploads\/2022\/07\/oracion.jpeg","type":"image\/jpeg"}],"twitter_card":"summary_large_image","twitter_site":"@Entreculturas","schema":{"@context":"https:\/\/schema.org","@graph":[{"@type":"WebPage","@id":"https:\/\/www.entreculturas.org\/gl\/noticia\/rezando-nuestras-causas\/","url":"https:\/\/www.entreculturas.org\/gl\/noticia\/rezando-nuestras-causas\/","name":"Rezando nuestras causas - Entreculturas","isPartOf":{"@id":"https:\/\/www.entreculturas.org\/gl\/#website"},"primaryImageOfPage":{"@id":"https:\/\/www.entreculturas.org\/gl\/noticia\/rezando-nuestras-causas\/#primaryimage"},"image":{"@id":"https:\/\/www.entreculturas.org\/gl\/noticia\/rezando-nuestras-causas\/#primaryimage"},"thumbnailUrl":"https:\/\/www.entreculturas.org\/wp-content\/uploads\/2022\/07\/oracion.jpeg","datePublished":"2022-07-13T07:29:30+00:00","dateModified":"2023-12-18T09:31:18+00:00","breadcrumb":{"@id":"https:\/\/www.entreculturas.org\/gl\/noticia\/rezando-nuestras-causas\/#breadcrumb"},"inLanguage":"gl-ES","potentialAction":[{"@type":"ReadAction","target":["https:\/\/www.entreculturas.org\/gl\/noticia\/rezando-nuestras-causas\/"]}]},{"@type":"ImageObject","inLanguage":"gl-ES","@id":"https:\/\/www.entreculturas.org\/gl\/noticia\/rezando-nuestras-causas\/#primaryimage","url":"https:\/\/www.entreculturas.org\/wp-content\/uploads\/2022\/07\/oracion.jpeg","contentUrl":"https:\/\/www.entreculturas.org\/wp-content\/uploads\/2022\/07\/oracion.jpeg","width":763,"height":280},{"@type":"BreadcrumbList","@id":"https:\/\/www.entreculturas.org\/gl\/noticia\/rezando-nuestras-causas\/#breadcrumb","itemListElement":[{"@type":"ListItem","position":1,"name":"Home","item":"https:\/\/www.entreculturas.org\/gl\/"},{"@type":"ListItem","position":2,"name":"Noticias","item":"https:\/\/www.entreculturas.org\/gl\/noticias\/"},{"@type":"ListItem","position":3,"name":"Rezando nuestras causas"}]},{"@type":"WebSite","@id":"https:\/\/www.entreculturas.org\/gl\/#website","url":"https:\/\/www.entreculturas.org\/gl\/","name":"Entreculturas","description":"","publisher":{"@id":"https:\/\/www.entreculturas.org\/gl\/#organization"},"alternateName":"Entreculturas","potentialAction":[{"@type":"SearchAction","target":{"@type":"EntryPoint","urlTemplate":"https:\/\/www.entreculturas.org\/gl\/?s={search_term_string}"},"query-input":{"@type":"PropertyValueSpecification","valueRequired":true,"valueName":"search_term_string"}}],"inLanguage":"gl-ES"},{"@type":"Organization","@id":"https:\/\/www.entreculturas.org\/gl\/#organization","name":"Entreculturas","url":"https:\/\/www.entreculturas.org\/gl\/","logo":{"@type":"ImageObject","inLanguage":"gl-ES","@id":"https:\/\/www.entreculturas.org\/gl\/#\/schema\/logo\/image\/","url":"https:\/\/www.entreculturas.org\/wp-content\/uploads\/2025\/10\/ESP.svg","contentUrl":"https:\/\/www.entreculturas.org\/wp-content\/uploads\/2025\/10\/ESP.svg","caption":"Entreculturas"},"image":{"@id":"https:\/\/www.entreculturas.org\/gl\/#\/schema\/logo\/image\/"},"sameAs":["https:\/\/www.facebook.com\/entreculturas","https:\/\/x.com\/Entreculturas","https:\/\/www.instagram.com\/entreculturas\/","https:\/\/www.youtube.com\/user\/entreculturasvideo","https:\/\/www.linkedin.com\/company\/fundacion-entreculturas-ngdo\/","https:\/\/www.flickr.com\/photos\/98455522@N04\/albums\/"]}]}},"_links":{"self":[{"href":"https:\/\/www.entreculturas.org\/gl\/wp-json\/wp\/v2\/noticia\/6651","targetHints":{"allow":["GET"]}}],"collection":[{"href":"https:\/\/www.entreculturas.org\/gl\/wp-json\/wp\/v2\/noticia"}],"about":[{"href":"https:\/\/www.entreculturas.org\/gl\/wp-json\/wp\/v2\/types\/noticia"}],"wp:featuredmedia":[{"embeddable":true,"href":"https:\/\/www.entreculturas.org\/gl\/wp-json\/wp\/v2\/media\/6650"}],"wp:attachment":[{"href":"https:\/\/www.entreculturas.org\/gl\/wp-json\/wp\/v2\/media?parent=6651"}],"wp:term":[{"taxonomy":"category","embeddable":true,"href":"https:\/\/www.entreculturas.org\/gl\/wp-json\/wp\/v2\/categories?post=6651"},{"taxonomy":"post_tag","embeddable":true,"href":"https:\/\/www.entreculturas.org\/gl\/wp-json\/wp\/v2\/tags?post=6651"},{"taxonomy":"country","embeddable":true,"href":"https:\/\/www.entreculturas.org\/gl\/wp-json\/wp\/v2\/country?post=6651"},{"taxonomy":"cause","embeddable":true,"href":"https:\/\/www.entreculturas.org\/gl\/wp-json\/wp\/v2\/cause?post=6651"}],"curies":[{"name":"wp","href":"https:\/\/api.w.org\/{rel}","templated":true}]}}