{"id":6615,"date":"2022-06-16T10:34:25","date_gmt":"2022-06-16T10:34:25","guid":{"rendered":"https:\/\/entreculturasi.wpenginepowered.com\/?noticias=entreculturas-y-alboan-presentan-la-campana-escuela-refugio"},"modified":"2024-02-19T11:29:41","modified_gmt":"2024-02-19T10:29:41","slug":"entreculturas-y-alboan-presentan-la-campana-escuela-refugio","status":"publish","type":"noticia","link":"https:\/\/www.entreculturas.org\/gl\/noticia\/entreculturas-y-alboan-presentan-la-campana-escuela-refugio\/","title":{"rendered":"Entreculturas y Alboan presentan la campa\u00f1a \u2018Escuela Refugio\u2019"},"content":{"rendered":"<p>Con motivo del<strong> 20 de junio, d\u00eda Mundial de las Personas Refugiadas<\/strong>, Entreculturas y Alboan hemps presentado&nbsp;la <strong>campa\u00f1a \u2018Escuela Refugio\u2019 y el informe \u2018Escuelas que construyen paz\u2019<\/strong>, en el que defendemos el derecho a la <strong>educaci\u00f3n de la infancia refugiada<\/strong>, centr\u00e1ndose en la realidad de los ni\u00f1os y ni\u00f1as de Siria y Ucrania.<\/p>\n<p>Las escuelas son mucho m\u00e1s que lugares destinados al aprendizaje acad\u00e9mico. Una \u2018Escuela Refugio\u2019 remite a <strong>seguridad y protecci\u00f3n, a cuidado y recuperaci\u00f3n, a construcci\u00f3n de paz. <\/strong>Todos ellos son elementos indispensables para ni\u00f1os y ni\u00f1as que han perdido su hogar y, en ocasiones, su familia, y que est\u00e1n expuestos a violencia y abusos de todo tipo.<\/p>\n<p>Durante la presentaci\u00f3n, <strong>Irene Ortega, Coordinadora del \u00c1rea de Ciudadan\u00eda de Entreculturas<\/strong> ha se\u00f1alado: \u201cSeg\u00fan ACNUR, 13.6 millones de personas ucranianas han huido de su hogar: 5.9 han abandonado el pa\u00eds en busca de asilo y 7.7 se han desplazado internamente. El 65% de los ni\u00f1os y ni\u00f1as ucranianos han tenido que abandonar su hogar&#8221;. Igualmente, ante la celeridad excepcional de la Comunidad Europea y Espa\u00f1a como parte de ella en esta crisis, Irene declar\u00f3: \u201cEsto muestra que es posible, que <strong>nuestras sociedades est\u00e1n preparadas para responder a estas situaciones desde la solidaridad<\/strong>, los derechos humanos y el cumplimiento del derecho internacional en materia de asilo. \u00bfPor qu\u00e9 no hacerlo entonces sin reparar en el origen y nacionalidad de las personas? Recordemos el principio de igualdad en dignidad y derechos de todos los seres humanos. Muchas de las personas refugiadas huyen llevando sobre sus hombros el peso de la guerra, este peso es mayor para los ni\u00f1os y las ni\u00f1as. Por eso es importante que la escuela sea un refugio, repare el da\u00f1o, proteja, construya paz\u201d.<\/p>\n<p><strong>Hiba Lakki, Profesora de JRS L\u00edbano<\/strong> en la Escuela Telyani, en Bar Elias, cont\u00f3 las dificultades que muchos ni\u00f1os y ni\u00f1as han afrontado para ir a la escuela en los dos \u00faltimos a\u00f1os como consecuencia de la crisis sanitaria del Covid-19 y la crisis econ\u00f3mica que vive el pa\u00eds: \u201cLas crisis econ\u00f3micas crean crisis educativas: debido a estas crisis algunas personas prefieren mandar a los hijos a trabajar antes que al colegio a estudiar, otros no tienen dinero para pagar el transporte\u201d. Tambi\u00e9n comparti\u00f3 las dificultades que han enfrentado a la vuelta de las escuelas debiendo de trabajar de cerca con las familias y la comunidad para vencerlas: \u201cDespu\u00e9s de dos a\u00f1os de clases a distancia, la debilidad de los alumnos y alumnas era muy clara en todas las asignaturas y, adem\u00e1s, hab\u00edan olvidado completamente las reglas de la escuela. Fue necesario tomar medidas espec\u00edficas para aumentar el nivel acad\u00e9mico\u201d. Por \u00faltimo destac\u00f3 la importancia de la educaci\u00f3n y la vuelta al colegio para los ni\u00f1os y ni\u00f1as: \u201c<strong>La educaci\u00f3n fomenta la paz. Esta paz se transfiere desde el colegio a la casa de los estudiantes<\/strong>. En las escuelas somos capaces de proteger a nuestros estudiantes de la violencia y de problemas psicol\u00f3gicos\u201d.<\/p>\n<p>&nbsp;<\/p>\n<\/p>\n<p><strong>Nerea Aginako,T\u00e9cnica de Patrocinio Comunitario de Alboan<\/strong>, por su parte, comparti\u00f3 la experiencia de acogida en Espa\u00f1a y explic\u00f3 c\u00f3mo el Patrocinio Comunitario se caracteriza por tener un fuerte componente comunitario: \u201cAcompa\u00f1amos a familias reasentadas durante 2 a\u00f1os; en ese periodo, se articulan redes de apoyo que favorecen el sentimiento de pertenencia y arraigo y, por tanto, facilitan la construcci\u00f3n de una vida plena y digna de las personas refugiadas. El desarrollo de redes de apoyo y confianza son catalizadores para la reconstrucci\u00f3n y sanaci\u00f3n de estas personas\u201d. En relaci\u00f3n al papel de la escuela en el proceso de adaptaci\u00f3n de estas familias afirm\u00f3: \u201cNuestra experiencia es que <strong>las escuelas juegan un papel clave para este proceso de adaptaci\u00f3n<\/strong>. A partir de la escolarizaci\u00f3n de las y los menores, la familia adquiere herramientas y estructuras s\u00f3lidas que les facilitan el acceso a la comunidad y su vinculaci\u00f3n con ella\u201d. Nerea termin\u00f3 su discurso diciendo: \u201cEn Europa tambi\u00e9n necesitamos Escuelas Refugio. Escuelas que abran sus puertas y acojan a ni\u00f1os y ni\u00f1as que necesitan no solo un proceso formativo, sino tambi\u00e9n un espacio seguro, que valore la diversidad cultural y fomente la inclusi\u00f3n y la convivencia.\u201d<\/p>\n<p>Por su parte, <strong>Marius Talos SJ, Director del JRS Ruman\u00eda<\/strong>, explic\u00f3 el proyecto de Aulas Amigables como la respuesta educativa del JRS a la infancia refugiada ucraniana: \u201cSobre un total de 22.000 ni\u00f1os y ni\u00f1as ucranianos en Ruman\u00eda, JRS Ruman\u00eda atiende actualmente a 1.000 ni\u00f1os y ni\u00f1as en varios sistemas de educaci\u00f3n: la atenci\u00f3n a los escolares que siguen sus cursos en las escuelas de Ucrania a trav\u00e9s de tablets, su enlace online y zoom, adem\u00e1s de contar con 60 profesores y profesoras ucranianos, contratados o voluntarios, que est\u00e1n en Ruman\u00eda y<strong> facilitan el proceso educativo para m\u00e1s de 500 ni\u00f1os y ni\u00f1as<\/strong> en varias escuelas y albergues de Bucarest y un tercer grupo de escolares ucranianos que aprenden el idioma rumano y se preparan para integrarse en las escuelas de Bucarest y de otras ciudades del sur del pa\u00eds.\u201d<\/p>\n<p>Finalmente Irene Ortega ha terminado la rueda de prensa presentando las principales<strong> recomendaciones del informe \u201cEscuelas que Construyen Paz\u201d<\/strong>, que dan respuesta a las dos realidades analizadas: \u201cDos conflictos distintos, el de Ucrania y el de Siria, con muchos elementos comunes: la p\u00e9rdida de vidas inocentes, la destrucci\u00f3n. Pero, en ambos casos, como en el resto de conflictos olvidados y crisis humanitarias que asolan el planeta, enfrentando el mismo reto: dar respuesta al desaf\u00edo de que la educaci\u00f3n sea el refugio y la esperanza de miles de ni\u00f1os y ni\u00f1as\u201d. Por eso es fundamental destinar los recursos necesarios a la aplicaci\u00f3n de la Directiva de Protecci\u00f3n Temporal y extender su alcance a todas las personas en situaci\u00f3n similar sin discriminaci\u00f3n de origen, apostar por la cooperaci\u00f3n internacional para el desarrollo, el 0&#8217;7% del PIB es necesario, por la educaci\u00f3n en contextos de crisis humanitarias, y por la construcci\u00f3n de una ciudadan\u00eda global comprometida con la democracia y con paz.\u201d<\/p>\n<p>&nbsp;<\/p>\n<p><span><strong><span style=\"font-size: 16px\">ELEMENTOS DE LA CAMPA\u00d1A<\/span><\/strong><\/span><\/p>\n<table align=\"center\" border=\"0\" cellpadding=\"8\" cellspacing=\"0\" style=\"width: 800px\">\n<tbody>\n<tr>\n<td style=\"vertical-align: top;width: 230px\">\n<p>&nbsp;<\/p>\n<p><a href=\"https:\/\/www.escuelarefugio.org\" target=\"_blank\" rel=\"noopener\"><img decoding=\"async\" alt=\"\" src=\"https:\/\/www.entreculturas.org\/wp-content\/uploads\/2022\/06\/web-escuelarefugio-2022.jpg\" style=\"width: 150px;height: 76px\"><\/a><\/td>\n<td style=\"vertical-align: top;width: 530px\">\n<p><strong>ESCUELA REFUGIO<\/strong><br \/>En la web de la campa\u00f1a, <a href=\"https:\/\/www.escuelarefugio.org\" target=\"_blank\" rel=\"noopener\">escuelarefugio.org<\/a>, podemos encontrar informaci\u00f3n sobre la situaci\u00f3n que est\u00e1n viviendo millones de ni\u00f1os y ni\u00f1as refugiados en Ucrania y los pa\u00edses fronterizos, en L\u00edbano y en otros pa\u00edses como RD del Congo o Colombia y el trabajo que estamos desarrollando junto al JRS para reconstruir sus vidas a trav\u00e9s de la educaci\u00f3n.<\/p>\n<\/td>\n<\/tr>\n<tr>\n<td>\n<p>&nbsp;<\/p>\n<\/td>\n<td>\n<p>&nbsp;<\/p>\n<\/td>\n<\/tr>\n<tr>\n<td>\n<p>&nbsp;<\/p>\n<\/td>\n<td>\n<p>&nbsp;<\/p>\n<\/td>\n<\/tr>\n<tr>\n<td>\n<p>&nbsp;<\/p>\n<p><a href=\"https:\/\/youtu.be\/yBXBfXAtjRk\" target=\"_blank\" rel=\"noopener\"><img decoding=\"async\" alt=\"\" src=\"https:\/\/www.entreculturas.org\/wp-content\/uploads\/2022\/06\/spot-escuelarefugio-2022.jpg\" style=\"width: 150px;height: 84px\"><\/a><\/td>\n<td style=\"vertical-align: top;width: 530px\">\n<p><strong>ESPACIO DE PROTECCI\u00d3N<\/strong><br \/>En el <a href=\"https:\/\/youtu.be\/yBXBfXAtjRk\" target=\"_blank\" rel=\"noopener\">v\u00eddeo de la campa\u00f1a<\/a> mostramos c\u00f3mo en estas circunstancias debemos continuar acompa\u00f1ando y protegiendo a estos menores, haciendo posible que la educaci\u00f3n no se detenga.<\/p>\n<\/td>\n<\/tr>\n<tr>\n<td>\n<p>&nbsp;<\/p>\n<\/td>\n<td>\n<p>&nbsp;<\/p>\n<\/td>\n<\/tr>\n<tr>\n<td>\n<p>&nbsp;<\/p>\n<\/td>\n<td>\n<p>&nbsp;<\/p>\n<\/td>\n<\/tr>\n<tr>\n<td>\n<p>&nbsp;<\/p>\n<p><a href=\"https:\/\/www.escuelarefugio.org\/entreculturas\/Escuelas_de_Paz.pdf\" target=\"_blank\" rel=\"noopener\"><img decoding=\"async\" alt=\"\" src=\"https:\/\/www.entreculturas.org\/wp-content\/uploads\/2022\/06\/informe-escuelarefugio2022.jpg\" style=\"width: 107px;height: 150px\"><\/a><\/td>\n<td style=\"vertical-align: top\">\n<p><strong>INFORME: ESCUELAS QUE CONSTRUYEN PAZ<\/strong><br \/>Las escuelas son mucho m\u00e1s que lugares destinados al aprendizaje acad\u00e9mico. Una \u201cescuela refugio\u201d remite a seguridad y protecci\u00f3n, a cuidado y recuperaci\u00f3n, a construcci\u00f3n de paz. Todos ellos son elementos indispensables para ni\u00f1os y ni\u00f1as que han perdido su hogar y, en ocasiones, su familia, y que est\u00e1n expuestos a violencia y abusos de todo tipo. A trav\u00e9s de <a href=\"https:\/\/www.escuelarefugio.org\/entreculturas\/Escuelas_de_Paz.pdf\" target=\"_blank\" rel=\"noopener\">este informe<\/a> abogamos por la defensa del derecho a la educaci\u00f3n en cualquier circunstancia, especialmente en la emergencia, y lanzamos una serie de recomendaciones a los representantes pol\u00edticos nacionales y europeos para las que queremos seguir sumando apoyos.<\/p>\n<\/td>\n<\/tr>\n<tr>\n<td>\n<p>&nbsp;<\/p>\n<\/td>\n<td>\n<p>&nbsp;<\/p>\n<\/td>\n<\/tr>\n<tr>\n<td>\n<p>&nbsp;<\/p>\n<\/td>\n<td>\n<p>&nbsp;<\/p>\n<\/td>\n<\/tr>\n<tr>\n<td style=\"vertical-align: top\">\n<p>&nbsp;<\/p>\n<p><a href=\"https:\/\/youtu.be\/2OhFQuIQ6nc\" target=\"_blank\" rel=\"noopener\"><img decoding=\"async\" alt=\"\" src=\"https:\/\/www.entreculturas.org\/wp-content\/uploads\/2022\/06\/escuela-refugio-2022_Libano.jpg\" style=\"width: 150px;height: 89px\"><\/a><\/td>\n<td style=\"vertical-align: top\">\n<p><strong>TESTIMONIO: LA EDUCACI\u00d3N CONSTRUYE PAZ<\/strong><br \/>Joseph Youssef y Hoda Ghalayini, docentes del JRS L\u00edbano, nos cuentan en <a href=\"https:\/\/youtu.be\/2OhFQuIQ6nc\" target=\"_blank\" rel=\"noopener\">este v\u00eddeo<\/a> c\u00f3mo construyen paz en su d\u00eda a d\u00eda, a trav\u00e9s de sus clases y las actividades que ponen en marcha con sus alumnos y alumnas.<\/p>\n<\/td>\n<\/tr>\n<tr>\n<td>\n<p>&nbsp;<\/p>\n<\/td>\n<td>\n<p>&nbsp;<\/p>\n<\/td>\n<\/tr>\n<tr>\n<td>\n<p>&nbsp;<\/p>\n<\/td>\n<td>\n<p>&nbsp;<\/p>\n<\/td>\n<\/tr>\n<tr>\n<td style=\"vertical-align: top\">\n<p>&nbsp;<\/p>\n<p><a href=\"https:\/\/youtu.be\/LvDr2BC6ls8\" target=\"_blank\" rel=\"noopener\"><img decoding=\"async\" alt=\"\" src=\"https:\/\/www.entreculturas.org\/wp-content\/uploads\/2022\/06\/escuela-refugio-2022_Ucrania.jpg\" style=\"width: 150px;height: 88px\"><\/a><\/td>\n<td style=\"vertical-align: top\">\n<p><strong>TESTIMONIO: LA EDUCACI\u00d3N ES ACOGIDA<\/strong><br \/>Lesya, desplazada interna en Ucrania, nos cuenta en <a href=\"https:\/\/youtu.be\/LvDr2BC6ls8\" target=\"_blank\" rel=\"noopener\">este v\u00eddeo<\/a> c\u00f3mo est\u00e1 viviendo la huida y el desplazamiento a causa de la guerra y lo importante que es para ella poder continuar con su educaci\u00f3n, aunque sea a distancia.<\/p>\n<\/td>\n<\/tr>\n<tr>\n<td style=\"vertical-align: top\">\n<p>&nbsp;<\/p>\n<\/td>\n<td style=\"vertical-align: top\">\n<p>&nbsp;<\/p>\n<\/td>\n<\/tr>\n<tr>\n<td style=\"vertical-align: top\">\n<p>&nbsp;<\/p>\n<\/td>\n<td style=\"vertical-align: top\">\n<p>&nbsp;<\/p>\n<\/td>\n<\/tr>\n<tr>\n<td style=\"vertical-align: top\">\n<p>&nbsp;<\/p>\n<p><a href=\"https:\/\/www.entreculturas.org\/es\/informate\/publicaciones\/revista-trimestral\" target=\"_blank\" rel=\"noopener\"><img decoding=\"async\" alt=\"\" src=\"https:\/\/www.entreculturas.org\/wp-content\/uploads\/2022\/06\/portada-boletin-junio-2022.jpg\" style=\"width: 105px;height: 150px\"><\/a><\/td>\n<td style=\"vertical-align: top\">\n<p><strong>LA EDUCACI\u00d3N ES FUTURO<\/strong><br \/>En nuestro <a href=\"https:\/\/www.entreculturas.org\/es\/informate\/publicaciones\/revista-trimestral\" target=\"_blank\" rel=\"noopener\">bolet\u00edn trimestral n\u00ba 86<\/a>, adem\u00e1s de recoger las noticias m\u00e1s destacadas, tenemos una mirada especial a la situaci\u00f3n que est\u00e1 atravesando Ucrania y nuestro trabajo para estar al lado de las personas que se han visto obligadas a huir y para hacer posible que los ni\u00f1os y ni\u00f1as contin\u00faen con su educaci\u00f3n.<\/p>\n<\/td>\n<\/tr>\n<tr>\n<td style=\"vertical-align: top\">\n<p>&nbsp;<\/p>\n<\/td>\n<td style=\"vertical-align: top\">\n<p>&nbsp;<\/p>\n<\/td>\n<\/tr>\n<tr>\n<td style=\"vertical-align: top\">\n<p>&nbsp;<\/p>\n<\/td>\n<td style=\"vertical-align: top\">\n<p>&nbsp;<\/p>\n<\/td>\n<\/tr>\n<tr>\n<td style=\"vertical-align: top\">\n<p>&nbsp;<\/p>\n<p><a href=\"https:\/\/www.escuelarefugio.org\/expresa\/\" target=\"_blank\" rel=\"noopener\"><img decoding=\"async\" alt=\"\" src=\"https:\/\/www.entreculturas.org\/wp-content\/uploads\/2022\/06\/propuesta-didactica_escuelarefugio2022.jpg\" style=\"width: 106px;height: 150px\"><\/a><\/td>\n<td style=\"vertical-align: top\">\n<p><strong>PROPUESTA DID\u00c1CTICA: CONSTRUYE LA PAZ<\/strong><br \/>Anima a tu familia y a tu entorno a participar en <a href=\"https:\/\/www.escuelarefugio.org\/expresa\/\">esta propuesta did\u00e1ctica<\/a>, de manera que los ni\u00f1os y las ni\u00f1as refugiadas sepan que defendemos su derecho a continuar con su educaci\u00f3n a\u00fan en medio de la emergencia. Env\u00edanosla por mail: info@escuelarefugio.org. Tambi\u00e9n puedes compartirla en tus redes sociales con el hashtag #EscuelaRefugio<\/p>\n<\/td>\n<\/tr>\n<tr>\n<td style=\"vertical-align: top\">\n<p>&nbsp;<\/p>\n<\/td>\n<td style=\"vertical-align: top\">\n<p>&nbsp;<\/p>\n<\/td>\n<\/tr>\n<tr>\n<td style=\"vertical-align: top\">\n<p>&nbsp;<\/p>\n<\/td>\n<td style=\"vertical-align: top\">\n<p>&nbsp;<\/p>\n<\/td>\n<\/tr>\n<tr>\n<td style=\"vertical-align: top\"><img decoding=\"async\" alt=\"\" src=\"https:\/\/www.entreculturas.org\/wp-content\/uploads\/2022\/06\/escuelarefugio2022-redessociales.jpg\" style=\"width: 150px;height: 85px\"><\/td>\n<td style=\"vertical-align: top\">\n<p><strong>DIFUNDIMOS LA CAMPA\u00d1A<\/strong><br \/>Cada una de nosotras y nosotros hace que la campa\u00f1a llegue m\u00e1s lejos y a m\u00e1s personas. En <a href=\"https:\/\/docs.google.com\/document\/d\/16MCrTGAkF42kEgKBIXZch6m_TilcwxTjKP7CdukBlWI\/edit?usp=sharing\" target=\"_blank\" rel=\"noopener\">este documento <\/a>encontramos propuestas de contenidos para mover en nuestras redes sociales y, en esta carpeta, las <a href=\"https:\/\/drive.google.com\/drive\/folders\/1wDyxN0lCvO-uLrgJA4vNX2fr-HujQ-23?usp=sharing\" target=\"_blank\" rel=\"noopener\">im\u00e1genes y cabeceras de la campa\u00f1a<\/a>.<\/p>\n<\/td>\n<\/tr>\n<tr>\n<td style=\"vertical-align: top\">\n<p>&nbsp;<\/p>\n<\/td>\n<td style=\"vertical-align: top\">\n<p>&nbsp;<\/p>\n<\/td>\n<\/tr>\n<tr>\n<td style=\"vertical-align: top\">\n<p>&nbsp;<\/p>\n<\/td>\n<td style=\"vertical-align: top\">\n<p>&nbsp;<\/p>\n<\/td>\n<\/tr>\n<tr>\n<td style=\"vertical-align: top\">\n<p><strong><img decoding=\"async\" alt=\"\" src=\"https:\/\/www.entreculturas.org\/wp-content\/uploads\/2022\/06\/caminos2022.jpg\" style=\"width: 150px;height: 78px\"><\/strong><\/p>\n<\/td>\n<td style=\"vertical-align: top\">\n<p><strong>CAMINOS DE HOSPITALIDAD, CAMINOS DE PAZ<\/strong><br \/>Como cada a\u00f1o, nos sumamos a las acciones de movilizaci\u00f3n y a los <a href=\"https:\/\/www.hospitalidad.es\/caminosdehospitalidad\/\" target=\"_blank\" rel=\"noopener\">gestos que propone la campa\u00f1a Hospitalidad.es<\/a>, la acci\u00f3n coordinada sobre refugio y migraciones del Sector Social. Este a\u00f1o, ante la situaci\u00f3n en Ucrania y en muchos otros pa\u00edses del mundo que sufren la guerra, nos ponemos en marcha por la paz.<br \/>Desde la campa\u00f1a nos invitan tambi\u00e9n a conocer y <a href=\"https:\/\/www.hospitalidad.es\/caminosdehospitalidad\/CdeHospitalidad_2022\/_10DEMANDAS_2022.pdf\" target=\"_blank\" rel=\"noopener\">difundir las propuestas que<\/a> se lanzan a los representantes pol\u00edticos para que garanticen los derechos humanos y la inclusi\u00f3n de las personas migrantes forzosas y se apueste por la construcci\u00f3n de paz.<\/p>\n<\/td>\n<\/tr>\n<\/tbody>\n<\/table>\n<p>&nbsp;<\/p>\n","protected":false},"excerpt":{"rendered":"<p>Con motivo del 20 de junio, d\u00eda Mundial de las Personas Refugiadas, Entreculturas y Alboan hemps presentado la campa\u00f1a \u2018Escuela Refugio\u2019 y el informe \u2018Escuelas que construyen paz\u2019, en el que defendemos el derecho a la educaci\u00f3n de la infancia refugiada, centr\u00e1ndose en la realidad de los ni\u00f1os y ni\u00f1as de Siria y Ucrania.<\/p>\n","protected":false},"featured_media":6605,"template":"single-noticia","meta":{"_acf_changed":false},"categories":[7],"tags":[10],"country":[120],"cause":[129],"class_list":["post-6615","noticia","type-noticia","status-publish","has-post-thumbnail","hentry","category-noticia","tag-migracion-y-refugio","country-espana","cause-migracion-y-refugio"],"acf":[],"yoast_head":"<!-- This site is optimized with the Yoast SEO Premium plugin v21.6 (Yoast SEO v27.5) - https:\/\/yoast.com\/product\/yoast-seo-premium-wordpress\/ -->\n<title>Entreculturas y Alboan presentan la campa\u00f1a \u2018Escuela Refugio\u2019 - Entreculturas<\/title>\n<meta name=\"robots\" content=\"index, follow, max-snippet:-1, max-image-preview:large, max-video-preview:-1\" \/>\n<link rel=\"canonical\" href=\"https:\/\/www.entreculturas.org\/gl\/noticia\/entreculturas-y-alboan-presentan-la-campana-escuela-refugio\/\" \/>\n<meta property=\"og:locale\" content=\"gl_ES\" \/>\n<meta property=\"og:type\" content=\"article\" \/>\n<meta property=\"og:title\" content=\"Entreculturas y Alboan presentan la campa\u00f1a \u2018Escuela Refugio\u2019\" \/>\n<meta property=\"og:description\" content=\"Con motivo del 20 de junio, d\u00eda Mundial de las Personas Refugiadas, Entreculturas y Alboan hemps presentado la campa\u00f1a \u2018Escuela Refugio\u2019 y el informe \u2018Escuelas que construyen paz\u2019, en el que defendemos el derecho a la educaci\u00f3n de la infancia refugiada, centr\u00e1ndose en la realidad de los ni\u00f1os y ni\u00f1as de Siria y Ucrania.\" \/>\n<meta property=\"og:url\" content=\"https:\/\/www.entreculturas.org\/gl\/noticia\/entreculturas-y-alboan-presentan-la-campana-escuela-refugio\/\" \/>\n<meta property=\"og:site_name\" content=\"Entreculturas\" \/>\n<meta property=\"article:publisher\" content=\"https:\/\/www.facebook.com\/entreculturas\" \/>\n<meta property=\"article:modified_time\" content=\"2024-02-19T10:29:41+00:00\" \/>\n<meta property=\"og:image\" content=\"https:\/\/www.entreculturas.org\/wp-content\/uploads\/2022\/06\/instagram_1080x1080_300dpi_0.jpg\" \/>\n\t<meta property=\"og:image:width\" content=\"500\" \/>\n\t<meta property=\"og:image:height\" content=\"500\" \/>\n\t<meta property=\"og:image:type\" content=\"image\/jpeg\" \/>\n<meta name=\"twitter:card\" content=\"summary_large_image\" \/>\n<meta name=\"twitter:site\" content=\"@Entreculturas\" \/>\n<script type=\"application\/ld+json\" class=\"yoast-schema-graph\">{\"@context\":\"https:\\\/\\\/schema.org\",\"@graph\":[{\"@type\":\"WebPage\",\"@id\":\"https:\\\/\\\/www.entreculturas.org\\\/gl\\\/noticia\\\/entreculturas-y-alboan-presentan-la-campana-escuela-refugio\\\/\",\"url\":\"https:\\\/\\\/www.entreculturas.org\\\/gl\\\/noticia\\\/entreculturas-y-alboan-presentan-la-campana-escuela-refugio\\\/\",\"name\":\"Entreculturas y Alboan presentan la campa\u00f1a \u2018Escuela Refugio\u2019 - Entreculturas\",\"isPartOf\":{\"@id\":\"https:\\\/\\\/www.entreculturas.org\\\/gl\\\/#website\"},\"primaryImageOfPage\":{\"@id\":\"https:\\\/\\\/www.entreculturas.org\\\/gl\\\/noticia\\\/entreculturas-y-alboan-presentan-la-campana-escuela-refugio\\\/#primaryimage\"},\"image\":{\"@id\":\"https:\\\/\\\/www.entreculturas.org\\\/gl\\\/noticia\\\/entreculturas-y-alboan-presentan-la-campana-escuela-refugio\\\/#primaryimage\"},\"thumbnailUrl\":\"https:\\\/\\\/www.entreculturas.org\\\/wp-content\\\/uploads\\\/2022\\\/06\\\/instagram_1080x1080_300dpi_0.jpg\",\"datePublished\":\"2022-06-16T10:34:25+00:00\",\"dateModified\":\"2024-02-19T10:29:41+00:00\",\"breadcrumb\":{\"@id\":\"https:\\\/\\\/www.entreculturas.org\\\/gl\\\/noticia\\\/entreculturas-y-alboan-presentan-la-campana-escuela-refugio\\\/#breadcrumb\"},\"inLanguage\":\"gl-ES\",\"potentialAction\":[{\"@type\":\"ReadAction\",\"target\":[\"https:\\\/\\\/www.entreculturas.org\\\/gl\\\/noticia\\\/entreculturas-y-alboan-presentan-la-campana-escuela-refugio\\\/\"]}]},{\"@type\":\"ImageObject\",\"inLanguage\":\"gl-ES\",\"@id\":\"https:\\\/\\\/www.entreculturas.org\\\/gl\\\/noticia\\\/entreculturas-y-alboan-presentan-la-campana-escuela-refugio\\\/#primaryimage\",\"url\":\"https:\\\/\\\/www.entreculturas.org\\\/wp-content\\\/uploads\\\/2022\\\/06\\\/instagram_1080x1080_300dpi_0.jpg\",\"contentUrl\":\"https:\\\/\\\/www.entreculturas.org\\\/wp-content\\\/uploads\\\/2022\\\/06\\\/instagram_1080x1080_300dpi_0.jpg\",\"width\":500,\"height\":500},{\"@type\":\"BreadcrumbList\",\"@id\":\"https:\\\/\\\/www.entreculturas.org\\\/gl\\\/noticia\\\/entreculturas-y-alboan-presentan-la-campana-escuela-refugio\\\/#breadcrumb\",\"itemListElement\":[{\"@type\":\"ListItem\",\"position\":1,\"name\":\"Home\",\"item\":\"https:\\\/\\\/www.entreculturas.org\\\/gl\\\/\"},{\"@type\":\"ListItem\",\"position\":2,\"name\":\"Noticias\",\"item\":\"https:\\\/\\\/www.entreculturas.org\\\/gl\\\/noticias\\\/\"},{\"@type\":\"ListItem\",\"position\":3,\"name\":\"Entreculturas y Alboan presentan la campa\u00f1a \u2018Escuela Refugio\u2019\"}]},{\"@type\":\"WebSite\",\"@id\":\"https:\\\/\\\/www.entreculturas.org\\\/gl\\\/#website\",\"url\":\"https:\\\/\\\/www.entreculturas.org\\\/gl\\\/\",\"name\":\"Entreculturas\",\"description\":\"\",\"publisher\":{\"@id\":\"https:\\\/\\\/www.entreculturas.org\\\/gl\\\/#organization\"},\"alternateName\":\"Entreculturas\",\"potentialAction\":[{\"@type\":\"SearchAction\",\"target\":{\"@type\":\"EntryPoint\",\"urlTemplate\":\"https:\\\/\\\/www.entreculturas.org\\\/gl\\\/?s={search_term_string}\"},\"query-input\":{\"@type\":\"PropertyValueSpecification\",\"valueRequired\":true,\"valueName\":\"search_term_string\"}}],\"inLanguage\":\"gl-ES\"},{\"@type\":\"Organization\",\"@id\":\"https:\\\/\\\/www.entreculturas.org\\\/gl\\\/#organization\",\"name\":\"Entreculturas\",\"url\":\"https:\\\/\\\/www.entreculturas.org\\\/gl\\\/\",\"logo\":{\"@type\":\"ImageObject\",\"inLanguage\":\"gl-ES\",\"@id\":\"https:\\\/\\\/www.entreculturas.org\\\/gl\\\/#\\\/schema\\\/logo\\\/image\\\/\",\"url\":\"https:\\\/\\\/www.entreculturas.org\\\/wp-content\\\/uploads\\\/2025\\\/10\\\/ESP.svg\",\"contentUrl\":\"https:\\\/\\\/www.entreculturas.org\\\/wp-content\\\/uploads\\\/2025\\\/10\\\/ESP.svg\",\"caption\":\"Entreculturas\"},\"image\":{\"@id\":\"https:\\\/\\\/www.entreculturas.org\\\/gl\\\/#\\\/schema\\\/logo\\\/image\\\/\"},\"sameAs\":[\"https:\\\/\\\/www.facebook.com\\\/entreculturas\",\"https:\\\/\\\/x.com\\\/Entreculturas\",\"https:\\\/\\\/www.instagram.com\\\/entreculturas\\\/\",\"https:\\\/\\\/www.youtube.com\\\/user\\\/entreculturasvideo\",\"https:\\\/\\\/www.linkedin.com\\\/company\\\/fundacion-entreculturas-ngdo\\\/\",\"https:\\\/\\\/www.flickr.com\\\/photos\\\/98455522@N04\\\/albums\\\/\"]}]}<\/script>\n<!-- \/ Yoast SEO Premium plugin. -->","yoast_head_json":{"title":"Entreculturas y Alboan presentan la campa\u00f1a \u2018Escuela Refugio\u2019 - Entreculturas","robots":{"index":"index","follow":"follow","max-snippet":"max-snippet:-1","max-image-preview":"max-image-preview:large","max-video-preview":"max-video-preview:-1"},"canonical":"https:\/\/www.entreculturas.org\/gl\/noticia\/entreculturas-y-alboan-presentan-la-campana-escuela-refugio\/","og_locale":"gl_ES","og_type":"article","og_title":"Entreculturas y Alboan presentan la campa\u00f1a \u2018Escuela Refugio\u2019","og_description":"Con motivo del 20 de junio, d\u00eda Mundial de las Personas Refugiadas, Entreculturas y Alboan hemps presentado la campa\u00f1a \u2018Escuela Refugio\u2019 y el informe \u2018Escuelas que construyen paz\u2019, en el que defendemos el derecho a la educaci\u00f3n de la infancia refugiada, centr\u00e1ndose en la realidad de los ni\u00f1os y ni\u00f1as de Siria y Ucrania.","og_url":"https:\/\/www.entreculturas.org\/gl\/noticia\/entreculturas-y-alboan-presentan-la-campana-escuela-refugio\/","og_site_name":"Entreculturas","article_publisher":"https:\/\/www.facebook.com\/entreculturas","article_modified_time":"2024-02-19T10:29:41+00:00","og_image":[{"width":500,"height":500,"url":"https:\/\/www.entreculturas.org\/wp-content\/uploads\/2022\/06\/instagram_1080x1080_300dpi_0.jpg","type":"image\/jpeg"}],"twitter_card":"summary_large_image","twitter_site":"@Entreculturas","schema":{"@context":"https:\/\/schema.org","@graph":[{"@type":"WebPage","@id":"https:\/\/www.entreculturas.org\/gl\/noticia\/entreculturas-y-alboan-presentan-la-campana-escuela-refugio\/","url":"https:\/\/www.entreculturas.org\/gl\/noticia\/entreculturas-y-alboan-presentan-la-campana-escuela-refugio\/","name":"Entreculturas y Alboan presentan la campa\u00f1a \u2018Escuela Refugio\u2019 - Entreculturas","isPartOf":{"@id":"https:\/\/www.entreculturas.org\/gl\/#website"},"primaryImageOfPage":{"@id":"https:\/\/www.entreculturas.org\/gl\/noticia\/entreculturas-y-alboan-presentan-la-campana-escuela-refugio\/#primaryimage"},"image":{"@id":"https:\/\/www.entreculturas.org\/gl\/noticia\/entreculturas-y-alboan-presentan-la-campana-escuela-refugio\/#primaryimage"},"thumbnailUrl":"https:\/\/www.entreculturas.org\/wp-content\/uploads\/2022\/06\/instagram_1080x1080_300dpi_0.jpg","datePublished":"2022-06-16T10:34:25+00:00","dateModified":"2024-02-19T10:29:41+00:00","breadcrumb":{"@id":"https:\/\/www.entreculturas.org\/gl\/noticia\/entreculturas-y-alboan-presentan-la-campana-escuela-refugio\/#breadcrumb"},"inLanguage":"gl-ES","potentialAction":[{"@type":"ReadAction","target":["https:\/\/www.entreculturas.org\/gl\/noticia\/entreculturas-y-alboan-presentan-la-campana-escuela-refugio\/"]}]},{"@type":"ImageObject","inLanguage":"gl-ES","@id":"https:\/\/www.entreculturas.org\/gl\/noticia\/entreculturas-y-alboan-presentan-la-campana-escuela-refugio\/#primaryimage","url":"https:\/\/www.entreculturas.org\/wp-content\/uploads\/2022\/06\/instagram_1080x1080_300dpi_0.jpg","contentUrl":"https:\/\/www.entreculturas.org\/wp-content\/uploads\/2022\/06\/instagram_1080x1080_300dpi_0.jpg","width":500,"height":500},{"@type":"BreadcrumbList","@id":"https:\/\/www.entreculturas.org\/gl\/noticia\/entreculturas-y-alboan-presentan-la-campana-escuela-refugio\/#breadcrumb","itemListElement":[{"@type":"ListItem","position":1,"name":"Home","item":"https:\/\/www.entreculturas.org\/gl\/"},{"@type":"ListItem","position":2,"name":"Noticias","item":"https:\/\/www.entreculturas.org\/gl\/noticias\/"},{"@type":"ListItem","position":3,"name":"Entreculturas y Alboan presentan la campa\u00f1a \u2018Escuela Refugio\u2019"}]},{"@type":"WebSite","@id":"https:\/\/www.entreculturas.org\/gl\/#website","url":"https:\/\/www.entreculturas.org\/gl\/","name":"Entreculturas","description":"","publisher":{"@id":"https:\/\/www.entreculturas.org\/gl\/#organization"},"alternateName":"Entreculturas","potentialAction":[{"@type":"SearchAction","target":{"@type":"EntryPoint","urlTemplate":"https:\/\/www.entreculturas.org\/gl\/?s={search_term_string}"},"query-input":{"@type":"PropertyValueSpecification","valueRequired":true,"valueName":"search_term_string"}}],"inLanguage":"gl-ES"},{"@type":"Organization","@id":"https:\/\/www.entreculturas.org\/gl\/#organization","name":"Entreculturas","url":"https:\/\/www.entreculturas.org\/gl\/","logo":{"@type":"ImageObject","inLanguage":"gl-ES","@id":"https:\/\/www.entreculturas.org\/gl\/#\/schema\/logo\/image\/","url":"https:\/\/www.entreculturas.org\/wp-content\/uploads\/2025\/10\/ESP.svg","contentUrl":"https:\/\/www.entreculturas.org\/wp-content\/uploads\/2025\/10\/ESP.svg","caption":"Entreculturas"},"image":{"@id":"https:\/\/www.entreculturas.org\/gl\/#\/schema\/logo\/image\/"},"sameAs":["https:\/\/www.facebook.com\/entreculturas","https:\/\/x.com\/Entreculturas","https:\/\/www.instagram.com\/entreculturas\/","https:\/\/www.youtube.com\/user\/entreculturasvideo","https:\/\/www.linkedin.com\/company\/fundacion-entreculturas-ngdo\/","https:\/\/www.flickr.com\/photos\/98455522@N04\/albums\/"]}]}},"_links":{"self":[{"href":"https:\/\/www.entreculturas.org\/gl\/wp-json\/wp\/v2\/noticia\/6615","targetHints":{"allow":["GET"]}}],"collection":[{"href":"https:\/\/www.entreculturas.org\/gl\/wp-json\/wp\/v2\/noticia"}],"about":[{"href":"https:\/\/www.entreculturas.org\/gl\/wp-json\/wp\/v2\/types\/noticia"}],"wp:featuredmedia":[{"embeddable":true,"href":"https:\/\/www.entreculturas.org\/gl\/wp-json\/wp\/v2\/media\/6605"}],"wp:attachment":[{"href":"https:\/\/www.entreculturas.org\/gl\/wp-json\/wp\/v2\/media?parent=6615"}],"wp:term":[{"taxonomy":"category","embeddable":true,"href":"https:\/\/www.entreculturas.org\/gl\/wp-json\/wp\/v2\/categories?post=6615"},{"taxonomy":"post_tag","embeddable":true,"href":"https:\/\/www.entreculturas.org\/gl\/wp-json\/wp\/v2\/tags?post=6615"},{"taxonomy":"country","embeddable":true,"href":"https:\/\/www.entreculturas.org\/gl\/wp-json\/wp\/v2\/country?post=6615"},{"taxonomy":"cause","embeddable":true,"href":"https:\/\/www.entreculturas.org\/gl\/wp-json\/wp\/v2\/cause?post=6615"}],"curies":[{"name":"wp","href":"https:\/\/api.w.org\/{rel}","templated":true}]}}