{"id":6586,"date":"2022-06-07T10:29:30","date_gmt":"2022-06-07T10:29:30","guid":{"rendered":"https:\/\/entreculturasi.wpenginepowered.com\/?noticias=marruecos-asistencia-y-proteccion-de-la-poblacion-migrante-en-la-frontera-sur"},"modified":"2024-02-19T11:38:52","modified_gmt":"2024-02-19T10:38:52","slug":"marruecos-asistencia-y-proteccion-de-la-poblacion-migrante-en-la-frontera-sur","status":"publish","type":"noticia","link":"https:\/\/www.entreculturas.org\/gl\/noticia\/marruecos-asistencia-y-proteccion-de-la-poblacion-migrante-en-la-frontera-sur\/","title":{"rendered":"Marruecos: asistencia y protecci\u00f3n de la poblaci\u00f3n migrante en la Frontera Sur"},"content":{"rendered":"<\/p>\n<p>Debido a su ubicaci\u00f3n geogr\u00e1fica, Marruecos es pa\u00eds de emigraci\u00f3n, de inmigraci\u00f3n y tambi\u00e9n forma parte importante del <strong>corredor migratorio africano hacia Europa<\/strong>. Aunque no se dispone de estad\u00edsticas oficiales, las ONG calculan que entre 40.000 y 70.000 personas migrantes transitan anualmente por el pa\u00eds. La llamada Frontera Sur (Espa\u00f1a-Marruecos) es <strong>una de las fronteras m\u00e1s desiguales y letales del mundo<\/strong>. La mayor\u00eda de personas y familias migrantes en Marruecos, que se encuentran en tr\u00e1nsito hacia Europa, carecen de recursos y viven en condiciones precarias.&nbsp;<\/p>\n<p>En diciembre de&nbsp;2020, la <strong>Delegaci\u00f3n Diocesana de Migraciones (DDM) y Entreculturas dimos un paso importante para responder a la crisis migratoria cr\u00f3nica de la Frontera Sur<\/strong>: pusimos en marcha, con el apoyo de la Uni\u00f3n Europea, un&nbsp;Programa, de 3 a\u00f1os de duraci\u00f3n que busca asistir y proteger a la poblaci\u00f3n migrante y refugiada en situaci\u00f3n de mayor vulnerabilidad en la costa norte de Marruecos.&nbsp;El proyecto pretende&nbsp;facilitar el acceso de las personas migrantes, espec\u00edficamente de las m\u00e1s vulnerables, a servicios b\u00e1sicos de calidad a trav\u00e9s del fortalecimiento de los servicios disponibles y de las capacidades de las instituciones p\u00fablicas y de las organizaciones de la sociedad civil. Alrededor de <strong>15.000 personas migrantes participar\u00e1n en el proyecto<\/strong> que se implementa en los 4 enclaves donde opera nuestra organizaci\u00f3n socia: <strong>T\u00e1nger, Tetu\u00e1n, Nador y Alhucemas y en Rabat<\/strong>, a trav\u00e9s de una de las organizaciones socias que forman parte del consorcio: el Colectivo de Comunidades Subsaharianas en Marruecos.<\/p>\n<p>\u201cEl primer a\u00f1o de implementaci\u00f3n ha posibilitado el fortalecimiento institucional de la DDM, impulsando el proceso de articulaci\u00f3n del trabajo de las diferentes sedes de la DDM (T\u00e1nger, Tetu\u00e1n, Nador, Alhucemas) que nos est\u00e1 permitiendo ofrecer un servicio de mayor calidad a las personas migrantes\u201d. Claudia Astorqui, asistente t\u00e9cnico de proyectos- DDM Nador.&nbsp;<\/p>\n<p>Un a\u00f1o despu\u00e9s del arranque del proyecto, <strong>hemos acompa\u00f1ado, asistido y protegido&nbsp;a 6.410 personas migrantes, la mayor\u00eda de ellas en tr\u00e1nsito<\/strong>. Para poder lograrlo hemos puesto en marcha varias estrategias de intervenci\u00f3n:<\/p>\n<ul>\n<li>Acompa\u00f1amiento y asistencia m\u00e9dica.&nbsp;<\/li>\n<li>Acompa\u00f1amiento social y distribuci\u00f3n de bienes de primera necesidad.&nbsp;<\/li>\n<li>Acompa\u00f1amiento administrativo-jur\u00eddico, espec\u00edficamente de los casos de asilo y de aquellas personas que solicitan el programa de retorno voluntaria.<\/li>\n<li>Acompa\u00f1amiento psicosocial.&nbsp;<\/li>\n<li>Espacios seguros de acogida para las migrantes en situaci\u00f3n de mayor vulnerabilidad (mujeres embarazadas, ni\u00f1os y ni\u00f1as).<\/li>\n<\/ul>\n<p>&nbsp;<\/p>\n<p><img decoding=\"async\" alt=\"\" height=\"450\" src=\"https:\/\/www.entreculturas.org\/wp-content\/uploads\/2022\/06\/recibiendo_intervencion_medica_nador.jpg\" width=\"800\"><\/p>\n<p>\u201cLa estrategia puesta en marcha con los&nbsp;l\u00edderes y lideresas comunitarios, en marco de la&nbsp; intervenci\u00f3n con el equipo psicosocial, nos permite dar una <strong>respuesta adecuada a las necesidades de las comunidades migrantes<\/strong> y tener un mayor conocimiento del contexto de intervenci\u00f3n. Jo\u00ebl Kanga Yanga, agente psicosocial en terreno- DDM Nador.&nbsp;&nbsp;<\/p>\n<p>En las \u00e1reas de intervenci\u00f3n del proyecto, la poblaci\u00f3n migrante, en su mayor\u00eda subsahariana, se dispersa discretamente en las ciudades y en los bosques de los alrededores, invisiliz\u00e1ndose para no ser detenida. Con el objeto de evitar la sedentarizaci\u00f3n de las personas en las grandes ciudades como T\u00e1nger, Tetu\u00e1n, Nador o Alhucemas, son recurrentes las detenciones en los momentos en los que hacen mendicidad, que es una de las principales fuentes de ingresos de las personas que se desplazan por el territorio.<\/p>\n<p>En general, la poblaci\u00f3n migrante es un colectivo que sufre marginaci\u00f3n y exclusi\u00f3n en Marruecos, aunque su vulnerabilidad se agrava cuando se trata de mujeres y menores. <strong>De las m\u00e1s de 6.000 personas atendidas por DDM y Entreculturas, un 50% fueron mujeres y menores de edad<\/strong>. Durante la fase de identificaci\u00f3n, se\u00f1alamos que las mujeres y los menores se enfrentan a un mayor n\u00famero de violencias en su proceso migratorio en el tr\u00e1nsito y en Marruecos, por lo que nuestra intervenci\u00f3n a lo largo de este a\u00f1o ha priorizado la atenci\u00f3n a mujeres y menores y su acceso a los servicios b\u00e1sicos, como albergues espec\u00edficos para garantizar su seguridad, seguimiento de embarazos, espacios de escucha e intercambio o distribuci\u00f3n de kits de higiene y alimentaci\u00f3n diferenciados.&nbsp;<\/p>\n<p><img decoding=\"async\" alt=\"\" src=\"https:\/\/www.entreculturas.org\/wp-content\/uploads\/2022\/06\/whatsapp_image_2021-06-29_at_13.59.50_1.jpeg\" style=\"width: 800px;height: 600px\"><\/p>\n<p>Aunque a trav\u00e9s de este proyecto hemos llevado a cabo sensibilizaciones y sesiones informativas, en la Frontera Sur las personas solicitantes de asilo, refugiadas, desplazadas y migrantes carecen, a menudo, de informaci\u00f3n sobre sus derechos y sobre los recursos y servicios disponibles. Por eso, en el marco del proyecto, <strong>hemos puesto en marcha la aplicaci\u00f3n RefAid (Refugee Aid App).<\/strong><\/p>\n<p>RefAid es una herramienta consolidada en varios pa\u00edses europeos y utilizada por m\u00e1s de 400 ONG en el mundo que quiere contribuir a mejorar la situaci\u00f3n de especial vulnerabilidad y exclusi\u00f3n sufrida por la poblaci\u00f3n en tr\u00e1nsito. La App, que est\u00e1 activa en Espa\u00f1a y en Marruecos,&nbsp; Espa\u00f1a y en Marruecos, ha permitido a las <strong>organizaciones humanitarias<\/strong> de ambas zonas publicar sus servicios y actualizarlos en tiempo real en dicha plataforma <strong>facilitando el acceso a la informaci\u00f3n y a la red de servicios humanitarios disponibles<\/strong> (alimentos, atenci\u00f3n m\u00e9dica, refugio, etc.).<\/p>\n<p><img decoding=\"async\" alt=\"\" src=\"https:\/\/www.entreculturas.org\/wp-content\/uploads\/2022\/06\/foto_4_ddm.jpg\" style=\"width: 600px;height: 600px\"><\/p>\n<p><span style=\"color:#FF0000\"><strong>La covid-19 ha dificultado la intervenci\u00f3n<\/strong><\/span><\/p>\n<p>En este primer a\u00f1o de intervenci\u00f3n, los retos han sido grandes. A las dificultades inherentes al contexto, por tratarse de una poblaci\u00f3n en movilidad y por la volatilidad de las rutas y los flujos, se ha a\u00f1adido la crisis sanitaria de la Covid-19. La pandemia ha supuesto una gran limitaci\u00f3n de los equipos para acceder a los bosques, restricciones de movilidad, cierre de fronteras y un aumento de la precariedad para las personas migrantes. Adem\u00e1s, los equipos de la DDM han constatado un <strong>deterioro del estado de salud de las personas migrantes<\/strong>: lesiones por violencia en zonas fronterizas o ataques en barrios, as\u00ed como un recrudecimiento de la sarna y la tuberculosis.<\/p>\n<p>\u201cLa estancia de las personas migrantes en los campamentos var\u00eda mucho; algunas permanecen varios meses o incluso a\u00f1os. Est\u00e1n confinadas en campamentos en los bosques de los alrededores de Nador, no se atreven a entrar en la ciudad por temor a ser detenidas. Los arrestos y detenciones son sistem\u00e1ticas y muchas de ellas son expulsadas al desierto, al sur del pa\u00eds; lo que obliga a las personas migrantes a esconderse y moverse por las zonas m\u00e1s rec\u00f3nditas e inaccesibles, aumentando su vulnerabilidad\u201d, explica Mariana Morales, Coordinadora del proyecto en el terreno.&nbsp;<\/p>\n<p>A pesar de la gran afluencia de personas migrantes en la zona y los n\u00fameros desaf\u00edos, desde Entreculturas y la DDM seguimos trabajando, con el apoyo de la Uni\u00f3n Europea en Marruecos, para poder acompa\u00f1ar a las personas migrantes que se encuentran en el pa\u00eds y que, esperanzadas, han emprendido este dif\u00edcil viaje en busca de nuevas oportunidades.&nbsp;<\/p>\n","protected":false},"excerpt":{"rendered":"<p>En diciembre de  2020, la Delegaci\u00f3n Diocesana de Migraciones (DDM) y Entreculturas dimos un paso importante para responder a la crisis migratoria cr\u00f3nica de la Frontera Sur: pusimos en marcha, con el apoyo de la Uni\u00f3n Europea, un Programa, de 3 a\u00f1os de duraci\u00f3n que busca asistir y proteger a la poblaci\u00f3n migrante y refugiada en situaci\u00f3n de mayor vulnerabilidad en la costa norte de Marruecos.<\/p>\n","protected":false},"featured_media":6584,"template":"single-noticia","meta":{"_acf_changed":false},"categories":[7],"tags":[10],"country":[296],"cause":[129],"class_list":["post-6586","noticia","type-noticia","status-publish","has-post-thumbnail","hentry","category-noticia","tag-migracion-y-refugio","country-marruecos","cause-migracion-y-refugio"],"acf":[],"yoast_head":"<!-- This site is optimized with the Yoast SEO Premium plugin v21.6 (Yoast SEO v27.5) - https:\/\/yoast.com\/product\/yoast-seo-premium-wordpress\/ -->\n<title>Marruecos: asistencia y protecci\u00f3n de la poblaci\u00f3n migrante en la Frontera Sur - Entreculturas<\/title>\n<meta name=\"robots\" content=\"index, follow, max-snippet:-1, max-image-preview:large, max-video-preview:-1\" \/>\n<link rel=\"canonical\" href=\"https:\/\/www.entreculturas.org\/gl\/noticia\/marruecos-asistencia-y-proteccion-de-la-poblacion-migrante-en-la-frontera-sur\/\" \/>\n<meta property=\"og:locale\" content=\"gl_ES\" \/>\n<meta property=\"og:type\" content=\"article\" \/>\n<meta property=\"og:title\" content=\"Marruecos: asistencia y protecci\u00f3n de la poblaci\u00f3n migrante en la Frontera Sur\" \/>\n<meta property=\"og:description\" content=\"En diciembre de 2020, la Delegaci\u00f3n Diocesana de Migraciones (DDM) y Entreculturas dimos un paso importante para responder a la crisis migratoria cr\u00f3nica de la Frontera Sur: pusimos en marcha, con el apoyo de la Uni\u00f3n Europea, un Programa, de 3 a\u00f1os de duraci\u00f3n que busca asistir y proteger a la poblaci\u00f3n migrante y refugiada en situaci\u00f3n de mayor vulnerabilidad en la costa norte de Marruecos.\" \/>\n<meta property=\"og:url\" content=\"https:\/\/www.entreculturas.org\/gl\/noticia\/marruecos-asistencia-y-proteccion-de-la-poblacion-migrante-en-la-frontera-sur\/\" \/>\n<meta property=\"og:site_name\" content=\"Entreculturas\" \/>\n<meta property=\"article:publisher\" content=\"https:\/\/www.facebook.com\/entreculturas\" \/>\n<meta property=\"article:modified_time\" content=\"2024-02-19T10:38:52+00:00\" \/>\n<meta property=\"og:image\" content=\"https:\/\/www.entreculturas.org\/wp-content\/uploads\/2022\/06\/whatsapp_image_2021-06-29_at_13.59.50_1.jpeg\" \/>\n\t<meta property=\"og:image:width\" content=\"800\" \/>\n\t<meta property=\"og:image:height\" content=\"600\" \/>\n\t<meta property=\"og:image:type\" content=\"image\/jpeg\" \/>\n<meta name=\"twitter:card\" content=\"summary_large_image\" \/>\n<meta name=\"twitter:site\" content=\"@Entreculturas\" \/>\n<script type=\"application\/ld+json\" class=\"yoast-schema-graph\">{\"@context\":\"https:\\\/\\\/schema.org\",\"@graph\":[{\"@type\":\"WebPage\",\"@id\":\"https:\\\/\\\/www.entreculturas.org\\\/gl\\\/noticia\\\/marruecos-asistencia-y-proteccion-de-la-poblacion-migrante-en-la-frontera-sur\\\/\",\"url\":\"https:\\\/\\\/www.entreculturas.org\\\/gl\\\/noticia\\\/marruecos-asistencia-y-proteccion-de-la-poblacion-migrante-en-la-frontera-sur\\\/\",\"name\":\"Marruecos: asistencia y protecci\u00f3n de la poblaci\u00f3n migrante en la Frontera Sur - Entreculturas\",\"isPartOf\":{\"@id\":\"https:\\\/\\\/www.entreculturas.org\\\/gl\\\/#website\"},\"primaryImageOfPage\":{\"@id\":\"https:\\\/\\\/www.entreculturas.org\\\/gl\\\/noticia\\\/marruecos-asistencia-y-proteccion-de-la-poblacion-migrante-en-la-frontera-sur\\\/#primaryimage\"},\"image\":{\"@id\":\"https:\\\/\\\/www.entreculturas.org\\\/gl\\\/noticia\\\/marruecos-asistencia-y-proteccion-de-la-poblacion-migrante-en-la-frontera-sur\\\/#primaryimage\"},\"thumbnailUrl\":\"https:\\\/\\\/www.entreculturas.org\\\/wp-content\\\/uploads\\\/2022\\\/06\\\/whatsapp_image_2021-06-29_at_13.59.50_1.jpeg\",\"datePublished\":\"2022-06-07T10:29:30+00:00\",\"dateModified\":\"2024-02-19T10:38:52+00:00\",\"breadcrumb\":{\"@id\":\"https:\\\/\\\/www.entreculturas.org\\\/gl\\\/noticia\\\/marruecos-asistencia-y-proteccion-de-la-poblacion-migrante-en-la-frontera-sur\\\/#breadcrumb\"},\"inLanguage\":\"gl-ES\",\"potentialAction\":[{\"@type\":\"ReadAction\",\"target\":[\"https:\\\/\\\/www.entreculturas.org\\\/gl\\\/noticia\\\/marruecos-asistencia-y-proteccion-de-la-poblacion-migrante-en-la-frontera-sur\\\/\"]}]},{\"@type\":\"ImageObject\",\"inLanguage\":\"gl-ES\",\"@id\":\"https:\\\/\\\/www.entreculturas.org\\\/gl\\\/noticia\\\/marruecos-asistencia-y-proteccion-de-la-poblacion-migrante-en-la-frontera-sur\\\/#primaryimage\",\"url\":\"https:\\\/\\\/www.entreculturas.org\\\/wp-content\\\/uploads\\\/2022\\\/06\\\/whatsapp_image_2021-06-29_at_13.59.50_1.jpeg\",\"contentUrl\":\"https:\\\/\\\/www.entreculturas.org\\\/wp-content\\\/uploads\\\/2022\\\/06\\\/whatsapp_image_2021-06-29_at_13.59.50_1.jpeg\",\"width\":800,\"height\":600},{\"@type\":\"BreadcrumbList\",\"@id\":\"https:\\\/\\\/www.entreculturas.org\\\/gl\\\/noticia\\\/marruecos-asistencia-y-proteccion-de-la-poblacion-migrante-en-la-frontera-sur\\\/#breadcrumb\",\"itemListElement\":[{\"@type\":\"ListItem\",\"position\":1,\"name\":\"Home\",\"item\":\"https:\\\/\\\/www.entreculturas.org\\\/gl\\\/\"},{\"@type\":\"ListItem\",\"position\":2,\"name\":\"Noticias\",\"item\":\"https:\\\/\\\/www.entreculturas.org\\\/gl\\\/noticias\\\/\"},{\"@type\":\"ListItem\",\"position\":3,\"name\":\"Marruecos: asistencia y protecci\u00f3n de la poblaci\u00f3n migrante en la Frontera Sur\"}]},{\"@type\":\"WebSite\",\"@id\":\"https:\\\/\\\/www.entreculturas.org\\\/gl\\\/#website\",\"url\":\"https:\\\/\\\/www.entreculturas.org\\\/gl\\\/\",\"name\":\"Entreculturas\",\"description\":\"\",\"publisher\":{\"@id\":\"https:\\\/\\\/www.entreculturas.org\\\/gl\\\/#organization\"},\"alternateName\":\"Entreculturas\",\"potentialAction\":[{\"@type\":\"SearchAction\",\"target\":{\"@type\":\"EntryPoint\",\"urlTemplate\":\"https:\\\/\\\/www.entreculturas.org\\\/gl\\\/?s={search_term_string}\"},\"query-input\":{\"@type\":\"PropertyValueSpecification\",\"valueRequired\":true,\"valueName\":\"search_term_string\"}}],\"inLanguage\":\"gl-ES\"},{\"@type\":\"Organization\",\"@id\":\"https:\\\/\\\/www.entreculturas.org\\\/gl\\\/#organization\",\"name\":\"Entreculturas\",\"url\":\"https:\\\/\\\/www.entreculturas.org\\\/gl\\\/\",\"logo\":{\"@type\":\"ImageObject\",\"inLanguage\":\"gl-ES\",\"@id\":\"https:\\\/\\\/www.entreculturas.org\\\/gl\\\/#\\\/schema\\\/logo\\\/image\\\/\",\"url\":\"https:\\\/\\\/www.entreculturas.org\\\/wp-content\\\/uploads\\\/2025\\\/10\\\/ESP.svg\",\"contentUrl\":\"https:\\\/\\\/www.entreculturas.org\\\/wp-content\\\/uploads\\\/2025\\\/10\\\/ESP.svg\",\"caption\":\"Entreculturas\"},\"image\":{\"@id\":\"https:\\\/\\\/www.entreculturas.org\\\/gl\\\/#\\\/schema\\\/logo\\\/image\\\/\"},\"sameAs\":[\"https:\\\/\\\/www.facebook.com\\\/entreculturas\",\"https:\\\/\\\/x.com\\\/Entreculturas\",\"https:\\\/\\\/www.instagram.com\\\/entreculturas\\\/\",\"https:\\\/\\\/www.youtube.com\\\/user\\\/entreculturasvideo\",\"https:\\\/\\\/www.linkedin.com\\\/company\\\/fundacion-entreculturas-ngdo\\\/\",\"https:\\\/\\\/www.flickr.com\\\/photos\\\/98455522@N04\\\/albums\\\/\"]}]}<\/script>\n<!-- \/ Yoast SEO Premium plugin. -->","yoast_head_json":{"title":"Marruecos: asistencia y protecci\u00f3n de la poblaci\u00f3n migrante en la Frontera Sur - Entreculturas","robots":{"index":"index","follow":"follow","max-snippet":"max-snippet:-1","max-image-preview":"max-image-preview:large","max-video-preview":"max-video-preview:-1"},"canonical":"https:\/\/www.entreculturas.org\/gl\/noticia\/marruecos-asistencia-y-proteccion-de-la-poblacion-migrante-en-la-frontera-sur\/","og_locale":"gl_ES","og_type":"article","og_title":"Marruecos: asistencia y protecci\u00f3n de la poblaci\u00f3n migrante en la Frontera Sur","og_description":"En diciembre de 2020, la Delegaci\u00f3n Diocesana de Migraciones (DDM) y Entreculturas dimos un paso importante para responder a la crisis migratoria cr\u00f3nica de la Frontera Sur: pusimos en marcha, con el apoyo de la Uni\u00f3n Europea, un Programa, de 3 a\u00f1os de duraci\u00f3n que busca asistir y proteger a la poblaci\u00f3n migrante y refugiada en situaci\u00f3n de mayor vulnerabilidad en la costa norte de Marruecos.","og_url":"https:\/\/www.entreculturas.org\/gl\/noticia\/marruecos-asistencia-y-proteccion-de-la-poblacion-migrante-en-la-frontera-sur\/","og_site_name":"Entreculturas","article_publisher":"https:\/\/www.facebook.com\/entreculturas","article_modified_time":"2024-02-19T10:38:52+00:00","og_image":[{"width":800,"height":600,"url":"https:\/\/www.entreculturas.org\/wp-content\/uploads\/2022\/06\/whatsapp_image_2021-06-29_at_13.59.50_1.jpeg","type":"image\/jpeg"}],"twitter_card":"summary_large_image","twitter_site":"@Entreculturas","schema":{"@context":"https:\/\/schema.org","@graph":[{"@type":"WebPage","@id":"https:\/\/www.entreculturas.org\/gl\/noticia\/marruecos-asistencia-y-proteccion-de-la-poblacion-migrante-en-la-frontera-sur\/","url":"https:\/\/www.entreculturas.org\/gl\/noticia\/marruecos-asistencia-y-proteccion-de-la-poblacion-migrante-en-la-frontera-sur\/","name":"Marruecos: asistencia y protecci\u00f3n de la poblaci\u00f3n migrante en la Frontera Sur - Entreculturas","isPartOf":{"@id":"https:\/\/www.entreculturas.org\/gl\/#website"},"primaryImageOfPage":{"@id":"https:\/\/www.entreculturas.org\/gl\/noticia\/marruecos-asistencia-y-proteccion-de-la-poblacion-migrante-en-la-frontera-sur\/#primaryimage"},"image":{"@id":"https:\/\/www.entreculturas.org\/gl\/noticia\/marruecos-asistencia-y-proteccion-de-la-poblacion-migrante-en-la-frontera-sur\/#primaryimage"},"thumbnailUrl":"https:\/\/www.entreculturas.org\/wp-content\/uploads\/2022\/06\/whatsapp_image_2021-06-29_at_13.59.50_1.jpeg","datePublished":"2022-06-07T10:29:30+00:00","dateModified":"2024-02-19T10:38:52+00:00","breadcrumb":{"@id":"https:\/\/www.entreculturas.org\/gl\/noticia\/marruecos-asistencia-y-proteccion-de-la-poblacion-migrante-en-la-frontera-sur\/#breadcrumb"},"inLanguage":"gl-ES","potentialAction":[{"@type":"ReadAction","target":["https:\/\/www.entreculturas.org\/gl\/noticia\/marruecos-asistencia-y-proteccion-de-la-poblacion-migrante-en-la-frontera-sur\/"]}]},{"@type":"ImageObject","inLanguage":"gl-ES","@id":"https:\/\/www.entreculturas.org\/gl\/noticia\/marruecos-asistencia-y-proteccion-de-la-poblacion-migrante-en-la-frontera-sur\/#primaryimage","url":"https:\/\/www.entreculturas.org\/wp-content\/uploads\/2022\/06\/whatsapp_image_2021-06-29_at_13.59.50_1.jpeg","contentUrl":"https:\/\/www.entreculturas.org\/wp-content\/uploads\/2022\/06\/whatsapp_image_2021-06-29_at_13.59.50_1.jpeg","width":800,"height":600},{"@type":"BreadcrumbList","@id":"https:\/\/www.entreculturas.org\/gl\/noticia\/marruecos-asistencia-y-proteccion-de-la-poblacion-migrante-en-la-frontera-sur\/#breadcrumb","itemListElement":[{"@type":"ListItem","position":1,"name":"Home","item":"https:\/\/www.entreculturas.org\/gl\/"},{"@type":"ListItem","position":2,"name":"Noticias","item":"https:\/\/www.entreculturas.org\/gl\/noticias\/"},{"@type":"ListItem","position":3,"name":"Marruecos: asistencia y protecci\u00f3n de la poblaci\u00f3n migrante en la Frontera Sur"}]},{"@type":"WebSite","@id":"https:\/\/www.entreculturas.org\/gl\/#website","url":"https:\/\/www.entreculturas.org\/gl\/","name":"Entreculturas","description":"","publisher":{"@id":"https:\/\/www.entreculturas.org\/gl\/#organization"},"alternateName":"Entreculturas","potentialAction":[{"@type":"SearchAction","target":{"@type":"EntryPoint","urlTemplate":"https:\/\/www.entreculturas.org\/gl\/?s={search_term_string}"},"query-input":{"@type":"PropertyValueSpecification","valueRequired":true,"valueName":"search_term_string"}}],"inLanguage":"gl-ES"},{"@type":"Organization","@id":"https:\/\/www.entreculturas.org\/gl\/#organization","name":"Entreculturas","url":"https:\/\/www.entreculturas.org\/gl\/","logo":{"@type":"ImageObject","inLanguage":"gl-ES","@id":"https:\/\/www.entreculturas.org\/gl\/#\/schema\/logo\/image\/","url":"https:\/\/www.entreculturas.org\/wp-content\/uploads\/2025\/10\/ESP.svg","contentUrl":"https:\/\/www.entreculturas.org\/wp-content\/uploads\/2025\/10\/ESP.svg","caption":"Entreculturas"},"image":{"@id":"https:\/\/www.entreculturas.org\/gl\/#\/schema\/logo\/image\/"},"sameAs":["https:\/\/www.facebook.com\/entreculturas","https:\/\/x.com\/Entreculturas","https:\/\/www.instagram.com\/entreculturas\/","https:\/\/www.youtube.com\/user\/entreculturasvideo","https:\/\/www.linkedin.com\/company\/fundacion-entreculturas-ngdo\/","https:\/\/www.flickr.com\/photos\/98455522@N04\/albums\/"]}]}},"_links":{"self":[{"href":"https:\/\/www.entreculturas.org\/gl\/wp-json\/wp\/v2\/noticia\/6586","targetHints":{"allow":["GET"]}}],"collection":[{"href":"https:\/\/www.entreculturas.org\/gl\/wp-json\/wp\/v2\/noticia"}],"about":[{"href":"https:\/\/www.entreculturas.org\/gl\/wp-json\/wp\/v2\/types\/noticia"}],"wp:featuredmedia":[{"embeddable":true,"href":"https:\/\/www.entreculturas.org\/gl\/wp-json\/wp\/v2\/media\/6584"}],"wp:attachment":[{"href":"https:\/\/www.entreculturas.org\/gl\/wp-json\/wp\/v2\/media?parent=6586"}],"wp:term":[{"taxonomy":"category","embeddable":true,"href":"https:\/\/www.entreculturas.org\/gl\/wp-json\/wp\/v2\/categories?post=6586"},{"taxonomy":"post_tag","embeddable":true,"href":"https:\/\/www.entreculturas.org\/gl\/wp-json\/wp\/v2\/tags?post=6586"},{"taxonomy":"country","embeddable":true,"href":"https:\/\/www.entreculturas.org\/gl\/wp-json\/wp\/v2\/country?post=6586"},{"taxonomy":"cause","embeddable":true,"href":"https:\/\/www.entreculturas.org\/gl\/wp-json\/wp\/v2\/cause?post=6586"}],"curies":[{"name":"wp","href":"https:\/\/api.w.org\/{rel}","templated":true}]}}