{"id":6572,"date":"2022-06-01T07:07:44","date_gmt":"2022-06-01T07:07:44","guid":{"rendered":"https:\/\/entreculturasi.wpenginepowered.com\/?noticias=daniel-villanueva-sj-vicepresidente-ejecutivo-de-entreculturas-visita-ucrania-y-los-paises"},"modified":"2024-10-09T13:40:29","modified_gmt":"2024-10-09T11:40:29","slug":"daniel-villanueva-sj-vicepresidente-ejecutivo-de-entreculturas-visita-ucrania-y-los-paises","status":"publish","type":"noticia","link":"https:\/\/www.entreculturas.org\/gl\/noticia\/daniel-villanueva-sj-vicepresidente-ejecutivo-de-entreculturas-visita-ucrania-y-los-paises\/","title":{"rendered":"Daniel Villanueva SJ (Vicepresidente Ejecutivo de Entreculturas) visita Ucrania y los pa\u00edses fronterizos que acogen a las personas refugiadas de la guerra"},"content":{"rendered":"<p>\u201cAyer pudimos entrar en Ucrania a unos 70 Km al interior, en la ciudad de Le\u00f3polis, (Lviv), donde pudimos tambi\u00e9n acompa\u00f1ar al equipo del Servicio Jesuita Refugiados (JRS) en su trabajo de gesti\u00f3n en dos centros de acogida, donde atienden a unas 40 personas hospedadas; normalmente familias con ni\u00f1os y ni\u00f1as con necesidades especiales, mientras se clarifica su situaci\u00f3n y pueden volver a sus lugares de origen\u201d.<\/p>\n<p>Daniel Villanueva SJ, nuestro Vicepresidente Ejecutivo, <strong>ha visitado junto a Alberto Ares SJ, director de JRS Europa, las ciudades fronterizas de Le\u00f3polis, Khmelnitsky, Galati, Bucarest y Medyka, donde se encuentran parte de los m\u00e1s de seis millones de personas refugiadas y desplazadas<\/strong> por la guerra en Ucrania.<\/p>\n<p>Esta visita se enmarca en el\u00a0 trabajo de <a href=\"https:\/\/emergenciaucraniajesuitas.org\/\" target=\"_blank\" rel=\"noopener\">apoyo de Entreculturas a JRS Europa a trav\u00e9s de la Red Xavier y en una respuesta coordinada ante la emergencia<\/a>, conformada por 14 pa\u00edses -Canad\u00e1, Australia, EE.UU. y 11 pa\u00edses europeos- y en los que intervenimos con programas en la propia Ucrania, Polonia y Ruman\u00eda.<\/p>\n<p>Tras conocer el trabajo de los Jesuitas en Polonia y cruzar la frontera por Medyka, Daniel Villanueva, lleg\u00f3 a Le\u00f3polis. <strong>\u201cImpresiona ver c\u00f3mo la vida ordinaria se impone combinada con ventanas fortificadas y sirenas de emergencia. La semana previa hubo impactos de misiles a 1,5 km de ese lugar\u201d.<\/strong><\/p>\n<p>En el recorrido, nos describi\u00f3 el ambiente a su paso. \u201cLas casas de acogida en Ucrania est\u00e1n empapeladas de dibujos infantiles, uno de los recursos utilizados por los cuidadores para acompa\u00f1ar a los ni\u00f1os y ni\u00f1as, a trav\u00e9s de los cuales uno intuye los que sue\u00f1an y les preocupa, su particular forma de vivir la guerra\u201d.<\/p>\n<p>Adem\u00e1s de en Le\u00f3polis, JRS Ucrania trabaja en Khmelnitsky, <strong>donde tenemos un punto de parada para personas refugiadas donde llegan hasta 70 personas nuevas cada d\u00eda y donde se les ofrece una comida caliente y habitaciones con ropa de cama limpia <\/strong>para seguir al oeste tras uno o dos d\u00edas de descanso.<\/p>\n<p>En Ruman\u00eda, tercera parada del viaje, el JRS tiene una fuerte infraestructura en cinco enclaves en el\u00a0 pa\u00eds. Oficinas centrales en Bucarest y cinco puntos de trabajo en la frontera con Ucrania, Bulgaria, Moldavia y Serbia. <strong>En la frontera del Este de Ucrania (que\u00a0 es la zona donde se est\u00e1n produciendo los enfrentamientos m\u00e1s duros de la guerra) es por donde est\u00e1n entrando cientos de personas solicitando refugio<\/strong> y a quienes JRS atiende con servicios de asesor\u00eda, cupones para compra de art\u00edculos de primera necesidad, canasta b\u00e1sica, adem\u00e1s de alojamiento y medicinas.<\/p>\n<p>Uno de los programas que ofrecen es un mes de alojamiento -una de las dificultades m\u00e1s caras y complejas a nivel log\u00edstico- <strong>en un hotel donde se alojan 300 personas, la mayor\u00eda madres con ni\u00f1os y ni\u00f1as.<\/strong> All\u00ed podemos ver como los d\u00edas se llenan de actividades educativas y de integraci\u00f3n. \u201cLa educaci\u00f3n brilla como la mejor estrategia para la resiliencia. Los ni\u00f1os y ni\u00f1as ucranianas han podido continuar su educaci\u00f3n en la modalidad online\u201d, agrega Daniel Villanueva.<\/p>\n<p><img decoding=\"async\" style=\"width: 600px; height: 450px;\" src=\"https:\/\/www.entreculturas.org\/wp-content\/uploads\/2022\/06\/fsvz_elwqaaufhe.jpg\" alt=\"\" \/><br \/>\nJRS Ruman\u00eda habitualmente atend\u00eda a 5.000 personas refugiadas al a\u00f1o y casi lo han duplicado en lo que va de 2022. En este momento, m\u00e1s de la mitad del equipo de JRS Ruman\u00eda es ucraniano y en total se ha atendido m\u00e1s de 8.000 personas en los \u00faltimos dos meses.<\/p>\n<p>En palabras de Daniel Villanueva SJ tras su viaje: \u201cEs un privilegio haber podido conocer de cerca y\u00a0 estar presente junto a los equipos que acompa\u00f1an\u00a0 en terreno\u00a0 y transmitir la solidaridad de tantas personas que nos est\u00e1is apoyando desde Espa\u00f1a. Much\u00edsimas gracias por vuestra solidaridad.\u00a0 Seguimos trabajando para ser parte de la soluci\u00f3n de este complejo conflicto.\u201d<\/p>\n<p><iframe loading=\"lazy\" title=\"Daniel Villanueva desde la frontera con Ucrania\" width=\"500\" height=\"281\" src=\"https:\/\/www.youtube.com\/embed\/1eiu_bWmG4M?feature=oembed\" frameborder=\"0\" allow=\"accelerometer; autoplay; clipboard-write; encrypted-media; gyroscope; picture-in-picture; web-share\" referrerpolicy=\"strict-origin-when-cross-origin\" allowfullscreen><\/iframe><\/p>\n","protected":false},"excerpt":{"rendered":"<p>Daniel Villanueva SJ, nuestro Vicepresidente Ejecutivo, ha visitado junto a Alberto Ares SJ, director de JRS Europa, las ciudades fronterizas de Le\u00f3polis, Khmelnitsky, Galati, Bucarest y Medyka, donde se encuentran parte de los m\u00e1s de seis millones de personas refugiadas y desplazadas por la guerra en Ucrania.<\/p>\n","protected":false},"featured_media":6573,"template":"single-noticia","meta":{"_acf_changed":false},"categories":[7],"tags":[10],"country":[],"cause":[129],"class_list":["post-6572","noticia","type-noticia","status-publish","has-post-thumbnail","hentry","category-noticia","tag-migracion-y-refugio","cause-migracion-y-refugio"],"acf":[],"yoast_head":"<!-- This site is optimized with the Yoast SEO Premium plugin v21.6 (Yoast SEO v27.5) - https:\/\/yoast.com\/product\/yoast-seo-premium-wordpress\/ -->\n<title>Daniel Villanueva SJ (Vicepresidente Ejecutivo de Entreculturas) visita Ucrania y los pa\u00edses fronterizos que acogen a las personas refugiadas de la guerra - Entreculturas<\/title>\n<meta name=\"robots\" content=\"index, follow, max-snippet:-1, max-image-preview:large, max-video-preview:-1\" \/>\n<link rel=\"canonical\" href=\"https:\/\/www.entreculturas.org\/gl\/noticia\/daniel-villanueva-sj-vicepresidente-ejecutivo-de-entreculturas-visita-ucrania-y-los-paises\/\" \/>\n<meta property=\"og:locale\" content=\"gl_ES\" \/>\n<meta property=\"og:type\" content=\"article\" \/>\n<meta property=\"og:title\" content=\"Daniel Villanueva SJ (Vicepresidente Ejecutivo de Entreculturas) visita Ucrania y los pa\u00edses fronterizos que acogen a las personas refugiadas de la guerra\" \/>\n<meta property=\"og:description\" content=\"Daniel Villanueva SJ, nuestro Vicepresidente Ejecutivo, ha visitado junto a Alberto Ares SJ, director de JRS Europa, las ciudades fronterizas de Le\u00f3polis, Khmelnitsky, Galati, Bucarest y Medyka, donde se encuentran parte de los m\u00e1s de seis millones de personas refugiadas y desplazadas por la guerra en Ucrania.\" \/>\n<meta property=\"og:url\" content=\"https:\/\/www.entreculturas.org\/gl\/noticia\/daniel-villanueva-sj-vicepresidente-ejecutivo-de-entreculturas-visita-ucrania-y-los-paises\/\" \/>\n<meta property=\"og:site_name\" content=\"Entreculturas\" \/>\n<meta property=\"article:publisher\" content=\"https:\/\/www.facebook.com\/entreculturas\" \/>\n<meta property=\"article:modified_time\" content=\"2024-10-09T11:40:29+00:00\" \/>\n<meta property=\"og:image\" content=\"https:\/\/www.entreculturas.org\/wp-content\/uploads\/2022\/06\/dani_villanueva.jpg\" \/>\n\t<meta property=\"og:image:width\" content=\"1437\" \/>\n\t<meta property=\"og:image:height\" content=\"811\" \/>\n\t<meta property=\"og:image:type\" content=\"image\/jpeg\" \/>\n<meta name=\"twitter:card\" content=\"summary_large_image\" \/>\n<meta name=\"twitter:site\" content=\"@Entreculturas\" \/>\n<script type=\"application\/ld+json\" class=\"yoast-schema-graph\">{\"@context\":\"https:\\\/\\\/schema.org\",\"@graph\":[{\"@type\":\"WebPage\",\"@id\":\"https:\\\/\\\/www.entreculturas.org\\\/gl\\\/noticia\\\/daniel-villanueva-sj-vicepresidente-ejecutivo-de-entreculturas-visita-ucrania-y-los-paises\\\/\",\"url\":\"https:\\\/\\\/www.entreculturas.org\\\/gl\\\/noticia\\\/daniel-villanueva-sj-vicepresidente-ejecutivo-de-entreculturas-visita-ucrania-y-los-paises\\\/\",\"name\":\"Daniel Villanueva SJ (Vicepresidente Ejecutivo de Entreculturas) visita Ucrania y los pa\u00edses fronterizos que acogen a las personas refugiadas de la guerra - Entreculturas\",\"isPartOf\":{\"@id\":\"https:\\\/\\\/www.entreculturas.org\\\/gl\\\/#website\"},\"primaryImageOfPage\":{\"@id\":\"https:\\\/\\\/www.entreculturas.org\\\/gl\\\/noticia\\\/daniel-villanueva-sj-vicepresidente-ejecutivo-de-entreculturas-visita-ucrania-y-los-paises\\\/#primaryimage\"},\"image\":{\"@id\":\"https:\\\/\\\/www.entreculturas.org\\\/gl\\\/noticia\\\/daniel-villanueva-sj-vicepresidente-ejecutivo-de-entreculturas-visita-ucrania-y-los-paises\\\/#primaryimage\"},\"thumbnailUrl\":\"https:\\\/\\\/www.entreculturas.org\\\/wp-content\\\/uploads\\\/2022\\\/06\\\/dani_villanueva.jpg\",\"datePublished\":\"2022-06-01T07:07:44+00:00\",\"dateModified\":\"2024-10-09T11:40:29+00:00\",\"breadcrumb\":{\"@id\":\"https:\\\/\\\/www.entreculturas.org\\\/gl\\\/noticia\\\/daniel-villanueva-sj-vicepresidente-ejecutivo-de-entreculturas-visita-ucrania-y-los-paises\\\/#breadcrumb\"},\"inLanguage\":\"gl-ES\",\"potentialAction\":[{\"@type\":\"ReadAction\",\"target\":[\"https:\\\/\\\/www.entreculturas.org\\\/gl\\\/noticia\\\/daniel-villanueva-sj-vicepresidente-ejecutivo-de-entreculturas-visita-ucrania-y-los-paises\\\/\"]}]},{\"@type\":\"ImageObject\",\"inLanguage\":\"gl-ES\",\"@id\":\"https:\\\/\\\/www.entreculturas.org\\\/gl\\\/noticia\\\/daniel-villanueva-sj-vicepresidente-ejecutivo-de-entreculturas-visita-ucrania-y-los-paises\\\/#primaryimage\",\"url\":\"https:\\\/\\\/www.entreculturas.org\\\/wp-content\\\/uploads\\\/2022\\\/06\\\/dani_villanueva.jpg\",\"contentUrl\":\"https:\\\/\\\/www.entreculturas.org\\\/wp-content\\\/uploads\\\/2022\\\/06\\\/dani_villanueva.jpg\",\"width\":1437,\"height\":811,\"caption\":\"dani_villanueva\"},{\"@type\":\"BreadcrumbList\",\"@id\":\"https:\\\/\\\/www.entreculturas.org\\\/gl\\\/noticia\\\/daniel-villanueva-sj-vicepresidente-ejecutivo-de-entreculturas-visita-ucrania-y-los-paises\\\/#breadcrumb\",\"itemListElement\":[{\"@type\":\"ListItem\",\"position\":1,\"name\":\"Home\",\"item\":\"https:\\\/\\\/www.entreculturas.org\\\/gl\\\/\"},{\"@type\":\"ListItem\",\"position\":2,\"name\":\"Noticias\",\"item\":\"https:\\\/\\\/www.entreculturas.org\\\/gl\\\/noticias\\\/\"},{\"@type\":\"ListItem\",\"position\":3,\"name\":\"Daniel Villanueva SJ (Vicepresidente Ejecutivo de Entreculturas) visita Ucrania y los pa\u00edses fronterizos que acogen a las personas refugiadas de la guerra\"}]},{\"@type\":\"WebSite\",\"@id\":\"https:\\\/\\\/www.entreculturas.org\\\/gl\\\/#website\",\"url\":\"https:\\\/\\\/www.entreculturas.org\\\/gl\\\/\",\"name\":\"Entreculturas\",\"description\":\"\",\"publisher\":{\"@id\":\"https:\\\/\\\/www.entreculturas.org\\\/gl\\\/#organization\"},\"alternateName\":\"Entreculturas\",\"potentialAction\":[{\"@type\":\"SearchAction\",\"target\":{\"@type\":\"EntryPoint\",\"urlTemplate\":\"https:\\\/\\\/www.entreculturas.org\\\/gl\\\/?s={search_term_string}\"},\"query-input\":{\"@type\":\"PropertyValueSpecification\",\"valueRequired\":true,\"valueName\":\"search_term_string\"}}],\"inLanguage\":\"gl-ES\"},{\"@type\":\"Organization\",\"@id\":\"https:\\\/\\\/www.entreculturas.org\\\/gl\\\/#organization\",\"name\":\"Entreculturas\",\"url\":\"https:\\\/\\\/www.entreculturas.org\\\/gl\\\/\",\"logo\":{\"@type\":\"ImageObject\",\"inLanguage\":\"gl-ES\",\"@id\":\"https:\\\/\\\/www.entreculturas.org\\\/gl\\\/#\\\/schema\\\/logo\\\/image\\\/\",\"url\":\"https:\\\/\\\/www.entreculturas.org\\\/wp-content\\\/uploads\\\/2025\\\/10\\\/ESP.svg\",\"contentUrl\":\"https:\\\/\\\/www.entreculturas.org\\\/wp-content\\\/uploads\\\/2025\\\/10\\\/ESP.svg\",\"caption\":\"Entreculturas\"},\"image\":{\"@id\":\"https:\\\/\\\/www.entreculturas.org\\\/gl\\\/#\\\/schema\\\/logo\\\/image\\\/\"},\"sameAs\":[\"https:\\\/\\\/www.facebook.com\\\/entreculturas\",\"https:\\\/\\\/x.com\\\/Entreculturas\",\"https:\\\/\\\/www.instagram.com\\\/entreculturas\\\/\",\"https:\\\/\\\/www.youtube.com\\\/user\\\/entreculturasvideo\",\"https:\\\/\\\/www.linkedin.com\\\/company\\\/fundacion-entreculturas-ngdo\\\/\",\"https:\\\/\\\/www.flickr.com\\\/photos\\\/98455522@N04\\\/albums\\\/\"]}]}<\/script>\n<!-- \/ Yoast SEO Premium plugin. -->","yoast_head_json":{"title":"Daniel Villanueva SJ (Vicepresidente Ejecutivo de Entreculturas) visita Ucrania y los pa\u00edses fronterizos que acogen a las personas refugiadas de la guerra - Entreculturas","robots":{"index":"index","follow":"follow","max-snippet":"max-snippet:-1","max-image-preview":"max-image-preview:large","max-video-preview":"max-video-preview:-1"},"canonical":"https:\/\/www.entreculturas.org\/gl\/noticia\/daniel-villanueva-sj-vicepresidente-ejecutivo-de-entreculturas-visita-ucrania-y-los-paises\/","og_locale":"gl_ES","og_type":"article","og_title":"Daniel Villanueva SJ (Vicepresidente Ejecutivo de Entreculturas) visita Ucrania y los pa\u00edses fronterizos que acogen a las personas refugiadas de la guerra","og_description":"Daniel Villanueva SJ, nuestro Vicepresidente Ejecutivo, ha visitado junto a Alberto Ares SJ, director de JRS Europa, las ciudades fronterizas de Le\u00f3polis, Khmelnitsky, Galati, Bucarest y Medyka, donde se encuentran parte de los m\u00e1s de seis millones de personas refugiadas y desplazadas por la guerra en Ucrania.","og_url":"https:\/\/www.entreculturas.org\/gl\/noticia\/daniel-villanueva-sj-vicepresidente-ejecutivo-de-entreculturas-visita-ucrania-y-los-paises\/","og_site_name":"Entreculturas","article_publisher":"https:\/\/www.facebook.com\/entreculturas","article_modified_time":"2024-10-09T11:40:29+00:00","og_image":[{"width":1437,"height":811,"url":"https:\/\/www.entreculturas.org\/wp-content\/uploads\/2022\/06\/dani_villanueva.jpg","type":"image\/jpeg"}],"twitter_card":"summary_large_image","twitter_site":"@Entreculturas","schema":{"@context":"https:\/\/schema.org","@graph":[{"@type":"WebPage","@id":"https:\/\/www.entreculturas.org\/gl\/noticia\/daniel-villanueva-sj-vicepresidente-ejecutivo-de-entreculturas-visita-ucrania-y-los-paises\/","url":"https:\/\/www.entreculturas.org\/gl\/noticia\/daniel-villanueva-sj-vicepresidente-ejecutivo-de-entreculturas-visita-ucrania-y-los-paises\/","name":"Daniel Villanueva SJ (Vicepresidente Ejecutivo de Entreculturas) visita Ucrania y los pa\u00edses fronterizos que acogen a las personas refugiadas de la guerra - Entreculturas","isPartOf":{"@id":"https:\/\/www.entreculturas.org\/gl\/#website"},"primaryImageOfPage":{"@id":"https:\/\/www.entreculturas.org\/gl\/noticia\/daniel-villanueva-sj-vicepresidente-ejecutivo-de-entreculturas-visita-ucrania-y-los-paises\/#primaryimage"},"image":{"@id":"https:\/\/www.entreculturas.org\/gl\/noticia\/daniel-villanueva-sj-vicepresidente-ejecutivo-de-entreculturas-visita-ucrania-y-los-paises\/#primaryimage"},"thumbnailUrl":"https:\/\/www.entreculturas.org\/wp-content\/uploads\/2022\/06\/dani_villanueva.jpg","datePublished":"2022-06-01T07:07:44+00:00","dateModified":"2024-10-09T11:40:29+00:00","breadcrumb":{"@id":"https:\/\/www.entreculturas.org\/gl\/noticia\/daniel-villanueva-sj-vicepresidente-ejecutivo-de-entreculturas-visita-ucrania-y-los-paises\/#breadcrumb"},"inLanguage":"gl-ES","potentialAction":[{"@type":"ReadAction","target":["https:\/\/www.entreculturas.org\/gl\/noticia\/daniel-villanueva-sj-vicepresidente-ejecutivo-de-entreculturas-visita-ucrania-y-los-paises\/"]}]},{"@type":"ImageObject","inLanguage":"gl-ES","@id":"https:\/\/www.entreculturas.org\/gl\/noticia\/daniel-villanueva-sj-vicepresidente-ejecutivo-de-entreculturas-visita-ucrania-y-los-paises\/#primaryimage","url":"https:\/\/www.entreculturas.org\/wp-content\/uploads\/2022\/06\/dani_villanueva.jpg","contentUrl":"https:\/\/www.entreculturas.org\/wp-content\/uploads\/2022\/06\/dani_villanueva.jpg","width":1437,"height":811,"caption":"dani_villanueva"},{"@type":"BreadcrumbList","@id":"https:\/\/www.entreculturas.org\/gl\/noticia\/daniel-villanueva-sj-vicepresidente-ejecutivo-de-entreculturas-visita-ucrania-y-los-paises\/#breadcrumb","itemListElement":[{"@type":"ListItem","position":1,"name":"Home","item":"https:\/\/www.entreculturas.org\/gl\/"},{"@type":"ListItem","position":2,"name":"Noticias","item":"https:\/\/www.entreculturas.org\/gl\/noticias\/"},{"@type":"ListItem","position":3,"name":"Daniel Villanueva SJ (Vicepresidente Ejecutivo de Entreculturas) visita Ucrania y los pa\u00edses fronterizos que acogen a las personas refugiadas de la guerra"}]},{"@type":"WebSite","@id":"https:\/\/www.entreculturas.org\/gl\/#website","url":"https:\/\/www.entreculturas.org\/gl\/","name":"Entreculturas","description":"","publisher":{"@id":"https:\/\/www.entreculturas.org\/gl\/#organization"},"alternateName":"Entreculturas","potentialAction":[{"@type":"SearchAction","target":{"@type":"EntryPoint","urlTemplate":"https:\/\/www.entreculturas.org\/gl\/?s={search_term_string}"},"query-input":{"@type":"PropertyValueSpecification","valueRequired":true,"valueName":"search_term_string"}}],"inLanguage":"gl-ES"},{"@type":"Organization","@id":"https:\/\/www.entreculturas.org\/gl\/#organization","name":"Entreculturas","url":"https:\/\/www.entreculturas.org\/gl\/","logo":{"@type":"ImageObject","inLanguage":"gl-ES","@id":"https:\/\/www.entreculturas.org\/gl\/#\/schema\/logo\/image\/","url":"https:\/\/www.entreculturas.org\/wp-content\/uploads\/2025\/10\/ESP.svg","contentUrl":"https:\/\/www.entreculturas.org\/wp-content\/uploads\/2025\/10\/ESP.svg","caption":"Entreculturas"},"image":{"@id":"https:\/\/www.entreculturas.org\/gl\/#\/schema\/logo\/image\/"},"sameAs":["https:\/\/www.facebook.com\/entreculturas","https:\/\/x.com\/Entreculturas","https:\/\/www.instagram.com\/entreculturas\/","https:\/\/www.youtube.com\/user\/entreculturasvideo","https:\/\/www.linkedin.com\/company\/fundacion-entreculturas-ngdo\/","https:\/\/www.flickr.com\/photos\/98455522@N04\/albums\/"]}]}},"_links":{"self":[{"href":"https:\/\/www.entreculturas.org\/gl\/wp-json\/wp\/v2\/noticia\/6572","targetHints":{"allow":["GET"]}}],"collection":[{"href":"https:\/\/www.entreculturas.org\/gl\/wp-json\/wp\/v2\/noticia"}],"about":[{"href":"https:\/\/www.entreculturas.org\/gl\/wp-json\/wp\/v2\/types\/noticia"}],"wp:featuredmedia":[{"embeddable":true,"href":"https:\/\/www.entreculturas.org\/gl\/wp-json\/wp\/v2\/media\/6573"}],"wp:attachment":[{"href":"https:\/\/www.entreculturas.org\/gl\/wp-json\/wp\/v2\/media?parent=6572"}],"wp:term":[{"taxonomy":"category","embeddable":true,"href":"https:\/\/www.entreculturas.org\/gl\/wp-json\/wp\/v2\/categories?post=6572"},{"taxonomy":"post_tag","embeddable":true,"href":"https:\/\/www.entreculturas.org\/gl\/wp-json\/wp\/v2\/tags?post=6572"},{"taxonomy":"country","embeddable":true,"href":"https:\/\/www.entreculturas.org\/gl\/wp-json\/wp\/v2\/country?post=6572"},{"taxonomy":"cause","embeddable":true,"href":"https:\/\/www.entreculturas.org\/gl\/wp-json\/wp\/v2\/cause?post=6572"}],"curies":[{"name":"wp","href":"https:\/\/api.w.org\/{rel}","templated":true}]}}