{"id":6519,"date":"2022-04-18T09:16:42","date_gmt":"2022-04-18T09:16:42","guid":{"rendered":"https:\/\/entreculturasi.wpenginepowered.com\/?noticias=en-la-semana-de-accion-mundial-por-la-educacion-nos-movilizamos-para-reivindicar-la"},"modified":"2024-02-23T10:00:19","modified_gmt":"2024-02-23T09:00:19","slug":"la-semana-de-accion-mundial-por-la-educacion-nos-movilizamos-para-reivindicar-la","status":"publish","type":"noticia","link":"https:\/\/www.entreculturas.org\/gl\/noticia\/la-semana-de-accion-mundial-por-la-educacion-nos-movilizamos-para-reivindicar-la\/","title":{"rendered":"En la Semana de Acci\u00f3n Mundial por la Educaci\u00f3n nos movilizamos para reivindicar la importancia de la educaci\u00f3n en emergencias y el papel del profesorado"},"content":{"rendered":"<p><strong>La educaci\u00f3n est\u00e1 en crisis<\/strong>. Antes de la pandemia, 127 millones de ni\u00f1as, ni\u00f1os y j\u00f3venes que viv\u00edan en pa\u00edses afectados por crisis estaban sin escolarizar. Una cifra que se prev\u00e9 que incremente en 24 millones a causa de los impactos de la COVID-19. La emergencia educativa global generada por la pandemia, que agrav\u00f3 las crisis preexistentes que limitaban el acceso a la educaci\u00f3n en todo el mundo, se suma ahora a conflictos como el de Ucrania, poniendo en riesgo el aprendizaje y la protecci\u00f3n de toda una generaci\u00f3n de ni\u00f1os y ni\u00f1as.&nbsp;<\/p>\n<p>Ante esta situaci\u00f3n, la <strong>Campa\u00f1a Mundial por la Educaci\u00f3n (CME), coalici\u00f3n que lideramos en Espa\u00f1a desde Entreculturas<\/strong> junto a&nbsp;Ayuda en Acci\u00f3n, Educo&nbsp;y Plan International, queremos&nbsp;hacer hincapi\u00e9 en las crisis que<strong> ponen en peligro el cumplimiento del ODS4 y reclamar un incremento de la financiaci\u00f3n p\u00fablica<\/strong> para garantizar una<strong> educaci\u00f3n equitativa, inclusiva y de calidad para todas las personas<\/strong>, contando con profesorado suficiente y formado.&nbsp;<\/p>\n<\/p>\n<p><span style=\"color:#FF0000\"><strong>Semana de Acci\u00f3n Mundial por la Educaci\u00f3n 2022<\/strong><\/span><br \/>Este a\u00f1o, la Semana de Acci\u00f3n Mundial por la Educaci\u00f3n (SAME), que se celebra en m\u00e1s de 100 pa\u00edses, tendr\u00e1 lugar del 25 al 30 de abril bajo el lema <a href=\"https:\/\/milmillonesdevoces.cme-espana.org\/\" target=\"_blank\" rel=\"noopener\">#MilMillonesDeVoces<\/a>. El objetivo de este a\u00f1o ser\u00e1 el de<strong> visibilizar el papel fundamental del profesorado, educadoras y educadores y todo el personal de apoyo<\/strong> como garantes del derecho a la educaci\u00f3n y reclamar una financiaci\u00f3n acorde a las necesidades educativas actuales, tras la mayor interrupci\u00f3n de la educaci\u00f3n en la historia provocada por la pandemia.&nbsp;<\/p>\n<p><strong>Kasia Tusiewicz, coordinadora de la CME en Espa\u00f1a<\/strong>, ha indicado que \u201ccrisis y emergencias como las generadas por el conflicto de Ucrania o la pandemia no hacen m\u00e1s que <strong>agravar las desigualdades en materia educativa <\/strong>que afrontan millones de ni\u00f1os, ni\u00f1as y j\u00f3venes en todo el mundo. Este a\u00f1o, con motivo de la SAME, ponemos en valor el papel fundamental de profesoras y profesores para garantizar una educaci\u00f3n inclusiva y de calidad, y reclamamos una financiaci\u00f3n justa y acorde a las necesidades educativas, especialmente en emergencias\u201d.<\/p>\n<p><strong>Centros educativos de toda Espa\u00f1a se movilizar\u00e1n durante la SAME<\/strong> con<a href=\"https:\/\/milmillonesdevoces.cme-espana.org\/#unidades-didacticas\" target=\"_blank\" rel=\"noopener\"> materiales educativos<\/a>, acciones de calle y de<a href=\"https:\/\/milmillonesdevoces.cme-espana.org\/#movilizate\" target=\"_blank\" rel=\"noopener\"> movilizaci\u00f3n <\/a>en los que el alumnado destacara el papel fundamental que el profesorado juega en su&nbsp; vida educativa. La campa\u00f1a #MilMillonesDeVoces arranc\u00f3 en 2021 con el objetivo de abordar urgentemente la crisis educativa global, que se ha visto agravada por la pandemia del COVID-19, y que ha impedido que millones de ni\u00f1os, ni\u00f1as y j\u00f3venes puedan acceder a una educaci\u00f3n de calidad transformadora, inclusiva y equitativa. La situaci\u00f3n de las ni\u00f1as es particularmente complicada: <strong>11 millones podr\u00edan no volver a la escuela en los pa\u00edses en mayor desventaja<\/strong>. En Espa\u00f1a, los cierres escolares tambi\u00e9n han agravado desigualdades, puesto en <strong>mayor riesgo a los ni\u00f1os, ni\u00f1as y j\u00f3venes m\u00e1s vulnerables, y evidenciado la brecha digital existente.<\/strong><\/p>\n<p>&nbsp;<\/p>\n<p><img decoding=\"async\" alt=\"\" src=\"https:\/\/www.entreculturas.org\/wp-content\/uploads\/2022\/04\/277725721_824357311858129_264540338885326193_n.jpg\" style=\"width: 600px;height: 600px\"><br \/>&nbsp;<\/p>\n<p><span style=\"color:#FF0000\"><strong>Educaci\u00f3n en emergencias y financiaci\u00f3n<\/strong><\/span><br \/>Si no se toman medidas urgentes, el impacto de la pandemia, los conflictos y las situaciones de crisis seguir\u00e1n limitando el acceso a la educaci\u00f3n para las personas en situaci\u00f3n de mayor vulnerabilidad. Por ello la CME <a href=\"https:\/\/milmillonesdevoces.cme-espana.org\/wp-content\/uploads\/2022\/03\/POSICIONAMIENTO-POLITICO.pdf\" target=\"_blank\" rel=\"noopener\">exige al Gobierno<\/a> que siga trabajando para <strong>destinar el 0,7% de la Renta Nacional Bruta a la Ayuda Oficial al Desarrollo (AOD)<\/strong>, del que un 20% debe estar destinado a la educaci\u00f3n; y un 10% de la AOD para Ayuda Humanitaria, del que el 10% debe dedicarse a educaci\u00f3n en emergencias.<\/p>\n<p><strong><span style=\"color:#FF0000\">La importancia del profesorado<\/span><\/strong><br \/>El papel del profesorado es fundamental para garantizar el derecho a la educaci\u00f3n. Sin embargo, <strong>el d\u00e9ficit de profesores y profesoras cualificados y dignamente remunerados no deja de crecer<\/strong>. Solo en el \u00c1frica subsahariana, se necesitan 15 millones m\u00e1s de profesores y profesoras para garantizar una educaci\u00f3n de calidad. El d\u00e9ficit de profesores y profesoras bien cualificados y dignamente remunerados no deja de crecer, y en consecuencia, las tasas de ratio alumnado-profesorado.&nbsp;<\/p>\n<p>La pandemia puso de manifiesto el valor insustituible de la profesi\u00f3n docente, pero tambi\u00e9n las dif\u00edciles condiciones de trabajo. Los y las docentes, con una amplia mayor\u00eda de mujeres, han estado en primera l\u00ednea para garantizar el aprendizaje durante los cierres escolares y para proporcionar apoyo socioemocional, especialmente al estudiantado m\u00e1s vulnerable. Por este motivo, <strong>la CME solicita atenci\u00f3n, retribuci\u00f3n, formaci\u00f3n y reconocimiento del profesorado y ponerlos en el centro de las pol\u00edticas para salir de la crisis educativa.<\/strong><\/p>\n<p><strong><span style=\"color:#FF0000\">Periodistas por un d\u00eda<\/span><\/strong><br \/>La CME anima a los centros escolares, comunidad educativa y sociedad en general a reconocer el papel esencial del profesorado en el proceso de aprendizaje. Es necesario escuchar sus voces, motivaciones y retos en el contexto de emergencia que ha supuesto la pandemia. Los y las estudiantes de centros de todo el pa\u00eds se sumar\u00e1n a la acci\u00f3n<strong> \u201cPeriodistas por un d\u00eda\u201d<\/strong>, que tambi\u00e9n se difundir\u00e1 en redes sociales.&nbsp;<\/p>\n<p>En Twitter, se puede apoyar compartiendo en un tuit una frase de agradecimiento a un docente que te haya dejado huella con <strong>el hashtag #MeEnse\u00f1\u00f3A<\/strong>. En Instagram, a trav\u00e9s de un v\u00eddeo en stories con un mensaje de agradecimiento al profesorado y nominando a 3 amigos\/as para que se sumen y conozcan la acci\u00f3n, con menci\u00f3n a @CME_es.<\/p>\n","protected":false},"excerpt":{"rendered":"<p>La Semana de Acci\u00f3n Mundial por la Educaci\u00f3n (SAME), que se celebra en m\u00e1s de 100 pa\u00edses, tendr\u00e1 lugar del 25 al 30 de abril bajo el lema #MilMillonesDeVoces: Alzamos la voz por el profesorado<\/p>\n","protected":false},"featured_media":6518,"template":"single-noticia","meta":{"_acf_changed":false},"categories":[7],"tags":[289,185],"country":[120],"cause":[128],"class_list":["post-6519","noticia","type-noticia","status-publish","has-post-thumbnail","hentry","category-noticia","tag-educacion","tag-entreculturas","country-espana","cause-educacion"],"acf":[],"yoast_head":"<!-- This site is optimized with the Yoast SEO Premium plugin v21.6 (Yoast SEO v27.5) - https:\/\/yoast.com\/product\/yoast-seo-premium-wordpress\/ -->\n<title>En la Semana de Acci\u00f3n Mundial por la Educaci\u00f3n nos movilizamos para reivindicar la importancia de la educaci\u00f3n en emergencias y el papel del profesorado - Entreculturas<\/title>\n<meta name=\"robots\" content=\"index, follow, max-snippet:-1, max-image-preview:large, max-video-preview:-1\" \/>\n<link rel=\"canonical\" href=\"https:\/\/www.entreculturas.org\/gl\/noticia\/la-semana-de-accion-mundial-por-la-educacion-nos-movilizamos-para-reivindicar-la\/\" \/>\n<meta property=\"og:locale\" content=\"gl_ES\" \/>\n<meta property=\"og:type\" content=\"article\" \/>\n<meta property=\"og:title\" content=\"En la Semana de Acci\u00f3n Mundial por la Educaci\u00f3n nos movilizamos para reivindicar la importancia de la educaci\u00f3n en emergencias y el papel del profesorado\" \/>\n<meta property=\"og:description\" content=\"La Semana de Acci\u00f3n Mundial por la Educaci\u00f3n (SAME), que se celebra en m\u00e1s de 100 pa\u00edses, tendr\u00e1 lugar del 25 al 30 de abril bajo el lema #MilMillonesDeVoces: Alzamos la voz por el profesorado\" \/>\n<meta property=\"og:url\" content=\"https:\/\/www.entreculturas.org\/gl\/noticia\/la-semana-de-accion-mundial-por-la-educacion-nos-movilizamos-para-reivindicar-la\/\" \/>\n<meta property=\"og:site_name\" content=\"Entreculturas\" \/>\n<meta property=\"article:publisher\" content=\"https:\/\/www.facebook.com\/entreculturas\" \/>\n<meta property=\"article:modified_time\" content=\"2024-02-23T09:00:19+00:00\" \/>\n<meta property=\"og:image\" content=\"https:\/\/www.entreculturas.org\/wp-content\/uploads\/2022\/04\/277725721_824357311858129_264540338885326193_n.jpg\" \/>\n\t<meta property=\"og:image:width\" content=\"1080\" \/>\n\t<meta property=\"og:image:height\" content=\"1080\" \/>\n\t<meta property=\"og:image:type\" content=\"image\/jpeg\" \/>\n<meta name=\"twitter:card\" content=\"summary_large_image\" \/>\n<meta name=\"twitter:site\" content=\"@Entreculturas\" \/>\n<script type=\"application\/ld+json\" class=\"yoast-schema-graph\">{\"@context\":\"https:\\\/\\\/schema.org\",\"@graph\":[{\"@type\":\"WebPage\",\"@id\":\"https:\\\/\\\/www.entreculturas.org\\\/gl\\\/noticia\\\/la-semana-de-accion-mundial-por-la-educacion-nos-movilizamos-para-reivindicar-la\\\/\",\"url\":\"https:\\\/\\\/www.entreculturas.org\\\/gl\\\/noticia\\\/la-semana-de-accion-mundial-por-la-educacion-nos-movilizamos-para-reivindicar-la\\\/\",\"name\":\"En la Semana de Acci\u00f3n Mundial por la Educaci\u00f3n nos movilizamos para reivindicar la importancia de la educaci\u00f3n en emergencias y el papel del profesorado - Entreculturas\",\"isPartOf\":{\"@id\":\"https:\\\/\\\/www.entreculturas.org\\\/gl\\\/#website\"},\"primaryImageOfPage\":{\"@id\":\"https:\\\/\\\/www.entreculturas.org\\\/gl\\\/noticia\\\/la-semana-de-accion-mundial-por-la-educacion-nos-movilizamos-para-reivindicar-la\\\/#primaryimage\"},\"image\":{\"@id\":\"https:\\\/\\\/www.entreculturas.org\\\/gl\\\/noticia\\\/la-semana-de-accion-mundial-por-la-educacion-nos-movilizamos-para-reivindicar-la\\\/#primaryimage\"},\"thumbnailUrl\":\"https:\\\/\\\/www.entreculturas.org\\\/wp-content\\\/uploads\\\/2022\\\/04\\\/277725721_824357311858129_264540338885326193_n.jpg\",\"datePublished\":\"2022-04-18T09:16:42+00:00\",\"dateModified\":\"2024-02-23T09:00:19+00:00\",\"breadcrumb\":{\"@id\":\"https:\\\/\\\/www.entreculturas.org\\\/gl\\\/noticia\\\/la-semana-de-accion-mundial-por-la-educacion-nos-movilizamos-para-reivindicar-la\\\/#breadcrumb\"},\"inLanguage\":\"gl-ES\",\"potentialAction\":[{\"@type\":\"ReadAction\",\"target\":[\"https:\\\/\\\/www.entreculturas.org\\\/gl\\\/noticia\\\/la-semana-de-accion-mundial-por-la-educacion-nos-movilizamos-para-reivindicar-la\\\/\"]}]},{\"@type\":\"ImageObject\",\"inLanguage\":\"gl-ES\",\"@id\":\"https:\\\/\\\/www.entreculturas.org\\\/gl\\\/noticia\\\/la-semana-de-accion-mundial-por-la-educacion-nos-movilizamos-para-reivindicar-la\\\/#primaryimage\",\"url\":\"https:\\\/\\\/www.entreculturas.org\\\/wp-content\\\/uploads\\\/2022\\\/04\\\/277725721_824357311858129_264540338885326193_n.jpg\",\"contentUrl\":\"https:\\\/\\\/www.entreculturas.org\\\/wp-content\\\/uploads\\\/2022\\\/04\\\/277725721_824357311858129_264540338885326193_n.jpg\",\"width\":1080,\"height\":1080},{\"@type\":\"BreadcrumbList\",\"@id\":\"https:\\\/\\\/www.entreculturas.org\\\/gl\\\/noticia\\\/la-semana-de-accion-mundial-por-la-educacion-nos-movilizamos-para-reivindicar-la\\\/#breadcrumb\",\"itemListElement\":[{\"@type\":\"ListItem\",\"position\":1,\"name\":\"Home\",\"item\":\"https:\\\/\\\/www.entreculturas.org\\\/gl\\\/\"},{\"@type\":\"ListItem\",\"position\":2,\"name\":\"Noticias\",\"item\":\"https:\\\/\\\/www.entreculturas.org\\\/gl\\\/noticias\\\/\"},{\"@type\":\"ListItem\",\"position\":3,\"name\":\"En la Semana de Acci\u00f3n Mundial por la Educaci\u00f3n nos movilizamos para reivindicar la importancia de la educaci\u00f3n en emergencias y el papel del profesorado\"}]},{\"@type\":\"WebSite\",\"@id\":\"https:\\\/\\\/www.entreculturas.org\\\/gl\\\/#website\",\"url\":\"https:\\\/\\\/www.entreculturas.org\\\/gl\\\/\",\"name\":\"Entreculturas\",\"description\":\"\",\"publisher\":{\"@id\":\"https:\\\/\\\/www.entreculturas.org\\\/gl\\\/#organization\"},\"alternateName\":\"Entreculturas\",\"potentialAction\":[{\"@type\":\"SearchAction\",\"target\":{\"@type\":\"EntryPoint\",\"urlTemplate\":\"https:\\\/\\\/www.entreculturas.org\\\/gl\\\/?s={search_term_string}\"},\"query-input\":{\"@type\":\"PropertyValueSpecification\",\"valueRequired\":true,\"valueName\":\"search_term_string\"}}],\"inLanguage\":\"gl-ES\"},{\"@type\":\"Organization\",\"@id\":\"https:\\\/\\\/www.entreculturas.org\\\/gl\\\/#organization\",\"name\":\"Entreculturas\",\"url\":\"https:\\\/\\\/www.entreculturas.org\\\/gl\\\/\",\"logo\":{\"@type\":\"ImageObject\",\"inLanguage\":\"gl-ES\",\"@id\":\"https:\\\/\\\/www.entreculturas.org\\\/gl\\\/#\\\/schema\\\/logo\\\/image\\\/\",\"url\":\"https:\\\/\\\/www.entreculturas.org\\\/wp-content\\\/uploads\\\/2025\\\/10\\\/ESP.svg\",\"contentUrl\":\"https:\\\/\\\/www.entreculturas.org\\\/wp-content\\\/uploads\\\/2025\\\/10\\\/ESP.svg\",\"caption\":\"Entreculturas\"},\"image\":{\"@id\":\"https:\\\/\\\/www.entreculturas.org\\\/gl\\\/#\\\/schema\\\/logo\\\/image\\\/\"},\"sameAs\":[\"https:\\\/\\\/www.facebook.com\\\/entreculturas\",\"https:\\\/\\\/x.com\\\/Entreculturas\",\"https:\\\/\\\/www.instagram.com\\\/entreculturas\\\/\",\"https:\\\/\\\/www.youtube.com\\\/user\\\/entreculturasvideo\",\"https:\\\/\\\/www.linkedin.com\\\/company\\\/fundacion-entreculturas-ngdo\\\/\",\"https:\\\/\\\/www.flickr.com\\\/photos\\\/98455522@N04\\\/albums\\\/\"]}]}<\/script>\n<!-- \/ Yoast SEO Premium plugin. -->","yoast_head_json":{"title":"En la Semana de Acci\u00f3n Mundial por la Educaci\u00f3n nos movilizamos para reivindicar la importancia de la educaci\u00f3n en emergencias y el papel del profesorado - Entreculturas","robots":{"index":"index","follow":"follow","max-snippet":"max-snippet:-1","max-image-preview":"max-image-preview:large","max-video-preview":"max-video-preview:-1"},"canonical":"https:\/\/www.entreculturas.org\/gl\/noticia\/la-semana-de-accion-mundial-por-la-educacion-nos-movilizamos-para-reivindicar-la\/","og_locale":"gl_ES","og_type":"article","og_title":"En la Semana de Acci\u00f3n Mundial por la Educaci\u00f3n nos movilizamos para reivindicar la importancia de la educaci\u00f3n en emergencias y el papel del profesorado","og_description":"La Semana de Acci\u00f3n Mundial por la Educaci\u00f3n (SAME), que se celebra en m\u00e1s de 100 pa\u00edses, tendr\u00e1 lugar del 25 al 30 de abril bajo el lema #MilMillonesDeVoces: Alzamos la voz por el profesorado","og_url":"https:\/\/www.entreculturas.org\/gl\/noticia\/la-semana-de-accion-mundial-por-la-educacion-nos-movilizamos-para-reivindicar-la\/","og_site_name":"Entreculturas","article_publisher":"https:\/\/www.facebook.com\/entreculturas","article_modified_time":"2024-02-23T09:00:19+00:00","og_image":[{"width":1080,"height":1080,"url":"https:\/\/www.entreculturas.org\/wp-content\/uploads\/2022\/04\/277725721_824357311858129_264540338885326193_n.jpg","type":"image\/jpeg"}],"twitter_card":"summary_large_image","twitter_site":"@Entreculturas","schema":{"@context":"https:\/\/schema.org","@graph":[{"@type":"WebPage","@id":"https:\/\/www.entreculturas.org\/gl\/noticia\/la-semana-de-accion-mundial-por-la-educacion-nos-movilizamos-para-reivindicar-la\/","url":"https:\/\/www.entreculturas.org\/gl\/noticia\/la-semana-de-accion-mundial-por-la-educacion-nos-movilizamos-para-reivindicar-la\/","name":"En la Semana de Acci\u00f3n Mundial por la Educaci\u00f3n nos movilizamos para reivindicar la importancia de la educaci\u00f3n en emergencias y el papel del profesorado - Entreculturas","isPartOf":{"@id":"https:\/\/www.entreculturas.org\/gl\/#website"},"primaryImageOfPage":{"@id":"https:\/\/www.entreculturas.org\/gl\/noticia\/la-semana-de-accion-mundial-por-la-educacion-nos-movilizamos-para-reivindicar-la\/#primaryimage"},"image":{"@id":"https:\/\/www.entreculturas.org\/gl\/noticia\/la-semana-de-accion-mundial-por-la-educacion-nos-movilizamos-para-reivindicar-la\/#primaryimage"},"thumbnailUrl":"https:\/\/www.entreculturas.org\/wp-content\/uploads\/2022\/04\/277725721_824357311858129_264540338885326193_n.jpg","datePublished":"2022-04-18T09:16:42+00:00","dateModified":"2024-02-23T09:00:19+00:00","breadcrumb":{"@id":"https:\/\/www.entreculturas.org\/gl\/noticia\/la-semana-de-accion-mundial-por-la-educacion-nos-movilizamos-para-reivindicar-la\/#breadcrumb"},"inLanguage":"gl-ES","potentialAction":[{"@type":"ReadAction","target":["https:\/\/www.entreculturas.org\/gl\/noticia\/la-semana-de-accion-mundial-por-la-educacion-nos-movilizamos-para-reivindicar-la\/"]}]},{"@type":"ImageObject","inLanguage":"gl-ES","@id":"https:\/\/www.entreculturas.org\/gl\/noticia\/la-semana-de-accion-mundial-por-la-educacion-nos-movilizamos-para-reivindicar-la\/#primaryimage","url":"https:\/\/www.entreculturas.org\/wp-content\/uploads\/2022\/04\/277725721_824357311858129_264540338885326193_n.jpg","contentUrl":"https:\/\/www.entreculturas.org\/wp-content\/uploads\/2022\/04\/277725721_824357311858129_264540338885326193_n.jpg","width":1080,"height":1080},{"@type":"BreadcrumbList","@id":"https:\/\/www.entreculturas.org\/gl\/noticia\/la-semana-de-accion-mundial-por-la-educacion-nos-movilizamos-para-reivindicar-la\/#breadcrumb","itemListElement":[{"@type":"ListItem","position":1,"name":"Home","item":"https:\/\/www.entreculturas.org\/gl\/"},{"@type":"ListItem","position":2,"name":"Noticias","item":"https:\/\/www.entreculturas.org\/gl\/noticias\/"},{"@type":"ListItem","position":3,"name":"En la Semana de Acci\u00f3n Mundial por la Educaci\u00f3n nos movilizamos para reivindicar la importancia de la educaci\u00f3n en emergencias y el papel del profesorado"}]},{"@type":"WebSite","@id":"https:\/\/www.entreculturas.org\/gl\/#website","url":"https:\/\/www.entreculturas.org\/gl\/","name":"Entreculturas","description":"","publisher":{"@id":"https:\/\/www.entreculturas.org\/gl\/#organization"},"alternateName":"Entreculturas","potentialAction":[{"@type":"SearchAction","target":{"@type":"EntryPoint","urlTemplate":"https:\/\/www.entreculturas.org\/gl\/?s={search_term_string}"},"query-input":{"@type":"PropertyValueSpecification","valueRequired":true,"valueName":"search_term_string"}}],"inLanguage":"gl-ES"},{"@type":"Organization","@id":"https:\/\/www.entreculturas.org\/gl\/#organization","name":"Entreculturas","url":"https:\/\/www.entreculturas.org\/gl\/","logo":{"@type":"ImageObject","inLanguage":"gl-ES","@id":"https:\/\/www.entreculturas.org\/gl\/#\/schema\/logo\/image\/","url":"https:\/\/www.entreculturas.org\/wp-content\/uploads\/2025\/10\/ESP.svg","contentUrl":"https:\/\/www.entreculturas.org\/wp-content\/uploads\/2025\/10\/ESP.svg","caption":"Entreculturas"},"image":{"@id":"https:\/\/www.entreculturas.org\/gl\/#\/schema\/logo\/image\/"},"sameAs":["https:\/\/www.facebook.com\/entreculturas","https:\/\/x.com\/Entreculturas","https:\/\/www.instagram.com\/entreculturas\/","https:\/\/www.youtube.com\/user\/entreculturasvideo","https:\/\/www.linkedin.com\/company\/fundacion-entreculturas-ngdo\/","https:\/\/www.flickr.com\/photos\/98455522@N04\/albums\/"]}]}},"_links":{"self":[{"href":"https:\/\/www.entreculturas.org\/gl\/wp-json\/wp\/v2\/noticia\/6519","targetHints":{"allow":["GET"]}}],"collection":[{"href":"https:\/\/www.entreculturas.org\/gl\/wp-json\/wp\/v2\/noticia"}],"about":[{"href":"https:\/\/www.entreculturas.org\/gl\/wp-json\/wp\/v2\/types\/noticia"}],"wp:featuredmedia":[{"embeddable":true,"href":"https:\/\/www.entreculturas.org\/gl\/wp-json\/wp\/v2\/media\/6518"}],"wp:attachment":[{"href":"https:\/\/www.entreculturas.org\/gl\/wp-json\/wp\/v2\/media?parent=6519"}],"wp:term":[{"taxonomy":"category","embeddable":true,"href":"https:\/\/www.entreculturas.org\/gl\/wp-json\/wp\/v2\/categories?post=6519"},{"taxonomy":"post_tag","embeddable":true,"href":"https:\/\/www.entreculturas.org\/gl\/wp-json\/wp\/v2\/tags?post=6519"},{"taxonomy":"country","embeddable":true,"href":"https:\/\/www.entreculturas.org\/gl\/wp-json\/wp\/v2\/country?post=6519"},{"taxonomy":"cause","embeddable":true,"href":"https:\/\/www.entreculturas.org\/gl\/wp-json\/wp\/v2\/cause?post=6519"}],"curies":[{"name":"wp","href":"https:\/\/api.w.org\/{rel}","templated":true}]}}