{"id":6516,"date":"2022-04-18T07:26:38","date_gmt":"2022-04-18T07:26:38","guid":{"rendered":"https:\/\/entreculturasi.wpenginepowered.com\/?noticias=renovamos-por-dos-anos-mas-el-programa-accenture"},"modified":"2024-02-19T15:09:20","modified_gmt":"2024-02-19T14:09:20","slug":"renovamos-por-dos-anos-mas-el-programa-accenture","status":"publish","type":"noticia","link":"https:\/\/www.entreculturas.org\/gl\/noticia\/renovamos-por-dos-anos-mas-el-programa-accenture\/","title":{"rendered":"Renovamos por dos a\u00f1os m\u00e1s el Programa Accenture"},"content":{"rendered":"<\/p>\n<p>En marzo de 2022 comenz\u00f3 un nuevo y ambicioso programa de dos a\u00f1os de duraci\u00f3n, titulado &#8220;Hacia un mundo digital y sostenible&#8221;, que nos permitir\u00e1 llegar a m\u00e1s de 137.000 personas de 19 pa\u00edses, de la mano de nuestros socios principales, Fe y Alegr\u00eda en Latinoam\u00e9rica, as\u00ed como el sector social Jesuita en Espa\u00f1a. Un programa como este, donde <strong>equipos de diversidad de pa\u00edses y con funciones complementarias en los \u00e1mbitos de la empleabilidad y la sostenibilidad colaborar\u00e1n estrechamente,<\/strong> supone una gran oportunidad para el trabajo en red y para elevar el impacto de nuestras acciones.<\/p>\n<p><strong>Principalmente buscaremos mejorar la empleabilidad de j\u00f3venes en riesgo de exclusi\u00f3n, as\u00ed como la de&nbsp;adultos\/as fuera del mercado laboral<\/strong>. Por un lado, a trav\u00e9s de un amplio abanico formativo, que abarca desde contenidos digitales y tecnol\u00f3gicos clave en los nuevos puestos de trabajo, as\u00ed como competencias b\u00e1sicas y transversales para el mundo laboral, especialmente en sectores emergentes.&nbsp;<\/p>\n<p>Estas formaciones para la empleabilidad integrar\u00e1n el enfoque de sostenibilidad. Se&nbsp;formar\u00e1 a j\u00f3venes que accedan al mundo laboral con competencias medioambientales que aseguren un impacto positivo de las empresas en sus comunidades y el planeta. <strong>Y promoveremos tambi\u00e9n el desarrollo de especialidades profesionales en los \u00e1mbitos vinculados con los empleos verdes<\/strong>, en los centros de formaci\u00f3n con los que trabajamos.<\/p>\n<p><img decoding=\"async\" alt=\"\" height=\"533\" src=\"https:\/\/www.entreculturas.org\/wp-content\/uploads\/2022\/04\/ue_la_dolorosa-ecuador-img_6966-.jpg\" width=\"800\"><\/p>\n<p>Profundizaremos, adem\u00e1s, en la intermediaci\u00f3n laboral de los y las j\u00f3venes, a trav\u00e9s de convenios con empresas, la creaci\u00f3n de herramientas como plataformas de inserci\u00f3n, y la formaci\u00f3n para mejorar sus competencias para el emprendimiento. A trav\u00e9s del programa se acercar\u00e1n oportunidades laborales en la propia Accenture, as\u00ed como en empresas colaboradoras de \u00e9sta, <strong>lo cual ampliar\u00e1 los horizontes profesionales de los y las j\u00f3venes, que muchas veces por sus contextos de exclusi\u00f3n no consiguen acceder a oportunidades acordes a su preparaci\u00f3n<\/strong>.<\/p>\n<p>La otra gran l\u00ednea de trabajo del programa estar\u00e1 vinculada a acciones educativas con j\u00f3venes en Espa\u00f1a y Latinoam\u00e9rica sobre el cuidado del medioambiente y la sostenibilidad, una novedad en el marco de colaboraci\u00f3n previa con Accenture. <strong>Queremos que la pr\u00f3xima generaci\u00f3n de l\u00edderes y lideresas&nbsp;sea consciente de la importancia de proteger nuestro medioambiente y, sobre todo, que tengan&nbsp; acceso a las herramientas necesarias para ser parte de la soluci\u00f3n en este&nbsp;camino hacia la sostenibilidad<\/strong>. A trav\u00e9s de la labor que realizamos en centros educativos, trabajaremos contenidos relacionados con el cuidado del medio ambiente, y fomentaremos acciones de participaci\u00f3n activa por parte de los\/as j\u00f3venes para su protecci\u00f3n y defensa. La <a href=\"https:\/\/www.somos-amazonia.org\/expo\/\" target=\"_blank\" rel=\"noopener\">exposici\u00f3n itinerante sobre la Amazon\u00eda<\/a>, que se mostrar\u00e1 en distintas&nbsp;ciudades de Espa\u00f1a, nos mostrar\u00e1 los grandes retos ecol\u00f3gicos que amenazan al pulm\u00f3n del planeta. Asimismo,&nbsp;la <a href=\"https:\/\/escuela.entreculturas.org\/\" target=\"_blank\" rel=\"noopener\">Escuela Online de Entreculturas <\/a>ofrecer\u00e1 un curso sobre Justicia Socioambiental que invitar\u00e1 a la reflexi\u00f3n sobre los desaf\u00edos que vivimos y nuestro papel en ellos.&nbsp;<\/p>\n<p>&nbsp;<\/p>\n<p><img decoding=\"async\" alt=\"\" height=\"533\" src=\"https:\/\/www.entreculturas.org\/wp-content\/uploads\/2022\/04\/instituto_tecnico_superior_p.obermaier_itso_accenture_aecid_-el_alto-bolivia-iimg_3521-.jpg\" width=\"800\"><\/p>\n<p>Adem\u00e1s de este trabajo en Espa\u00f1a, se llevar\u00e1n a cabo tambi\u00e9n acciones concretas sobre<strong> ecolog\u00eda y educaci\u00f3n en el \u00e1mbito panamaz\u00f3nico<\/strong>, desde la incidencia para la defensa de los territorios ind\u00edgenas, a proyectos de educaci\u00f3n intercultural biling\u00fce y ecolog\u00eda en centros educativos de Fe y Alegr\u00eda en Per\u00fa, Ecuador, Bolivia, Brasil y Venezuela.&nbsp;<\/p>\n","protected":false},"excerpt":{"rendered":"<p>Desde Entreculturas hemos renovado por un nuevo programa de cooperaci\u00f3n junto a Accenture en el que, desde 2006, han participado m\u00e1s de 260.000 j\u00f3venes en situaci\u00f3n de vulnerabilidad en 18 pa\u00edses latinoamericanos y en Espa\u00f1a.<\/p>\n","protected":false},"featured_media":6513,"template":"single-noticia","meta":{"_acf_changed":false},"categories":[7],"tags":[196],"country":[],"cause":[128],"class_list":["post-6516","noticia","type-noticia","status-publish","has-post-thumbnail","hentry","category-noticia","tag-rsc","cause-educacion"],"acf":[],"yoast_head":"<!-- This site is optimized with the Yoast SEO Premium plugin v21.6 (Yoast SEO v27.5) - https:\/\/yoast.com\/product\/yoast-seo-premium-wordpress\/ -->\n<title>Renovamos por dos a\u00f1os m\u00e1s el Programa Accenture - Entreculturas<\/title>\n<meta name=\"robots\" content=\"index, follow, max-snippet:-1, max-image-preview:large, max-video-preview:-1\" \/>\n<link rel=\"canonical\" href=\"https:\/\/www.entreculturas.org\/gl\/noticia\/renovamos-por-dos-anos-mas-el-programa-accenture\/\" \/>\n<meta property=\"og:locale\" content=\"gl_ES\" \/>\n<meta property=\"og:type\" content=\"article\" \/>\n<meta property=\"og:title\" content=\"Renovamos por dos a\u00f1os m\u00e1s el Programa Accenture\" \/>\n<meta property=\"og:description\" content=\"Desde Entreculturas hemos renovado por un nuevo programa de cooperaci\u00f3n junto a Accenture en el que, desde 2006, han participado m\u00e1s de 260.000 j\u00f3venes en situaci\u00f3n de vulnerabilidad en 18 pa\u00edses latinoamericanos y en Espa\u00f1a.\" \/>\n<meta property=\"og:url\" content=\"https:\/\/www.entreculturas.org\/gl\/noticia\/renovamos-por-dos-anos-mas-el-programa-accenture\/\" \/>\n<meta property=\"og:site_name\" content=\"Entreculturas\" \/>\n<meta property=\"article:publisher\" content=\"https:\/\/www.facebook.com\/entreculturas\" \/>\n<meta property=\"article:modified_time\" content=\"2024-02-19T14:09:20+00:00\" \/>\n<meta property=\"og:image\" content=\"https:\/\/www.entreculturas.org\/wp-content\/uploads\/2022\/04\/programa_accenture-1024x682.jpg\" \/>\n\t<meta property=\"og:image:width\" content=\"1024\" \/>\n\t<meta property=\"og:image:height\" content=\"682\" \/>\n\t<meta property=\"og:image:type\" content=\"image\/jpeg\" \/>\n<meta name=\"twitter:card\" content=\"summary_large_image\" \/>\n<meta name=\"twitter:site\" content=\"@Entreculturas\" \/>\n<script type=\"application\/ld+json\" class=\"yoast-schema-graph\">{\"@context\":\"https:\\\/\\\/schema.org\",\"@graph\":[{\"@type\":\"WebPage\",\"@id\":\"https:\\\/\\\/www.entreculturas.org\\\/gl\\\/noticia\\\/renovamos-por-dos-anos-mas-el-programa-accenture\\\/\",\"url\":\"https:\\\/\\\/www.entreculturas.org\\\/gl\\\/noticia\\\/renovamos-por-dos-anos-mas-el-programa-accenture\\\/\",\"name\":\"Renovamos por dos a\u00f1os m\u00e1s el Programa Accenture - Entreculturas\",\"isPartOf\":{\"@id\":\"https:\\\/\\\/www.entreculturas.org\\\/gl\\\/#website\"},\"primaryImageOfPage\":{\"@id\":\"https:\\\/\\\/www.entreculturas.org\\\/gl\\\/noticia\\\/renovamos-por-dos-anos-mas-el-programa-accenture\\\/#primaryimage\"},\"image\":{\"@id\":\"https:\\\/\\\/www.entreculturas.org\\\/gl\\\/noticia\\\/renovamos-por-dos-anos-mas-el-programa-accenture\\\/#primaryimage\"},\"thumbnailUrl\":\"https:\\\/\\\/www.entreculturas.org\\\/wp-content\\\/uploads\\\/2022\\\/04\\\/programa_accenture.jpg\",\"datePublished\":\"2022-04-18T07:26:38+00:00\",\"dateModified\":\"2024-02-19T14:09:20+00:00\",\"breadcrumb\":{\"@id\":\"https:\\\/\\\/www.entreculturas.org\\\/gl\\\/noticia\\\/renovamos-por-dos-anos-mas-el-programa-accenture\\\/#breadcrumb\"},\"inLanguage\":\"gl-ES\",\"potentialAction\":[{\"@type\":\"ReadAction\",\"target\":[\"https:\\\/\\\/www.entreculturas.org\\\/gl\\\/noticia\\\/renovamos-por-dos-anos-mas-el-programa-accenture\\\/\"]}]},{\"@type\":\"ImageObject\",\"inLanguage\":\"gl-ES\",\"@id\":\"https:\\\/\\\/www.entreculturas.org\\\/gl\\\/noticia\\\/renovamos-por-dos-anos-mas-el-programa-accenture\\\/#primaryimage\",\"url\":\"https:\\\/\\\/www.entreculturas.org\\\/wp-content\\\/uploads\\\/2022\\\/04\\\/programa_accenture.jpg\",\"contentUrl\":\"https:\\\/\\\/www.entreculturas.org\\\/wp-content\\\/uploads\\\/2022\\\/04\\\/programa_accenture.jpg\",\"width\":1654,\"height\":1102},{\"@type\":\"BreadcrumbList\",\"@id\":\"https:\\\/\\\/www.entreculturas.org\\\/gl\\\/noticia\\\/renovamos-por-dos-anos-mas-el-programa-accenture\\\/#breadcrumb\",\"itemListElement\":[{\"@type\":\"ListItem\",\"position\":1,\"name\":\"Home\",\"item\":\"https:\\\/\\\/www.entreculturas.org\\\/gl\\\/\"},{\"@type\":\"ListItem\",\"position\":2,\"name\":\"Noticias\",\"item\":\"https:\\\/\\\/www.entreculturas.org\\\/gl\\\/noticias\\\/\"},{\"@type\":\"ListItem\",\"position\":3,\"name\":\"Renovamos por dos a\u00f1os m\u00e1s el Programa Accenture\"}]},{\"@type\":\"WebSite\",\"@id\":\"https:\\\/\\\/www.entreculturas.org\\\/gl\\\/#website\",\"url\":\"https:\\\/\\\/www.entreculturas.org\\\/gl\\\/\",\"name\":\"Entreculturas\",\"description\":\"\",\"publisher\":{\"@id\":\"https:\\\/\\\/www.entreculturas.org\\\/gl\\\/#organization\"},\"alternateName\":\"Entreculturas\",\"potentialAction\":[{\"@type\":\"SearchAction\",\"target\":{\"@type\":\"EntryPoint\",\"urlTemplate\":\"https:\\\/\\\/www.entreculturas.org\\\/gl\\\/?s={search_term_string}\"},\"query-input\":{\"@type\":\"PropertyValueSpecification\",\"valueRequired\":true,\"valueName\":\"search_term_string\"}}],\"inLanguage\":\"gl-ES\"},{\"@type\":\"Organization\",\"@id\":\"https:\\\/\\\/www.entreculturas.org\\\/gl\\\/#organization\",\"name\":\"Entreculturas\",\"url\":\"https:\\\/\\\/www.entreculturas.org\\\/gl\\\/\",\"logo\":{\"@type\":\"ImageObject\",\"inLanguage\":\"gl-ES\",\"@id\":\"https:\\\/\\\/www.entreculturas.org\\\/gl\\\/#\\\/schema\\\/logo\\\/image\\\/\",\"url\":\"https:\\\/\\\/www.entreculturas.org\\\/wp-content\\\/uploads\\\/2025\\\/10\\\/ESP.svg\",\"contentUrl\":\"https:\\\/\\\/www.entreculturas.org\\\/wp-content\\\/uploads\\\/2025\\\/10\\\/ESP.svg\",\"caption\":\"Entreculturas\"},\"image\":{\"@id\":\"https:\\\/\\\/www.entreculturas.org\\\/gl\\\/#\\\/schema\\\/logo\\\/image\\\/\"},\"sameAs\":[\"https:\\\/\\\/www.facebook.com\\\/entreculturas\",\"https:\\\/\\\/x.com\\\/Entreculturas\",\"https:\\\/\\\/www.instagram.com\\\/entreculturas\\\/\",\"https:\\\/\\\/www.youtube.com\\\/user\\\/entreculturasvideo\",\"https:\\\/\\\/www.linkedin.com\\\/company\\\/fundacion-entreculturas-ngdo\\\/\",\"https:\\\/\\\/www.flickr.com\\\/photos\\\/98455522@N04\\\/albums\\\/\"]}]}<\/script>\n<!-- \/ Yoast SEO Premium plugin. -->","yoast_head_json":{"title":"Renovamos por dos a\u00f1os m\u00e1s el Programa Accenture - Entreculturas","robots":{"index":"index","follow":"follow","max-snippet":"max-snippet:-1","max-image-preview":"max-image-preview:large","max-video-preview":"max-video-preview:-1"},"canonical":"https:\/\/www.entreculturas.org\/gl\/noticia\/renovamos-por-dos-anos-mas-el-programa-accenture\/","og_locale":"gl_ES","og_type":"article","og_title":"Renovamos por dos a\u00f1os m\u00e1s el Programa Accenture","og_description":"Desde Entreculturas hemos renovado por un nuevo programa de cooperaci\u00f3n junto a Accenture en el que, desde 2006, han participado m\u00e1s de 260.000 j\u00f3venes en situaci\u00f3n de vulnerabilidad en 18 pa\u00edses latinoamericanos y en Espa\u00f1a.","og_url":"https:\/\/www.entreculturas.org\/gl\/noticia\/renovamos-por-dos-anos-mas-el-programa-accenture\/","og_site_name":"Entreculturas","article_publisher":"https:\/\/www.facebook.com\/entreculturas","article_modified_time":"2024-02-19T14:09:20+00:00","og_image":[{"width":1024,"height":682,"url":"https:\/\/www.entreculturas.org\/wp-content\/uploads\/2022\/04\/programa_accenture-1024x682.jpg","type":"image\/jpeg"}],"twitter_card":"summary_large_image","twitter_site":"@Entreculturas","schema":{"@context":"https:\/\/schema.org","@graph":[{"@type":"WebPage","@id":"https:\/\/www.entreculturas.org\/gl\/noticia\/renovamos-por-dos-anos-mas-el-programa-accenture\/","url":"https:\/\/www.entreculturas.org\/gl\/noticia\/renovamos-por-dos-anos-mas-el-programa-accenture\/","name":"Renovamos por dos a\u00f1os m\u00e1s el Programa Accenture - Entreculturas","isPartOf":{"@id":"https:\/\/www.entreculturas.org\/gl\/#website"},"primaryImageOfPage":{"@id":"https:\/\/www.entreculturas.org\/gl\/noticia\/renovamos-por-dos-anos-mas-el-programa-accenture\/#primaryimage"},"image":{"@id":"https:\/\/www.entreculturas.org\/gl\/noticia\/renovamos-por-dos-anos-mas-el-programa-accenture\/#primaryimage"},"thumbnailUrl":"https:\/\/www.entreculturas.org\/wp-content\/uploads\/2022\/04\/programa_accenture.jpg","datePublished":"2022-04-18T07:26:38+00:00","dateModified":"2024-02-19T14:09:20+00:00","breadcrumb":{"@id":"https:\/\/www.entreculturas.org\/gl\/noticia\/renovamos-por-dos-anos-mas-el-programa-accenture\/#breadcrumb"},"inLanguage":"gl-ES","potentialAction":[{"@type":"ReadAction","target":["https:\/\/www.entreculturas.org\/gl\/noticia\/renovamos-por-dos-anos-mas-el-programa-accenture\/"]}]},{"@type":"ImageObject","inLanguage":"gl-ES","@id":"https:\/\/www.entreculturas.org\/gl\/noticia\/renovamos-por-dos-anos-mas-el-programa-accenture\/#primaryimage","url":"https:\/\/www.entreculturas.org\/wp-content\/uploads\/2022\/04\/programa_accenture.jpg","contentUrl":"https:\/\/www.entreculturas.org\/wp-content\/uploads\/2022\/04\/programa_accenture.jpg","width":1654,"height":1102},{"@type":"BreadcrumbList","@id":"https:\/\/www.entreculturas.org\/gl\/noticia\/renovamos-por-dos-anos-mas-el-programa-accenture\/#breadcrumb","itemListElement":[{"@type":"ListItem","position":1,"name":"Home","item":"https:\/\/www.entreculturas.org\/gl\/"},{"@type":"ListItem","position":2,"name":"Noticias","item":"https:\/\/www.entreculturas.org\/gl\/noticias\/"},{"@type":"ListItem","position":3,"name":"Renovamos por dos a\u00f1os m\u00e1s el Programa Accenture"}]},{"@type":"WebSite","@id":"https:\/\/www.entreculturas.org\/gl\/#website","url":"https:\/\/www.entreculturas.org\/gl\/","name":"Entreculturas","description":"","publisher":{"@id":"https:\/\/www.entreculturas.org\/gl\/#organization"},"alternateName":"Entreculturas","potentialAction":[{"@type":"SearchAction","target":{"@type":"EntryPoint","urlTemplate":"https:\/\/www.entreculturas.org\/gl\/?s={search_term_string}"},"query-input":{"@type":"PropertyValueSpecification","valueRequired":true,"valueName":"search_term_string"}}],"inLanguage":"gl-ES"},{"@type":"Organization","@id":"https:\/\/www.entreculturas.org\/gl\/#organization","name":"Entreculturas","url":"https:\/\/www.entreculturas.org\/gl\/","logo":{"@type":"ImageObject","inLanguage":"gl-ES","@id":"https:\/\/www.entreculturas.org\/gl\/#\/schema\/logo\/image\/","url":"https:\/\/www.entreculturas.org\/wp-content\/uploads\/2025\/10\/ESP.svg","contentUrl":"https:\/\/www.entreculturas.org\/wp-content\/uploads\/2025\/10\/ESP.svg","caption":"Entreculturas"},"image":{"@id":"https:\/\/www.entreculturas.org\/gl\/#\/schema\/logo\/image\/"},"sameAs":["https:\/\/www.facebook.com\/entreculturas","https:\/\/x.com\/Entreculturas","https:\/\/www.instagram.com\/entreculturas\/","https:\/\/www.youtube.com\/user\/entreculturasvideo","https:\/\/www.linkedin.com\/company\/fundacion-entreculturas-ngdo\/","https:\/\/www.flickr.com\/photos\/98455522@N04\/albums\/"]}]}},"_links":{"self":[{"href":"https:\/\/www.entreculturas.org\/gl\/wp-json\/wp\/v2\/noticia\/6516","targetHints":{"allow":["GET"]}}],"collection":[{"href":"https:\/\/www.entreculturas.org\/gl\/wp-json\/wp\/v2\/noticia"}],"about":[{"href":"https:\/\/www.entreculturas.org\/gl\/wp-json\/wp\/v2\/types\/noticia"}],"wp:featuredmedia":[{"embeddable":true,"href":"https:\/\/www.entreculturas.org\/gl\/wp-json\/wp\/v2\/media\/6513"}],"wp:attachment":[{"href":"https:\/\/www.entreculturas.org\/gl\/wp-json\/wp\/v2\/media?parent=6516"}],"wp:term":[{"taxonomy":"category","embeddable":true,"href":"https:\/\/www.entreculturas.org\/gl\/wp-json\/wp\/v2\/categories?post=6516"},{"taxonomy":"post_tag","embeddable":true,"href":"https:\/\/www.entreculturas.org\/gl\/wp-json\/wp\/v2\/tags?post=6516"},{"taxonomy":"country","embeddable":true,"href":"https:\/\/www.entreculturas.org\/gl\/wp-json\/wp\/v2\/country?post=6516"},{"taxonomy":"cause","embeddable":true,"href":"https:\/\/www.entreculturas.org\/gl\/wp-json\/wp\/v2\/cause?post=6516"}],"curies":[{"name":"wp","href":"https:\/\/api.w.org\/{rel}","templated":true}]}}