{"id":6507,"date":"2022-04-06T08:27:43","date_gmt":"2022-04-06T08:27:43","guid":{"rendered":"https:\/\/entreculturasi.wpenginepowered.com\/?noticias=yanina-garbesi-iniciativa-de-jovenes-del-viii-encuentro-global"},"modified":"2024-02-19T15:10:48","modified_gmt":"2024-02-19T14:10:48","slug":"yanina-garbesi-iniciativa-de-jovenes-del-viii-encuentro-global","status":"publish","type":"noticia","link":"https:\/\/www.entreculturas.org\/gl\/noticia\/yanina-garbesi-iniciativa-de-jovenes-del-viii-encuentro-global\/","title":{"rendered":"Yanina Garbesi &#8211; Iniciativa de J\u00f3venes del VIII Encuentro Global"},"content":{"rendered":"<p>Yanina Garbesi, vive&nbsp;en Salta, Argentina;&nbsp;tiene&nbsp;3 hijos y 1 hija: Juan,&nbsp;Pedro,&nbsp;Felipe y Luz.&nbsp;Tiene&nbsp;42 a\u00f1os y es&nbsp;licenciada en psicolog\u00eda, y le encanta hacer caminatas en la monta\u00f1a y hacer pilates.&nbsp;Forma&nbsp;parte del Equipo de Juventudes de Fe y Alegria Argentina, con el que acompa\u00f1a&nbsp;procesos juveniles de los centros educativos y comunitarios. Tambi\u00e9n pertenece a&nbsp;la iniciativa de juventudes de la federaci\u00f3n acompa\u00f1ando la Red Generaci\u00f3n 21+.<\/p>\n<p><strong>En el \u00faltimo Encuentro Global, en el 2020, quiz\u00e1s no sab\u00edamos lo que se nos avecinaba. La pandemia cambi\u00f3 el rumbo de muchos proyectos, y muchas causas se vieron empa\u00f1adas por la COVID-19. Desde Argentina y como parte de la Red \u00bfC\u00f3mo hab\u00e9is vivido este proceso en estos dos a\u00f1os?<\/strong><br \/>Luego del \u00faltimo encuentro Global volvimos con mucha ilusi\u00f3n, con&nbsp;sue\u00f1os, con proyectos e ideas que tuvimos que ir reconfigurar y que dotar de un nuevo significado. Ya que la pandemia cambi\u00f3 nuestra vida cotidiana y todo lo que ven\u00edamos haciendo, ten\u00edamos que pensarlo de otra manera, y de manera repentina los espacios que se habitaban tambi\u00e9n cambiaron . Se vivieron momentos de incertidumbre, duelos, des\u00e1nimo y tambi\u00e9n nos encontramos en la fuerza de la resiliencia, de sentirnos que seguimos juntos y juntas, compartiendo sue\u00f1os, anim\u00e1ndonos a seguir y participar. En Argentina comenzamos a encontrarnos con los y las j\u00f3venes de los grupos en forma virtual, para as\u00ed compartir c\u00f3mo est\u00e1bamos viviendo este momento. Promoviendo la expresi\u00f3n de las emociones,&nbsp; se realizaron formaciones, talleres de diferentes tem\u00e1ticas, profundizamos sobre las habilidades ciudadanas y se realiz\u00f3 un encuentro virtual de juventudes por el derecho a la educaci\u00f3n, a partir del cual las juventudes se pronunciaron en un manifiesto, culminando el encuentro con un festival por la educaci\u00f3n.&nbsp; Fueron muy importantes los encuentros de la Red Generaci\u00f3n 21+ y las campa\u00f1a globales, pues&nbsp;fortalecieron la participaci\u00f3n. Asimismo, fue fundamental&nbsp;encontrarse con otros y otras j\u00f3venes de distintos puntos del mundo, donde el contexto actual nos atravesaba a todos y todas. Nos encontramos como red y fue muy positivo, enriquecedor y se logr\u00f3 participar de espacios significativos, y alzar la voz por las indignaciones compartidas.&nbsp;<\/p>\n<p><strong>Como docente y parte de la RSJ, \u00bfcu\u00e1l cree que es el mayor reto en medio de este contexto de pandemia?<\/strong><br \/>El mayor desaf\u00edo en este contexto es ser creativos en un ambiente turbulento,&nbsp; pero tambi\u00e9n continuar con los procesos de participaci\u00f3n, incidencia y&nbsp;para que junto a las juventudes sigamos creciendo en el compromiso por la transformaci\u00f3n. Tambi\u00e9n el desaf\u00edo de comunicar e incidir, continuar con los procesos de formaci\u00f3n y acci\u00f3n para el ejercicio ciudadano desde el sentir, pensar y decidir, a nivel personal, colectivo y para la&nbsp;sociedad en su conjunto.<\/p>\n<p><strong>\u00bfQu\u00e9 supone llevar el mensaje de la&nbsp;educaci\u00f3n para una ciudadan\u00eda global en medio de este contexto, y desde la Iniciativa que lidera en la Red?<\/strong><br \/>Es un mensaje potente, urgente y necesario.&nbsp;Supone comunicar esperanza,&nbsp;compromiso con las injusticias, y&nbsp;junto a otros y otras nos comprometemos por la transformaci\u00f3n, promoviendo desde los espacios educativos una educaci\u00f3n para la ciudadan\u00eda y la convivencia, haciendo sinergias para vivir y convivir en una cultura de paz y vida digna para todas las personas.<\/p>\n<p><strong>\u00bfComo orientadora y adulta, ha tenido que dar \u00e1nimo a los j\u00f3venes y estudiantes para que no decaigan en su trabajo de seguir llevando el mensaje de inclusi\u00f3n y justicia social?<\/strong><br \/>S\u00ed,&nbsp;totalmente.&nbsp;Tenemos la tarea de seguir acompa\u00f1ando, animando y fortaleciendo la participaci\u00f3n, ya que la pandemia y el aislamiento impactaron&nbsp;profundamente en la participaci\u00f3n juvenil, en el desarrollo y organizaci\u00f3n de acciones colectivas, y en las estrategias para la incidencia.<\/p>\n<p><strong>\u00bfDe qu\u00e9 manera os est\u00e1is organizando de cara al VII Encuentro Global y sabiendo que las din\u00e1micas han cambiado? \u00bfC\u00f3mo motiv\u00e1is y conect\u00e1is a los y las j\u00f3venes?<\/strong><br \/>Estamos muy motivados y animados con el encuentro. Es una oportunidad para reunirnos, fortalecer y promover la participaci\u00f3n, animarnos en el compromiso ciudadano. La pandemia nos encontr\u00f3 de cara con problem\u00e1ticas e injusticias que se profundizaron, y las juventudes tienen mucho que decir, aportar y hacer.<\/p>\n<p><strong>\u00bfQu\u00e9 propuestas, din\u00e1micas y actividades ten\u00e9is preparadas para este pr\u00f3ximo Encuentro Global, desde la Iniciativa que usted lidera?<\/strong><br \/>Nos preparamos con entusiasmo, alegr\u00eda y esperanza para compartir y generar propuestas.<\/p>\n<p><strong>\u00bfQu\u00e9 mensaje le dar\u00eda tanto a los profesores como a los y las&nbsp; j\u00f3venes que participar\u00e1n en este pr\u00f3ximo Encuentro Global?<\/strong><br \/>El encuentro es una oportunidad de ir recuperando espacios para fortalecer el entramado social, grupal y volver a&nbsp;vincularnos. Tambi\u00e9n para&nbsp;darnos \u00e1nimo, aumentar el sentido de pertenencia, continuar cultivando sue\u00f1os, fortalecer el compromiso y la incidencia, seguir desarrollando competencias y capacidades para la ciudadan\u00eda global, y encontrar juntos y juntas caminos de posibilidades. Dabemos comprometernos como agentes de transformaci\u00f3n y ciudadanos\/as globales, con pr\u00e1cticas concretas desde lo local y lo internacional, con acciones colectivas que impacten en las problem\u00e1ticas que nos afectan. Esta es una oportunidad para tomar decisiones&#8230; \u00a1y para&nbsp;avivar el fuego!&nbsp;<\/p>\n","protected":false},"excerpt":{"rendered":"<p>Yanina vive en Salta, Argentina. Es licenciada en psicolog\u00eda y es parte del Equipo de Juventudes de Fe y Alegr\u00eda Argentina, acompa\u00f1ando procesos juveniles de los centros educativos y comunitarios. Tambi\u00e9n forma parte de la iniciativa de juventudes de la federaci\u00f3n, acompa\u00f1ando la Red Generaci\u00f3n 21 +, y se prepara para el VIII Encuentro Global de la Red Solidaria de J\u00f3venes (RSJ).<\/p>\n","protected":false},"featured_media":6506,"template":"single-noticia","meta":{"_acf_changed":false},"categories":[7],"tags":[8],"country":[],"cause":[132],"class_list":["post-6507","noticia","type-noticia","status-publish","has-post-thumbnail","hentry","category-noticia","tag-participacion-y-ciudadania-global","cause-participacion-y-ciudadania-global"],"acf":[],"yoast_head":"<!-- This site is optimized with the Yoast SEO Premium plugin v21.6 (Yoast SEO v27.5) - https:\/\/yoast.com\/product\/yoast-seo-premium-wordpress\/ -->\n<title>Yanina Garbesi - Iniciativa de J\u00f3venes del VIII Encuentro Global - Entreculturas<\/title>\n<meta name=\"robots\" content=\"index, follow, max-snippet:-1, max-image-preview:large, max-video-preview:-1\" \/>\n<link rel=\"canonical\" href=\"https:\/\/www.entreculturas.org\/gl\/noticia\/yanina-garbesi-iniciativa-de-jovenes-del-viii-encuentro-global\/\" \/>\n<meta property=\"og:locale\" content=\"gl_ES\" \/>\n<meta property=\"og:type\" content=\"article\" \/>\n<meta property=\"og:title\" content=\"Yanina Garbesi - Iniciativa de J\u00f3venes del VIII Encuentro Global\" \/>\n<meta property=\"og:description\" content=\"Yanina vive en Salta, Argentina. Es licenciada en psicolog\u00eda y es parte del Equipo de Juventudes de Fe y Alegr\u00eda Argentina, acompa\u00f1ando procesos juveniles de los centros educativos y comunitarios. Tambi\u00e9n forma parte de la iniciativa de juventudes de la federaci\u00f3n, acompa\u00f1ando la Red Generaci\u00f3n 21 +, y se prepara para el VIII Encuentro Global de la Red Solidaria de J\u00f3venes (RSJ).\" \/>\n<meta property=\"og:url\" content=\"https:\/\/www.entreculturas.org\/gl\/noticia\/yanina-garbesi-iniciativa-de-jovenes-del-viii-encuentro-global\/\" \/>\n<meta property=\"og:site_name\" content=\"Entreculturas\" \/>\n<meta property=\"article:publisher\" content=\"https:\/\/www.facebook.com\/entreculturas\" \/>\n<meta property=\"article:modified_time\" content=\"2024-02-19T14:10:48+00:00\" \/>\n<meta property=\"og:image\" content=\"https:\/\/www.entreculturas.org\/wp-content\/uploads\/2022\/04\/yanina_garbesi_encuentro_global_2022-scaled-1.jpeg\" \/>\n\t<meta property=\"og:image:width\" content=\"1826\" \/>\n\t<meta property=\"og:image:height\" content=\"2560\" \/>\n\t<meta property=\"og:image:type\" content=\"image\/jpeg\" \/>\n<meta name=\"twitter:card\" content=\"summary_large_image\" \/>\n<meta name=\"twitter:site\" content=\"@Entreculturas\" \/>\n<script type=\"application\/ld+json\" class=\"yoast-schema-graph\">{\"@context\":\"https:\\\/\\\/schema.org\",\"@graph\":[{\"@type\":\"WebPage\",\"@id\":\"https:\\\/\\\/www.entreculturas.org\\\/gl\\\/noticia\\\/yanina-garbesi-iniciativa-de-jovenes-del-viii-encuentro-global\\\/\",\"url\":\"https:\\\/\\\/www.entreculturas.org\\\/gl\\\/noticia\\\/yanina-garbesi-iniciativa-de-jovenes-del-viii-encuentro-global\\\/\",\"name\":\"Yanina Garbesi - Iniciativa de J\u00f3venes del VIII Encuentro Global - Entreculturas\",\"isPartOf\":{\"@id\":\"https:\\\/\\\/www.entreculturas.org\\\/gl\\\/#website\"},\"primaryImageOfPage\":{\"@id\":\"https:\\\/\\\/www.entreculturas.org\\\/gl\\\/noticia\\\/yanina-garbesi-iniciativa-de-jovenes-del-viii-encuentro-global\\\/#primaryimage\"},\"image\":{\"@id\":\"https:\\\/\\\/www.entreculturas.org\\\/gl\\\/noticia\\\/yanina-garbesi-iniciativa-de-jovenes-del-viii-encuentro-global\\\/#primaryimage\"},\"thumbnailUrl\":\"https:\\\/\\\/www.entreculturas.org\\\/wp-content\\\/uploads\\\/2022\\\/04\\\/yanina_garbesi_encuentro_global_2022-scaled-1.jpeg\",\"datePublished\":\"2022-04-06T08:27:43+00:00\",\"dateModified\":\"2024-02-19T14:10:48+00:00\",\"breadcrumb\":{\"@id\":\"https:\\\/\\\/www.entreculturas.org\\\/gl\\\/noticia\\\/yanina-garbesi-iniciativa-de-jovenes-del-viii-encuentro-global\\\/#breadcrumb\"},\"inLanguage\":\"gl-ES\",\"potentialAction\":[{\"@type\":\"ReadAction\",\"target\":[\"https:\\\/\\\/www.entreculturas.org\\\/gl\\\/noticia\\\/yanina-garbesi-iniciativa-de-jovenes-del-viii-encuentro-global\\\/\"]}]},{\"@type\":\"ImageObject\",\"inLanguage\":\"gl-ES\",\"@id\":\"https:\\\/\\\/www.entreculturas.org\\\/gl\\\/noticia\\\/yanina-garbesi-iniciativa-de-jovenes-del-viii-encuentro-global\\\/#primaryimage\",\"url\":\"https:\\\/\\\/www.entreculturas.org\\\/wp-content\\\/uploads\\\/2022\\\/04\\\/yanina_garbesi_encuentro_global_2022-scaled-1.jpeg\",\"contentUrl\":\"https:\\\/\\\/www.entreculturas.org\\\/wp-content\\\/uploads\\\/2022\\\/04\\\/yanina_garbesi_encuentro_global_2022-scaled-1.jpeg\",\"width\":1826,\"height\":2560,\"caption\":\"yanina_garbesi_encuentro_global_2022\"},{\"@type\":\"BreadcrumbList\",\"@id\":\"https:\\\/\\\/www.entreculturas.org\\\/gl\\\/noticia\\\/yanina-garbesi-iniciativa-de-jovenes-del-viii-encuentro-global\\\/#breadcrumb\",\"itemListElement\":[{\"@type\":\"ListItem\",\"position\":1,\"name\":\"Home\",\"item\":\"https:\\\/\\\/www.entreculturas.org\\\/gl\\\/\"},{\"@type\":\"ListItem\",\"position\":2,\"name\":\"Noticias\",\"item\":\"https:\\\/\\\/www.entreculturas.org\\\/gl\\\/noticias\\\/\"},{\"@type\":\"ListItem\",\"position\":3,\"name\":\"Yanina Garbesi &#8211; Iniciativa de J\u00f3venes del VIII Encuentro Global\"}]},{\"@type\":\"WebSite\",\"@id\":\"https:\\\/\\\/www.entreculturas.org\\\/gl\\\/#website\",\"url\":\"https:\\\/\\\/www.entreculturas.org\\\/gl\\\/\",\"name\":\"Entreculturas\",\"description\":\"\",\"publisher\":{\"@id\":\"https:\\\/\\\/www.entreculturas.org\\\/gl\\\/#organization\"},\"alternateName\":\"Entreculturas\",\"potentialAction\":[{\"@type\":\"SearchAction\",\"target\":{\"@type\":\"EntryPoint\",\"urlTemplate\":\"https:\\\/\\\/www.entreculturas.org\\\/gl\\\/?s={search_term_string}\"},\"query-input\":{\"@type\":\"PropertyValueSpecification\",\"valueRequired\":true,\"valueName\":\"search_term_string\"}}],\"inLanguage\":\"gl-ES\"},{\"@type\":\"Organization\",\"@id\":\"https:\\\/\\\/www.entreculturas.org\\\/gl\\\/#organization\",\"name\":\"Entreculturas\",\"url\":\"https:\\\/\\\/www.entreculturas.org\\\/gl\\\/\",\"logo\":{\"@type\":\"ImageObject\",\"inLanguage\":\"gl-ES\",\"@id\":\"https:\\\/\\\/www.entreculturas.org\\\/gl\\\/#\\\/schema\\\/logo\\\/image\\\/\",\"url\":\"https:\\\/\\\/www.entreculturas.org\\\/wp-content\\\/uploads\\\/2025\\\/10\\\/ESP.svg\",\"contentUrl\":\"https:\\\/\\\/www.entreculturas.org\\\/wp-content\\\/uploads\\\/2025\\\/10\\\/ESP.svg\",\"caption\":\"Entreculturas\"},\"image\":{\"@id\":\"https:\\\/\\\/www.entreculturas.org\\\/gl\\\/#\\\/schema\\\/logo\\\/image\\\/\"},\"sameAs\":[\"https:\\\/\\\/www.facebook.com\\\/entreculturas\",\"https:\\\/\\\/x.com\\\/Entreculturas\",\"https:\\\/\\\/www.instagram.com\\\/entreculturas\\\/\",\"https:\\\/\\\/www.youtube.com\\\/user\\\/entreculturasvideo\",\"https:\\\/\\\/www.linkedin.com\\\/company\\\/fundacion-entreculturas-ngdo\\\/\",\"https:\\\/\\\/www.flickr.com\\\/photos\\\/98455522@N04\\\/albums\\\/\"]}]}<\/script>\n<!-- \/ Yoast SEO Premium plugin. -->","yoast_head_json":{"title":"Yanina Garbesi - Iniciativa de J\u00f3venes del VIII Encuentro Global - Entreculturas","robots":{"index":"index","follow":"follow","max-snippet":"max-snippet:-1","max-image-preview":"max-image-preview:large","max-video-preview":"max-video-preview:-1"},"canonical":"https:\/\/www.entreculturas.org\/gl\/noticia\/yanina-garbesi-iniciativa-de-jovenes-del-viii-encuentro-global\/","og_locale":"gl_ES","og_type":"article","og_title":"Yanina Garbesi - Iniciativa de J\u00f3venes del VIII Encuentro Global","og_description":"Yanina vive en Salta, Argentina. Es licenciada en psicolog\u00eda y es parte del Equipo de Juventudes de Fe y Alegr\u00eda Argentina, acompa\u00f1ando procesos juveniles de los centros educativos y comunitarios. Tambi\u00e9n forma parte de la iniciativa de juventudes de la federaci\u00f3n, acompa\u00f1ando la Red Generaci\u00f3n 21 +, y se prepara para el VIII Encuentro Global de la Red Solidaria de J\u00f3venes (RSJ).","og_url":"https:\/\/www.entreculturas.org\/gl\/noticia\/yanina-garbesi-iniciativa-de-jovenes-del-viii-encuentro-global\/","og_site_name":"Entreculturas","article_publisher":"https:\/\/www.facebook.com\/entreculturas","article_modified_time":"2024-02-19T14:10:48+00:00","og_image":[{"width":1826,"height":2560,"url":"https:\/\/www.entreculturas.org\/wp-content\/uploads\/2022\/04\/yanina_garbesi_encuentro_global_2022-scaled-1.jpeg","type":"image\/jpeg"}],"twitter_card":"summary_large_image","twitter_site":"@Entreculturas","schema":{"@context":"https:\/\/schema.org","@graph":[{"@type":"WebPage","@id":"https:\/\/www.entreculturas.org\/gl\/noticia\/yanina-garbesi-iniciativa-de-jovenes-del-viii-encuentro-global\/","url":"https:\/\/www.entreculturas.org\/gl\/noticia\/yanina-garbesi-iniciativa-de-jovenes-del-viii-encuentro-global\/","name":"Yanina Garbesi - Iniciativa de J\u00f3venes del VIII Encuentro Global - Entreculturas","isPartOf":{"@id":"https:\/\/www.entreculturas.org\/gl\/#website"},"primaryImageOfPage":{"@id":"https:\/\/www.entreculturas.org\/gl\/noticia\/yanina-garbesi-iniciativa-de-jovenes-del-viii-encuentro-global\/#primaryimage"},"image":{"@id":"https:\/\/www.entreculturas.org\/gl\/noticia\/yanina-garbesi-iniciativa-de-jovenes-del-viii-encuentro-global\/#primaryimage"},"thumbnailUrl":"https:\/\/www.entreculturas.org\/wp-content\/uploads\/2022\/04\/yanina_garbesi_encuentro_global_2022-scaled-1.jpeg","datePublished":"2022-04-06T08:27:43+00:00","dateModified":"2024-02-19T14:10:48+00:00","breadcrumb":{"@id":"https:\/\/www.entreculturas.org\/gl\/noticia\/yanina-garbesi-iniciativa-de-jovenes-del-viii-encuentro-global\/#breadcrumb"},"inLanguage":"gl-ES","potentialAction":[{"@type":"ReadAction","target":["https:\/\/www.entreculturas.org\/gl\/noticia\/yanina-garbesi-iniciativa-de-jovenes-del-viii-encuentro-global\/"]}]},{"@type":"ImageObject","inLanguage":"gl-ES","@id":"https:\/\/www.entreculturas.org\/gl\/noticia\/yanina-garbesi-iniciativa-de-jovenes-del-viii-encuentro-global\/#primaryimage","url":"https:\/\/www.entreculturas.org\/wp-content\/uploads\/2022\/04\/yanina_garbesi_encuentro_global_2022-scaled-1.jpeg","contentUrl":"https:\/\/www.entreculturas.org\/wp-content\/uploads\/2022\/04\/yanina_garbesi_encuentro_global_2022-scaled-1.jpeg","width":1826,"height":2560,"caption":"yanina_garbesi_encuentro_global_2022"},{"@type":"BreadcrumbList","@id":"https:\/\/www.entreculturas.org\/gl\/noticia\/yanina-garbesi-iniciativa-de-jovenes-del-viii-encuentro-global\/#breadcrumb","itemListElement":[{"@type":"ListItem","position":1,"name":"Home","item":"https:\/\/www.entreculturas.org\/gl\/"},{"@type":"ListItem","position":2,"name":"Noticias","item":"https:\/\/www.entreculturas.org\/gl\/noticias\/"},{"@type":"ListItem","position":3,"name":"Yanina Garbesi &#8211; Iniciativa de J\u00f3venes del VIII Encuentro Global"}]},{"@type":"WebSite","@id":"https:\/\/www.entreculturas.org\/gl\/#website","url":"https:\/\/www.entreculturas.org\/gl\/","name":"Entreculturas","description":"","publisher":{"@id":"https:\/\/www.entreculturas.org\/gl\/#organization"},"alternateName":"Entreculturas","potentialAction":[{"@type":"SearchAction","target":{"@type":"EntryPoint","urlTemplate":"https:\/\/www.entreculturas.org\/gl\/?s={search_term_string}"},"query-input":{"@type":"PropertyValueSpecification","valueRequired":true,"valueName":"search_term_string"}}],"inLanguage":"gl-ES"},{"@type":"Organization","@id":"https:\/\/www.entreculturas.org\/gl\/#organization","name":"Entreculturas","url":"https:\/\/www.entreculturas.org\/gl\/","logo":{"@type":"ImageObject","inLanguage":"gl-ES","@id":"https:\/\/www.entreculturas.org\/gl\/#\/schema\/logo\/image\/","url":"https:\/\/www.entreculturas.org\/wp-content\/uploads\/2025\/10\/ESP.svg","contentUrl":"https:\/\/www.entreculturas.org\/wp-content\/uploads\/2025\/10\/ESP.svg","caption":"Entreculturas"},"image":{"@id":"https:\/\/www.entreculturas.org\/gl\/#\/schema\/logo\/image\/"},"sameAs":["https:\/\/www.facebook.com\/entreculturas","https:\/\/x.com\/Entreculturas","https:\/\/www.instagram.com\/entreculturas\/","https:\/\/www.youtube.com\/user\/entreculturasvideo","https:\/\/www.linkedin.com\/company\/fundacion-entreculturas-ngdo\/","https:\/\/www.flickr.com\/photos\/98455522@N04\/albums\/"]}]}},"_links":{"self":[{"href":"https:\/\/www.entreculturas.org\/gl\/wp-json\/wp\/v2\/noticia\/6507","targetHints":{"allow":["GET"]}}],"collection":[{"href":"https:\/\/www.entreculturas.org\/gl\/wp-json\/wp\/v2\/noticia"}],"about":[{"href":"https:\/\/www.entreculturas.org\/gl\/wp-json\/wp\/v2\/types\/noticia"}],"wp:featuredmedia":[{"embeddable":true,"href":"https:\/\/www.entreculturas.org\/gl\/wp-json\/wp\/v2\/media\/6506"}],"wp:attachment":[{"href":"https:\/\/www.entreculturas.org\/gl\/wp-json\/wp\/v2\/media?parent=6507"}],"wp:term":[{"taxonomy":"category","embeddable":true,"href":"https:\/\/www.entreculturas.org\/gl\/wp-json\/wp\/v2\/categories?post=6507"},{"taxonomy":"post_tag","embeddable":true,"href":"https:\/\/www.entreculturas.org\/gl\/wp-json\/wp\/v2\/tags?post=6507"},{"taxonomy":"country","embeddable":true,"href":"https:\/\/www.entreculturas.org\/gl\/wp-json\/wp\/v2\/country?post=6507"},{"taxonomy":"cause","embeddable":true,"href":"https:\/\/www.entreculturas.org\/gl\/wp-json\/wp\/v2\/cause?post=6507"}],"curies":[{"name":"wp","href":"https:\/\/api.w.org\/{rel}","templated":true}]}}