{"id":6503,"date":"2022-04-04T09:41:10","date_gmt":"2022-04-04T09:41:10","guid":{"rendered":"https:\/\/entreculturasi.wpenginepowered.com\/?noticias=por-una-migracion-mas-segura-para-las-mujeres"},"modified":"2024-02-19T15:11:19","modified_gmt":"2024-02-19T14:11:19","slug":"por-una-migracion-mas-segura-para-las-mujeres","status":"publish","type":"noticia","link":"https:\/\/www.entreculturas.org\/gl\/noticia\/por-una-migracion-mas-segura-para-las-mujeres\/","title":{"rendered":"Por una migraci\u00f3n m\u00e1s segura para las mujeres"},"content":{"rendered":"<\/p>\n<p><span style=\"font-size:11px\"><em>\u00a9 Irene Galera \/JRS&nbsp;<\/em><\/span><\/p>\n<p>&nbsp;<\/p>\n<p>\u201cHu\u00ed del conflicto de Kitchanga, que sigue a\u00fan activo. Y por eso no puedo regresar a mi hogar. Como l\u00edder, me centro en combatir cualquier abuso. La violencia a la que nos enfrentamos las mujeres no es solo sexual sino tambi\u00e9n psicol\u00f3gica\u201d.<\/p>\n<p><strong>Sanza es refugiada en el campo de la Poste, en R. D. del Congo, y desde all\u00ed cuenta que fue elegida l\u00edder por el resto de mujeres para combatir cualquier abuso y defender sus derechos<\/strong>. \u201cCreamos nuestro propio grupo para luchar contra la prostituci\u00f3n y para evitar embarazos forzosos\u201d, afirma Sanza.&nbsp;<\/p>\n<p><img decoding=\"async\" alt=\"\" src=\"https:\/\/www.entreculturas.org\/wp-content\/uploads\/2022\/04\/rdc_minova_2021_0727_sifa_maoro_pss_beneficiary2_3-scaled-1.jpg\" style=\"width: 600px;height: 338px\"><\/p>\n<p><em style=\"font-size: 11px\">\u00a9 Irene Galera \/JRS<\/em><\/p>\n<p><strong>El sue\u00f1o de Sanza es comprar una m\u00e1quina de coser y tener su propio taller de costura, un sue\u00f1o que ser\u00e1 posible gracias a la formaci\u00f3n del Servicio Jesuita a Refugiados (JRS), con la que las personas refugiadas pueden ser independientes econ\u00f3micamente y centrarse en sus objetivos<\/strong>. Sanza es una de las m\u00e1s de 84 millones de personas desplazadas en el mundo que luchan por mejorar sus vidas, las de sus familias y las de sus comunidades.&nbsp;<\/p>\n<p>En el marco del D\u00eda Internacional de la Mujer, desde Entreculturas nos hemos unido este a\u00f1o a Alboan, el Servicio Jesuita a Migrantes &#8211; Espa\u00f1a (SJM) y a Fundaci\u00f3n Ellacur\u00eda en la iniciativa Mujeres en Marcha, con la que queremos visibilizar las dificultades y la violencia que sufren las mujeres en contextos de movilidad forzada; acompa\u00f1\u00e1ndolas tanto en su lugar de origen como en su tr\u00e1nsito y destino, para que as\u00ed puedan vivir seguras y ser due\u00f1as de su propio destino.&nbsp;<\/p>\n<p>Las mujeres representan cerca del 50% del total de las personas migrantes en el mundo (Informe sobre las Migraciones en el Mundo 2020). Adem\u00e1s, seg\u00fan el Relator Especial para los derechos humanos de los migrantes de Naciones Unidas, <strong>las mujeres y ni\u00f1as hacen frente a riesgos espec\u00edficos cuando se desplazan y tienen mayor probabilidad de haber experimentado traumas adicionales antes de comenzar sus viajes. Una vez en destino, a la discriminaci\u00f3n por&nbsp; raza, etnia, clase social o religi\u00f3n, se le suman otras espec\u00edficas por su condici\u00f3n de mujeres que adquieren distintas formas de violencia de g\u00e9nero<\/strong>.<\/p>\n<p><img decoding=\"async\" alt=\"\" src=\"https:\/\/www.entreculturas.org\/wp-content\/uploads\/2022\/04\/fadimatou-scaled-1.jpg\" style=\"width: 600px;height: 400px\"><\/p>\n<p>\u201cAl huir de mi pa\u00eds me secuestraron. Durante 8 meses hicieron conmigo todo lo que quisieron; ped\u00edan dinero a mi familia; pude escapar y ahora he logrado llegar a Marruecos, a la espera de poder cruzar\u201d, afirma Lina, desplazada de su pa\u00eds de origen, Rep\u00fablica Centroafricana, a ra\u00edz de un estallido de violencia entre 2016 y 2018, en el que miles de personas se vieron forzadas a huir de sus hogares.<\/p>\n<p>En zonas como Masisi, en Nord Kivu (R. D. del Congo), donde estamos presentes, junto al JRS en cinco de los nueve campos de refugiados, la frecuencia de violaciones a mujeres y ni\u00f1as es una de las situaciones m\u00e1s traum\u00e1ticas. <strong>Estas agresiones ocurren cuando salen a cultivar o buscar comida a los campos de la poblaci\u00f3n aut\u00f3ctona o, incluso, en los colegios. Los grupos armados utilizan las violaciones como una estrategia m\u00e1s contra las personas desplazadas, para desestructurar y humillar a las comunidades<\/strong>.&nbsp;<\/p>\n<p>Junto a nuestras organizaciones socias, como el JRS, desarrollamos proyectos en pa\u00edses como R. D. del Congo, Etiop\u00eda o Sud\u00e1frica, enfoc\u00e1ndonos en ofrecerles atenci\u00f3n humanitaria que les de acceso a servicios b\u00e1sicos de higiene, vivienda y alimentaci\u00f3n, en promover su bienestar psicosocial a trav\u00e9s de atenci\u00f3n psicol\u00f3gica y en desarrollar acciones de formaci\u00f3n, para que puedan protegerse, acceder a un trabajo digno y participar de la vida p\u00fablica sin amenazas ni abusos.&nbsp;<\/p>\n<p>A finales de febrero un grupo de <strong>comunicadoras y periodistas se ha desplazado a la Rep\u00fablica Democr\u00e1tica de Congo (RDC)<\/strong> con el fin de conocer de primera mano la situaci\u00f3n del pa\u00eds, y en concreto la de las <strong>mujeres forzadas a abandonar sus hogares<\/strong>, bien desplazadas dentro de su propio pa\u00eds o bien obligadas a migrar, en el marco de la campa\u00f1a Mujeres en Marcha, con el objetivo de dar a conocer las violencias diversas que sufren las mujeres en los procesos migratorios, desde los relatos de las propias mujeres y desde el encuentro con comunicadoras de RDC.<\/p>\n<p>&#8220;AFEM (Asociaci\u00f3n de mujeres periodistas de Kivu Sur) y Mama Radio fue creada cuando la situaci\u00f3n de seguridad en el pa\u00eds era realmente mala, masacres, guerra\u2026 Nos dimos cuenta de que las mujeres y las ni\u00f1as eran las principales v\u00edctimas pero no ten\u00edan voz, por eso creamos esta radio, para que tuvieran un espacio propio donde ser o\u00eddas&#8221;, afirma Julienne Baseke, Directora de Mama Radio, una emisora comunitaria con perspectiva de g\u00e9nero.<\/p>\n<p>La misi\u00f3n principal de esta asociaci\u00f3n es promover los derechos de las mujeres y las ni\u00f1as en el pa\u00eds, garantizando la igualdad de g\u00e9nero, la construcci\u00f3n de la paz y la consolidaci\u00f3n de la figura de la mujer en los medios. Tambi\u00e9n educar acerca de temas relevantes para la comunidad como la gobernanza o la salud sexual y reproductiva.<\/p>\n<p>Desde Entreculturas, Alboan, la Fundaci\u00f3n Ellacur\u00eda y el Servicio Jesuita a Migrantes &#8211; Espa\u00f1a apostamos por una protecci\u00f3n internacional efectiva de las mujeres en situaci\u00f3n de movilidad forzada. \u201cNecesitamos normas y pol\u00edticas migratorias que consideren las desigualdades sociales estructurales que afectan a las ni\u00f1as, adolescentes y mujeres en todas las fases: el origen, el tr\u00e1nsito y la acogida en los pa\u00edses de destino\u201d, afirma nuestra compa\u00f1era Luc\u00eda Rodr\u00edguez, Responsable del Departamento de Incidencia de Entreculturas.<\/p>\n<p><strong>Por eso, lanzamos una recogida de firmas para pedir a la Comisi\u00f3n Europea que incorpore en el Nuevo Pacto Europeo sobre Migraci\u00f3n y Asilo medidas que incluyan a las mujeres y las violencias espec\u00edficas que sufren en el proceso migratorio para que est\u00e9n protegidas en todas las etapas de la migraci\u00f3n<\/strong>. En concreto pedimos:&nbsp;<\/p>\n<ul>\n<li>Incorporar medidas que consideren la perspectiva de g\u00e9nero.&nbsp;<\/li>\n<li>Reclamar la incorporaci\u00f3n de medidas pol\u00edticas integrales sensibles a una perspectiva interseccional de g\u00e9nero y de derechos, que respondan de manera integral al retroceso de derechos humanos y derechos de las mujeres migrantes que supone la propuesta actual.&nbsp;<\/li>\n<li>Abogar por la cooperaci\u00f3n entre pa\u00edses de origen, tr\u00e1nsito y destino como alternativa frente a las medidas que refuerzan la externalizaci\u00f3n y securitizaci\u00f3n de frontera.<\/li>\n<li>Instar la reconsideraci\u00f3n de la medida de aceleraci\u00f3n de los procedimientos en frontera pues supone un retroceso en los derechos humanos y en los derechos de las mujeres.<\/li>\n<li>Implantar de manera obligatoria, iniciativas de formaci\u00f3n en perspectiva de g\u00e9nero dirigidas a cualquier persona, instituci\u00f3n, agencia o servicio involucrada en cualquiera de las fases del proceso migratorio.&nbsp;<\/li>\n<\/ul>\n<p>Firma: https:\/\/www.visibles.org\/es\/causas\/incidencia\/firma-por-una-migracion-mas-segura-para-las-mujeres<\/p>\n","protected":false},"excerpt":{"rendered":"<p>En el marco del D\u00eda Internacional de la Mujer, desde Entreculturas nos hemos unido este a\u00f1o a Alboan, el Servicio Jesuita a Migrantes &#8211; Espa\u00f1a (SJM) y a Fundaci\u00f3n Ellacur\u00eda en la iniciativa Mujeres en Marcha, con la que queremos visibilizar las dificultades y la violencia que sufren las mujeres en contextos de movilidad forzada; acompa\u00f1\u00e1ndolas tanto en su lugar de origen como en su tr\u00e1nsito y destino, para que as\u00ed puedan vivir seguras y ser due\u00f1as de su propio destino. <\/p>\n","protected":false},"featured_media":6502,"template":"single-noticia","meta":{"_acf_changed":false},"categories":[7],"tags":[10],"country":[],"cause":[129],"class_list":["post-6503","noticia","type-noticia","status-publish","has-post-thumbnail","hentry","category-noticia","tag-migracion-y-refugio","cause-migracion-y-refugio"],"acf":[],"yoast_head":"<!-- This site is optimized with the Yoast SEO Premium plugin v21.6 (Yoast SEO v27.5) - https:\/\/yoast.com\/product\/yoast-seo-premium-wordpress\/ -->\n<title>Por una migraci\u00f3n m\u00e1s segura para las mujeres - Entreculturas<\/title>\n<meta name=\"robots\" content=\"index, follow, max-snippet:-1, max-image-preview:large, max-video-preview:-1\" \/>\n<link rel=\"canonical\" href=\"https:\/\/www.entreculturas.org\/gl\/noticia\/por-una-migracion-mas-segura-para-las-mujeres\/\" \/>\n<meta property=\"og:locale\" content=\"gl_ES\" \/>\n<meta property=\"og:type\" content=\"article\" \/>\n<meta property=\"og:title\" content=\"Por una migraci\u00f3n m\u00e1s segura para las mujeres\" \/>\n<meta property=\"og:description\" content=\"En el marco del D\u00eda Internacional de la Mujer, desde Entreculturas nos hemos unido este a\u00f1o a Alboan, el Servicio Jesuita a Migrantes - Espa\u00f1a (SJM) y a Fundaci\u00f3n Ellacur\u00eda en la iniciativa Mujeres en Marcha, con la que queremos visibilizar las dificultades y la violencia que sufren las mujeres en contextos de movilidad forzada; acompa\u00f1\u00e1ndolas tanto en su lugar de origen como en su tr\u00e1nsito y destino, para que as\u00ed puedan vivir seguras y ser due\u00f1as de su propio destino.\" \/>\n<meta property=\"og:url\" content=\"https:\/\/www.entreculturas.org\/gl\/noticia\/por-una-migracion-mas-segura-para-las-mujeres\/\" \/>\n<meta property=\"og:site_name\" content=\"Entreculturas\" \/>\n<meta property=\"article:publisher\" content=\"https:\/\/www.facebook.com\/entreculturas\" \/>\n<meta property=\"article:modified_time\" content=\"2024-02-19T14:11:19+00:00\" \/>\n<meta property=\"og:image\" content=\"https:\/\/www.entreculturas.org\/wp-content\/uploads\/2022\/04\/fadimatou-scaled-1.jpg\" \/>\n\t<meta property=\"og:image:width\" content=\"2560\" \/>\n\t<meta property=\"og:image:height\" content=\"1707\" \/>\n\t<meta property=\"og:image:type\" content=\"image\/jpeg\" \/>\n<meta name=\"twitter:card\" content=\"summary_large_image\" \/>\n<meta name=\"twitter:site\" content=\"@Entreculturas\" \/>\n<script type=\"application\/ld+json\" class=\"yoast-schema-graph\">{\"@context\":\"https:\\\/\\\/schema.org\",\"@graph\":[{\"@type\":\"WebPage\",\"@id\":\"https:\\\/\\\/www.entreculturas.org\\\/gl\\\/noticia\\\/por-una-migracion-mas-segura-para-las-mujeres\\\/\",\"url\":\"https:\\\/\\\/www.entreculturas.org\\\/gl\\\/noticia\\\/por-una-migracion-mas-segura-para-las-mujeres\\\/\",\"name\":\"Por una migraci\u00f3n m\u00e1s segura para las mujeres - Entreculturas\",\"isPartOf\":{\"@id\":\"https:\\\/\\\/www.entreculturas.org\\\/gl\\\/#website\"},\"primaryImageOfPage\":{\"@id\":\"https:\\\/\\\/www.entreculturas.org\\\/gl\\\/noticia\\\/por-una-migracion-mas-segura-para-las-mujeres\\\/#primaryimage\"},\"image\":{\"@id\":\"https:\\\/\\\/www.entreculturas.org\\\/gl\\\/noticia\\\/por-una-migracion-mas-segura-para-las-mujeres\\\/#primaryimage\"},\"thumbnailUrl\":\"https:\\\/\\\/www.entreculturas.org\\\/wp-content\\\/uploads\\\/2022\\\/04\\\/fadimatou-scaled-1.jpg\",\"datePublished\":\"2022-04-04T09:41:10+00:00\",\"dateModified\":\"2024-02-19T14:11:19+00:00\",\"breadcrumb\":{\"@id\":\"https:\\\/\\\/www.entreculturas.org\\\/gl\\\/noticia\\\/por-una-migracion-mas-segura-para-las-mujeres\\\/#breadcrumb\"},\"inLanguage\":\"gl-ES\",\"potentialAction\":[{\"@type\":\"ReadAction\",\"target\":[\"https:\\\/\\\/www.entreculturas.org\\\/gl\\\/noticia\\\/por-una-migracion-mas-segura-para-las-mujeres\\\/\"]}]},{\"@type\":\"ImageObject\",\"inLanguage\":\"gl-ES\",\"@id\":\"https:\\\/\\\/www.entreculturas.org\\\/gl\\\/noticia\\\/por-una-migracion-mas-segura-para-las-mujeres\\\/#primaryimage\",\"url\":\"https:\\\/\\\/www.entreculturas.org\\\/wp-content\\\/uploads\\\/2022\\\/04\\\/fadimatou-scaled-1.jpg\",\"contentUrl\":\"https:\\\/\\\/www.entreculturas.org\\\/wp-content\\\/uploads\\\/2022\\\/04\\\/fadimatou-scaled-1.jpg\",\"width\":2560,\"height\":1707},{\"@type\":\"BreadcrumbList\",\"@id\":\"https:\\\/\\\/www.entreculturas.org\\\/gl\\\/noticia\\\/por-una-migracion-mas-segura-para-las-mujeres\\\/#breadcrumb\",\"itemListElement\":[{\"@type\":\"ListItem\",\"position\":1,\"name\":\"Home\",\"item\":\"https:\\\/\\\/www.entreculturas.org\\\/gl\\\/\"},{\"@type\":\"ListItem\",\"position\":2,\"name\":\"Noticias\",\"item\":\"https:\\\/\\\/www.entreculturas.org\\\/gl\\\/noticias\\\/\"},{\"@type\":\"ListItem\",\"position\":3,\"name\":\"Por una migraci\u00f3n m\u00e1s segura para las mujeres\"}]},{\"@type\":\"WebSite\",\"@id\":\"https:\\\/\\\/www.entreculturas.org\\\/gl\\\/#website\",\"url\":\"https:\\\/\\\/www.entreculturas.org\\\/gl\\\/\",\"name\":\"Entreculturas\",\"description\":\"\",\"publisher\":{\"@id\":\"https:\\\/\\\/www.entreculturas.org\\\/gl\\\/#organization\"},\"alternateName\":\"Entreculturas\",\"potentialAction\":[{\"@type\":\"SearchAction\",\"target\":{\"@type\":\"EntryPoint\",\"urlTemplate\":\"https:\\\/\\\/www.entreculturas.org\\\/gl\\\/?s={search_term_string}\"},\"query-input\":{\"@type\":\"PropertyValueSpecification\",\"valueRequired\":true,\"valueName\":\"search_term_string\"}}],\"inLanguage\":\"gl-ES\"},{\"@type\":\"Organization\",\"@id\":\"https:\\\/\\\/www.entreculturas.org\\\/gl\\\/#organization\",\"name\":\"Entreculturas\",\"url\":\"https:\\\/\\\/www.entreculturas.org\\\/gl\\\/\",\"logo\":{\"@type\":\"ImageObject\",\"inLanguage\":\"gl-ES\",\"@id\":\"https:\\\/\\\/www.entreculturas.org\\\/gl\\\/#\\\/schema\\\/logo\\\/image\\\/\",\"url\":\"https:\\\/\\\/www.entreculturas.org\\\/wp-content\\\/uploads\\\/2025\\\/10\\\/ESP.svg\",\"contentUrl\":\"https:\\\/\\\/www.entreculturas.org\\\/wp-content\\\/uploads\\\/2025\\\/10\\\/ESP.svg\",\"caption\":\"Entreculturas\"},\"image\":{\"@id\":\"https:\\\/\\\/www.entreculturas.org\\\/gl\\\/#\\\/schema\\\/logo\\\/image\\\/\"},\"sameAs\":[\"https:\\\/\\\/www.facebook.com\\\/entreculturas\",\"https:\\\/\\\/x.com\\\/Entreculturas\",\"https:\\\/\\\/www.instagram.com\\\/entreculturas\\\/\",\"https:\\\/\\\/www.youtube.com\\\/user\\\/entreculturasvideo\",\"https:\\\/\\\/www.linkedin.com\\\/company\\\/fundacion-entreculturas-ngdo\\\/\",\"https:\\\/\\\/www.flickr.com\\\/photos\\\/98455522@N04\\\/albums\\\/\"]}]}<\/script>\n<!-- \/ Yoast SEO Premium plugin. -->","yoast_head_json":{"title":"Por una migraci\u00f3n m\u00e1s segura para las mujeres - Entreculturas","robots":{"index":"index","follow":"follow","max-snippet":"max-snippet:-1","max-image-preview":"max-image-preview:large","max-video-preview":"max-video-preview:-1"},"canonical":"https:\/\/www.entreculturas.org\/gl\/noticia\/por-una-migracion-mas-segura-para-las-mujeres\/","og_locale":"gl_ES","og_type":"article","og_title":"Por una migraci\u00f3n m\u00e1s segura para las mujeres","og_description":"En el marco del D\u00eda Internacional de la Mujer, desde Entreculturas nos hemos unido este a\u00f1o a Alboan, el Servicio Jesuita a Migrantes - Espa\u00f1a (SJM) y a Fundaci\u00f3n Ellacur\u00eda en la iniciativa Mujeres en Marcha, con la que queremos visibilizar las dificultades y la violencia que sufren las mujeres en contextos de movilidad forzada; acompa\u00f1\u00e1ndolas tanto en su lugar de origen como en su tr\u00e1nsito y destino, para que as\u00ed puedan vivir seguras y ser due\u00f1as de su propio destino.","og_url":"https:\/\/www.entreculturas.org\/gl\/noticia\/por-una-migracion-mas-segura-para-las-mujeres\/","og_site_name":"Entreculturas","article_publisher":"https:\/\/www.facebook.com\/entreculturas","article_modified_time":"2024-02-19T14:11:19+00:00","og_image":[{"width":2560,"height":1707,"url":"https:\/\/www.entreculturas.org\/wp-content\/uploads\/2022\/04\/fadimatou-scaled-1.jpg","type":"image\/jpeg"}],"twitter_card":"summary_large_image","twitter_site":"@Entreculturas","schema":{"@context":"https:\/\/schema.org","@graph":[{"@type":"WebPage","@id":"https:\/\/www.entreculturas.org\/gl\/noticia\/por-una-migracion-mas-segura-para-las-mujeres\/","url":"https:\/\/www.entreculturas.org\/gl\/noticia\/por-una-migracion-mas-segura-para-las-mujeres\/","name":"Por una migraci\u00f3n m\u00e1s segura para las mujeres - Entreculturas","isPartOf":{"@id":"https:\/\/www.entreculturas.org\/gl\/#website"},"primaryImageOfPage":{"@id":"https:\/\/www.entreculturas.org\/gl\/noticia\/por-una-migracion-mas-segura-para-las-mujeres\/#primaryimage"},"image":{"@id":"https:\/\/www.entreculturas.org\/gl\/noticia\/por-una-migracion-mas-segura-para-las-mujeres\/#primaryimage"},"thumbnailUrl":"https:\/\/www.entreculturas.org\/wp-content\/uploads\/2022\/04\/fadimatou-scaled-1.jpg","datePublished":"2022-04-04T09:41:10+00:00","dateModified":"2024-02-19T14:11:19+00:00","breadcrumb":{"@id":"https:\/\/www.entreculturas.org\/gl\/noticia\/por-una-migracion-mas-segura-para-las-mujeres\/#breadcrumb"},"inLanguage":"gl-ES","potentialAction":[{"@type":"ReadAction","target":["https:\/\/www.entreculturas.org\/gl\/noticia\/por-una-migracion-mas-segura-para-las-mujeres\/"]}]},{"@type":"ImageObject","inLanguage":"gl-ES","@id":"https:\/\/www.entreculturas.org\/gl\/noticia\/por-una-migracion-mas-segura-para-las-mujeres\/#primaryimage","url":"https:\/\/www.entreculturas.org\/wp-content\/uploads\/2022\/04\/fadimatou-scaled-1.jpg","contentUrl":"https:\/\/www.entreculturas.org\/wp-content\/uploads\/2022\/04\/fadimatou-scaled-1.jpg","width":2560,"height":1707},{"@type":"BreadcrumbList","@id":"https:\/\/www.entreculturas.org\/gl\/noticia\/por-una-migracion-mas-segura-para-las-mujeres\/#breadcrumb","itemListElement":[{"@type":"ListItem","position":1,"name":"Home","item":"https:\/\/www.entreculturas.org\/gl\/"},{"@type":"ListItem","position":2,"name":"Noticias","item":"https:\/\/www.entreculturas.org\/gl\/noticias\/"},{"@type":"ListItem","position":3,"name":"Por una migraci\u00f3n m\u00e1s segura para las mujeres"}]},{"@type":"WebSite","@id":"https:\/\/www.entreculturas.org\/gl\/#website","url":"https:\/\/www.entreculturas.org\/gl\/","name":"Entreculturas","description":"","publisher":{"@id":"https:\/\/www.entreculturas.org\/gl\/#organization"},"alternateName":"Entreculturas","potentialAction":[{"@type":"SearchAction","target":{"@type":"EntryPoint","urlTemplate":"https:\/\/www.entreculturas.org\/gl\/?s={search_term_string}"},"query-input":{"@type":"PropertyValueSpecification","valueRequired":true,"valueName":"search_term_string"}}],"inLanguage":"gl-ES"},{"@type":"Organization","@id":"https:\/\/www.entreculturas.org\/gl\/#organization","name":"Entreculturas","url":"https:\/\/www.entreculturas.org\/gl\/","logo":{"@type":"ImageObject","inLanguage":"gl-ES","@id":"https:\/\/www.entreculturas.org\/gl\/#\/schema\/logo\/image\/","url":"https:\/\/www.entreculturas.org\/wp-content\/uploads\/2025\/10\/ESP.svg","contentUrl":"https:\/\/www.entreculturas.org\/wp-content\/uploads\/2025\/10\/ESP.svg","caption":"Entreculturas"},"image":{"@id":"https:\/\/www.entreculturas.org\/gl\/#\/schema\/logo\/image\/"},"sameAs":["https:\/\/www.facebook.com\/entreculturas","https:\/\/x.com\/Entreculturas","https:\/\/www.instagram.com\/entreculturas\/","https:\/\/www.youtube.com\/user\/entreculturasvideo","https:\/\/www.linkedin.com\/company\/fundacion-entreculturas-ngdo\/","https:\/\/www.flickr.com\/photos\/98455522@N04\/albums\/"]}]}},"_links":{"self":[{"href":"https:\/\/www.entreculturas.org\/gl\/wp-json\/wp\/v2\/noticia\/6503","targetHints":{"allow":["GET"]}}],"collection":[{"href":"https:\/\/www.entreculturas.org\/gl\/wp-json\/wp\/v2\/noticia"}],"about":[{"href":"https:\/\/www.entreculturas.org\/gl\/wp-json\/wp\/v2\/types\/noticia"}],"wp:featuredmedia":[{"embeddable":true,"href":"https:\/\/www.entreculturas.org\/gl\/wp-json\/wp\/v2\/media\/6502"}],"wp:attachment":[{"href":"https:\/\/www.entreculturas.org\/gl\/wp-json\/wp\/v2\/media?parent=6503"}],"wp:term":[{"taxonomy":"category","embeddable":true,"href":"https:\/\/www.entreculturas.org\/gl\/wp-json\/wp\/v2\/categories?post=6503"},{"taxonomy":"post_tag","embeddable":true,"href":"https:\/\/www.entreculturas.org\/gl\/wp-json\/wp\/v2\/tags?post=6503"},{"taxonomy":"country","embeddable":true,"href":"https:\/\/www.entreculturas.org\/gl\/wp-json\/wp\/v2\/country?post=6503"},{"taxonomy":"cause","embeddable":true,"href":"https:\/\/www.entreculturas.org\/gl\/wp-json\/wp\/v2\/cause?post=6503"}],"curies":[{"name":"wp","href":"https:\/\/api.w.org\/{rel}","templated":true}]}}