{"id":6463,"date":"2022-03-15T10:57:55","date_gmt":"2022-03-15T10:57:55","guid":{"rendered":"https:\/\/entreculturasi.wpenginepowered.com\/?noticias=nabila-esperanza-en-libano-tras-huir-de-siria"},"modified":"2024-02-19T15:17:53","modified_gmt":"2024-02-19T14:17:53","slug":"nabila-esperanza-en-libano-tras-huir-de-siria","status":"publish","type":"noticia","link":"https:\/\/www.entreculturas.org\/gl\/noticia\/nabila-esperanza-en-libano-tras-huir-de-siria\/","title":{"rendered":"Nabila, esperanza en L\u00edbano tras huir de Siria"},"content":{"rendered":"<p>Nabila y su marido, padres de cuatro hijos, llegaron a L\u00edbano en 2014 desde Siria, tres a\u00f1os despu\u00e9s del inicio de la guerra que asola desde entonces su lugar de origen. Como ellos, actualmente <strong>6,6 millones de personas refugiadas sirias<\/strong> han huido a otros pa\u00edses, a lo que hay que sumar los <strong>6,7 millones de desplazadas y desplazados internos<\/strong>. Una emergencia humanitaria derivada de la <strong>guerra que hoy cumple 11 a\u00f1os.&nbsp;<\/strong><\/p>\n<p><strong>Los desplazamientos forzosos encierran historias tr\u00e1gicas y retos dif\u00edciles de superar. <\/strong>Para Nabila, sin duda, los momentos m\u00e1s duros que ha atravesado han sido los fallecimientos de dos de sus hijos, uno de ellos en Siria y el otro, de tan solo 18 meses, en L\u00edbano, debido a una enfermedad y la falta de acceso a la sanidad. El estr\u00e9s de estas experiencias traum\u00e1ticas junto con la enfermedad de su otra hija, que requiere atenci\u00f3n especial, hizo que la relaci\u00f3n entre Nabila y su marido se viera afectada: \u00e9l se volvi\u00f3 abusivo y finalmente dej\u00f3 a Nabila y a los ni\u00f1os.<\/p>\n<p>Sola, tuvo que enfrentarse a retos como alquilar una casa, buscar un trabajo, contar con acceso sanitario y comunicarse con la gente de su entorno.&nbsp;<\/p>\n<p>Con el convencimiento de darle a sus hijos un futuro mejor y que ampliaran sus conocimientos y estudios, les inscribi\u00f3 en el<strong> centro social local de nuestra organizaci\u00f3n socia, JRS L\u00edbano<\/strong>. Al llegar, se sorprendi\u00f3 y se emocion\u00f3 al saber que, adem\u00e1s de las oportunidades educativas para sus hijos, el centro ofertaba programas donde ella tambi\u00e9n pod\u00eda aprender nuevas habilidades.<\/p>\n<p>\u201cLos cursos me dieron confianza en m\u00ed misma y una esperanza de que mi vida todav\u00eda tiene sentido despu\u00e9s de todo lo que hemos pasado\u201d, asegura Nabila, que se ha<strong> graduado en el curso de peluquer\u00eda y maquillaje que oferta el Centro Social del JRS en Bourj Hammoud<\/strong>, que apoyamos desde Entreculturas.&nbsp;<\/p>\n<p>Nabila tambi\u00e9n atribuye al centro social el m\u00e9rito de haberla ayudado en momentos de angustia mental. Al dominar nuevas habilidades y establecer una fuente de ingresos para mantener a sus hijos, Nabila fue capaz de reavivar su <strong>sentido del prop\u00f3sito.<\/strong><\/p>\n<p>\u201cSent\u00ed que ten\u00eda una meta que alcanzar\u201d, a\u00f1ade, explicando que sus nuevas habilidades le aportan una sensaci\u00f3n de confort y calma al saber que es <strong>capaz de mantener a sus hijos<\/strong>. Adem\u00e1s de la formaci\u00f3n en habilidades, Nabila tambi\u00e9n habla del sentido de comunidad en el centro social.<strong> \u201cMe siento como en casa\u201d<\/strong>, afirma.<br \/>&nbsp;<\/p>\n<p><strong><em>Nabila consigui\u00f3 graduarse en maquillaje y peluquer\u00eda<\/em><\/strong><\/p>\n<p>Nabila recomienda el centro social a cualquier persona que se sienta desamparada o sea nueva en L\u00edbano. <strong>En el futuro, espera viajar con sus hijos<\/strong> para que puedan seguir aprendiendo y enriqueciendo su comprensi\u00f3n del mundo que les rodea. Ahora se siente con fuerzas de afrontar el futuro.&nbsp;<br \/>&nbsp;<br \/><span style=\"color:#FF0000\"><strong>La dif\u00edcil situaci\u00f3n que atraviesa L\u00edbano<\/strong><\/span><\/p>\n<p>L\u00edbano se encuentra inmerso en una grave crisis socioecon\u00f3mica, pol\u00edtica y educativa sin precedentes. La crisis econ\u00f3mica unida a la explosi\u00f3n en el puerto de Beirut de 2020 y la pandemia de la COVID-19 han dejado al pa\u00eds en una situaci\u00f3n de seria dificultad.<\/p>\n<p>Naciones Unidas estima que el <strong>78% de la poblaci\u00f3n libanesa se encuentra actualmente bajo el umbral de la pobreza<\/strong>, frente a un 23% en 2019. Mientras que<strong> el 89% de la poblaci\u00f3n refugiada siria<\/strong>, que representa aproximadamente el 25% de la poblaci\u00f3n, <strong>sobrevive en condiciones de extrema pobreza<\/strong>.<\/p>\n<p>El<strong> sistema educativo p\u00fablico<\/strong> en el L\u00edbano tambi\u00e9n <strong>enfrenta desaf\u00edos<\/strong>, sobre todo&nbsp; debido a las continuas huelgas del profesorado y la falta de recursos.<\/p>\n<p>Es por ello que c<strong>entros como el de Bourj Hammoud contribuyen a mejorar las condiciones de vida de las personas refugiadas<\/strong>&nbsp;y, sobre todo, a <strong>generar mayores oportunidades para enfrentar los retos y obst\u00e1culos que la vida les ponga por delante<\/strong>.&nbsp;<br \/>&nbsp;<br \/>&nbsp;<\/p>\n<p>&nbsp;<\/p>\n","protected":false},"excerpt":{"rendered":"<p>Nabila y su marido, padres de cuatro hijos, llegaron a L\u00edbano en 2014 desde Siria, tres a\u00f1os despu\u00e9s del inicio de la guerra que asola desde entonces su lugar de origen. Como ellos, actualmente 6,6 millones de personas refugiadas sirias han huido a otros pa\u00edses, a lo que hay que sumar los 6,7 millones de desplazadas y desplazados internos. Una emergencia humanitaria derivada de la guerra que hoy cumple 11 a\u00f1os. <\/p>\n","protected":false},"featured_media":6462,"template":"single-noticia","meta":{"_acf_changed":false},"categories":[7],"tags":[10],"country":[332],"cause":[129],"class_list":["post-6463","noticia","type-noticia","status-publish","has-post-thumbnail","hentry","category-noticia","tag-migracion-y-refugio","country-libano","cause-migracion-y-refugio"],"acf":[],"yoast_head":"<!-- This site is optimized with the Yoast SEO Premium plugin v21.6 (Yoast SEO v27.5) - https:\/\/yoast.com\/product\/yoast-seo-premium-wordpress\/ -->\n<title>Nabila, esperanza en L\u00edbano tras huir de Siria - Entreculturas<\/title>\n<meta name=\"robots\" content=\"index, follow, max-snippet:-1, max-image-preview:large, max-video-preview:-1\" \/>\n<link rel=\"canonical\" href=\"https:\/\/www.entreculturas.org\/gl\/noticia\/nabila-esperanza-en-libano-tras-huir-de-siria\/\" \/>\n<meta property=\"og:locale\" content=\"gl_ES\" \/>\n<meta property=\"og:type\" content=\"article\" \/>\n<meta property=\"og:title\" content=\"Nabila, esperanza en L\u00edbano tras huir de Siria\" \/>\n<meta property=\"og:description\" content=\"Nabila y su marido, padres de cuatro hijos, llegaron a L\u00edbano en 2014 desde Siria, tres a\u00f1os despu\u00e9s del inicio de la guerra que asola desde entonces su lugar de origen. Como ellos, actualmente 6,6 millones de personas refugiadas sirias han huido a otros pa\u00edses, a lo que hay que sumar los 6,7 millones de desplazadas y desplazados internos. Una emergencia humanitaria derivada de la guerra que hoy cumple 11 a\u00f1os.\" \/>\n<meta property=\"og:url\" content=\"https:\/\/www.entreculturas.org\/gl\/noticia\/nabila-esperanza-en-libano-tras-huir-de-siria\/\" \/>\n<meta property=\"og:site_name\" content=\"Entreculturas\" \/>\n<meta property=\"article:publisher\" content=\"https:\/\/www.facebook.com\/entreculturas\" \/>\n<meta property=\"article:modified_time\" content=\"2024-02-19T14:17:53+00:00\" \/>\n<meta property=\"og:image\" content=\"https:\/\/www.entreculturas.org\/wp-content\/uploads\/2022\/03\/nabila.jpg\" \/>\n\t<meta property=\"og:image:width\" content=\"1200\" \/>\n\t<meta property=\"og:image:height\" content=\"600\" \/>\n\t<meta property=\"og:image:type\" content=\"image\/jpeg\" \/>\n<meta name=\"twitter:card\" content=\"summary_large_image\" \/>\n<meta name=\"twitter:site\" content=\"@Entreculturas\" \/>\n<script type=\"application\/ld+json\" class=\"yoast-schema-graph\">{\"@context\":\"https:\\\/\\\/schema.org\",\"@graph\":[{\"@type\":\"WebPage\",\"@id\":\"https:\\\/\\\/www.entreculturas.org\\\/gl\\\/noticia\\\/nabila-esperanza-en-libano-tras-huir-de-siria\\\/\",\"url\":\"https:\\\/\\\/www.entreculturas.org\\\/gl\\\/noticia\\\/nabila-esperanza-en-libano-tras-huir-de-siria\\\/\",\"name\":\"Nabila, esperanza en L\u00edbano tras huir de Siria - Entreculturas\",\"isPartOf\":{\"@id\":\"https:\\\/\\\/www.entreculturas.org\\\/gl\\\/#website\"},\"primaryImageOfPage\":{\"@id\":\"https:\\\/\\\/www.entreculturas.org\\\/gl\\\/noticia\\\/nabila-esperanza-en-libano-tras-huir-de-siria\\\/#primaryimage\"},\"image\":{\"@id\":\"https:\\\/\\\/www.entreculturas.org\\\/gl\\\/noticia\\\/nabila-esperanza-en-libano-tras-huir-de-siria\\\/#primaryimage\"},\"thumbnailUrl\":\"https:\\\/\\\/www.entreculturas.org\\\/wp-content\\\/uploads\\\/2022\\\/03\\\/nabila.jpg\",\"datePublished\":\"2022-03-15T10:57:55+00:00\",\"dateModified\":\"2024-02-19T14:17:53+00:00\",\"breadcrumb\":{\"@id\":\"https:\\\/\\\/www.entreculturas.org\\\/gl\\\/noticia\\\/nabila-esperanza-en-libano-tras-huir-de-siria\\\/#breadcrumb\"},\"inLanguage\":\"gl-ES\",\"potentialAction\":[{\"@type\":\"ReadAction\",\"target\":[\"https:\\\/\\\/www.entreculturas.org\\\/gl\\\/noticia\\\/nabila-esperanza-en-libano-tras-huir-de-siria\\\/\"]}]},{\"@type\":\"ImageObject\",\"inLanguage\":\"gl-ES\",\"@id\":\"https:\\\/\\\/www.entreculturas.org\\\/gl\\\/noticia\\\/nabila-esperanza-en-libano-tras-huir-de-siria\\\/#primaryimage\",\"url\":\"https:\\\/\\\/www.entreculturas.org\\\/wp-content\\\/uploads\\\/2022\\\/03\\\/nabila.jpg\",\"contentUrl\":\"https:\\\/\\\/www.entreculturas.org\\\/wp-content\\\/uploads\\\/2022\\\/03\\\/nabila.jpg\",\"width\":1200,\"height\":600},{\"@type\":\"BreadcrumbList\",\"@id\":\"https:\\\/\\\/www.entreculturas.org\\\/gl\\\/noticia\\\/nabila-esperanza-en-libano-tras-huir-de-siria\\\/#breadcrumb\",\"itemListElement\":[{\"@type\":\"ListItem\",\"position\":1,\"name\":\"Home\",\"item\":\"https:\\\/\\\/www.entreculturas.org\\\/gl\\\/\"},{\"@type\":\"ListItem\",\"position\":2,\"name\":\"Noticias\",\"item\":\"https:\\\/\\\/www.entreculturas.org\\\/gl\\\/noticias\\\/\"},{\"@type\":\"ListItem\",\"position\":3,\"name\":\"Nabila, esperanza en L\u00edbano tras huir de Siria\"}]},{\"@type\":\"WebSite\",\"@id\":\"https:\\\/\\\/www.entreculturas.org\\\/gl\\\/#website\",\"url\":\"https:\\\/\\\/www.entreculturas.org\\\/gl\\\/\",\"name\":\"Entreculturas\",\"description\":\"\",\"publisher\":{\"@id\":\"https:\\\/\\\/www.entreculturas.org\\\/gl\\\/#organization\"},\"alternateName\":\"Entreculturas\",\"potentialAction\":[{\"@type\":\"SearchAction\",\"target\":{\"@type\":\"EntryPoint\",\"urlTemplate\":\"https:\\\/\\\/www.entreculturas.org\\\/gl\\\/?s={search_term_string}\"},\"query-input\":{\"@type\":\"PropertyValueSpecification\",\"valueRequired\":true,\"valueName\":\"search_term_string\"}}],\"inLanguage\":\"gl-ES\"},{\"@type\":\"Organization\",\"@id\":\"https:\\\/\\\/www.entreculturas.org\\\/gl\\\/#organization\",\"name\":\"Entreculturas\",\"url\":\"https:\\\/\\\/www.entreculturas.org\\\/gl\\\/\",\"logo\":{\"@type\":\"ImageObject\",\"inLanguage\":\"gl-ES\",\"@id\":\"https:\\\/\\\/www.entreculturas.org\\\/gl\\\/#\\\/schema\\\/logo\\\/image\\\/\",\"url\":\"https:\\\/\\\/www.entreculturas.org\\\/wp-content\\\/uploads\\\/2025\\\/10\\\/ESP.svg\",\"contentUrl\":\"https:\\\/\\\/www.entreculturas.org\\\/wp-content\\\/uploads\\\/2025\\\/10\\\/ESP.svg\",\"caption\":\"Entreculturas\"},\"image\":{\"@id\":\"https:\\\/\\\/www.entreculturas.org\\\/gl\\\/#\\\/schema\\\/logo\\\/image\\\/\"},\"sameAs\":[\"https:\\\/\\\/www.facebook.com\\\/entreculturas\",\"https:\\\/\\\/x.com\\\/Entreculturas\",\"https:\\\/\\\/www.instagram.com\\\/entreculturas\\\/\",\"https:\\\/\\\/www.youtube.com\\\/user\\\/entreculturasvideo\",\"https:\\\/\\\/www.linkedin.com\\\/company\\\/fundacion-entreculturas-ngdo\\\/\",\"https:\\\/\\\/www.flickr.com\\\/photos\\\/98455522@N04\\\/albums\\\/\"]}]}<\/script>\n<!-- \/ Yoast SEO Premium plugin. -->","yoast_head_json":{"title":"Nabila, esperanza en L\u00edbano tras huir de Siria - Entreculturas","robots":{"index":"index","follow":"follow","max-snippet":"max-snippet:-1","max-image-preview":"max-image-preview:large","max-video-preview":"max-video-preview:-1"},"canonical":"https:\/\/www.entreculturas.org\/gl\/noticia\/nabila-esperanza-en-libano-tras-huir-de-siria\/","og_locale":"gl_ES","og_type":"article","og_title":"Nabila, esperanza en L\u00edbano tras huir de Siria","og_description":"Nabila y su marido, padres de cuatro hijos, llegaron a L\u00edbano en 2014 desde Siria, tres a\u00f1os despu\u00e9s del inicio de la guerra que asola desde entonces su lugar de origen. Como ellos, actualmente 6,6 millones de personas refugiadas sirias han huido a otros pa\u00edses, a lo que hay que sumar los 6,7 millones de desplazadas y desplazados internos. Una emergencia humanitaria derivada de la guerra que hoy cumple 11 a\u00f1os.","og_url":"https:\/\/www.entreculturas.org\/gl\/noticia\/nabila-esperanza-en-libano-tras-huir-de-siria\/","og_site_name":"Entreculturas","article_publisher":"https:\/\/www.facebook.com\/entreculturas","article_modified_time":"2024-02-19T14:17:53+00:00","og_image":[{"width":1200,"height":600,"url":"https:\/\/www.entreculturas.org\/wp-content\/uploads\/2022\/03\/nabila.jpg","type":"image\/jpeg"}],"twitter_card":"summary_large_image","twitter_site":"@Entreculturas","schema":{"@context":"https:\/\/schema.org","@graph":[{"@type":"WebPage","@id":"https:\/\/www.entreculturas.org\/gl\/noticia\/nabila-esperanza-en-libano-tras-huir-de-siria\/","url":"https:\/\/www.entreculturas.org\/gl\/noticia\/nabila-esperanza-en-libano-tras-huir-de-siria\/","name":"Nabila, esperanza en L\u00edbano tras huir de Siria - Entreculturas","isPartOf":{"@id":"https:\/\/www.entreculturas.org\/gl\/#website"},"primaryImageOfPage":{"@id":"https:\/\/www.entreculturas.org\/gl\/noticia\/nabila-esperanza-en-libano-tras-huir-de-siria\/#primaryimage"},"image":{"@id":"https:\/\/www.entreculturas.org\/gl\/noticia\/nabila-esperanza-en-libano-tras-huir-de-siria\/#primaryimage"},"thumbnailUrl":"https:\/\/www.entreculturas.org\/wp-content\/uploads\/2022\/03\/nabila.jpg","datePublished":"2022-03-15T10:57:55+00:00","dateModified":"2024-02-19T14:17:53+00:00","breadcrumb":{"@id":"https:\/\/www.entreculturas.org\/gl\/noticia\/nabila-esperanza-en-libano-tras-huir-de-siria\/#breadcrumb"},"inLanguage":"gl-ES","potentialAction":[{"@type":"ReadAction","target":["https:\/\/www.entreculturas.org\/gl\/noticia\/nabila-esperanza-en-libano-tras-huir-de-siria\/"]}]},{"@type":"ImageObject","inLanguage":"gl-ES","@id":"https:\/\/www.entreculturas.org\/gl\/noticia\/nabila-esperanza-en-libano-tras-huir-de-siria\/#primaryimage","url":"https:\/\/www.entreculturas.org\/wp-content\/uploads\/2022\/03\/nabila.jpg","contentUrl":"https:\/\/www.entreculturas.org\/wp-content\/uploads\/2022\/03\/nabila.jpg","width":1200,"height":600},{"@type":"BreadcrumbList","@id":"https:\/\/www.entreculturas.org\/gl\/noticia\/nabila-esperanza-en-libano-tras-huir-de-siria\/#breadcrumb","itemListElement":[{"@type":"ListItem","position":1,"name":"Home","item":"https:\/\/www.entreculturas.org\/gl\/"},{"@type":"ListItem","position":2,"name":"Noticias","item":"https:\/\/www.entreculturas.org\/gl\/noticias\/"},{"@type":"ListItem","position":3,"name":"Nabila, esperanza en L\u00edbano tras huir de Siria"}]},{"@type":"WebSite","@id":"https:\/\/www.entreculturas.org\/gl\/#website","url":"https:\/\/www.entreculturas.org\/gl\/","name":"Entreculturas","description":"","publisher":{"@id":"https:\/\/www.entreculturas.org\/gl\/#organization"},"alternateName":"Entreculturas","potentialAction":[{"@type":"SearchAction","target":{"@type":"EntryPoint","urlTemplate":"https:\/\/www.entreculturas.org\/gl\/?s={search_term_string}"},"query-input":{"@type":"PropertyValueSpecification","valueRequired":true,"valueName":"search_term_string"}}],"inLanguage":"gl-ES"},{"@type":"Organization","@id":"https:\/\/www.entreculturas.org\/gl\/#organization","name":"Entreculturas","url":"https:\/\/www.entreculturas.org\/gl\/","logo":{"@type":"ImageObject","inLanguage":"gl-ES","@id":"https:\/\/www.entreculturas.org\/gl\/#\/schema\/logo\/image\/","url":"https:\/\/www.entreculturas.org\/wp-content\/uploads\/2025\/10\/ESP.svg","contentUrl":"https:\/\/www.entreculturas.org\/wp-content\/uploads\/2025\/10\/ESP.svg","caption":"Entreculturas"},"image":{"@id":"https:\/\/www.entreculturas.org\/gl\/#\/schema\/logo\/image\/"},"sameAs":["https:\/\/www.facebook.com\/entreculturas","https:\/\/x.com\/Entreculturas","https:\/\/www.instagram.com\/entreculturas\/","https:\/\/www.youtube.com\/user\/entreculturasvideo","https:\/\/www.linkedin.com\/company\/fundacion-entreculturas-ngdo\/","https:\/\/www.flickr.com\/photos\/98455522@N04\/albums\/"]}]}},"_links":{"self":[{"href":"https:\/\/www.entreculturas.org\/gl\/wp-json\/wp\/v2\/noticia\/6463","targetHints":{"allow":["GET"]}}],"collection":[{"href":"https:\/\/www.entreculturas.org\/gl\/wp-json\/wp\/v2\/noticia"}],"about":[{"href":"https:\/\/www.entreculturas.org\/gl\/wp-json\/wp\/v2\/types\/noticia"}],"wp:featuredmedia":[{"embeddable":true,"href":"https:\/\/www.entreculturas.org\/gl\/wp-json\/wp\/v2\/media\/6462"}],"wp:attachment":[{"href":"https:\/\/www.entreculturas.org\/gl\/wp-json\/wp\/v2\/media?parent=6463"}],"wp:term":[{"taxonomy":"category","embeddable":true,"href":"https:\/\/www.entreculturas.org\/gl\/wp-json\/wp\/v2\/categories?post=6463"},{"taxonomy":"post_tag","embeddable":true,"href":"https:\/\/www.entreculturas.org\/gl\/wp-json\/wp\/v2\/tags?post=6463"},{"taxonomy":"country","embeddable":true,"href":"https:\/\/www.entreculturas.org\/gl\/wp-json\/wp\/v2\/country?post=6463"},{"taxonomy":"cause","embeddable":true,"href":"https:\/\/www.entreculturas.org\/gl\/wp-json\/wp\/v2\/cause?post=6463"}],"curies":[{"name":"wp","href":"https:\/\/api.w.org\/{rel}","templated":true}]}}