{"id":6447,"date":"2022-03-07T12:16:03","date_gmt":"2022-03-07T12:16:03","guid":{"rendered":"https:\/\/entreculturasi.wpenginepowered.com\/?noticias=mujeres-en-marcha-la-realidad-de-las-mujeres-en-los-procesos-migratorios"},"modified":"2024-03-19T14:20:11","modified_gmt":"2024-03-19T13:20:11","slug":"mujeres-en-marcha-la-realidad-de-las-mujeres-en-los-procesos-migratorios","status":"publish","type":"noticia","link":"https:\/\/www.entreculturas.org\/gl\/noticia\/mujeres-en-marcha-la-realidad-de-las-mujeres-en-los-procesos-migratorios\/","title":{"rendered":"Mujeres en Marcha, la realidad de las mujeres en los procesos migratorios"},"content":{"rendered":"\n<p>Con motivo del <strong>D\u00eda Internacional de la Mujer Alboan<\/strong>, Entreculturas, el Servicio Jesuita a Migrantes de Espa\u00f1a (SJM) y Fundaci\u00f3n Ellacur\u00eda han presentado <strong>Mujeres en Marcha<\/strong>, una iniciativa que pone en el centro los derechos de las mujeres y ni\u00f1as, con especial atenci\u00f3n a los de las mujeres migrantes y refugiadas.<\/p>\n\n\n\n<div style=\"height:15px\" aria-hidden=\"true\" class=\"wp-block-spacer\"><\/div>\n\n\n\n<p><br><img decoding=\"async\" style=\"width: 800px; height: 311px;\" src=\"https:\/\/colabora.entreculturas.org\/sites\/colabora.entreculturas.org\/files\/mujeres-en-marcha-2022.jpg\" alt=\"\"><\/p>\n\n\n\n<div style=\"height:25px\" aria-hidden=\"true\" class=\"wp-block-spacer\"><\/div>\n\n\n\n<p><strong>Pili Kaltzada<\/strong>, comunicadora de Linking Ideas, ha sido la encargada de dar la bienvenida y guiar el evento y ha se\u00f1alado que \u201cMujeres en Marcha da un paso al frente lanzando una iniciativa de incidencia pol\u00edtica y sensibilizaci\u00f3n social para poner en el centro del debate los derechos de las mujeres migrantes, sus historias, sus voces y su palabra\u201d. Pilar, ha sido una de las periodistas que han viajado a RD Congo a encontrarse con comunicadoras congole\u00f1as\u00a0 y conocer de primera mano la situaci\u00f3n del pa\u00eds, y en concreto la de las mujeres forzadas a abandonar sus hogares, bien desplazadas dentro de su propio pa\u00eds u obligadas a migrar.\u00a0<\/p>\n\n\n\n<p>\u201cEntender hoy los flujos migratorios supone explicaciones m\u00e1s profundas porque estos flujos son de una gran complejidad. No valen explicaciones simplistas. En muchos de estos flujos migratorios se mezclan personas refugiadas, desplazadas clim\u00e1ticas, las personas reconocidas como migrantes econ\u00f3micas, menores, v\u00edctimas de trata o en riesgo de serlo\u201d, ha se\u00f1alado <strong>Sara Diego<\/strong>, t\u00e9cnica de incidencia pol\u00edtica de Alboan que present\u00f3 el informe \u201cMujeres en Marcha, la realidad de las mujeres en los procesos migratorios\u201d que analiza las vulneraciones de derecho de las mujeres migrantes a lo largo de todo el proceso migratorio y denuncia c\u00f3mo los roles de g\u00e9nero influyen en esos procesos.<\/p>\n\n\n\n<div style=\"height:25px\" aria-hidden=\"true\" class=\"wp-block-spacer\"><\/div>\n\n\n\n<p>Ha continuado <strong>Caddy Adzuba<\/strong>, abogada, activista por los Derechos Humanos de RD Congo, y Premio Pr\u00edncipe de Asturias a la Concordia 2014 que ha desgranado las vulneraciones de derechos que son causa de desplazamiento, tambi\u00e9n ha puesto el valor el trabajo que realiza la asociaci\u00f3n AFEM por la igualdad de g\u00e9nero; construcci\u00f3n de la paz; participaci\u00f3n pol\u00edtica de la mujer; y salud sexual y reproductiva, utilizando para ello \u201cla radio comunitaria y la escucha activa como herramientas de trabajo\u201d. Adzuba ha apelado al papel de Europa para atender las demandas de las mujeres migrantes y refugiadas.\u00a0\u00a0<\/p>\n\n\n\n<div style=\"height:23px\" aria-hidden=\"true\" class=\"wp-block-spacer\"><\/div>\n\n\n\n<figure class=\"wp-block-image\"><img decoding=\"async\" src=\"https:\/\/www.entreculturas.org\/wp-content\/uploads\/2022\/03\/mujeresenmarcha-rueda-de-prensa.jpg\" alt=\"\"\/><\/figure>\n\n\n\n<p><\/p>\n\n\n\n<div style=\"height:25px\" aria-hidden=\"true\" class=\"wp-block-spacer\"><\/div>\n\n\n\n<p><strong>\u00c1frica Baeta<\/strong>, periodista de EITB ha relatado su experiencia del viaje y ha enfatizado \u201cla importancia de la escucha activa, del contacto directo y de la presencialidad para poder informar y visibilizar situaciones de injusticia social y vulneraci\u00f3n de DDHH\u201d, y ha se\u00f1alado que en lo personal se ha \u201creconciliado\u201d con el periodismo porque en las comunicadoras congole\u00f1as ha visto la propia esencia del mismo, es decir, la escucha.<\/p>\n\n\n\n<div style=\"height:25px\" aria-hidden=\"true\" class=\"wp-block-spacer\"><\/div>\n\n\n\n<p>Pili Kaltzada ha a\u00f1adido que lo que m\u00e1s le ha impactado de esta experiencia ha sido la fuerza y la resiliencia de las mujeres congole\u00f1as y \u201cla importancia de la palabra y del relato para sanar las heridas. Cuando las mujeres hablan, y exponen sus heridas y las de las comunidades, esas heridas empiezan a sanar.<\/p>\n\n\n\n<p>Por su parte,<strong> Jenny Paula Tenorio<\/strong>, colaboradora de la Fundaci\u00f3n Ellacur\u00eda ha contado su testimonio propio. Migr\u00f3 desde Colombia y recogi\u00f3 muchas de las demandas y reflexiones de miles de mujeres asentadas en nuestro pa\u00eds. \u201cLas mujeres que migramos somos discriminadas por la Ley de Extranjer\u00eda o de Protecci\u00f3n Internacional. Ya sea por las trabas para poder regularizar nuestra situaci\u00f3n administrativa, ya sea porque hemos quedado fuera del sistema de protecci\u00f3n internacional.\u00a0 La falta de un permiso de residencia y de trabajo nos expone a trabajar muchos a\u00f1os en la econom\u00eda sumergida\u00a0 en condiciones de mayor explotaci\u00f3n laboral. Tambi\u00e9n nos hace m\u00e1s vulnerables ante las redes\u00a0 de explotaci\u00f3n sexual\u201d.\u00a0<\/p>\n\n\n\n<div style=\"height:25px\" aria-hidden=\"true\" class=\"wp-block-spacer\"><\/div>\n\n\n\n<p>Durante la comparecencia,<strong> Luc\u00eda Rodr\u00edguez<\/strong>, Responsable del Departamento de Incidencia de Entreculturas ha trasladado las demandas y peticiones pol\u00edticas \u201cNecesitamos normas y pol\u00edticas migratorias\u00a0 que consideren\u00a0 las\u00a0 desigualdades sociales estructurales que afectan a las ni\u00f1as adolescentes y mujeres en todas las fases: el origen, el tr\u00e1nsito y la acogida en los pa\u00edses de destino\u201d.\u00a0 Tras su presentaci\u00f3n, anim\u00f3 a la ciudadan\u00eda a sumar esfuerzos para que la perspectiva de g\u00e9nero est\u00e9 recogida dentro del Pacto de Migraci\u00f3n y Asilo europeo a trav\u00e9s de una <a href=\"https:\/\/www.mujeresenmarcha.org\/firma-por-una-migracion-mas-segura-para-las-mujeres\/\" target=\"_blank\" rel=\"noopener\">recogida de firmas<\/a>.<\/p>\n\n\n\n<div style=\"height:25px\" aria-hidden=\"true\" class=\"wp-block-spacer\"><\/div>\n","protected":false},"excerpt":{"rendered":"<p>Con motivo del D\u00eda Internacional de la Mujer Alboan, Entreculturas, el Servicio Jesuita a Migrantes de Espa\u00f1a (SJM) y Fundaci\u00f3n Ellacur\u00eda han presentado Mujeres en Marcha, una iniciativa que pone en el centro los derechos de las mujeres y ni\u00f1as, con especial atenci\u00f3n a los de las mujeres migrantes y refugiadas. Pili Kaltzada, comunicadora de Linking Ideas, ha sido la encargada de dar la bienvenida y guiar el evento y ha se\u00f1alado que \u201cMujeres en Marcha da un paso al frente lanzando una iniciativa de incidencia pol\u00edtica y sensibilizaci\u00f3n social para poner en el centro del debate los derechos de las mujeres migrantes, sus historias, sus voces y su palabra\u201d. Pilar, ha sido una de las periodistas que han viajado a RD Congo a encontrarse con comunicadoras congole\u00f1as\u00a0 y conocer de primera mano la situaci\u00f3n del pa\u00eds, y en concreto la de las mujeres forzadas a abandonar sus hogares, bien [&hellip;]<\/p>\n","protected":false},"featured_media":6445,"template":"single-noticia","meta":{"_acf_changed":false},"categories":[7],"tags":[10],"country":[],"cause":[129],"class_list":["post-6447","noticia","type-noticia","status-publish","has-post-thumbnail","hentry","category-noticia","tag-migracion-y-refugio","cause-migracion-y-refugio"],"acf":[],"yoast_head":"<!-- This site is optimized with the Yoast SEO Premium plugin v21.6 (Yoast SEO v27.5) - https:\/\/yoast.com\/product\/yoast-seo-premium-wordpress\/ -->\n<title>Mujeres en Marcha, la realidad de las mujeres en los procesos migratorios - Entreculturas<\/title>\n<meta name=\"robots\" content=\"index, follow, max-snippet:-1, max-image-preview:large, max-video-preview:-1\" \/>\n<link rel=\"canonical\" href=\"https:\/\/www.entreculturas.org\/gl\/noticia\/mujeres-en-marcha-la-realidad-de-las-mujeres-en-los-procesos-migratorios\/\" \/>\n<meta property=\"og:locale\" content=\"gl_ES\" \/>\n<meta property=\"og:type\" content=\"article\" \/>\n<meta property=\"og:title\" content=\"Mujeres en Marcha, la realidad de las mujeres en los procesos migratorios\" \/>\n<meta property=\"og:description\" content=\"Con motivo del D\u00eda Internacional de la Mujer Alboan, Entreculturas, el Servicio Jesuita a Migrantes de Espa\u00f1a (SJM) y Fundaci\u00f3n Ellacur\u00eda han presentado Mujeres en Marcha, una iniciativa que pone en el centro los derechos de las mujeres y ni\u00f1as, con especial atenci\u00f3n a los de las mujeres migrantes y refugiadas. Pili Kaltzada, comunicadora de Linking Ideas, ha sido la encargada de dar la bienvenida y guiar el evento y ha se\u00f1alado que \u201cMujeres en Marcha da un paso al frente lanzando una iniciativa de incidencia pol\u00edtica y sensibilizaci\u00f3n social para poner en el centro del debate los derechos de las mujeres migrantes, sus historias, sus voces y su palabra\u201d. Pilar, ha sido una de las periodistas que han viajado a RD Congo a encontrarse con comunicadoras congole\u00f1as\u00a0 y conocer de primera mano la situaci\u00f3n del pa\u00eds, y en concreto la de las mujeres forzadas a abandonar sus hogares, bien [&hellip;]\" \/>\n<meta property=\"og:url\" content=\"https:\/\/www.entreculturas.org\/gl\/noticia\/mujeres-en-marcha-la-realidad-de-las-mujeres-en-los-procesos-migratorios\/\" \/>\n<meta property=\"og:site_name\" content=\"Entreculturas\" \/>\n<meta property=\"article:publisher\" content=\"https:\/\/www.facebook.com\/entreculturas\" \/>\n<meta property=\"article:modified_time\" content=\"2024-03-19T13:20:11+00:00\" \/>\n<meta property=\"og:image\" content=\"https:\/\/www.entreculturas.org\/wp-content\/uploads\/2022\/03\/mujeres-en-marcha_destacada.jpg\" \/>\n\t<meta property=\"og:image:width\" content=\"600\" \/>\n\t<meta property=\"og:image:height\" content=\"400\" \/>\n\t<meta property=\"og:image:type\" content=\"image\/jpeg\" \/>\n<meta name=\"twitter:card\" content=\"summary_large_image\" \/>\n<meta name=\"twitter:site\" content=\"@Entreculturas\" \/>\n<script type=\"application\/ld+json\" class=\"yoast-schema-graph\">{\"@context\":\"https:\\\/\\\/schema.org\",\"@graph\":[{\"@type\":\"WebPage\",\"@id\":\"https:\\\/\\\/www.entreculturas.org\\\/gl\\\/noticia\\\/mujeres-en-marcha-la-realidad-de-las-mujeres-en-los-procesos-migratorios\\\/\",\"url\":\"https:\\\/\\\/www.entreculturas.org\\\/gl\\\/noticia\\\/mujeres-en-marcha-la-realidad-de-las-mujeres-en-los-procesos-migratorios\\\/\",\"name\":\"Mujeres en Marcha, la realidad de las mujeres en los procesos migratorios - Entreculturas\",\"isPartOf\":{\"@id\":\"https:\\\/\\\/www.entreculturas.org\\\/gl\\\/#website\"},\"primaryImageOfPage\":{\"@id\":\"https:\\\/\\\/www.entreculturas.org\\\/gl\\\/noticia\\\/mujeres-en-marcha-la-realidad-de-las-mujeres-en-los-procesos-migratorios\\\/#primaryimage\"},\"image\":{\"@id\":\"https:\\\/\\\/www.entreculturas.org\\\/gl\\\/noticia\\\/mujeres-en-marcha-la-realidad-de-las-mujeres-en-los-procesos-migratorios\\\/#primaryimage\"},\"thumbnailUrl\":\"https:\\\/\\\/www.entreculturas.org\\\/wp-content\\\/uploads\\\/2022\\\/03\\\/mujeres-en-marcha_destacada.jpg\",\"datePublished\":\"2022-03-07T12:16:03+00:00\",\"dateModified\":\"2024-03-19T13:20:11+00:00\",\"breadcrumb\":{\"@id\":\"https:\\\/\\\/www.entreculturas.org\\\/gl\\\/noticia\\\/mujeres-en-marcha-la-realidad-de-las-mujeres-en-los-procesos-migratorios\\\/#breadcrumb\"},\"inLanguage\":\"gl-ES\",\"potentialAction\":[{\"@type\":\"ReadAction\",\"target\":[\"https:\\\/\\\/www.entreculturas.org\\\/gl\\\/noticia\\\/mujeres-en-marcha-la-realidad-de-las-mujeres-en-los-procesos-migratorios\\\/\"]}]},{\"@type\":\"ImageObject\",\"inLanguage\":\"gl-ES\",\"@id\":\"https:\\\/\\\/www.entreculturas.org\\\/gl\\\/noticia\\\/mujeres-en-marcha-la-realidad-de-las-mujeres-en-los-procesos-migratorios\\\/#primaryimage\",\"url\":\"https:\\\/\\\/www.entreculturas.org\\\/wp-content\\\/uploads\\\/2022\\\/03\\\/mujeres-en-marcha_destacada.jpg\",\"contentUrl\":\"https:\\\/\\\/www.entreculturas.org\\\/wp-content\\\/uploads\\\/2022\\\/03\\\/mujeres-en-marcha_destacada.jpg\",\"width\":600,\"height\":400,\"caption\":\"mujeres-en-marcha_destacada\"},{\"@type\":\"BreadcrumbList\",\"@id\":\"https:\\\/\\\/www.entreculturas.org\\\/gl\\\/noticia\\\/mujeres-en-marcha-la-realidad-de-las-mujeres-en-los-procesos-migratorios\\\/#breadcrumb\",\"itemListElement\":[{\"@type\":\"ListItem\",\"position\":1,\"name\":\"Home\",\"item\":\"https:\\\/\\\/www.entreculturas.org\\\/gl\\\/\"},{\"@type\":\"ListItem\",\"position\":2,\"name\":\"Noticias\",\"item\":\"https:\\\/\\\/www.entreculturas.org\\\/gl\\\/noticias\\\/\"},{\"@type\":\"ListItem\",\"position\":3,\"name\":\"Mujeres en Marcha, la realidad de las mujeres en los procesos migratorios\"}]},{\"@type\":\"WebSite\",\"@id\":\"https:\\\/\\\/www.entreculturas.org\\\/gl\\\/#website\",\"url\":\"https:\\\/\\\/www.entreculturas.org\\\/gl\\\/\",\"name\":\"Entreculturas\",\"description\":\"\",\"publisher\":{\"@id\":\"https:\\\/\\\/www.entreculturas.org\\\/gl\\\/#organization\"},\"alternateName\":\"Entreculturas\",\"potentialAction\":[{\"@type\":\"SearchAction\",\"target\":{\"@type\":\"EntryPoint\",\"urlTemplate\":\"https:\\\/\\\/www.entreculturas.org\\\/gl\\\/?s={search_term_string}\"},\"query-input\":{\"@type\":\"PropertyValueSpecification\",\"valueRequired\":true,\"valueName\":\"search_term_string\"}}],\"inLanguage\":\"gl-ES\"},{\"@type\":\"Organization\",\"@id\":\"https:\\\/\\\/www.entreculturas.org\\\/gl\\\/#organization\",\"name\":\"Entreculturas\",\"url\":\"https:\\\/\\\/www.entreculturas.org\\\/gl\\\/\",\"logo\":{\"@type\":\"ImageObject\",\"inLanguage\":\"gl-ES\",\"@id\":\"https:\\\/\\\/www.entreculturas.org\\\/gl\\\/#\\\/schema\\\/logo\\\/image\\\/\",\"url\":\"https:\\\/\\\/www.entreculturas.org\\\/wp-content\\\/uploads\\\/2025\\\/10\\\/ESP.svg\",\"contentUrl\":\"https:\\\/\\\/www.entreculturas.org\\\/wp-content\\\/uploads\\\/2025\\\/10\\\/ESP.svg\",\"caption\":\"Entreculturas\"},\"image\":{\"@id\":\"https:\\\/\\\/www.entreculturas.org\\\/gl\\\/#\\\/schema\\\/logo\\\/image\\\/\"},\"sameAs\":[\"https:\\\/\\\/www.facebook.com\\\/entreculturas\",\"https:\\\/\\\/x.com\\\/Entreculturas\",\"https:\\\/\\\/www.instagram.com\\\/entreculturas\\\/\",\"https:\\\/\\\/www.youtube.com\\\/user\\\/entreculturasvideo\",\"https:\\\/\\\/www.linkedin.com\\\/company\\\/fundacion-entreculturas-ngdo\\\/\",\"https:\\\/\\\/www.flickr.com\\\/photos\\\/98455522@N04\\\/albums\\\/\"]}]}<\/script>\n<!-- \/ Yoast SEO Premium plugin. -->","yoast_head_json":{"title":"Mujeres en Marcha, la realidad de las mujeres en los procesos migratorios - Entreculturas","robots":{"index":"index","follow":"follow","max-snippet":"max-snippet:-1","max-image-preview":"max-image-preview:large","max-video-preview":"max-video-preview:-1"},"canonical":"https:\/\/www.entreculturas.org\/gl\/noticia\/mujeres-en-marcha-la-realidad-de-las-mujeres-en-los-procesos-migratorios\/","og_locale":"gl_ES","og_type":"article","og_title":"Mujeres en Marcha, la realidad de las mujeres en los procesos migratorios","og_description":"Con motivo del D\u00eda Internacional de la Mujer Alboan, Entreculturas, el Servicio Jesuita a Migrantes de Espa\u00f1a (SJM) y Fundaci\u00f3n Ellacur\u00eda han presentado Mujeres en Marcha, una iniciativa que pone en el centro los derechos de las mujeres y ni\u00f1as, con especial atenci\u00f3n a los de las mujeres migrantes y refugiadas. Pili Kaltzada, comunicadora de Linking Ideas, ha sido la encargada de dar la bienvenida y guiar el evento y ha se\u00f1alado que \u201cMujeres en Marcha da un paso al frente lanzando una iniciativa de incidencia pol\u00edtica y sensibilizaci\u00f3n social para poner en el centro del debate los derechos de las mujeres migrantes, sus historias, sus voces y su palabra\u201d. Pilar, ha sido una de las periodistas que han viajado a RD Congo a encontrarse con comunicadoras congole\u00f1as\u00a0 y conocer de primera mano la situaci\u00f3n del pa\u00eds, y en concreto la de las mujeres forzadas a abandonar sus hogares, bien [&hellip;]","og_url":"https:\/\/www.entreculturas.org\/gl\/noticia\/mujeres-en-marcha-la-realidad-de-las-mujeres-en-los-procesos-migratorios\/","og_site_name":"Entreculturas","article_publisher":"https:\/\/www.facebook.com\/entreculturas","article_modified_time":"2024-03-19T13:20:11+00:00","og_image":[{"width":600,"height":400,"url":"https:\/\/www.entreculturas.org\/wp-content\/uploads\/2022\/03\/mujeres-en-marcha_destacada.jpg","type":"image\/jpeg"}],"twitter_card":"summary_large_image","twitter_site":"@Entreculturas","schema":{"@context":"https:\/\/schema.org","@graph":[{"@type":"WebPage","@id":"https:\/\/www.entreculturas.org\/gl\/noticia\/mujeres-en-marcha-la-realidad-de-las-mujeres-en-los-procesos-migratorios\/","url":"https:\/\/www.entreculturas.org\/gl\/noticia\/mujeres-en-marcha-la-realidad-de-las-mujeres-en-los-procesos-migratorios\/","name":"Mujeres en Marcha, la realidad de las mujeres en los procesos migratorios - Entreculturas","isPartOf":{"@id":"https:\/\/www.entreculturas.org\/gl\/#website"},"primaryImageOfPage":{"@id":"https:\/\/www.entreculturas.org\/gl\/noticia\/mujeres-en-marcha-la-realidad-de-las-mujeres-en-los-procesos-migratorios\/#primaryimage"},"image":{"@id":"https:\/\/www.entreculturas.org\/gl\/noticia\/mujeres-en-marcha-la-realidad-de-las-mujeres-en-los-procesos-migratorios\/#primaryimage"},"thumbnailUrl":"https:\/\/www.entreculturas.org\/wp-content\/uploads\/2022\/03\/mujeres-en-marcha_destacada.jpg","datePublished":"2022-03-07T12:16:03+00:00","dateModified":"2024-03-19T13:20:11+00:00","breadcrumb":{"@id":"https:\/\/www.entreculturas.org\/gl\/noticia\/mujeres-en-marcha-la-realidad-de-las-mujeres-en-los-procesos-migratorios\/#breadcrumb"},"inLanguage":"gl-ES","potentialAction":[{"@type":"ReadAction","target":["https:\/\/www.entreculturas.org\/gl\/noticia\/mujeres-en-marcha-la-realidad-de-las-mujeres-en-los-procesos-migratorios\/"]}]},{"@type":"ImageObject","inLanguage":"gl-ES","@id":"https:\/\/www.entreculturas.org\/gl\/noticia\/mujeres-en-marcha-la-realidad-de-las-mujeres-en-los-procesos-migratorios\/#primaryimage","url":"https:\/\/www.entreculturas.org\/wp-content\/uploads\/2022\/03\/mujeres-en-marcha_destacada.jpg","contentUrl":"https:\/\/www.entreculturas.org\/wp-content\/uploads\/2022\/03\/mujeres-en-marcha_destacada.jpg","width":600,"height":400,"caption":"mujeres-en-marcha_destacada"},{"@type":"BreadcrumbList","@id":"https:\/\/www.entreculturas.org\/gl\/noticia\/mujeres-en-marcha-la-realidad-de-las-mujeres-en-los-procesos-migratorios\/#breadcrumb","itemListElement":[{"@type":"ListItem","position":1,"name":"Home","item":"https:\/\/www.entreculturas.org\/gl\/"},{"@type":"ListItem","position":2,"name":"Noticias","item":"https:\/\/www.entreculturas.org\/gl\/noticias\/"},{"@type":"ListItem","position":3,"name":"Mujeres en Marcha, la realidad de las mujeres en los procesos migratorios"}]},{"@type":"WebSite","@id":"https:\/\/www.entreculturas.org\/gl\/#website","url":"https:\/\/www.entreculturas.org\/gl\/","name":"Entreculturas","description":"","publisher":{"@id":"https:\/\/www.entreculturas.org\/gl\/#organization"},"alternateName":"Entreculturas","potentialAction":[{"@type":"SearchAction","target":{"@type":"EntryPoint","urlTemplate":"https:\/\/www.entreculturas.org\/gl\/?s={search_term_string}"},"query-input":{"@type":"PropertyValueSpecification","valueRequired":true,"valueName":"search_term_string"}}],"inLanguage":"gl-ES"},{"@type":"Organization","@id":"https:\/\/www.entreculturas.org\/gl\/#organization","name":"Entreculturas","url":"https:\/\/www.entreculturas.org\/gl\/","logo":{"@type":"ImageObject","inLanguage":"gl-ES","@id":"https:\/\/www.entreculturas.org\/gl\/#\/schema\/logo\/image\/","url":"https:\/\/www.entreculturas.org\/wp-content\/uploads\/2025\/10\/ESP.svg","contentUrl":"https:\/\/www.entreculturas.org\/wp-content\/uploads\/2025\/10\/ESP.svg","caption":"Entreculturas"},"image":{"@id":"https:\/\/www.entreculturas.org\/gl\/#\/schema\/logo\/image\/"},"sameAs":["https:\/\/www.facebook.com\/entreculturas","https:\/\/x.com\/Entreculturas","https:\/\/www.instagram.com\/entreculturas\/","https:\/\/www.youtube.com\/user\/entreculturasvideo","https:\/\/www.linkedin.com\/company\/fundacion-entreculturas-ngdo\/","https:\/\/www.flickr.com\/photos\/98455522@N04\/albums\/"]}]}},"_links":{"self":[{"href":"https:\/\/www.entreculturas.org\/gl\/wp-json\/wp\/v2\/noticia\/6447","targetHints":{"allow":["GET"]}}],"collection":[{"href":"https:\/\/www.entreculturas.org\/gl\/wp-json\/wp\/v2\/noticia"}],"about":[{"href":"https:\/\/www.entreculturas.org\/gl\/wp-json\/wp\/v2\/types\/noticia"}],"wp:featuredmedia":[{"embeddable":true,"href":"https:\/\/www.entreculturas.org\/gl\/wp-json\/wp\/v2\/media\/6445"}],"wp:attachment":[{"href":"https:\/\/www.entreculturas.org\/gl\/wp-json\/wp\/v2\/media?parent=6447"}],"wp:term":[{"taxonomy":"category","embeddable":true,"href":"https:\/\/www.entreculturas.org\/gl\/wp-json\/wp\/v2\/categories?post=6447"},{"taxonomy":"post_tag","embeddable":true,"href":"https:\/\/www.entreculturas.org\/gl\/wp-json\/wp\/v2\/tags?post=6447"},{"taxonomy":"country","embeddable":true,"href":"https:\/\/www.entreculturas.org\/gl\/wp-json\/wp\/v2\/country?post=6447"},{"taxonomy":"cause","embeddable":true,"href":"https:\/\/www.entreculturas.org\/gl\/wp-json\/wp\/v2\/cause?post=6447"}],"curies":[{"name":"wp","href":"https:\/\/api.w.org\/{rel}","templated":true}]}}