{"id":6378,"date":"2021-12-21T11:30:54","date_gmt":"2021-12-21T11:30:54","guid":{"rendered":"https:\/\/entreculturasi.wpenginepowered.com\/?noticias=voluntariado-internacional-un-camino-de-encuentro-y-transformacion"},"modified":"2024-02-19T16:28:15","modified_gmt":"2024-02-19T15:28:15","slug":"voluntariado-internacional-un-camino-de-encuentro-y-transformacion","status":"publish","type":"noticia","link":"https:\/\/www.entreculturas.org\/gl\/noticia\/voluntariado-internacional-un-camino-de-encuentro-y-transformacion\/","title":{"rendered":"Voluntariado internacional, un camino de encuentro y transformaci\u00f3n"},"content":{"rendered":"<p>\u201cUna de las claves de mi experiencia de voluntariado internacional fue vivirla con perspectiva de encuentro. Mi labor no era s\u00f3lo hacer un trabajo, sino trabajar con otras personas, acompa\u00f1arlas y cuidarlas\u201d (Miguel \u00c1ngel Rodr\u00edguez VOLPA en Chile, 2002)<\/p>\n<p>Este a\u00f1o, en el marco del D\u00eda Internacional del Voluntariado que se celebra cada 5 de diciembre, <strong>queremos reivindicar el papel del voluntariado como uno de los cauces m\u00e1s potentes para la sensibilizaci\u00f3n sobre distintas realidades de exclusi\u00f3n e injusticias. <\/strong>El voluntariado internacional es una experiencia de encuentro que rompe prejuicios, permite entender las din\u00e1micas globales y transforma la vida replanteando opciones, prioridades, valores, maneras de relacionarse.<\/p>\n<\/p>\n<p><span style=\"font-size: 10px\">Foto: Blanca &#8211;&nbsp;Nicaragua<\/span><\/p>\n<p>Si hay un programa que aglutina la esencia de esto es el <strong>Programa de Voluntariado Internacional Pedro Arrupe (VOLPA). M\u00e1s de 1.000 personas<\/strong> han pasado por esta experiencia desde que se pusiera <strong>en marcha hace 30 a\u00f1os<\/strong> y&nbsp; coinciden en se\u00f1alar el punto de inflexi\u00f3n que ha supuesto en sus vidas y en c\u00f3mo ha impactado el poder trabajar junto a las personas de . Y es que despojarse de todo (familia, casa, trabajo\u2026) y abrirse a la vida de par en par en otro pa\u00eds no deja indiferente a nadie.<\/p>\n<p>\u201cVOLPA es una experiencia que te marca. Yo he quedado marcado en cuanto al estilo de vida, a la relaci\u00f3n de pareja, a las opciones personales\u201d (Gerardo, VOLPA en Ecuador en 1993). \u201cEstoy convencida de que soy mejor persona despu\u00e9s de la experiencia. La gente nota que has cambiado, buscas m\u00e1s autenticidad, tanto en ti como en los dem\u00e1s\u201d (Aurora, VOLPA en Paraguay en el a\u00f1o 2000).&nbsp;<\/p>\n<p>VOLPA surgi\u00f3 en 1991 como una red de voluntariado de la Compa\u00f1\u00eda de Jes\u00fas en Espa\u00f1a, <strong>inspirado en el legado de Pedro Arrupe<\/strong> (de quien toma su nombre) y en su llamada a salir al encuentro de otras culturas y a cambiar las estructuras injustas que generan sufrimiento en nuestro mundo. A lo largo de su historia, este programa ha sido impulsado por VOLPA Catalunya, Entreculturas y Alboan, siendo actualmente las dos \u00faltimas las que se coordinan para dar continuidad al programa.<\/p>\n<p><img decoding=\"async\" alt=\"\" height=\"600\" src=\"https:\/\/www.entreculturas.org\/wp-content\/uploads\/2021\/12\/cristina_-_nairobi_-_img_6462.jpg\" width=\"800\"><\/p>\n<p><span style=\"font-size: 10px\">Foto: Cristina&nbsp;&#8211;&nbsp;Kenia<\/span><\/p>\n<p>\u201cEn las tres etapas del proceso (formaci\u00f3n, experiencia en terreno y regreso) la persona cuenta con varios espacios de acompa\u00f1amiento personalizado. Poder contar con un espacio de di\u00e1logo y reflexi\u00f3n individualizado con una persona que le confronta, apoya en sus necesidad, le ayuda a profundizar y hace que la persona se sienta sostenida antes, durante y despu\u00e9s de la experiencia\u201d, afirma nuestra compa\u00f1era Ana V\u00e1zquez Ponzone, Responsable de Voluntariado Internacional.&nbsp;<\/p>\n<p>Para Entreculturas es fundamental priorizar las expectativas de las personas participantes para que la experiencia tenga sentido en el proceso vital de la persona voluntaria y posicionarse frente a din\u00e1micas que van alimentando un modelo de turismo solidario (en muchas ocasiones con fines lucrativos) que genera o fortalece visiones y relaciones desequilibradas entre las personas voluntarias y las comunidades que las acogen. <strong>Desde Entreculturas llevamos 30 a\u00f1os promoviendo un modelo de voluntariado internacional transformador.<\/strong><\/p>\n<p>Para que esto llegue a ser as\u00ed le damos mucha importancia tanto al momento previo al viaje como al momento de regreso. Los meses de formaci\u00f3n son esenciales para profundizar en las verdaderas motivaciones de la persona que quiere vivir la experiencia, para crecer en habilidades y conocimientos que permitan su adaptaci\u00f3n y contribuci\u00f3n al contexto una vez en terreno. Garantizar un buen cierre del proceso de voluntariado tambi\u00e9n es primordial para que la persona pueda digerir e interiorizar lo vivido y compartirlo con su entorno, convirti\u00e9ndose as\u00ed en un agente de sensibilizaci\u00f3n y transformaci\u00f3n.<\/p>\n<p><img decoding=\"async\" alt=\"\" height=\"536\" src=\"https:\/\/www.entreculturas.org\/wp-content\/uploads\/2021\/12\/teresa_-_ecuador.jpg\" width=\"800\"><\/p>\n<p><span style=\"font-size: 10px\">Foto: Teresa<\/span><span style=\"font-size: 10px\">&nbsp;&#8211;<\/span><span style=\"font-size: 10px\">&nbsp;Ecuador<\/span><\/p>\n<h3><span style=\"color:#FF0000\"><strong>Experiencia Sur y Profes en Compa\u00f1\u00eda<\/strong><\/span><\/h3>\n<p>Adem\u00e1s de VOLPA, en Entreculturas tambi\u00e9n impulsamos \u201c<strong>Experiencia Sur<\/strong>\u201d, una propuesta de <strong>voluntariado de corta duraci\u00f3n para las personas cercanas a nuestra organizaci\u00f3n o que forman parte de ella<\/strong> (personal contratado y voluntario, docentes de nuestros programas educativos, antiguos alumnos\/as de centros jesuitas\u2026). Tras un periodo de formaci\u00f3n y reflexi\u00f3n, las personas participantes tienen la oportunidad de encontrarse durante un mes con la realidad de los pa\u00edses con los que colaboramos. <strong>En sus 15 a\u00f1os de recorrido, m\u00e1s de 200 personas han pasado por Experiencia Sur.<\/strong><\/p>\n<p>\u201cExperiencia Sur fue un mes de conocer a muchas personas, tanto del barrio de Managua en el que vivi\u0301amos como asociadas al proyecto en el que trabajamos. Un mes de contrastes. De acercarnos a una realidad dura, como es la violencia de ge\u0301nero y la explotacio\u0301n sexual. <strong>Un mes de conocer otras maneras de vivir. De conectar con sensaciones olvidadas, <\/strong>incluso algunas que no conoci\u0301as que te habitan, y que so\u0301lo ante determinadas situaciones tienden a activarse\u201d, cuenta Clara Maeztu, integrante del equipo de Ciudadan\u00eda de Entreculturas y una de las personas que ha participado en este voluntariado.<\/p>\n<p>Despu\u00e9s de un intercambio entre un grupo de educadores y educadoras del colegio jesuita Pedro Claver (Lleida) con profesorado de la red de escuelas de Fe y Alegr\u00eda de la regi\u00f3n de Cuzco (Per\u00fa) en 2016, se decidi\u00f3 incorporar a nuestra oferta de voluntariado internacional de corta duraci\u00f3n la modalidad de <strong>\u201cProfes en Compa\u00f1\u00eda\u201d<\/strong>, una propuesta conjunta entre Entreculturas, el \u00c1rea de Pastoral MAG+S y el sector de Educaci\u00f3n de la Compa\u00f1\u00eda de Jes\u00fas en Espa\u00f1a (EDUCSI). Este formato permite a docentes de colegios jesuitas realizar el voluntariado en las escuelas de Fe y Alegr\u00eda donde colaboran e intercambian experiencias con otros docentes.&nbsp;<\/p>\n<p>\u201cEsta experiencia me ha marcado tanto que doy mis clases y sonr\u00edo recordando todas las conversaciones con las profesoras de all\u00ed, sus canciones al comenzar cada d\u00eda, sus juegos y su lucha por intentar mejorar, y he ah\u00ed el punto desde el cual empieza mi trabajo desde aqu\u00ed: transmitiendo las desigualdades que existen, lo que supone nacer en un punto geogr\u00e1fico o en otro y el bien que podemos hacer con un poco de voluntad\u201d, explicaba Laura Moreno tras su vivencia en Per\u00fa en 2019.<\/p>\n<p><img decoding=\"async\" alt=\"\" height=\"600\" src=\"https:\/\/www.entreculturas.org\/wp-content\/uploads\/2021\/12\/angela-chile-img-20171015-wa0007.jpg\" width=\"800\"><\/p>\n<p><span style=\"font-size: 10px\">Foto: Angela &#8211; Chile<\/span><\/p>\n<h3><span style=\"color:#FF0000\"><strong>#VoluntariadoEsCooperaci\u00f3n&nbsp;<\/strong><\/span><\/h3>\n<p>Paralelamente, el voluntariado internacional podr\u00eda definirse como una <strong>escuela de participaci\u00f3n ciudadana<\/strong> que lucha por una vida digna para todos los y las habitantes del planeta. En un contexto de crisis de la democracia, el voluntariado es una manifestaci\u00f3n de participaci\u00f3n pol\u00edtica que sirve para demandar mayores garant\u00edas sociales. Especialmente, ante el auge de discursos de odio y xenofobia que se centran en migrantes, refugiados o, simplemente, en personas en condici\u00f3n de pobreza, el voluntariado es <strong>una expresi\u00f3n de puente y promoci\u00f3n de la cultura de la hospitalidad,<\/strong> reconoci\u00e9ndonos como integrantes de una misma humanidad.<\/p>\n<p>\u201cHace falta <strong>reconocer el valor del voluntariado internacional <\/strong>en Espa\u00f1a, valor que se ha manifestado en los m\u00e1s de 70 a\u00f1os de historia precediendo al sector de la cooperaci\u00f3n tal y como lo conocemos hoy y siendo germen del mismo. Y, a\u00fan hoy, bombeando a decenas de profesionales que, tras pasar por dichas experiencias, deciden dedicar su vida profesional a dicho sector con pasi\u00f3n y deseo de no dejar a nadie atr\u00e1s en nuestro mundo\u201d afirma Sonia Fern\u00e1ndez, Coordinadora de Personas y Equipos de Entreculturas \u201cReconociendo dicho valor, hace falta <strong>\u201cdignificar\u201d la situaci\u00f3n del voluntariado internacional <\/strong>en la cooperaci\u00f3n espa\u00f1ola, especialmente el voluntariado de larga duraci\u00f3n, pues el Voluntariado es Cooperaci\u00f3n\u201d, agreg\u00f3.<\/p>\n<p>El voluntariado internacional en nuestro pa\u00eds antecede a la Cooperaci\u00f3n oficial. El altruismo y solidaridad de la poblaci\u00f3n espa\u00f1ola en otros pa\u00edses cuenta con una larga trayectoria y ha sido una cantera de futuros profesionales, cooperantes, que comenzaron su trayectoria movidos por una identificaci\u00f3n con la solidaridad internacional.&nbsp;<\/p>\n<p><img decoding=\"async\" alt=\"\" height=\"600\" src=\"https:\/\/www.entreculturas.org\/wp-content\/uploads\/2021\/12\/blanca_-_nicaragua_-_colegio_san_ignacio_de_loyola_fe_y_alegria._somotillo._nicaragua_0.jpg\" width=\"800\"><\/p>\n<p><span style=\"font-size: 10px\">Foto: Blanca &#8211; Nicaragua<\/span><\/p>\n<p>A pesar de ello, <strong>en Espa\u00f1a el voluntariado no cuenta con el apoyo suficiente ni con un marco institucional ni legislativo que lo ampare. <\/strong>Desde Entreculturas y Alboan, llevamos a\u00f1os reivindicando la necesidad de un respaldo potente que contextualice la especificidad del voluntariado internacional y que est\u00e9 enmarcado en la Ley de Cooperaci\u00f3n al Desarrollo, garantizando as\u00ed procesos de voluntariado de calidad -en todas sus fases- que promuevan e involucren a la ciudadan\u00eda en la transformaci\u00f3n social.<\/p>\n<p>Demandamos a las administraciones p\u00fablicas y a nuestra representaci\u00f3n pol\u00edtica la visibilizaci\u00f3n y el fomento del voluntariado en cooperaci\u00f3n internacional con medidas concretas que promuevan y faciliten la participaci\u00f3n ciudadana. Solicitamos, adem\u00e1s, que se desarrolle un marco legal espec\u00edfico que lo regule -acorde al de otras instituciones europeas- y que as\u00ed responda a la idiosincrasia de estos programas, as\u00ed como medidas de fomento que lo saquen del ostracismo y que muestren su aporte de valor a la cooperaci\u00f3n internacional espa\u00f1ola.<\/p>\n","protected":false},"excerpt":{"rendered":"<p>Este a\u00f1o, en el marco del D\u00eda Internacional del Voluntariado que se celebra cada 5 de diciembre, queremos reivindicar el papel del voluntariado como uno de los cauces m\u00e1s potentes para la sensibilizaci\u00f3n sobre distintas realidades de exclusi\u00f3n e injusticias. Como nuestro Programa de Voluntariado Internacional Pedro Arrupe (VOLPA), una experiencia que han vivido ya m\u00e1s de 1.000 personas desde sus inicios hace 30 a\u00f1os.<\/p>\n","protected":false},"featured_media":6373,"template":"single-noticia","meta":{"_acf_changed":false},"categories":[7],"tags":[8],"country":[],"cause":[132],"class_list":["post-6378","noticia","type-noticia","status-publish","has-post-thumbnail","hentry","category-noticia","tag-participacion-y-ciudadania-global","cause-participacion-y-ciudadania-global"],"acf":[],"yoast_head":"<!-- This site is optimized with the Yoast SEO Premium plugin v21.6 (Yoast SEO v27.5) - https:\/\/yoast.com\/product\/yoast-seo-premium-wordpress\/ -->\n<title>Voluntariado internacional, un camino de encuentro y transformaci\u00f3n - Entreculturas<\/title>\n<meta name=\"robots\" content=\"index, follow, max-snippet:-1, max-image-preview:large, max-video-preview:-1\" \/>\n<link rel=\"canonical\" href=\"https:\/\/www.entreculturas.org\/gl\/noticia\/voluntariado-internacional-un-camino-de-encuentro-y-transformacion\/\" \/>\n<meta property=\"og:locale\" content=\"gl_ES\" \/>\n<meta property=\"og:type\" content=\"article\" \/>\n<meta property=\"og:title\" content=\"Voluntariado internacional, un camino de encuentro y transformaci\u00f3n\" \/>\n<meta property=\"og:description\" content=\"Este a\u00f1o, en el marco del D\u00eda Internacional del Voluntariado que se celebra cada 5 de diciembre, queremos reivindicar el papel del voluntariado como uno de los cauces m\u00e1s potentes para la sensibilizaci\u00f3n sobre distintas realidades de exclusi\u00f3n e injusticias. Como nuestro Programa de Voluntariado Internacional Pedro Arrupe (VOLPA), una experiencia que han vivido ya m\u00e1s de 1.000 personas desde sus inicios hace 30 a\u00f1os.\" \/>\n<meta property=\"og:url\" content=\"https:\/\/www.entreculturas.org\/gl\/noticia\/voluntariado-internacional-un-camino-de-encuentro-y-transformacion\/\" \/>\n<meta property=\"og:site_name\" content=\"Entreculturas\" \/>\n<meta property=\"article:publisher\" content=\"https:\/\/www.facebook.com\/entreculturas\" \/>\n<meta property=\"article:modified_time\" content=\"2024-02-19T15:28:15+00:00\" \/>\n<meta property=\"og:image\" content=\"https:\/\/www.entreculturas.org\/wp-content\/uploads\/2021\/12\/blanca_-_nicaragua_-_foto_grupal_del_taller_de_barro_en_la_casa_regional_de_fe_y_alegria_somotillo._alumnas_de_primaria_del_colegio_san_ignacio_de_loyola.jpg\" \/>\n\t<meta property=\"og:image:width\" content=\"800\" \/>\n\t<meta property=\"og:image:height\" content=\"600\" \/>\n\t<meta property=\"og:image:type\" content=\"image\/jpeg\" \/>\n<meta name=\"twitter:card\" content=\"summary_large_image\" \/>\n<meta name=\"twitter:site\" content=\"@Entreculturas\" \/>\n<script type=\"application\/ld+json\" class=\"yoast-schema-graph\">{\"@context\":\"https:\\\/\\\/schema.org\",\"@graph\":[{\"@type\":\"WebPage\",\"@id\":\"https:\\\/\\\/www.entreculturas.org\\\/gl\\\/noticia\\\/voluntariado-internacional-un-camino-de-encuentro-y-transformacion\\\/\",\"url\":\"https:\\\/\\\/www.entreculturas.org\\\/gl\\\/noticia\\\/voluntariado-internacional-un-camino-de-encuentro-y-transformacion\\\/\",\"name\":\"Voluntariado internacional, un camino de encuentro y transformaci\u00f3n - Entreculturas\",\"isPartOf\":{\"@id\":\"https:\\\/\\\/www.entreculturas.org\\\/gl\\\/#website\"},\"primaryImageOfPage\":{\"@id\":\"https:\\\/\\\/www.entreculturas.org\\\/gl\\\/noticia\\\/voluntariado-internacional-un-camino-de-encuentro-y-transformacion\\\/#primaryimage\"},\"image\":{\"@id\":\"https:\\\/\\\/www.entreculturas.org\\\/gl\\\/noticia\\\/voluntariado-internacional-un-camino-de-encuentro-y-transformacion\\\/#primaryimage\"},\"thumbnailUrl\":\"https:\\\/\\\/www.entreculturas.org\\\/wp-content\\\/uploads\\\/2021\\\/12\\\/blanca_-_nicaragua_-_foto_grupal_del_taller_de_barro_en_la_casa_regional_de_fe_y_alegria_somotillo._alumnas_de_primaria_del_colegio_san_ignacio_de_loyola.jpg\",\"datePublished\":\"2021-12-21T11:30:54+00:00\",\"dateModified\":\"2024-02-19T15:28:15+00:00\",\"breadcrumb\":{\"@id\":\"https:\\\/\\\/www.entreculturas.org\\\/gl\\\/noticia\\\/voluntariado-internacional-un-camino-de-encuentro-y-transformacion\\\/#breadcrumb\"},\"inLanguage\":\"gl-ES\",\"potentialAction\":[{\"@type\":\"ReadAction\",\"target\":[\"https:\\\/\\\/www.entreculturas.org\\\/gl\\\/noticia\\\/voluntariado-internacional-un-camino-de-encuentro-y-transformacion\\\/\"]}]},{\"@type\":\"ImageObject\",\"inLanguage\":\"gl-ES\",\"@id\":\"https:\\\/\\\/www.entreculturas.org\\\/gl\\\/noticia\\\/voluntariado-internacional-un-camino-de-encuentro-y-transformacion\\\/#primaryimage\",\"url\":\"https:\\\/\\\/www.entreculturas.org\\\/wp-content\\\/uploads\\\/2021\\\/12\\\/blanca_-_nicaragua_-_foto_grupal_del_taller_de_barro_en_la_casa_regional_de_fe_y_alegria_somotillo._alumnas_de_primaria_del_colegio_san_ignacio_de_loyola.jpg\",\"contentUrl\":\"https:\\\/\\\/www.entreculturas.org\\\/wp-content\\\/uploads\\\/2021\\\/12\\\/blanca_-_nicaragua_-_foto_grupal_del_taller_de_barro_en_la_casa_regional_de_fe_y_alegria_somotillo._alumnas_de_primaria_del_colegio_san_ignacio_de_loyola.jpg\",\"width\":800,\"height\":600},{\"@type\":\"BreadcrumbList\",\"@id\":\"https:\\\/\\\/www.entreculturas.org\\\/gl\\\/noticia\\\/voluntariado-internacional-un-camino-de-encuentro-y-transformacion\\\/#breadcrumb\",\"itemListElement\":[{\"@type\":\"ListItem\",\"position\":1,\"name\":\"Home\",\"item\":\"https:\\\/\\\/www.entreculturas.org\\\/gl\\\/\"},{\"@type\":\"ListItem\",\"position\":2,\"name\":\"Noticias\",\"item\":\"https:\\\/\\\/www.entreculturas.org\\\/gl\\\/noticias\\\/\"},{\"@type\":\"ListItem\",\"position\":3,\"name\":\"Voluntariado internacional, un camino de encuentro y transformaci\u00f3n\"}]},{\"@type\":\"WebSite\",\"@id\":\"https:\\\/\\\/www.entreculturas.org\\\/gl\\\/#website\",\"url\":\"https:\\\/\\\/www.entreculturas.org\\\/gl\\\/\",\"name\":\"Entreculturas\",\"description\":\"\",\"publisher\":{\"@id\":\"https:\\\/\\\/www.entreculturas.org\\\/gl\\\/#organization\"},\"alternateName\":\"Entreculturas\",\"potentialAction\":[{\"@type\":\"SearchAction\",\"target\":{\"@type\":\"EntryPoint\",\"urlTemplate\":\"https:\\\/\\\/www.entreculturas.org\\\/gl\\\/?s={search_term_string}\"},\"query-input\":{\"@type\":\"PropertyValueSpecification\",\"valueRequired\":true,\"valueName\":\"search_term_string\"}}],\"inLanguage\":\"gl-ES\"},{\"@type\":\"Organization\",\"@id\":\"https:\\\/\\\/www.entreculturas.org\\\/gl\\\/#organization\",\"name\":\"Entreculturas\",\"url\":\"https:\\\/\\\/www.entreculturas.org\\\/gl\\\/\",\"logo\":{\"@type\":\"ImageObject\",\"inLanguage\":\"gl-ES\",\"@id\":\"https:\\\/\\\/www.entreculturas.org\\\/gl\\\/#\\\/schema\\\/logo\\\/image\\\/\",\"url\":\"https:\\\/\\\/www.entreculturas.org\\\/wp-content\\\/uploads\\\/2025\\\/10\\\/ESP.svg\",\"contentUrl\":\"https:\\\/\\\/www.entreculturas.org\\\/wp-content\\\/uploads\\\/2025\\\/10\\\/ESP.svg\",\"caption\":\"Entreculturas\"},\"image\":{\"@id\":\"https:\\\/\\\/www.entreculturas.org\\\/gl\\\/#\\\/schema\\\/logo\\\/image\\\/\"},\"sameAs\":[\"https:\\\/\\\/www.facebook.com\\\/entreculturas\",\"https:\\\/\\\/x.com\\\/Entreculturas\",\"https:\\\/\\\/www.instagram.com\\\/entreculturas\\\/\",\"https:\\\/\\\/www.youtube.com\\\/user\\\/entreculturasvideo\",\"https:\\\/\\\/www.linkedin.com\\\/company\\\/fundacion-entreculturas-ngdo\\\/\",\"https:\\\/\\\/www.flickr.com\\\/photos\\\/98455522@N04\\\/albums\\\/\"]}]}<\/script>\n<!-- \/ Yoast SEO Premium plugin. -->","yoast_head_json":{"title":"Voluntariado internacional, un camino de encuentro y transformaci\u00f3n - Entreculturas","robots":{"index":"index","follow":"follow","max-snippet":"max-snippet:-1","max-image-preview":"max-image-preview:large","max-video-preview":"max-video-preview:-1"},"canonical":"https:\/\/www.entreculturas.org\/gl\/noticia\/voluntariado-internacional-un-camino-de-encuentro-y-transformacion\/","og_locale":"gl_ES","og_type":"article","og_title":"Voluntariado internacional, un camino de encuentro y transformaci\u00f3n","og_description":"Este a\u00f1o, en el marco del D\u00eda Internacional del Voluntariado que se celebra cada 5 de diciembre, queremos reivindicar el papel del voluntariado como uno de los cauces m\u00e1s potentes para la sensibilizaci\u00f3n sobre distintas realidades de exclusi\u00f3n e injusticias. Como nuestro Programa de Voluntariado Internacional Pedro Arrupe (VOLPA), una experiencia que han vivido ya m\u00e1s de 1.000 personas desde sus inicios hace 30 a\u00f1os.","og_url":"https:\/\/www.entreculturas.org\/gl\/noticia\/voluntariado-internacional-un-camino-de-encuentro-y-transformacion\/","og_site_name":"Entreculturas","article_publisher":"https:\/\/www.facebook.com\/entreculturas","article_modified_time":"2024-02-19T15:28:15+00:00","og_image":[{"width":800,"height":600,"url":"https:\/\/www.entreculturas.org\/wp-content\/uploads\/2021\/12\/blanca_-_nicaragua_-_foto_grupal_del_taller_de_barro_en_la_casa_regional_de_fe_y_alegria_somotillo._alumnas_de_primaria_del_colegio_san_ignacio_de_loyola.jpg","type":"image\/jpeg"}],"twitter_card":"summary_large_image","twitter_site":"@Entreculturas","schema":{"@context":"https:\/\/schema.org","@graph":[{"@type":"WebPage","@id":"https:\/\/www.entreculturas.org\/gl\/noticia\/voluntariado-internacional-un-camino-de-encuentro-y-transformacion\/","url":"https:\/\/www.entreculturas.org\/gl\/noticia\/voluntariado-internacional-un-camino-de-encuentro-y-transformacion\/","name":"Voluntariado internacional, un camino de encuentro y transformaci\u00f3n - Entreculturas","isPartOf":{"@id":"https:\/\/www.entreculturas.org\/gl\/#website"},"primaryImageOfPage":{"@id":"https:\/\/www.entreculturas.org\/gl\/noticia\/voluntariado-internacional-un-camino-de-encuentro-y-transformacion\/#primaryimage"},"image":{"@id":"https:\/\/www.entreculturas.org\/gl\/noticia\/voluntariado-internacional-un-camino-de-encuentro-y-transformacion\/#primaryimage"},"thumbnailUrl":"https:\/\/www.entreculturas.org\/wp-content\/uploads\/2021\/12\/blanca_-_nicaragua_-_foto_grupal_del_taller_de_barro_en_la_casa_regional_de_fe_y_alegria_somotillo._alumnas_de_primaria_del_colegio_san_ignacio_de_loyola.jpg","datePublished":"2021-12-21T11:30:54+00:00","dateModified":"2024-02-19T15:28:15+00:00","breadcrumb":{"@id":"https:\/\/www.entreculturas.org\/gl\/noticia\/voluntariado-internacional-un-camino-de-encuentro-y-transformacion\/#breadcrumb"},"inLanguage":"gl-ES","potentialAction":[{"@type":"ReadAction","target":["https:\/\/www.entreculturas.org\/gl\/noticia\/voluntariado-internacional-un-camino-de-encuentro-y-transformacion\/"]}]},{"@type":"ImageObject","inLanguage":"gl-ES","@id":"https:\/\/www.entreculturas.org\/gl\/noticia\/voluntariado-internacional-un-camino-de-encuentro-y-transformacion\/#primaryimage","url":"https:\/\/www.entreculturas.org\/wp-content\/uploads\/2021\/12\/blanca_-_nicaragua_-_foto_grupal_del_taller_de_barro_en_la_casa_regional_de_fe_y_alegria_somotillo._alumnas_de_primaria_del_colegio_san_ignacio_de_loyola.jpg","contentUrl":"https:\/\/www.entreculturas.org\/wp-content\/uploads\/2021\/12\/blanca_-_nicaragua_-_foto_grupal_del_taller_de_barro_en_la_casa_regional_de_fe_y_alegria_somotillo._alumnas_de_primaria_del_colegio_san_ignacio_de_loyola.jpg","width":800,"height":600},{"@type":"BreadcrumbList","@id":"https:\/\/www.entreculturas.org\/gl\/noticia\/voluntariado-internacional-un-camino-de-encuentro-y-transformacion\/#breadcrumb","itemListElement":[{"@type":"ListItem","position":1,"name":"Home","item":"https:\/\/www.entreculturas.org\/gl\/"},{"@type":"ListItem","position":2,"name":"Noticias","item":"https:\/\/www.entreculturas.org\/gl\/noticias\/"},{"@type":"ListItem","position":3,"name":"Voluntariado internacional, un camino de encuentro y transformaci\u00f3n"}]},{"@type":"WebSite","@id":"https:\/\/www.entreculturas.org\/gl\/#website","url":"https:\/\/www.entreculturas.org\/gl\/","name":"Entreculturas","description":"","publisher":{"@id":"https:\/\/www.entreculturas.org\/gl\/#organization"},"alternateName":"Entreculturas","potentialAction":[{"@type":"SearchAction","target":{"@type":"EntryPoint","urlTemplate":"https:\/\/www.entreculturas.org\/gl\/?s={search_term_string}"},"query-input":{"@type":"PropertyValueSpecification","valueRequired":true,"valueName":"search_term_string"}}],"inLanguage":"gl-ES"},{"@type":"Organization","@id":"https:\/\/www.entreculturas.org\/gl\/#organization","name":"Entreculturas","url":"https:\/\/www.entreculturas.org\/gl\/","logo":{"@type":"ImageObject","inLanguage":"gl-ES","@id":"https:\/\/www.entreculturas.org\/gl\/#\/schema\/logo\/image\/","url":"https:\/\/www.entreculturas.org\/wp-content\/uploads\/2025\/10\/ESP.svg","contentUrl":"https:\/\/www.entreculturas.org\/wp-content\/uploads\/2025\/10\/ESP.svg","caption":"Entreculturas"},"image":{"@id":"https:\/\/www.entreculturas.org\/gl\/#\/schema\/logo\/image\/"},"sameAs":["https:\/\/www.facebook.com\/entreculturas","https:\/\/x.com\/Entreculturas","https:\/\/www.instagram.com\/entreculturas\/","https:\/\/www.youtube.com\/user\/entreculturasvideo","https:\/\/www.linkedin.com\/company\/fundacion-entreculturas-ngdo\/","https:\/\/www.flickr.com\/photos\/98455522@N04\/albums\/"]}]}},"_links":{"self":[{"href":"https:\/\/www.entreculturas.org\/gl\/wp-json\/wp\/v2\/noticia\/6378","targetHints":{"allow":["GET"]}}],"collection":[{"href":"https:\/\/www.entreculturas.org\/gl\/wp-json\/wp\/v2\/noticia"}],"about":[{"href":"https:\/\/www.entreculturas.org\/gl\/wp-json\/wp\/v2\/types\/noticia"}],"wp:featuredmedia":[{"embeddable":true,"href":"https:\/\/www.entreculturas.org\/gl\/wp-json\/wp\/v2\/media\/6373"}],"wp:attachment":[{"href":"https:\/\/www.entreculturas.org\/gl\/wp-json\/wp\/v2\/media?parent=6378"}],"wp:term":[{"taxonomy":"category","embeddable":true,"href":"https:\/\/www.entreculturas.org\/gl\/wp-json\/wp\/v2\/categories?post=6378"},{"taxonomy":"post_tag","embeddable":true,"href":"https:\/\/www.entreculturas.org\/gl\/wp-json\/wp\/v2\/tags?post=6378"},{"taxonomy":"country","embeddable":true,"href":"https:\/\/www.entreculturas.org\/gl\/wp-json\/wp\/v2\/country?post=6378"},{"taxonomy":"cause","embeddable":true,"href":"https:\/\/www.entreculturas.org\/gl\/wp-json\/wp\/v2\/cause?post=6378"}],"curies":[{"name":"wp","href":"https:\/\/api.w.org\/{rel}","templated":true}]}}