{"id":6349,"date":"2022-01-04T12:18:14","date_gmt":"2022-01-04T12:18:14","guid":{"rendered":"https:\/\/entreculturasi.wpenginepowered.com\/?noticias=trabajamos-codo-codo-con-la-aexcid-para-atender-la-poblacion-refugiada-en-r-d-del-congo"},"modified":"2024-10-21T14:05:48","modified_gmt":"2024-10-21T12:05:48","slug":"trabajamos-codo-codo-con-la-aexcid-para-atender-la-poblacion-refugiada-en-r-d-del-congo","status":"publish","type":"noticia","link":"https:\/\/www.entreculturas.org\/gl\/noticia\/trabajamos-codo-codo-con-la-aexcid-para-atender-la-poblacion-refugiada-en-r-d-del-congo\/","title":{"rendered":"Trabajamos codo a codo con la AEXCID para atender a la poblaci\u00f3n refugiada en R. D. del Congo a trav\u00e9s de dos grandes proyectos"},"content":{"rendered":"<p><strong>La Rep\u00fablica Democr\u00e1tica del Congo (RDC) sufre una de las crisis humanitarias m\u00e1s grandes y complejas del mundo. <\/strong>Es el pa\u00eds con m\u00e1s poblaci\u00f3n desplazada interna del continente africano, y se encuentra entre los pa\u00edses menos avanzados del mundo, a pesar de los abundantes recursos naturales, con m\u00e1s de un 82% de la poblaci\u00f3n viviendo bajo el umbral de pobreza absoluta.<\/p>\n<p>A d\u00eda de hoy, seg\u00fan la Organizaci\u00f3n de Naciones Unidas (ONU),<strong> un total de 5,2 millones de personas se han visto obligadas a abandonar sus hogares, <\/strong>lo que les lleva a vivir en un estado de inseguridad permanente. La violencia persistente desde hace m\u00e1s de 20 a\u00f1os ejercida por los grupos armados es la causa principal de abusos contra los derechos humanos de la poblaci\u00f3n.<\/p>\n<p>Si ya de por s\u00ed los conflictos que persisten en RDC y los altos niveles de pobreza han desestabilizado la estructura socioecon\u00f3mica del pa\u00eds, la situaci\u00f3n se agrava a\u00fan m\u00e1s cuando impactan factores como la pandemia mundial provocada por la Covid-19 o la erupci\u00f3n del Monte Nyragongo que tuvo lugar el pasado 22 de mayo a pocos kil\u00f3metros de la ciudad de Goma.<\/p>\n<p>Frente a esta situaci\u00f3n, desde Entreculturas, junto con nuestra organizaci\u00f3n socia el Servicio Jesuita a Refugiados (JRS), y gracias al apoyo de la <strong>Agencia Extreme\u00f1a de Cooperaci\u00f3n Internacional para el Desarrollo (AEXCID)<\/strong>, hemos respondido a la realidad de cerca de 10.000 personas a trav\u00e9s de dos proyectos diferentes.<\/p>\n<h3><span style=\"color: #ff0000;\"><strong>Reforzar la resiliencia de la poblaci\u00f3n y aliviar el sufrimiento<\/strong><\/span><\/h3>\n<p>El primero de ellos tiene como objetivo <strong>reforzar la resiliencia y aliviar el sufrimiento de la poblaci\u00f3n desplazada m\u00e1s vulnerable, <\/strong>especialmente de j\u00f3venes en riesgo de exclusi\u00f3n y mujeres v\u00edctimas de violencia<strong> sexual<\/strong> que viven en los campos de refugiados de Goma y Masisi y que necesitan apoyo psicosocial o ayuda urgente.<\/p>\n<p>Hemos atendido a un total de <strong>8.000 personas<\/strong> en situaci\u00f3n de vulnerabilidad. Entre ellos, 431 hogares han recibido un apoyo psicosocial y 261 v\u00edctimas de violencia sexual han recibido un apoyo psicol\u00f3gico apropiado y continuo a trav\u00e9s de las sesiones de escucha colectivas e individuales en aras de fortalecer su capacidad de resiliencia. 100 j\u00f3venes de entre 13 a 18 a\u00f1os (47 chicas y 53 chicos) identificados como poblaci\u00f3n en riesgo, participaron en los talleres tem\u00e1ticos de sensibilizaci\u00f3n en prevenci\u00f3n de riesgos y 657 j\u00f3venes (198 chicas y 459 chicos) en actividades recreativas para la integraci\u00f3n.<\/p>\n<p>Junto a estos resultados, otros 550 hogares identificados como los m\u00e1s vulnerables, vieron mejorado su r\u00e9gimen alimenticio, y 710 hogares, entre los m\u00e1s vulnerables, vieron mejoradas sus condiciones de higiene personal.<\/p>\n<p>\u201c<em>JRS lleg\u00f3 en 2019 con este proyecto que ha ayudado mucho\u201d, <\/em>explica Jean Pierre Mashimango, presidente del campo comunitario de Minova. <em>\u201c<strong>Ha ayudado a trav\u00e9s de visitas individuales, visitas puerta a puerta, a trav\u00e9s de la sensibilizaci\u00f3n y de encuentros entre el equipo de JRS y las personas desplazadas<\/strong><\/em>\u201d.<\/p>\n<p><img decoding=\"async\" src=\"https:\/\/www.entreculturas.org\/wp-content\/uploads\/2022\/01\/aexcid2.png\" alt=\"\" width=\"800\" height=\"512\" \/><\/p>\n<p><span style=\"font-size: 10px;\"><em>\u00a9 Sergi C\u00e1mara\/Entreculturas<\/em><\/span><\/p>\n<p><strong>Las mujeres y las ni\u00f1as que viven en los campos de personas refugiadas y desplazadas son doblemente vulnerables. <\/strong>Por una parte, por vivir bajo la condici\u00f3n de refugio y, por otra parte, por las situaciones de violencia sexual, abusos y discriminaci\u00f3n que enfrentan de forma permanente debido a los conflictos armados, su condici\u00f3n de pobreza y la desigualdad de g\u00e9nero.<\/p>\n<p>Sifa Maoro, beneficiaria del proyecto en el campo de la Poste, afirma que la violencia a la que se enfrentan las mujeres no solo es sexual, sino tambi\u00e9n psicol\u00f3gica. Antes no sab\u00edan c\u00f3mo conseguir compresas u otros productos para la higiene personal cuando ten\u00edan la regla y sent\u00edan mucha verg\u00fcenza cuando sangraban en p\u00fablico.<\/p>\n<p>Gracias a proyectos como \u00e9ste, <strong>desde Entreculturas y JRS, y con el apoyo de AEXCID, se les ofrece un espacio donde pueden reunirse y compartir sus inquietudes.<\/strong> \u201c<em>JRS nos mantiene ocupadas con actividades y eso nos protege de las situaciones de violencia<\/em>\u201d, a\u00f1ade Sifa.<\/p>\n<p><iframe loading=\"lazy\" title=\"Programa de medios de vida para la poblaci\u00f3n desplazada de Minova (R.D. del Congo)\" width=\"500\" height=\"281\" src=\"https:\/\/www.youtube.com\/embed\/YWiZm7_r8bE?feature=oembed\" frameborder=\"0\" allow=\"accelerometer; autoplay; clipboard-write; encrypted-media; gyroscope; picture-in-picture; web-share\" referrerpolicy=\"strict-origin-when-cross-origin\" allowfullscreen><\/iframe><\/p>\n<p>Adem\u00e1s, bajo el paraguas de este primer proyecto,<strong> tambi\u00e9n hemos ofrecido apoyo psicosocial a los y las j\u00f3venes para concienciar y sensibilizar<\/strong> sobre el peligro del consumo de drogas, embarazos precoces, violencia sexual, etc. Sin desviarse nunca del objetivo del proyecto que es \u2013citando a Vincent Kishali, coordinador psicosocial de JRS en Goma- el de empoderar a estas personas, que sean dignas y capaces de cuidarse y de desarrollarse como todo ser humano tiene derecho.<\/p>\n<h3><strong><span style=\"color: #ff0000;\">Acceso a una educaci\u00f3n inclusiva y de calidad<\/span><\/strong><\/h3>\n<p>Otro de los proyectos llevados a cabo gracias al apoyo y la financiaci\u00f3n recibida de la <strong>Agencia Extreme\u00f1a de Cooperaci\u00f3n al Desarrollo (AEXCID) en la Rep\u00fablica Democr\u00e1tica del Congo (RDC) <\/strong>es el de la mejora del acceso a una educaci\u00f3n inclusiva y de calidad para la poblaci\u00f3n local y desplazada de Goma y Masisi, sobre todo, en las escuelas de secundaria de zonas donde siguen existiendo grandes dificultades y altos \u00edndices de pobreza.<\/p>\n<p>Para reducir la brecha educativa, JRS ha brindado material escolar, kits pedag\u00f3gicos y apoyo financiero en las tasas escolares hasta sexto curso para alumnos y alumnas. \u201c<em>Pas\u00e9 un a\u00f1o y seis meses sin estudiar porque no pod\u00edamos pagar las tasas escolares y eso me preocupaba. Gracias al apoyo de JRS hoy somos quienes somos<\/em>\u201d, comparte Rahema Simweray, exalumna de secundaria de JRS en RDC.<\/p>\n<p>Entre los resultados alcanzados, 1429 estudiantes de secundaria (702 chicas y 727 chicos) fueron apoyados con el pago del 50% de tasas escolares para facilitar su acceso a la educaci\u00f3n; 433 estudiantes (152 chicas y 281 chicos) fueron preparados para el Examen de Estado y 175 de ellos (83 chicas y 92 chicos) han sido apoyados con el pago del 100% de las tasas para presentarse dicho examen.<\/p>\n<p><img decoding=\"async\" src=\"https:\/\/www.entreculturas.org\/wp-content\/uploads\/2022\/01\/aexcid3.png\" alt=\"\" width=\"800\" height=\"566\" \/><\/p>\n<p><em><span style=\"font-size: 10px;\">\u00a9 JRS RDC<\/span><\/em><\/p>\n<p>Charles Nzabanita, coordinador pedag\u00f3gico de JRS en Goma, a\u00f1ade que adem\u00e1s del material escolar, est\u00e1 tambi\u00e9n toda la parte de construcci\u00f3n de las escuelas. \u201c<em>Recuerdo cuando<strong> AEXCID <\/strong>construy\u00f3 una escuela en Mugunga. Esto realmente facilit\u00f3 el acceso del alumnado a la escuela y all\u00ed el n\u00famero de alumnos y alumnas casi se ha duplicado, porque ha dado la oportunidad a ni\u00f1os y ni\u00f1as de ir a la escuela<\/em>\u201d.<\/p>\n<p>Seg\u00fan Jonathan Mwekunda, profesor de secundaria en Minova, las ni\u00f1as son las m\u00e1s afectadas por esta situaci\u00f3n. Nos cuenta que a <strong>la mayor\u00eda de padres no les gusta que sus ni\u00f1as vayan a la escuela, solo quieren que vayan los ni\u00f1os. <\/strong>Eso lleva a embarazos no deseados, a matrimonios precoces, abandono escolar, etc.<\/p>\n<p>A trav\u00e9s del apoyo y financiaci\u00f3n como el de la <strong>Agencia Extreme\u00f1a de Cooperaci\u00f3n al Desarrollo (AEXCID)\u00a0<\/strong>a estos proyectos <strong>ha habido una disminuci\u00f3n de la violencia dom\u00e9stica, de la displicencia infantil y el abandono escolar,<\/strong> siendo las ni\u00f1as las que van cada vez m\u00e1s a la escuela como espacio, no solo de formaci\u00f3n, sino tambi\u00e9n de protecci\u00f3n y apoyo para formarse con el sue\u00f1o de en un futuro, ser capaces de lograr un medio de vida que les permita desarrollarse plenamente como personas.<\/p>\n<p>Los retos humanitarios en la Rep\u00fablica Democr\u00e1tica del Congo son innumerables. Sin embargo, acciones como las desarrolladas en el marco de los dos proyectos presentados apoyados por la Agencia Extreme\u00f1a de Cooperaci\u00f3n al Desarrollo (AEXCID) traen un rayo de esperanza a las poblaciones desplazadas y refugiadas, con las que en Entreculturas, junto con nuestra organizaci\u00f3n socia local en terreno, JRS, estamos profundamente comprometidas y comprometidos.<\/p>\n<p><strong>JRS y Entreculturas trabajamos desde hace a\u00f1os para acompa\u00f1ar, aliviar el sufrimiento y superar las graves dificultades de miles de personas<\/strong> atrapadas en una de las m\u00e1s severas y prolongadas crisis humanitarias del planeta. Para ello, necesitamos garantizar la continuidad de las intervenciones iniciadas, as\u00ed como, desarrollar nuevos proyectos que permitan ofrecer a las mujeres y los hombres de todas las edades en situaci\u00f3n de m\u00e1xima vulnerabilidad y extrema pobreza, la posibilidad de una vida digna y un futuro en el que poder confiar.<\/p>\n<p><iframe loading=\"lazy\" title=\"Programa de acceso a la educaci\u00f3n para la poblaci\u00f3n desplazada de Minova (R.D. del Congo)\" width=\"500\" height=\"281\" src=\"https:\/\/www.youtube.com\/embed\/D11b2_eitKY?feature=oembed\" frameborder=\"0\" allow=\"accelerometer; autoplay; clipboard-write; encrypted-media; gyroscope; picture-in-picture; web-share\" referrerpolicy=\"strict-origin-when-cross-origin\" allowfullscreen><\/iframe><\/p>\n","protected":false},"excerpt":{"rendered":"<p>Desde Entreculturas, junto con nuestra organizaci\u00f3n socia el Servicio Jesuita a Refugiados (JRS), y gracias al apoyo de la Agencia Extreme\u00f1a de Cooperaci\u00f3n Internacional para el Desarrollo (AEXCID), hemos respondido a la realidad de cerca de 10.000 personas desplazadas en R.D. del Congo a trav\u00e9s de dos proyectos diferentes: reforzar la resiliencia de la poblaci\u00f3n para aliviar el sufrimiento y garantizar el acceso a una educaci\u00f3n inclusiva y de calidad.<\/p>\n","protected":false},"featured_media":6346,"template":"single-noticia","meta":{"_acf_changed":false},"categories":[7],"tags":[10],"country":[318],"cause":[129],"class_list":["post-6349","noticia","type-noticia","status-publish","has-post-thumbnail","hentry","category-noticia","tag-migracion-y-refugio","country-republica-democratica-del-congo","cause-migracion-y-refugio"],"acf":[],"yoast_head":"<!-- This site is optimized with the Yoast SEO Premium plugin v21.6 (Yoast SEO v27.5) - https:\/\/yoast.com\/product\/yoast-seo-premium-wordpress\/ -->\n<title>Trabajamos codo a codo con la AEXCID para atender a la poblaci\u00f3n refugiada en R. D. del Congo a trav\u00e9s de dos grandes proyectos - Entreculturas<\/title>\n<meta name=\"robots\" content=\"index, follow, max-snippet:-1, max-image-preview:large, max-video-preview:-1\" \/>\n<link rel=\"canonical\" href=\"https:\/\/www.entreculturas.org\/gl\/noticia\/trabajamos-codo-codo-con-la-aexcid-para-atender-la-poblacion-refugiada-en-r-d-del-congo\/\" \/>\n<meta property=\"og:locale\" content=\"gl_ES\" \/>\n<meta property=\"og:type\" content=\"article\" \/>\n<meta property=\"og:title\" content=\"Trabajamos codo a codo con la AEXCID para atender a la poblaci\u00f3n refugiada en R. D. del Congo a trav\u00e9s de dos grandes proyectos\" \/>\n<meta property=\"og:description\" content=\"Desde Entreculturas, junto con nuestra organizaci\u00f3n socia el Servicio Jesuita a Refugiados (JRS), y gracias al apoyo de la Agencia Extreme\u00f1a de Cooperaci\u00f3n Internacional para el Desarrollo (AEXCID), hemos respondido a la realidad de cerca de 10.000 personas desplazadas en R.D. del Congo a trav\u00e9s de dos proyectos diferentes: reforzar la resiliencia de la poblaci\u00f3n para aliviar el sufrimiento y garantizar el acceso a una educaci\u00f3n inclusiva y de calidad.\" \/>\n<meta property=\"og:url\" content=\"https:\/\/www.entreculturas.org\/gl\/noticia\/trabajamos-codo-codo-con-la-aexcid-para-atender-la-poblacion-refugiada-en-r-d-del-congo\/\" \/>\n<meta property=\"og:site_name\" content=\"Entreculturas\" \/>\n<meta property=\"article:publisher\" content=\"https:\/\/www.facebook.com\/entreculturas\" \/>\n<meta property=\"article:modified_time\" content=\"2024-10-21T12:05:48+00:00\" \/>\n<meta property=\"og:image\" content=\"https:\/\/www.entreculturas.org\/wp-content\/uploads\/2022\/01\/aexcid1.png\" \/>\n\t<meta property=\"og:image:width\" content=\"800\" \/>\n\t<meta property=\"og:image:height\" content=\"512\" \/>\n\t<meta property=\"og:image:type\" content=\"image\/png\" \/>\n<meta name=\"twitter:card\" content=\"summary_large_image\" \/>\n<meta name=\"twitter:site\" content=\"@Entreculturas\" \/>\n<script type=\"application\/ld+json\" class=\"yoast-schema-graph\">{\"@context\":\"https:\\\/\\\/schema.org\",\"@graph\":[{\"@type\":\"WebPage\",\"@id\":\"https:\\\/\\\/www.entreculturas.org\\\/gl\\\/noticia\\\/trabajamos-codo-codo-con-la-aexcid-para-atender-la-poblacion-refugiada-en-r-d-del-congo\\\/\",\"url\":\"https:\\\/\\\/www.entreculturas.org\\\/gl\\\/noticia\\\/trabajamos-codo-codo-con-la-aexcid-para-atender-la-poblacion-refugiada-en-r-d-del-congo\\\/\",\"name\":\"Trabajamos codo a codo con la AEXCID para atender a la poblaci\u00f3n refugiada en R. D. del Congo a trav\u00e9s de dos grandes proyectos - Entreculturas\",\"isPartOf\":{\"@id\":\"https:\\\/\\\/www.entreculturas.org\\\/gl\\\/#website\"},\"primaryImageOfPage\":{\"@id\":\"https:\\\/\\\/www.entreculturas.org\\\/gl\\\/noticia\\\/trabajamos-codo-codo-con-la-aexcid-para-atender-la-poblacion-refugiada-en-r-d-del-congo\\\/#primaryimage\"},\"image\":{\"@id\":\"https:\\\/\\\/www.entreculturas.org\\\/gl\\\/noticia\\\/trabajamos-codo-codo-con-la-aexcid-para-atender-la-poblacion-refugiada-en-r-d-del-congo\\\/#primaryimage\"},\"thumbnailUrl\":\"https:\\\/\\\/www.entreculturas.org\\\/wp-content\\\/uploads\\\/2022\\\/01\\\/aexcid1.png\",\"datePublished\":\"2022-01-04T12:18:14+00:00\",\"dateModified\":\"2024-10-21T12:05:48+00:00\",\"breadcrumb\":{\"@id\":\"https:\\\/\\\/www.entreculturas.org\\\/gl\\\/noticia\\\/trabajamos-codo-codo-con-la-aexcid-para-atender-la-poblacion-refugiada-en-r-d-del-congo\\\/#breadcrumb\"},\"inLanguage\":\"gl-ES\",\"potentialAction\":[{\"@type\":\"ReadAction\",\"target\":[\"https:\\\/\\\/www.entreculturas.org\\\/gl\\\/noticia\\\/trabajamos-codo-codo-con-la-aexcid-para-atender-la-poblacion-refugiada-en-r-d-del-congo\\\/\"]}]},{\"@type\":\"ImageObject\",\"inLanguage\":\"gl-ES\",\"@id\":\"https:\\\/\\\/www.entreculturas.org\\\/gl\\\/noticia\\\/trabajamos-codo-codo-con-la-aexcid-para-atender-la-poblacion-refugiada-en-r-d-del-congo\\\/#primaryimage\",\"url\":\"https:\\\/\\\/www.entreculturas.org\\\/wp-content\\\/uploads\\\/2022\\\/01\\\/aexcid1.png\",\"contentUrl\":\"https:\\\/\\\/www.entreculturas.org\\\/wp-content\\\/uploads\\\/2022\\\/01\\\/aexcid1.png\",\"width\":800,\"height\":512,\"caption\":\"aexcid1\"},{\"@type\":\"BreadcrumbList\",\"@id\":\"https:\\\/\\\/www.entreculturas.org\\\/gl\\\/noticia\\\/trabajamos-codo-codo-con-la-aexcid-para-atender-la-poblacion-refugiada-en-r-d-del-congo\\\/#breadcrumb\",\"itemListElement\":[{\"@type\":\"ListItem\",\"position\":1,\"name\":\"Home\",\"item\":\"https:\\\/\\\/www.entreculturas.org\\\/gl\\\/\"},{\"@type\":\"ListItem\",\"position\":2,\"name\":\"Noticias\",\"item\":\"https:\\\/\\\/www.entreculturas.org\\\/gl\\\/noticias\\\/\"},{\"@type\":\"ListItem\",\"position\":3,\"name\":\"Trabajamos codo a codo con la AEXCID para atender a la poblaci\u00f3n refugiada en R. D. del Congo a trav\u00e9s de dos grandes proyectos\"}]},{\"@type\":\"WebSite\",\"@id\":\"https:\\\/\\\/www.entreculturas.org\\\/gl\\\/#website\",\"url\":\"https:\\\/\\\/www.entreculturas.org\\\/gl\\\/\",\"name\":\"Entreculturas\",\"description\":\"\",\"publisher\":{\"@id\":\"https:\\\/\\\/www.entreculturas.org\\\/gl\\\/#organization\"},\"alternateName\":\"Entreculturas\",\"potentialAction\":[{\"@type\":\"SearchAction\",\"target\":{\"@type\":\"EntryPoint\",\"urlTemplate\":\"https:\\\/\\\/www.entreculturas.org\\\/gl\\\/?s={search_term_string}\"},\"query-input\":{\"@type\":\"PropertyValueSpecification\",\"valueRequired\":true,\"valueName\":\"search_term_string\"}}],\"inLanguage\":\"gl-ES\"},{\"@type\":\"Organization\",\"@id\":\"https:\\\/\\\/www.entreculturas.org\\\/gl\\\/#organization\",\"name\":\"Entreculturas\",\"url\":\"https:\\\/\\\/www.entreculturas.org\\\/gl\\\/\",\"logo\":{\"@type\":\"ImageObject\",\"inLanguage\":\"gl-ES\",\"@id\":\"https:\\\/\\\/www.entreculturas.org\\\/gl\\\/#\\\/schema\\\/logo\\\/image\\\/\",\"url\":\"https:\\\/\\\/www.entreculturas.org\\\/wp-content\\\/uploads\\\/2025\\\/10\\\/ESP.svg\",\"contentUrl\":\"https:\\\/\\\/www.entreculturas.org\\\/wp-content\\\/uploads\\\/2025\\\/10\\\/ESP.svg\",\"caption\":\"Entreculturas\"},\"image\":{\"@id\":\"https:\\\/\\\/www.entreculturas.org\\\/gl\\\/#\\\/schema\\\/logo\\\/image\\\/\"},\"sameAs\":[\"https:\\\/\\\/www.facebook.com\\\/entreculturas\",\"https:\\\/\\\/x.com\\\/Entreculturas\",\"https:\\\/\\\/www.instagram.com\\\/entreculturas\\\/\",\"https:\\\/\\\/www.youtube.com\\\/user\\\/entreculturasvideo\",\"https:\\\/\\\/www.linkedin.com\\\/company\\\/fundacion-entreculturas-ngdo\\\/\",\"https:\\\/\\\/www.flickr.com\\\/photos\\\/98455522@N04\\\/albums\\\/\"]}]}<\/script>\n<!-- \/ Yoast SEO Premium plugin. -->","yoast_head_json":{"title":"Trabajamos codo a codo con la AEXCID para atender a la poblaci\u00f3n refugiada en R. D. del Congo a trav\u00e9s de dos grandes proyectos - Entreculturas","robots":{"index":"index","follow":"follow","max-snippet":"max-snippet:-1","max-image-preview":"max-image-preview:large","max-video-preview":"max-video-preview:-1"},"canonical":"https:\/\/www.entreculturas.org\/gl\/noticia\/trabajamos-codo-codo-con-la-aexcid-para-atender-la-poblacion-refugiada-en-r-d-del-congo\/","og_locale":"gl_ES","og_type":"article","og_title":"Trabajamos codo a codo con la AEXCID para atender a la poblaci\u00f3n refugiada en R. D. del Congo a trav\u00e9s de dos grandes proyectos","og_description":"Desde Entreculturas, junto con nuestra organizaci\u00f3n socia el Servicio Jesuita a Refugiados (JRS), y gracias al apoyo de la Agencia Extreme\u00f1a de Cooperaci\u00f3n Internacional para el Desarrollo (AEXCID), hemos respondido a la realidad de cerca de 10.000 personas desplazadas en R.D. del Congo a trav\u00e9s de dos proyectos diferentes: reforzar la resiliencia de la poblaci\u00f3n para aliviar el sufrimiento y garantizar el acceso a una educaci\u00f3n inclusiva y de calidad.","og_url":"https:\/\/www.entreculturas.org\/gl\/noticia\/trabajamos-codo-codo-con-la-aexcid-para-atender-la-poblacion-refugiada-en-r-d-del-congo\/","og_site_name":"Entreculturas","article_publisher":"https:\/\/www.facebook.com\/entreculturas","article_modified_time":"2024-10-21T12:05:48+00:00","og_image":[{"width":800,"height":512,"url":"https:\/\/www.entreculturas.org\/wp-content\/uploads\/2022\/01\/aexcid1.png","type":"image\/png"}],"twitter_card":"summary_large_image","twitter_site":"@Entreculturas","schema":{"@context":"https:\/\/schema.org","@graph":[{"@type":"WebPage","@id":"https:\/\/www.entreculturas.org\/gl\/noticia\/trabajamos-codo-codo-con-la-aexcid-para-atender-la-poblacion-refugiada-en-r-d-del-congo\/","url":"https:\/\/www.entreculturas.org\/gl\/noticia\/trabajamos-codo-codo-con-la-aexcid-para-atender-la-poblacion-refugiada-en-r-d-del-congo\/","name":"Trabajamos codo a codo con la AEXCID para atender a la poblaci\u00f3n refugiada en R. D. del Congo a trav\u00e9s de dos grandes proyectos - Entreculturas","isPartOf":{"@id":"https:\/\/www.entreculturas.org\/gl\/#website"},"primaryImageOfPage":{"@id":"https:\/\/www.entreculturas.org\/gl\/noticia\/trabajamos-codo-codo-con-la-aexcid-para-atender-la-poblacion-refugiada-en-r-d-del-congo\/#primaryimage"},"image":{"@id":"https:\/\/www.entreculturas.org\/gl\/noticia\/trabajamos-codo-codo-con-la-aexcid-para-atender-la-poblacion-refugiada-en-r-d-del-congo\/#primaryimage"},"thumbnailUrl":"https:\/\/www.entreculturas.org\/wp-content\/uploads\/2022\/01\/aexcid1.png","datePublished":"2022-01-04T12:18:14+00:00","dateModified":"2024-10-21T12:05:48+00:00","breadcrumb":{"@id":"https:\/\/www.entreculturas.org\/gl\/noticia\/trabajamos-codo-codo-con-la-aexcid-para-atender-la-poblacion-refugiada-en-r-d-del-congo\/#breadcrumb"},"inLanguage":"gl-ES","potentialAction":[{"@type":"ReadAction","target":["https:\/\/www.entreculturas.org\/gl\/noticia\/trabajamos-codo-codo-con-la-aexcid-para-atender-la-poblacion-refugiada-en-r-d-del-congo\/"]}]},{"@type":"ImageObject","inLanguage":"gl-ES","@id":"https:\/\/www.entreculturas.org\/gl\/noticia\/trabajamos-codo-codo-con-la-aexcid-para-atender-la-poblacion-refugiada-en-r-d-del-congo\/#primaryimage","url":"https:\/\/www.entreculturas.org\/wp-content\/uploads\/2022\/01\/aexcid1.png","contentUrl":"https:\/\/www.entreculturas.org\/wp-content\/uploads\/2022\/01\/aexcid1.png","width":800,"height":512,"caption":"aexcid1"},{"@type":"BreadcrumbList","@id":"https:\/\/www.entreculturas.org\/gl\/noticia\/trabajamos-codo-codo-con-la-aexcid-para-atender-la-poblacion-refugiada-en-r-d-del-congo\/#breadcrumb","itemListElement":[{"@type":"ListItem","position":1,"name":"Home","item":"https:\/\/www.entreculturas.org\/gl\/"},{"@type":"ListItem","position":2,"name":"Noticias","item":"https:\/\/www.entreculturas.org\/gl\/noticias\/"},{"@type":"ListItem","position":3,"name":"Trabajamos codo a codo con la AEXCID para atender a la poblaci\u00f3n refugiada en R. D. del Congo a trav\u00e9s de dos grandes proyectos"}]},{"@type":"WebSite","@id":"https:\/\/www.entreculturas.org\/gl\/#website","url":"https:\/\/www.entreculturas.org\/gl\/","name":"Entreculturas","description":"","publisher":{"@id":"https:\/\/www.entreculturas.org\/gl\/#organization"},"alternateName":"Entreculturas","potentialAction":[{"@type":"SearchAction","target":{"@type":"EntryPoint","urlTemplate":"https:\/\/www.entreculturas.org\/gl\/?s={search_term_string}"},"query-input":{"@type":"PropertyValueSpecification","valueRequired":true,"valueName":"search_term_string"}}],"inLanguage":"gl-ES"},{"@type":"Organization","@id":"https:\/\/www.entreculturas.org\/gl\/#organization","name":"Entreculturas","url":"https:\/\/www.entreculturas.org\/gl\/","logo":{"@type":"ImageObject","inLanguage":"gl-ES","@id":"https:\/\/www.entreculturas.org\/gl\/#\/schema\/logo\/image\/","url":"https:\/\/www.entreculturas.org\/wp-content\/uploads\/2025\/10\/ESP.svg","contentUrl":"https:\/\/www.entreculturas.org\/wp-content\/uploads\/2025\/10\/ESP.svg","caption":"Entreculturas"},"image":{"@id":"https:\/\/www.entreculturas.org\/gl\/#\/schema\/logo\/image\/"},"sameAs":["https:\/\/www.facebook.com\/entreculturas","https:\/\/x.com\/Entreculturas","https:\/\/www.instagram.com\/entreculturas\/","https:\/\/www.youtube.com\/user\/entreculturasvideo","https:\/\/www.linkedin.com\/company\/fundacion-entreculturas-ngdo\/","https:\/\/www.flickr.com\/photos\/98455522@N04\/albums\/"]}]}},"_links":{"self":[{"href":"https:\/\/www.entreculturas.org\/gl\/wp-json\/wp\/v2\/noticia\/6349","targetHints":{"allow":["GET"]}}],"collection":[{"href":"https:\/\/www.entreculturas.org\/gl\/wp-json\/wp\/v2\/noticia"}],"about":[{"href":"https:\/\/www.entreculturas.org\/gl\/wp-json\/wp\/v2\/types\/noticia"}],"wp:featuredmedia":[{"embeddable":true,"href":"https:\/\/www.entreculturas.org\/gl\/wp-json\/wp\/v2\/media\/6346"}],"wp:attachment":[{"href":"https:\/\/www.entreculturas.org\/gl\/wp-json\/wp\/v2\/media?parent=6349"}],"wp:term":[{"taxonomy":"category","embeddable":true,"href":"https:\/\/www.entreculturas.org\/gl\/wp-json\/wp\/v2\/categories?post=6349"},{"taxonomy":"post_tag","embeddable":true,"href":"https:\/\/www.entreculturas.org\/gl\/wp-json\/wp\/v2\/tags?post=6349"},{"taxonomy":"country","embeddable":true,"href":"https:\/\/www.entreculturas.org\/gl\/wp-json\/wp\/v2\/country?post=6349"},{"taxonomy":"cause","embeddable":true,"href":"https:\/\/www.entreculturas.org\/gl\/wp-json\/wp\/v2\/cause?post=6349"}],"curies":[{"name":"wp","href":"https:\/\/api.w.org\/{rel}","templated":true}]}}