{"id":6306,"date":"2021-11-24T12:38:44","date_gmt":"2021-11-24T12:38:44","guid":{"rendered":"https:\/\/entreculturasi.wpenginepowered.com\/?noticias=convivencia-y-trabajo-en-equipo-traves-de-las-artes-marciales-en-sudan-del-sur"},"modified":"2024-02-19T16:34:29","modified_gmt":"2024-02-19T15:34:29","slug":"convivencia-y-trabajo-en-equipo-traves-de-las-artes-marciales-en-sudan-del-sur","status":"publish","type":"noticia","link":"https:\/\/www.entreculturas.org\/gl\/noticia\/convivencia-y-trabajo-en-equipo-traves-de-las-artes-marciales-en-sudan-del-sur\/","title":{"rendered":"Convivencia y trabajo en equipo a trav\u00e9s de las artes marciales en Sud\u00e1n del Sur"},"content":{"rendered":"<p>&nbsp;<\/p>\n<p><img decoding=\"async\" alt=\"\" src=\"https:\/\/www.entreculturas.org\/wp-content\/uploads\/2021\/11\/artes_marciales_cjrs_sudansur.jpeg\" style=\"width: 800px;height: 531px\"><\/p>\n<p><span style=\"font-size:10px\">\u00a9 Paula Casado \/ JRS Sud\u00e1n del Sur<\/span><\/p>\n<p>Vestidos con uniformes azules y blancos, es f\u00e1cil reconocer a los 80 j\u00f3venes que participan en el <strong>Programa de Recreaci\u00f3n del Servicio Jesuita a Refugiados (JRS) en Mab\u00e1n.<\/strong> Este proyecto, en el que han participado 250 j\u00f3venes desde que se inici\u00f3 en 2013, forma parte de la intervenci\u00f3n de nuestra organizaci\u00f3n socia en Sud\u00e1n del Sur, con la que promovemos el acompa\u00f1amiento psicosocial a la poblaci\u00f3n infantil y adolescente refugiada a trav\u00e9s de las <strong>artes marciales, las acrobacias o la meditaci\u00f3n.&nbsp;<\/strong><\/p>\n<p>Fomentar la <strong>disciplina, el trabajo en equipo y el desaf\u00edo f\u00edsico <\/strong>son los objetivos principales de estos entrenamientos, en los que actualmente participan <strong>30 chicas y 50 chicos.<\/strong>&nbsp;<\/p>\n<p>Recientemente hemos podido hablar con el alumnado de artes marciales y con su instructor Issac Auyub. \u201c<em>Quiero que&nbsp; tengan respeto, esto es lo primero, y espero que tengan respeto por su gente. Luego que adquieran competencias y se genere confianza entre ellos y ellas. <strong>Quiero que sean buenos\/as l\u00edderes en el futuro<\/strong><\/em>\u201d, asegura Isaac.<\/p>\n<p><img decoding=\"async\" alt=\"\" src=\"https:\/\/www.entreculturas.org\/wp-content\/uploads\/2021\/11\/acrobats_0922ss-web.jpg\" style=\"width: 800px;height: 279px\"><\/p>\n<p>Warmin Rija es uno de los j\u00f3venes que asiste semanalmente a los talleres. Refugiado et\u00edope y estudiante del JRS, nos cuenta que antes de asistir a las clases \u201c<em>no estaba feliz. As\u00ed que vine al JRS y <strong>me encontr\u00e9 a m\u00ed mismo. Comenc\u00e9 a cambiar y ahora soy muy feliz<\/strong><\/em>\u201d. A trav\u00e9s de las artes marciales y otras disciplinas, los ni\u00f1os, ni\u00f1as y adolescentes refugiados encuentran un espacio seguro donde desarrollarse, relacionarse con otros adolescentes y aprender a convivir.<\/p>\n<p>&#8220;<em>Algunos de ellos se est\u00e1n convirtiendo en entrenadores. Me ayudan en las clases y aprenden que puedes ayudar a tu gente, a tu comunidad<\/em>\u201d, afirma Issac con orgullo.<\/p>\n<\/p>\n<p>En contextos de refugio, donde muchas de las personas, tambi\u00e9n los ni\u00f1os y ni\u00f1as, han sufrido las consecuencias m\u00e1s duras de la violencia y la guerra, <strong>el apoyo psicol\u00f3gico y psicosocial son fundamentales. <\/strong>A trav\u00e9s de estos programas, JRS contribuye a fortalecer la comunidad y a sentar las bases para la reconstrucci\u00f3n de la esperanza, la recuperaci\u00f3n de la dignidad humana y el fortalecimiento de la cohesi\u00f3n social y la convivencia.&nbsp;<\/p>\n","protected":false},"excerpt":{"rendered":"<p>Vestidos con uniformes azules y blancos, es f\u00e1cil reconocer a los 80 j\u00f3venes que participan en el Programa de Recreaci\u00f3n del Servicio Jesuita a Refugiados (JRS) en Mab\u00e1n. Un proyecto que han participado 250 j\u00f3venes desde que se inici\u00f3 en 2013, para promover el acompa\u00f1amiento psicosocial a la poblaci\u00f3n infantil y adolescente refugiada a trav\u00e9s de las artes marciales, las acrobacias o la meditaci\u00f3n.<\/p>\n","protected":false},"featured_media":6296,"template":"single-noticia","meta":{"_acf_changed":false},"categories":[7],"tags":[10],"country":[136],"cause":[129],"class_list":["post-6306","noticia","type-noticia","status-publish","has-post-thumbnail","hentry","category-noticia","tag-migracion-y-refugio","country-sudan-del-sur","cause-migracion-y-refugio"],"acf":[],"yoast_head":"<!-- This site is optimized with the Yoast SEO Premium plugin v21.6 (Yoast SEO v27.5) - https:\/\/yoast.com\/product\/yoast-seo-premium-wordpress\/ -->\n<title>Convivencia y trabajo en equipo a trav\u00e9s de las artes marciales en Sud\u00e1n del Sur - Entreculturas<\/title>\n<meta name=\"robots\" content=\"index, follow, max-snippet:-1, max-image-preview:large, max-video-preview:-1\" \/>\n<link rel=\"canonical\" href=\"https:\/\/www.entreculturas.org\/gl\/noticia\/convivencia-y-trabajo-en-equipo-traves-de-las-artes-marciales-en-sudan-del-sur\/\" \/>\n<meta property=\"og:locale\" content=\"gl_ES\" \/>\n<meta property=\"og:type\" content=\"article\" \/>\n<meta property=\"og:title\" content=\"Convivencia y trabajo en equipo a trav\u00e9s de las artes marciales en Sud\u00e1n del Sur\" \/>\n<meta property=\"og:description\" content=\"Vestidos con uniformes azules y blancos, es f\u00e1cil reconocer a los 80 j\u00f3venes que participan en el Programa de Recreaci\u00f3n del Servicio Jesuita a Refugiados (JRS) en Mab\u00e1n. Un proyecto que han participado 250 j\u00f3venes desde que se inici\u00f3 en 2013, para promover el acompa\u00f1amiento psicosocial a la poblaci\u00f3n infantil y adolescente refugiada a trav\u00e9s de las artes marciales, las acrobacias o la meditaci\u00f3n.\" \/>\n<meta property=\"og:url\" content=\"https:\/\/www.entreculturas.org\/gl\/noticia\/convivencia-y-trabajo-en-equipo-traves-de-las-artes-marciales-en-sudan-del-sur\/\" \/>\n<meta property=\"og:site_name\" content=\"Entreculturas\" \/>\n<meta property=\"article:publisher\" content=\"https:\/\/www.facebook.com\/entreculturas\" \/>\n<meta property=\"article:modified_time\" content=\"2024-02-19T15:34:29+00:00\" \/>\n<meta property=\"og:image\" content=\"https:\/\/www.entreculturas.org\/wp-content\/uploads\/2021\/11\/acrobats_0821-scaled-1.jpg\" \/>\n\t<meta property=\"og:image:width\" content=\"2560\" \/>\n\t<meta property=\"og:image:height\" content=\"1700\" \/>\n\t<meta property=\"og:image:type\" content=\"image\/jpeg\" \/>\n<meta name=\"twitter:card\" content=\"summary_large_image\" \/>\n<meta name=\"twitter:site\" content=\"@Entreculturas\" \/>\n<script type=\"application\/ld+json\" class=\"yoast-schema-graph\">{\"@context\":\"https:\\\/\\\/schema.org\",\"@graph\":[{\"@type\":\"WebPage\",\"@id\":\"https:\\\/\\\/www.entreculturas.org\\\/gl\\\/noticia\\\/convivencia-y-trabajo-en-equipo-traves-de-las-artes-marciales-en-sudan-del-sur\\\/\",\"url\":\"https:\\\/\\\/www.entreculturas.org\\\/gl\\\/noticia\\\/convivencia-y-trabajo-en-equipo-traves-de-las-artes-marciales-en-sudan-del-sur\\\/\",\"name\":\"Convivencia y trabajo en equipo a trav\u00e9s de las artes marciales en Sud\u00e1n del Sur - Entreculturas\",\"isPartOf\":{\"@id\":\"https:\\\/\\\/www.entreculturas.org\\\/gl\\\/#website\"},\"primaryImageOfPage\":{\"@id\":\"https:\\\/\\\/www.entreculturas.org\\\/gl\\\/noticia\\\/convivencia-y-trabajo-en-equipo-traves-de-las-artes-marciales-en-sudan-del-sur\\\/#primaryimage\"},\"image\":{\"@id\":\"https:\\\/\\\/www.entreculturas.org\\\/gl\\\/noticia\\\/convivencia-y-trabajo-en-equipo-traves-de-las-artes-marciales-en-sudan-del-sur\\\/#primaryimage\"},\"thumbnailUrl\":\"https:\\\/\\\/www.entreculturas.org\\\/wp-content\\\/uploads\\\/2021\\\/11\\\/acrobats_0821-scaled-1.jpg\",\"datePublished\":\"2021-11-24T12:38:44+00:00\",\"dateModified\":\"2024-02-19T15:34:29+00:00\",\"breadcrumb\":{\"@id\":\"https:\\\/\\\/www.entreculturas.org\\\/gl\\\/noticia\\\/convivencia-y-trabajo-en-equipo-traves-de-las-artes-marciales-en-sudan-del-sur\\\/#breadcrumb\"},\"inLanguage\":\"gl-ES\",\"potentialAction\":[{\"@type\":\"ReadAction\",\"target\":[\"https:\\\/\\\/www.entreculturas.org\\\/gl\\\/noticia\\\/convivencia-y-trabajo-en-equipo-traves-de-las-artes-marciales-en-sudan-del-sur\\\/\"]}]},{\"@type\":\"ImageObject\",\"inLanguage\":\"gl-ES\",\"@id\":\"https:\\\/\\\/www.entreculturas.org\\\/gl\\\/noticia\\\/convivencia-y-trabajo-en-equipo-traves-de-las-artes-marciales-en-sudan-del-sur\\\/#primaryimage\",\"url\":\"https:\\\/\\\/www.entreculturas.org\\\/wp-content\\\/uploads\\\/2021\\\/11\\\/acrobats_0821-scaled-1.jpg\",\"contentUrl\":\"https:\\\/\\\/www.entreculturas.org\\\/wp-content\\\/uploads\\\/2021\\\/11\\\/acrobats_0821-scaled-1.jpg\",\"width\":2560,\"height\":1700,\"caption\":\"acrobats_0821\"},{\"@type\":\"BreadcrumbList\",\"@id\":\"https:\\\/\\\/www.entreculturas.org\\\/gl\\\/noticia\\\/convivencia-y-trabajo-en-equipo-traves-de-las-artes-marciales-en-sudan-del-sur\\\/#breadcrumb\",\"itemListElement\":[{\"@type\":\"ListItem\",\"position\":1,\"name\":\"Home\",\"item\":\"https:\\\/\\\/www.entreculturas.org\\\/gl\\\/\"},{\"@type\":\"ListItem\",\"position\":2,\"name\":\"Noticias\",\"item\":\"https:\\\/\\\/www.entreculturas.org\\\/gl\\\/noticias\\\/\"},{\"@type\":\"ListItem\",\"position\":3,\"name\":\"Convivencia y trabajo en equipo a trav\u00e9s de las artes marciales en Sud\u00e1n del Sur\"}]},{\"@type\":\"WebSite\",\"@id\":\"https:\\\/\\\/www.entreculturas.org\\\/gl\\\/#website\",\"url\":\"https:\\\/\\\/www.entreculturas.org\\\/gl\\\/\",\"name\":\"Entreculturas\",\"description\":\"\",\"publisher\":{\"@id\":\"https:\\\/\\\/www.entreculturas.org\\\/gl\\\/#organization\"},\"alternateName\":\"Entreculturas\",\"potentialAction\":[{\"@type\":\"SearchAction\",\"target\":{\"@type\":\"EntryPoint\",\"urlTemplate\":\"https:\\\/\\\/www.entreculturas.org\\\/gl\\\/?s={search_term_string}\"},\"query-input\":{\"@type\":\"PropertyValueSpecification\",\"valueRequired\":true,\"valueName\":\"search_term_string\"}}],\"inLanguage\":\"gl-ES\"},{\"@type\":\"Organization\",\"@id\":\"https:\\\/\\\/www.entreculturas.org\\\/gl\\\/#organization\",\"name\":\"Entreculturas\",\"url\":\"https:\\\/\\\/www.entreculturas.org\\\/gl\\\/\",\"logo\":{\"@type\":\"ImageObject\",\"inLanguage\":\"gl-ES\",\"@id\":\"https:\\\/\\\/www.entreculturas.org\\\/gl\\\/#\\\/schema\\\/logo\\\/image\\\/\",\"url\":\"https:\\\/\\\/www.entreculturas.org\\\/wp-content\\\/uploads\\\/2025\\\/10\\\/ESP.svg\",\"contentUrl\":\"https:\\\/\\\/www.entreculturas.org\\\/wp-content\\\/uploads\\\/2025\\\/10\\\/ESP.svg\",\"caption\":\"Entreculturas\"},\"image\":{\"@id\":\"https:\\\/\\\/www.entreculturas.org\\\/gl\\\/#\\\/schema\\\/logo\\\/image\\\/\"},\"sameAs\":[\"https:\\\/\\\/www.facebook.com\\\/entreculturas\",\"https:\\\/\\\/x.com\\\/Entreculturas\",\"https:\\\/\\\/www.instagram.com\\\/entreculturas\\\/\",\"https:\\\/\\\/www.youtube.com\\\/user\\\/entreculturasvideo\",\"https:\\\/\\\/www.linkedin.com\\\/company\\\/fundacion-entreculturas-ngdo\\\/\",\"https:\\\/\\\/www.flickr.com\\\/photos\\\/98455522@N04\\\/albums\\\/\"]}]}<\/script>\n<!-- \/ Yoast SEO Premium plugin. -->","yoast_head_json":{"title":"Convivencia y trabajo en equipo a trav\u00e9s de las artes marciales en Sud\u00e1n del Sur - Entreculturas","robots":{"index":"index","follow":"follow","max-snippet":"max-snippet:-1","max-image-preview":"max-image-preview:large","max-video-preview":"max-video-preview:-1"},"canonical":"https:\/\/www.entreculturas.org\/gl\/noticia\/convivencia-y-trabajo-en-equipo-traves-de-las-artes-marciales-en-sudan-del-sur\/","og_locale":"gl_ES","og_type":"article","og_title":"Convivencia y trabajo en equipo a trav\u00e9s de las artes marciales en Sud\u00e1n del Sur","og_description":"Vestidos con uniformes azules y blancos, es f\u00e1cil reconocer a los 80 j\u00f3venes que participan en el Programa de Recreaci\u00f3n del Servicio Jesuita a Refugiados (JRS) en Mab\u00e1n. Un proyecto que han participado 250 j\u00f3venes desde que se inici\u00f3 en 2013, para promover el acompa\u00f1amiento psicosocial a la poblaci\u00f3n infantil y adolescente refugiada a trav\u00e9s de las artes marciales, las acrobacias o la meditaci\u00f3n.","og_url":"https:\/\/www.entreculturas.org\/gl\/noticia\/convivencia-y-trabajo-en-equipo-traves-de-las-artes-marciales-en-sudan-del-sur\/","og_site_name":"Entreculturas","article_publisher":"https:\/\/www.facebook.com\/entreculturas","article_modified_time":"2024-02-19T15:34:29+00:00","og_image":[{"width":2560,"height":1700,"url":"https:\/\/www.entreculturas.org\/wp-content\/uploads\/2021\/11\/acrobats_0821-scaled-1.jpg","type":"image\/jpeg"}],"twitter_card":"summary_large_image","twitter_site":"@Entreculturas","schema":{"@context":"https:\/\/schema.org","@graph":[{"@type":"WebPage","@id":"https:\/\/www.entreculturas.org\/gl\/noticia\/convivencia-y-trabajo-en-equipo-traves-de-las-artes-marciales-en-sudan-del-sur\/","url":"https:\/\/www.entreculturas.org\/gl\/noticia\/convivencia-y-trabajo-en-equipo-traves-de-las-artes-marciales-en-sudan-del-sur\/","name":"Convivencia y trabajo en equipo a trav\u00e9s de las artes marciales en Sud\u00e1n del Sur - Entreculturas","isPartOf":{"@id":"https:\/\/www.entreculturas.org\/gl\/#website"},"primaryImageOfPage":{"@id":"https:\/\/www.entreculturas.org\/gl\/noticia\/convivencia-y-trabajo-en-equipo-traves-de-las-artes-marciales-en-sudan-del-sur\/#primaryimage"},"image":{"@id":"https:\/\/www.entreculturas.org\/gl\/noticia\/convivencia-y-trabajo-en-equipo-traves-de-las-artes-marciales-en-sudan-del-sur\/#primaryimage"},"thumbnailUrl":"https:\/\/www.entreculturas.org\/wp-content\/uploads\/2021\/11\/acrobats_0821-scaled-1.jpg","datePublished":"2021-11-24T12:38:44+00:00","dateModified":"2024-02-19T15:34:29+00:00","breadcrumb":{"@id":"https:\/\/www.entreculturas.org\/gl\/noticia\/convivencia-y-trabajo-en-equipo-traves-de-las-artes-marciales-en-sudan-del-sur\/#breadcrumb"},"inLanguage":"gl-ES","potentialAction":[{"@type":"ReadAction","target":["https:\/\/www.entreculturas.org\/gl\/noticia\/convivencia-y-trabajo-en-equipo-traves-de-las-artes-marciales-en-sudan-del-sur\/"]}]},{"@type":"ImageObject","inLanguage":"gl-ES","@id":"https:\/\/www.entreculturas.org\/gl\/noticia\/convivencia-y-trabajo-en-equipo-traves-de-las-artes-marciales-en-sudan-del-sur\/#primaryimage","url":"https:\/\/www.entreculturas.org\/wp-content\/uploads\/2021\/11\/acrobats_0821-scaled-1.jpg","contentUrl":"https:\/\/www.entreculturas.org\/wp-content\/uploads\/2021\/11\/acrobats_0821-scaled-1.jpg","width":2560,"height":1700,"caption":"acrobats_0821"},{"@type":"BreadcrumbList","@id":"https:\/\/www.entreculturas.org\/gl\/noticia\/convivencia-y-trabajo-en-equipo-traves-de-las-artes-marciales-en-sudan-del-sur\/#breadcrumb","itemListElement":[{"@type":"ListItem","position":1,"name":"Home","item":"https:\/\/www.entreculturas.org\/gl\/"},{"@type":"ListItem","position":2,"name":"Noticias","item":"https:\/\/www.entreculturas.org\/gl\/noticias\/"},{"@type":"ListItem","position":3,"name":"Convivencia y trabajo en equipo a trav\u00e9s de las artes marciales en Sud\u00e1n del Sur"}]},{"@type":"WebSite","@id":"https:\/\/www.entreculturas.org\/gl\/#website","url":"https:\/\/www.entreculturas.org\/gl\/","name":"Entreculturas","description":"","publisher":{"@id":"https:\/\/www.entreculturas.org\/gl\/#organization"},"alternateName":"Entreculturas","potentialAction":[{"@type":"SearchAction","target":{"@type":"EntryPoint","urlTemplate":"https:\/\/www.entreculturas.org\/gl\/?s={search_term_string}"},"query-input":{"@type":"PropertyValueSpecification","valueRequired":true,"valueName":"search_term_string"}}],"inLanguage":"gl-ES"},{"@type":"Organization","@id":"https:\/\/www.entreculturas.org\/gl\/#organization","name":"Entreculturas","url":"https:\/\/www.entreculturas.org\/gl\/","logo":{"@type":"ImageObject","inLanguage":"gl-ES","@id":"https:\/\/www.entreculturas.org\/gl\/#\/schema\/logo\/image\/","url":"https:\/\/www.entreculturas.org\/wp-content\/uploads\/2025\/10\/ESP.svg","contentUrl":"https:\/\/www.entreculturas.org\/wp-content\/uploads\/2025\/10\/ESP.svg","caption":"Entreculturas"},"image":{"@id":"https:\/\/www.entreculturas.org\/gl\/#\/schema\/logo\/image\/"},"sameAs":["https:\/\/www.facebook.com\/entreculturas","https:\/\/x.com\/Entreculturas","https:\/\/www.instagram.com\/entreculturas\/","https:\/\/www.youtube.com\/user\/entreculturasvideo","https:\/\/www.linkedin.com\/company\/fundacion-entreculturas-ngdo\/","https:\/\/www.flickr.com\/photos\/98455522@N04\/albums\/"]}]}},"_links":{"self":[{"href":"https:\/\/www.entreculturas.org\/gl\/wp-json\/wp\/v2\/noticia\/6306","targetHints":{"allow":["GET"]}}],"collection":[{"href":"https:\/\/www.entreculturas.org\/gl\/wp-json\/wp\/v2\/noticia"}],"about":[{"href":"https:\/\/www.entreculturas.org\/gl\/wp-json\/wp\/v2\/types\/noticia"}],"wp:featuredmedia":[{"embeddable":true,"href":"https:\/\/www.entreculturas.org\/gl\/wp-json\/wp\/v2\/media\/6296"}],"wp:attachment":[{"href":"https:\/\/www.entreculturas.org\/gl\/wp-json\/wp\/v2\/media?parent=6306"}],"wp:term":[{"taxonomy":"category","embeddable":true,"href":"https:\/\/www.entreculturas.org\/gl\/wp-json\/wp\/v2\/categories?post=6306"},{"taxonomy":"post_tag","embeddable":true,"href":"https:\/\/www.entreculturas.org\/gl\/wp-json\/wp\/v2\/tags?post=6306"},{"taxonomy":"country","embeddable":true,"href":"https:\/\/www.entreculturas.org\/gl\/wp-json\/wp\/v2\/country?post=6306"},{"taxonomy":"cause","embeddable":true,"href":"https:\/\/www.entreculturas.org\/gl\/wp-json\/wp\/v2\/cause?post=6306"}],"curies":[{"name":"wp","href":"https:\/\/api.w.org\/{rel}","templated":true}]}}