{"id":6188,"date":"2021-09-30T09:44:22","date_gmt":"2021-09-30T09:44:22","guid":{"rendered":"https:\/\/entreculturasi.wpenginepowered.com\/?noticias=relanzamos-nuestro-portal-educativo-redeces"},"modified":"2024-02-19T17:58:43","modified_gmt":"2024-02-19T16:58:43","slug":"relanzamos-nuestro-portal-educativo-redeces","status":"publish","type":"noticia","link":"https:\/\/www.entreculturas.org\/gl\/noticia\/relanzamos-nuestro-portal-educativo-redeces\/","title":{"rendered":"RELANZAMOS NUESTRO PORTAL EDUCATIVO REDEC.ES"},"content":{"rendered":"<\/p>\n<p>Desde Entreculturas hemos&nbsp;lanzado la nueva web de su<a href=\"https:\/\/redec.es\/\" target=\"_blank\" rel=\"noopener\"> portal educativo Redec<\/a>, un espacio donde se recopilan todos los materiales did\u00e1cticos, noticias, proyectos y oportunidades de educaci\u00f3n para la ciudadan\u00eda global y que est\u00e1 a disposici\u00f3n de la comunidad educativa, tanto en formaci\u00f3n reglada como no formal.&nbsp;<\/p>\n<p>La nueva p\u00e1gina web contempla una importante novedad que explica J\u00e9ssica Garc\u00eda, Responsable de Educaci\u00f3n no formal y movilizaci\u00f3n. \u201cHemos lanzado la propuesta de las REDES 4.7.<strong> Las Redes 4.7 conectan, forman y acompa\u00f1an a movimientos juveniles que buscan la transformaci\u00f3n social<\/strong> y que act\u00faan por la igualdad de g\u00e9nero (red violeta), la defensa del medio ambiente (red verde) y la interculturalidad (red azul) en sus entornos locales y globales\u201d.&nbsp;<\/p>\n<p>El t\u00edtulo de Redes 4.7 hace referencia a la <strong>meta 4.7 del ODS 4 de la Agenda 2030<\/strong> sobre derecho a la educaci\u00f3n, que trata sobre la promoci\u00f3n de una educaci\u00f3n para la ciudadan\u00eda global.<\/p>\n<p><img decoding=\"async\" alt=\"\" src=\"https:\/\/www.entreculturas.org\/wp-content\/uploads\/2021\/09\/captura_de_pantalla_2021-09-30_a_las_11.44.40.png\" style=\"width: 800px;height: 197px\"><\/p>\n<p>Cada una de las redes incluye un <strong>itinerario formativo de 5 fases<\/strong> con la idea de que sean trabajadas con grupos de j\u00f3venes.<strong> \u201cPodr\u00e1n trabajar desde la formaci\u00f3n a la ejecuci\u00f3n y evaluaci\u00f3n de acciones\u201d<\/strong>, comenta J\u00e9ssica Garc\u00eda. Este itinerario est\u00e1 disponible en formato anal\u00f3gico y online, y ofrece la posibilidad de que Entreculturas acompa\u00f1e el proceso e incluso conectar con otros grupos de j\u00f3venes que realizan el mismo itinerario.&nbsp;<\/p>\n<p>\u201cCon la educaci\u00f3n lo que estamos pretendiendo es educar ciudadanos y ciudadanas para transformar el mundo\u201d, afirma Aurora Gonz\u00e1lez, docente y participante en el proyecto de Entreculturas \u2018Red Solidaria de J\u00f3venes\u2019. \u201cColaborar con Entreculturas nos facilita la labor a los educadores, <strong>nos acerca a otras realidades<\/strong>, nos facilita plataformas en las que unirnos con otros educadores, conocer otras maneras de entender la educaci\u00f3n que nos pueden aportar muchas cosas, y tambi\u00e9n nos facilita espacios de encuentro para nuestros alumnos y alumnas\u201d.<\/p>\n<p>La nueva web, dise\u00f1ada gracias al apoyo de la AECID, contempla un potente buscador de recursos did\u00e1cticos que facilitar\u00e1 el acceso a los materiales educativos de Entreculturas en formato de libre descarga.&nbsp;<\/p>\n","protected":false},"excerpt":{"rendered":"<p>Desde Entreculturas hemos lanzado la nueva web de su portal educativo Redec, un espacio donde se recopilan todos los materiales did\u00e1cticos, noticias, proyectos y oportunidades de educaci\u00f3n para la ciudadan\u00eda global y que est\u00e1 a disposici\u00f3n de la comunidad educativa, tanto en formaci\u00f3n reglada como no formal. <\/p>\n","protected":false},"featured_media":6189,"template":"single-noticia","meta":{"_acf_changed":false},"categories":[7],"tags":[289],"country":[],"cause":[128,132],"class_list":["post-6188","noticia","type-noticia","status-publish","has-post-thumbnail","hentry","category-noticia","tag-educacion","cause-educacion","cause-participacion-y-ciudadania-global"],"acf":[],"yoast_head":"<!-- This site is optimized with the Yoast SEO Premium plugin v21.6 (Yoast SEO v27.5) - https:\/\/yoast.com\/product\/yoast-seo-premium-wordpress\/ -->\n<title>RELANZAMOS NUESTRO PORTAL EDUCATIVO REDEC.ES - Entreculturas<\/title>\n<meta name=\"robots\" content=\"index, follow, max-snippet:-1, max-image-preview:large, max-video-preview:-1\" \/>\n<link rel=\"canonical\" href=\"https:\/\/www.entreculturas.org\/gl\/noticia\/relanzamos-nuestro-portal-educativo-redeces\/\" \/>\n<meta property=\"og:locale\" content=\"gl_ES\" \/>\n<meta property=\"og:type\" content=\"article\" \/>\n<meta property=\"og:title\" content=\"RELANZAMOS NUESTRO PORTAL EDUCATIVO REDEC.ES\" \/>\n<meta property=\"og:description\" content=\"Desde Entreculturas hemos lanzado la nueva web de su portal educativo Redec, un espacio donde se recopilan todos los materiales did\u00e1cticos, noticias, proyectos y oportunidades de educaci\u00f3n para la ciudadan\u00eda global y que est\u00e1 a disposici\u00f3n de la comunidad educativa, tanto en formaci\u00f3n reglada como no formal.\" \/>\n<meta property=\"og:url\" content=\"https:\/\/www.entreculturas.org\/gl\/noticia\/relanzamos-nuestro-portal-educativo-redeces\/\" \/>\n<meta property=\"og:site_name\" content=\"Entreculturas\" \/>\n<meta property=\"article:publisher\" content=\"https:\/\/www.facebook.com\/entreculturas\" \/>\n<meta property=\"article:modified_time\" content=\"2024-02-19T16:58:43+00:00\" \/>\n<meta property=\"og:image\" content=\"https:\/\/www.entreculturas.org\/wp-content\/uploads\/2021\/09\/web-redec.jpg\" \/>\n\t<meta property=\"og:image:width\" content=\"800\" \/>\n\t<meta property=\"og:image:height\" content=\"800\" \/>\n\t<meta property=\"og:image:type\" content=\"image\/jpeg\" \/>\n<meta name=\"twitter:card\" content=\"summary_large_image\" \/>\n<meta name=\"twitter:site\" content=\"@Entreculturas\" \/>\n<script type=\"application\/ld+json\" class=\"yoast-schema-graph\">{\"@context\":\"https:\\\/\\\/schema.org\",\"@graph\":[{\"@type\":\"WebPage\",\"@id\":\"https:\\\/\\\/www.entreculturas.org\\\/gl\\\/noticia\\\/relanzamos-nuestro-portal-educativo-redeces\\\/\",\"url\":\"https:\\\/\\\/www.entreculturas.org\\\/gl\\\/noticia\\\/relanzamos-nuestro-portal-educativo-redeces\\\/\",\"name\":\"RELANZAMOS NUESTRO PORTAL EDUCATIVO REDEC.ES - Entreculturas\",\"isPartOf\":{\"@id\":\"https:\\\/\\\/www.entreculturas.org\\\/gl\\\/#website\"},\"primaryImageOfPage\":{\"@id\":\"https:\\\/\\\/www.entreculturas.org\\\/gl\\\/noticia\\\/relanzamos-nuestro-portal-educativo-redeces\\\/#primaryimage\"},\"image\":{\"@id\":\"https:\\\/\\\/www.entreculturas.org\\\/gl\\\/noticia\\\/relanzamos-nuestro-portal-educativo-redeces\\\/#primaryimage\"},\"thumbnailUrl\":\"https:\\\/\\\/www.entreculturas.org\\\/wp-content\\\/uploads\\\/2021\\\/09\\\/web-redec.jpg\",\"datePublished\":\"2021-09-30T09:44:22+00:00\",\"dateModified\":\"2024-02-19T16:58:43+00:00\",\"breadcrumb\":{\"@id\":\"https:\\\/\\\/www.entreculturas.org\\\/gl\\\/noticia\\\/relanzamos-nuestro-portal-educativo-redeces\\\/#breadcrumb\"},\"inLanguage\":\"gl-ES\",\"potentialAction\":[{\"@type\":\"ReadAction\",\"target\":[\"https:\\\/\\\/www.entreculturas.org\\\/gl\\\/noticia\\\/relanzamos-nuestro-portal-educativo-redeces\\\/\"]}]},{\"@type\":\"ImageObject\",\"inLanguage\":\"gl-ES\",\"@id\":\"https:\\\/\\\/www.entreculturas.org\\\/gl\\\/noticia\\\/relanzamos-nuestro-portal-educativo-redeces\\\/#primaryimage\",\"url\":\"https:\\\/\\\/www.entreculturas.org\\\/wp-content\\\/uploads\\\/2021\\\/09\\\/web-redec.jpg\",\"contentUrl\":\"https:\\\/\\\/www.entreculturas.org\\\/wp-content\\\/uploads\\\/2021\\\/09\\\/web-redec.jpg\",\"width\":800,\"height\":800,\"caption\":\"web-redec\"},{\"@type\":\"BreadcrumbList\",\"@id\":\"https:\\\/\\\/www.entreculturas.org\\\/gl\\\/noticia\\\/relanzamos-nuestro-portal-educativo-redeces\\\/#breadcrumb\",\"itemListElement\":[{\"@type\":\"ListItem\",\"position\":1,\"name\":\"Home\",\"item\":\"https:\\\/\\\/www.entreculturas.org\\\/gl\\\/\"},{\"@type\":\"ListItem\",\"position\":2,\"name\":\"Noticias\",\"item\":\"https:\\\/\\\/www.entreculturas.org\\\/gl\\\/noticias\\\/\"},{\"@type\":\"ListItem\",\"position\":3,\"name\":\"RELANZAMOS NUESTRO PORTAL EDUCATIVO REDEC.ES\"}]},{\"@type\":\"WebSite\",\"@id\":\"https:\\\/\\\/www.entreculturas.org\\\/gl\\\/#website\",\"url\":\"https:\\\/\\\/www.entreculturas.org\\\/gl\\\/\",\"name\":\"Entreculturas\",\"description\":\"\",\"publisher\":{\"@id\":\"https:\\\/\\\/www.entreculturas.org\\\/gl\\\/#organization\"},\"alternateName\":\"Entreculturas\",\"potentialAction\":[{\"@type\":\"SearchAction\",\"target\":{\"@type\":\"EntryPoint\",\"urlTemplate\":\"https:\\\/\\\/www.entreculturas.org\\\/gl\\\/?s={search_term_string}\"},\"query-input\":{\"@type\":\"PropertyValueSpecification\",\"valueRequired\":true,\"valueName\":\"search_term_string\"}}],\"inLanguage\":\"gl-ES\"},{\"@type\":\"Organization\",\"@id\":\"https:\\\/\\\/www.entreculturas.org\\\/gl\\\/#organization\",\"name\":\"Entreculturas\",\"url\":\"https:\\\/\\\/www.entreculturas.org\\\/gl\\\/\",\"logo\":{\"@type\":\"ImageObject\",\"inLanguage\":\"gl-ES\",\"@id\":\"https:\\\/\\\/www.entreculturas.org\\\/gl\\\/#\\\/schema\\\/logo\\\/image\\\/\",\"url\":\"https:\\\/\\\/www.entreculturas.org\\\/wp-content\\\/uploads\\\/2025\\\/10\\\/ESP.svg\",\"contentUrl\":\"https:\\\/\\\/www.entreculturas.org\\\/wp-content\\\/uploads\\\/2025\\\/10\\\/ESP.svg\",\"caption\":\"Entreculturas\"},\"image\":{\"@id\":\"https:\\\/\\\/www.entreculturas.org\\\/gl\\\/#\\\/schema\\\/logo\\\/image\\\/\"},\"sameAs\":[\"https:\\\/\\\/www.facebook.com\\\/entreculturas\",\"https:\\\/\\\/x.com\\\/Entreculturas\",\"https:\\\/\\\/www.instagram.com\\\/entreculturas\\\/\",\"https:\\\/\\\/www.youtube.com\\\/user\\\/entreculturasvideo\",\"https:\\\/\\\/www.linkedin.com\\\/company\\\/fundacion-entreculturas-ngdo\\\/\",\"https:\\\/\\\/www.flickr.com\\\/photos\\\/98455522@N04\\\/albums\\\/\"]}]}<\/script>\n<!-- \/ Yoast SEO Premium plugin. -->","yoast_head_json":{"title":"RELANZAMOS NUESTRO PORTAL EDUCATIVO REDEC.ES - Entreculturas","robots":{"index":"index","follow":"follow","max-snippet":"max-snippet:-1","max-image-preview":"max-image-preview:large","max-video-preview":"max-video-preview:-1"},"canonical":"https:\/\/www.entreculturas.org\/gl\/noticia\/relanzamos-nuestro-portal-educativo-redeces\/","og_locale":"gl_ES","og_type":"article","og_title":"RELANZAMOS NUESTRO PORTAL EDUCATIVO REDEC.ES","og_description":"Desde Entreculturas hemos lanzado la nueva web de su portal educativo Redec, un espacio donde se recopilan todos los materiales did\u00e1cticos, noticias, proyectos y oportunidades de educaci\u00f3n para la ciudadan\u00eda global y que est\u00e1 a disposici\u00f3n de la comunidad educativa, tanto en formaci\u00f3n reglada como no formal.","og_url":"https:\/\/www.entreculturas.org\/gl\/noticia\/relanzamos-nuestro-portal-educativo-redeces\/","og_site_name":"Entreculturas","article_publisher":"https:\/\/www.facebook.com\/entreculturas","article_modified_time":"2024-02-19T16:58:43+00:00","og_image":[{"width":800,"height":800,"url":"https:\/\/www.entreculturas.org\/wp-content\/uploads\/2021\/09\/web-redec.jpg","type":"image\/jpeg"}],"twitter_card":"summary_large_image","twitter_site":"@Entreculturas","schema":{"@context":"https:\/\/schema.org","@graph":[{"@type":"WebPage","@id":"https:\/\/www.entreculturas.org\/gl\/noticia\/relanzamos-nuestro-portal-educativo-redeces\/","url":"https:\/\/www.entreculturas.org\/gl\/noticia\/relanzamos-nuestro-portal-educativo-redeces\/","name":"RELANZAMOS NUESTRO PORTAL EDUCATIVO REDEC.ES - Entreculturas","isPartOf":{"@id":"https:\/\/www.entreculturas.org\/gl\/#website"},"primaryImageOfPage":{"@id":"https:\/\/www.entreculturas.org\/gl\/noticia\/relanzamos-nuestro-portal-educativo-redeces\/#primaryimage"},"image":{"@id":"https:\/\/www.entreculturas.org\/gl\/noticia\/relanzamos-nuestro-portal-educativo-redeces\/#primaryimage"},"thumbnailUrl":"https:\/\/www.entreculturas.org\/wp-content\/uploads\/2021\/09\/web-redec.jpg","datePublished":"2021-09-30T09:44:22+00:00","dateModified":"2024-02-19T16:58:43+00:00","breadcrumb":{"@id":"https:\/\/www.entreculturas.org\/gl\/noticia\/relanzamos-nuestro-portal-educativo-redeces\/#breadcrumb"},"inLanguage":"gl-ES","potentialAction":[{"@type":"ReadAction","target":["https:\/\/www.entreculturas.org\/gl\/noticia\/relanzamos-nuestro-portal-educativo-redeces\/"]}]},{"@type":"ImageObject","inLanguage":"gl-ES","@id":"https:\/\/www.entreculturas.org\/gl\/noticia\/relanzamos-nuestro-portal-educativo-redeces\/#primaryimage","url":"https:\/\/www.entreculturas.org\/wp-content\/uploads\/2021\/09\/web-redec.jpg","contentUrl":"https:\/\/www.entreculturas.org\/wp-content\/uploads\/2021\/09\/web-redec.jpg","width":800,"height":800,"caption":"web-redec"},{"@type":"BreadcrumbList","@id":"https:\/\/www.entreculturas.org\/gl\/noticia\/relanzamos-nuestro-portal-educativo-redeces\/#breadcrumb","itemListElement":[{"@type":"ListItem","position":1,"name":"Home","item":"https:\/\/www.entreculturas.org\/gl\/"},{"@type":"ListItem","position":2,"name":"Noticias","item":"https:\/\/www.entreculturas.org\/gl\/noticias\/"},{"@type":"ListItem","position":3,"name":"RELANZAMOS NUESTRO PORTAL EDUCATIVO REDEC.ES"}]},{"@type":"WebSite","@id":"https:\/\/www.entreculturas.org\/gl\/#website","url":"https:\/\/www.entreculturas.org\/gl\/","name":"Entreculturas","description":"","publisher":{"@id":"https:\/\/www.entreculturas.org\/gl\/#organization"},"alternateName":"Entreculturas","potentialAction":[{"@type":"SearchAction","target":{"@type":"EntryPoint","urlTemplate":"https:\/\/www.entreculturas.org\/gl\/?s={search_term_string}"},"query-input":{"@type":"PropertyValueSpecification","valueRequired":true,"valueName":"search_term_string"}}],"inLanguage":"gl-ES"},{"@type":"Organization","@id":"https:\/\/www.entreculturas.org\/gl\/#organization","name":"Entreculturas","url":"https:\/\/www.entreculturas.org\/gl\/","logo":{"@type":"ImageObject","inLanguage":"gl-ES","@id":"https:\/\/www.entreculturas.org\/gl\/#\/schema\/logo\/image\/","url":"https:\/\/www.entreculturas.org\/wp-content\/uploads\/2025\/10\/ESP.svg","contentUrl":"https:\/\/www.entreculturas.org\/wp-content\/uploads\/2025\/10\/ESP.svg","caption":"Entreculturas"},"image":{"@id":"https:\/\/www.entreculturas.org\/gl\/#\/schema\/logo\/image\/"},"sameAs":["https:\/\/www.facebook.com\/entreculturas","https:\/\/x.com\/Entreculturas","https:\/\/www.instagram.com\/entreculturas\/","https:\/\/www.youtube.com\/user\/entreculturasvideo","https:\/\/www.linkedin.com\/company\/fundacion-entreculturas-ngdo\/","https:\/\/www.flickr.com\/photos\/98455522@N04\/albums\/"]}]}},"_links":{"self":[{"href":"https:\/\/www.entreculturas.org\/gl\/wp-json\/wp\/v2\/noticia\/6188","targetHints":{"allow":["GET"]}}],"collection":[{"href":"https:\/\/www.entreculturas.org\/gl\/wp-json\/wp\/v2\/noticia"}],"about":[{"href":"https:\/\/www.entreculturas.org\/gl\/wp-json\/wp\/v2\/types\/noticia"}],"wp:featuredmedia":[{"embeddable":true,"href":"https:\/\/www.entreculturas.org\/gl\/wp-json\/wp\/v2\/media\/6189"}],"wp:attachment":[{"href":"https:\/\/www.entreculturas.org\/gl\/wp-json\/wp\/v2\/media?parent=6188"}],"wp:term":[{"taxonomy":"category","embeddable":true,"href":"https:\/\/www.entreculturas.org\/gl\/wp-json\/wp\/v2\/categories?post=6188"},{"taxonomy":"post_tag","embeddable":true,"href":"https:\/\/www.entreculturas.org\/gl\/wp-json\/wp\/v2\/tags?post=6188"},{"taxonomy":"country","embeddable":true,"href":"https:\/\/www.entreculturas.org\/gl\/wp-json\/wp\/v2\/country?post=6188"},{"taxonomy":"cause","embeddable":true,"href":"https:\/\/www.entreculturas.org\/gl\/wp-json\/wp\/v2\/cause?post=6188"}],"curies":[{"name":"wp","href":"https:\/\/api.w.org\/{rel}","templated":true}]}}