{"id":6174,"date":"2021-09-28T15:29:17","date_gmt":"2021-09-28T15:29:17","guid":{"rendered":"https:\/\/entreculturasi.wpenginepowered.com\/?noticias=el-director-de-fe-y-alegria-haiti-nos-visita-para-acercarnos-la-realidad-de-este-pais"},"modified":"2024-02-19T17:57:47","modified_gmt":"2024-02-19T16:57:47","slug":"el-director-de-fe-y-alegria-haiti-nos-visita-para-acercarnos-la-realidad-de-este-pais","status":"publish","type":"noticia","link":"https:\/\/www.entreculturas.org\/gl\/noticia\/el-director-de-fe-y-alegria-haiti-nos-visita-para-acercarnos-la-realidad-de-este-pais\/","title":{"rendered":"El  Director de Fe y Alegr\u00eda Hait\u00ed nos visita para acercarnos a la realidad de este pa\u00eds"},"content":{"rendered":"<p><img decoding=\"async\" alt=\"\" src=\"https:\/\/www.entreculturas.org\/wp-content\/uploads\/2021\/09\/haiti_cordoba_0.jpeg\" style=\"width: 800px;height: 573px\"><\/p>\n<p>Las escuelas de Fe y Alegr\u00eda en Hait\u00ed son oasis de paz en un pa\u00eds que enfrenta una grave crisis econ\u00f3mica, pol\u00edtica y social agravada por el terremoto que hizo temblar el sudoeste del pa\u00eds el pasado mes de agosto.<\/p>\n<p>En este contexto, los<strong> 16 centros educativos<\/strong> de nuestra organizaci\u00f3n social Fe y Alegr\u00eda Hait\u00ed, apoyadas por Entreculturas como socio principal, son <strong>lugares de cuidado<\/strong>, donde se ofrece una educaci\u00f3n de calidad, un entorno seguro para los ni\u00f1os y ni\u00f1as (especialmente para estas \u00faltimas) y donde, en la mayor\u00eda de los casos, se convierte en un lugar donde poder tomar la \u00fanica comida decente del d\u00eda.&nbsp; En total, <strong>4.500 estudiantes y uno 230 docentes conforman la gran familia de Fe y Alegr\u00eda Hait\u00ed,<\/strong> que se complementa con el apoyo constante de todo su entorno familiar.<\/p>\n<p><strong>Paul &#8211; Fils Bellote SJ,&nbsp;Director de Fe y Alegr\u00eda Hait\u00ed&nbsp;<\/strong>nos visita estos d\u00edas para acercarnos a la realidad de Hait\u00ed y la importancia de la educaci\u00f3n. Ya ha estado en las delegaciones de Vigo y C\u00f3rdoba y visitar\u00e1 dos lugares m\u00e1s.&nbsp;Toma nota:<\/p>\n<p><span style=\"color:#FF0000\"><strong>M\u00e1laga<\/strong><\/span><br \/>D\u00eda: 29 de septiembre.<br \/>Lugar: Sal\u00f3n de actos del Centro Arrupe (Plaza de San Ignacio, 2).<br \/>Hora: 19.30h.<\/p>\n<p><span style=\"color:#FF0000\"><strong>Valencia<\/strong><\/span><br \/>D\u00eda: 30 de septiembre.<br \/>Lugar: Centro Arrupe (Gran V\u00eda Fernando El Cat\u00f3lico, 78).<br \/>Hora: 18.30h<\/p>\n","protected":false},"excerpt":{"rendered":"<p>Paul &#8211; Fils Bellote SJ, Director de Fe y Alegr\u00eda Hait\u00ed nos visita estos d\u00edas para acercarnos a la realidad de Hait\u00ed y la importancia de la educaci\u00f3n. Las escuelas de Fe y Alegr\u00eda en Hait\u00ed son oasis de paz en un pa\u00eds que enfrenta una grave crisis econ\u00f3mica, pol\u00edtica y social agravada por el terremoto que hizo temblar el sudoeste del pa\u00eds el pasado mes de agosto.<\/p>\n","protected":false},"featured_media":6176,"template":"single-noticia","meta":{"_acf_changed":false},"categories":[7],"tags":[289],"country":[148],"cause":[128],"class_list":["post-6174","noticia","type-noticia","status-publish","has-post-thumbnail","hentry","category-noticia","tag-educacion","country-haiti","cause-educacion"],"acf":[],"yoast_head":"<!-- This site is optimized with the Yoast SEO Premium plugin v21.6 (Yoast SEO v27.5) - https:\/\/yoast.com\/product\/yoast-seo-premium-wordpress\/ -->\n<title>El Director de Fe y Alegr\u00eda Hait\u00ed nos visita para acercarnos a la realidad de este pa\u00eds - Entreculturas<\/title>\n<meta name=\"robots\" content=\"index, follow, max-snippet:-1, max-image-preview:large, max-video-preview:-1\" \/>\n<link rel=\"canonical\" href=\"https:\/\/www.entreculturas.org\/gl\/noticia\/el-director-de-fe-y-alegria-haiti-nos-visita-para-acercarnos-la-realidad-de-este-pais\/\" \/>\n<meta property=\"og:locale\" content=\"gl_ES\" \/>\n<meta property=\"og:type\" content=\"article\" \/>\n<meta property=\"og:title\" content=\"El Director de Fe y Alegr\u00eda Hait\u00ed nos visita para acercarnos a la realidad de este pa\u00eds\" \/>\n<meta property=\"og:description\" content=\"Paul - Fils Bellote SJ, Director de Fe y Alegr\u00eda Hait\u00ed nos visita estos d\u00edas para acercarnos a la realidad de Hait\u00ed y la importancia de la educaci\u00f3n. Las escuelas de Fe y Alegr\u00eda en Hait\u00ed son oasis de paz en un pa\u00eds que enfrenta una grave crisis econ\u00f3mica, pol\u00edtica y social agravada por el terremoto que hizo temblar el sudoeste del pa\u00eds el pasado mes de agosto.\" \/>\n<meta property=\"og:url\" content=\"https:\/\/www.entreculturas.org\/gl\/noticia\/el-director-de-fe-y-alegria-haiti-nos-visita-para-acercarnos-la-realidad-de-este-pais\/\" \/>\n<meta property=\"og:site_name\" content=\"Entreculturas\" \/>\n<meta property=\"article:publisher\" content=\"https:\/\/www.facebook.com\/entreculturas\" \/>\n<meta property=\"article:modified_time\" content=\"2024-02-19T16:57:47+00:00\" \/>\n<meta property=\"og:image\" content=\"https:\/\/www.entreculturas.org\/wp-content\/uploads\/2021\/09\/haiti_cordoba.jpeg\" \/>\n\t<meta property=\"og:image:width\" content=\"800\" \/>\n\t<meta property=\"og:image:height\" content=\"573\" \/>\n\t<meta property=\"og:image:type\" content=\"image\/jpeg\" \/>\n<meta name=\"twitter:card\" content=\"summary_large_image\" \/>\n<meta name=\"twitter:site\" content=\"@Entreculturas\" \/>\n<script type=\"application\/ld+json\" class=\"yoast-schema-graph\">{\"@context\":\"https:\\\/\\\/schema.org\",\"@graph\":[{\"@type\":\"WebPage\",\"@id\":\"https:\\\/\\\/www.entreculturas.org\\\/gl\\\/noticia\\\/el-director-de-fe-y-alegria-haiti-nos-visita-para-acercarnos-la-realidad-de-este-pais\\\/\",\"url\":\"https:\\\/\\\/www.entreculturas.org\\\/gl\\\/noticia\\\/el-director-de-fe-y-alegria-haiti-nos-visita-para-acercarnos-la-realidad-de-este-pais\\\/\",\"name\":\"El Director de Fe y Alegr\u00eda Hait\u00ed nos visita para acercarnos a la realidad de este pa\u00eds - Entreculturas\",\"isPartOf\":{\"@id\":\"https:\\\/\\\/www.entreculturas.org\\\/gl\\\/#website\"},\"primaryImageOfPage\":{\"@id\":\"https:\\\/\\\/www.entreculturas.org\\\/gl\\\/noticia\\\/el-director-de-fe-y-alegria-haiti-nos-visita-para-acercarnos-la-realidad-de-este-pais\\\/#primaryimage\"},\"image\":{\"@id\":\"https:\\\/\\\/www.entreculturas.org\\\/gl\\\/noticia\\\/el-director-de-fe-y-alegria-haiti-nos-visita-para-acercarnos-la-realidad-de-este-pais\\\/#primaryimage\"},\"thumbnailUrl\":\"https:\\\/\\\/www.entreculturas.org\\\/wp-content\\\/uploads\\\/2021\\\/09\\\/haiti_cordoba.jpeg\",\"datePublished\":\"2021-09-28T15:29:17+00:00\",\"dateModified\":\"2024-02-19T16:57:47+00:00\",\"breadcrumb\":{\"@id\":\"https:\\\/\\\/www.entreculturas.org\\\/gl\\\/noticia\\\/el-director-de-fe-y-alegria-haiti-nos-visita-para-acercarnos-la-realidad-de-este-pais\\\/#breadcrumb\"},\"inLanguage\":\"gl-ES\",\"potentialAction\":[{\"@type\":\"ReadAction\",\"target\":[\"https:\\\/\\\/www.entreculturas.org\\\/gl\\\/noticia\\\/el-director-de-fe-y-alegria-haiti-nos-visita-para-acercarnos-la-realidad-de-este-pais\\\/\"]}]},{\"@type\":\"ImageObject\",\"inLanguage\":\"gl-ES\",\"@id\":\"https:\\\/\\\/www.entreculturas.org\\\/gl\\\/noticia\\\/el-director-de-fe-y-alegria-haiti-nos-visita-para-acercarnos-la-realidad-de-este-pais\\\/#primaryimage\",\"url\":\"https:\\\/\\\/www.entreculturas.org\\\/wp-content\\\/uploads\\\/2021\\\/09\\\/haiti_cordoba.jpeg\",\"contentUrl\":\"https:\\\/\\\/www.entreculturas.org\\\/wp-content\\\/uploads\\\/2021\\\/09\\\/haiti_cordoba.jpeg\",\"width\":800,\"height\":573,\"caption\":\"haiti_cordoba\"},{\"@type\":\"BreadcrumbList\",\"@id\":\"https:\\\/\\\/www.entreculturas.org\\\/gl\\\/noticia\\\/el-director-de-fe-y-alegria-haiti-nos-visita-para-acercarnos-la-realidad-de-este-pais\\\/#breadcrumb\",\"itemListElement\":[{\"@type\":\"ListItem\",\"position\":1,\"name\":\"Home\",\"item\":\"https:\\\/\\\/www.entreculturas.org\\\/gl\\\/\"},{\"@type\":\"ListItem\",\"position\":2,\"name\":\"Noticias\",\"item\":\"https:\\\/\\\/www.entreculturas.org\\\/gl\\\/noticias\\\/\"},{\"@type\":\"ListItem\",\"position\":3,\"name\":\"El Director de Fe y Alegr\u00eda Hait\u00ed nos visita para acercarnos a la realidad de este pa\u00eds\"}]},{\"@type\":\"WebSite\",\"@id\":\"https:\\\/\\\/www.entreculturas.org\\\/gl\\\/#website\",\"url\":\"https:\\\/\\\/www.entreculturas.org\\\/gl\\\/\",\"name\":\"Entreculturas\",\"description\":\"\",\"publisher\":{\"@id\":\"https:\\\/\\\/www.entreculturas.org\\\/gl\\\/#organization\"},\"alternateName\":\"Entreculturas\",\"potentialAction\":[{\"@type\":\"SearchAction\",\"target\":{\"@type\":\"EntryPoint\",\"urlTemplate\":\"https:\\\/\\\/www.entreculturas.org\\\/gl\\\/?s={search_term_string}\"},\"query-input\":{\"@type\":\"PropertyValueSpecification\",\"valueRequired\":true,\"valueName\":\"search_term_string\"}}],\"inLanguage\":\"gl-ES\"},{\"@type\":\"Organization\",\"@id\":\"https:\\\/\\\/www.entreculturas.org\\\/gl\\\/#organization\",\"name\":\"Entreculturas\",\"url\":\"https:\\\/\\\/www.entreculturas.org\\\/gl\\\/\",\"logo\":{\"@type\":\"ImageObject\",\"inLanguage\":\"gl-ES\",\"@id\":\"https:\\\/\\\/www.entreculturas.org\\\/gl\\\/#\\\/schema\\\/logo\\\/image\\\/\",\"url\":\"https:\\\/\\\/www.entreculturas.org\\\/wp-content\\\/uploads\\\/2025\\\/10\\\/ESP.svg\",\"contentUrl\":\"https:\\\/\\\/www.entreculturas.org\\\/wp-content\\\/uploads\\\/2025\\\/10\\\/ESP.svg\",\"caption\":\"Entreculturas\"},\"image\":{\"@id\":\"https:\\\/\\\/www.entreculturas.org\\\/gl\\\/#\\\/schema\\\/logo\\\/image\\\/\"},\"sameAs\":[\"https:\\\/\\\/www.facebook.com\\\/entreculturas\",\"https:\\\/\\\/x.com\\\/Entreculturas\",\"https:\\\/\\\/www.instagram.com\\\/entreculturas\\\/\",\"https:\\\/\\\/www.youtube.com\\\/user\\\/entreculturasvideo\",\"https:\\\/\\\/www.linkedin.com\\\/company\\\/fundacion-entreculturas-ngdo\\\/\",\"https:\\\/\\\/www.flickr.com\\\/photos\\\/98455522@N04\\\/albums\\\/\"]}]}<\/script>\n<!-- \/ Yoast SEO Premium plugin. -->","yoast_head_json":{"title":"El Director de Fe y Alegr\u00eda Hait\u00ed nos visita para acercarnos a la realidad de este pa\u00eds - Entreculturas","robots":{"index":"index","follow":"follow","max-snippet":"max-snippet:-1","max-image-preview":"max-image-preview:large","max-video-preview":"max-video-preview:-1"},"canonical":"https:\/\/www.entreculturas.org\/gl\/noticia\/el-director-de-fe-y-alegria-haiti-nos-visita-para-acercarnos-la-realidad-de-este-pais\/","og_locale":"gl_ES","og_type":"article","og_title":"El Director de Fe y Alegr\u00eda Hait\u00ed nos visita para acercarnos a la realidad de este pa\u00eds","og_description":"Paul - Fils Bellote SJ, Director de Fe y Alegr\u00eda Hait\u00ed nos visita estos d\u00edas para acercarnos a la realidad de Hait\u00ed y la importancia de la educaci\u00f3n. Las escuelas de Fe y Alegr\u00eda en Hait\u00ed son oasis de paz en un pa\u00eds que enfrenta una grave crisis econ\u00f3mica, pol\u00edtica y social agravada por el terremoto que hizo temblar el sudoeste del pa\u00eds el pasado mes de agosto.","og_url":"https:\/\/www.entreculturas.org\/gl\/noticia\/el-director-de-fe-y-alegria-haiti-nos-visita-para-acercarnos-la-realidad-de-este-pais\/","og_site_name":"Entreculturas","article_publisher":"https:\/\/www.facebook.com\/entreculturas","article_modified_time":"2024-02-19T16:57:47+00:00","og_image":[{"width":800,"height":573,"url":"https:\/\/www.entreculturas.org\/wp-content\/uploads\/2021\/09\/haiti_cordoba.jpeg","type":"image\/jpeg"}],"twitter_card":"summary_large_image","twitter_site":"@Entreculturas","schema":{"@context":"https:\/\/schema.org","@graph":[{"@type":"WebPage","@id":"https:\/\/www.entreculturas.org\/gl\/noticia\/el-director-de-fe-y-alegria-haiti-nos-visita-para-acercarnos-la-realidad-de-este-pais\/","url":"https:\/\/www.entreculturas.org\/gl\/noticia\/el-director-de-fe-y-alegria-haiti-nos-visita-para-acercarnos-la-realidad-de-este-pais\/","name":"El Director de Fe y Alegr\u00eda Hait\u00ed nos visita para acercarnos a la realidad de este pa\u00eds - Entreculturas","isPartOf":{"@id":"https:\/\/www.entreculturas.org\/gl\/#website"},"primaryImageOfPage":{"@id":"https:\/\/www.entreculturas.org\/gl\/noticia\/el-director-de-fe-y-alegria-haiti-nos-visita-para-acercarnos-la-realidad-de-este-pais\/#primaryimage"},"image":{"@id":"https:\/\/www.entreculturas.org\/gl\/noticia\/el-director-de-fe-y-alegria-haiti-nos-visita-para-acercarnos-la-realidad-de-este-pais\/#primaryimage"},"thumbnailUrl":"https:\/\/www.entreculturas.org\/wp-content\/uploads\/2021\/09\/haiti_cordoba.jpeg","datePublished":"2021-09-28T15:29:17+00:00","dateModified":"2024-02-19T16:57:47+00:00","breadcrumb":{"@id":"https:\/\/www.entreculturas.org\/gl\/noticia\/el-director-de-fe-y-alegria-haiti-nos-visita-para-acercarnos-la-realidad-de-este-pais\/#breadcrumb"},"inLanguage":"gl-ES","potentialAction":[{"@type":"ReadAction","target":["https:\/\/www.entreculturas.org\/gl\/noticia\/el-director-de-fe-y-alegria-haiti-nos-visita-para-acercarnos-la-realidad-de-este-pais\/"]}]},{"@type":"ImageObject","inLanguage":"gl-ES","@id":"https:\/\/www.entreculturas.org\/gl\/noticia\/el-director-de-fe-y-alegria-haiti-nos-visita-para-acercarnos-la-realidad-de-este-pais\/#primaryimage","url":"https:\/\/www.entreculturas.org\/wp-content\/uploads\/2021\/09\/haiti_cordoba.jpeg","contentUrl":"https:\/\/www.entreculturas.org\/wp-content\/uploads\/2021\/09\/haiti_cordoba.jpeg","width":800,"height":573,"caption":"haiti_cordoba"},{"@type":"BreadcrumbList","@id":"https:\/\/www.entreculturas.org\/gl\/noticia\/el-director-de-fe-y-alegria-haiti-nos-visita-para-acercarnos-la-realidad-de-este-pais\/#breadcrumb","itemListElement":[{"@type":"ListItem","position":1,"name":"Home","item":"https:\/\/www.entreculturas.org\/gl\/"},{"@type":"ListItem","position":2,"name":"Noticias","item":"https:\/\/www.entreculturas.org\/gl\/noticias\/"},{"@type":"ListItem","position":3,"name":"El Director de Fe y Alegr\u00eda Hait\u00ed nos visita para acercarnos a la realidad de este pa\u00eds"}]},{"@type":"WebSite","@id":"https:\/\/www.entreculturas.org\/gl\/#website","url":"https:\/\/www.entreculturas.org\/gl\/","name":"Entreculturas","description":"","publisher":{"@id":"https:\/\/www.entreculturas.org\/gl\/#organization"},"alternateName":"Entreculturas","potentialAction":[{"@type":"SearchAction","target":{"@type":"EntryPoint","urlTemplate":"https:\/\/www.entreculturas.org\/gl\/?s={search_term_string}"},"query-input":{"@type":"PropertyValueSpecification","valueRequired":true,"valueName":"search_term_string"}}],"inLanguage":"gl-ES"},{"@type":"Organization","@id":"https:\/\/www.entreculturas.org\/gl\/#organization","name":"Entreculturas","url":"https:\/\/www.entreculturas.org\/gl\/","logo":{"@type":"ImageObject","inLanguage":"gl-ES","@id":"https:\/\/www.entreculturas.org\/gl\/#\/schema\/logo\/image\/","url":"https:\/\/www.entreculturas.org\/wp-content\/uploads\/2025\/10\/ESP.svg","contentUrl":"https:\/\/www.entreculturas.org\/wp-content\/uploads\/2025\/10\/ESP.svg","caption":"Entreculturas"},"image":{"@id":"https:\/\/www.entreculturas.org\/gl\/#\/schema\/logo\/image\/"},"sameAs":["https:\/\/www.facebook.com\/entreculturas","https:\/\/x.com\/Entreculturas","https:\/\/www.instagram.com\/entreculturas\/","https:\/\/www.youtube.com\/user\/entreculturasvideo","https:\/\/www.linkedin.com\/company\/fundacion-entreculturas-ngdo\/","https:\/\/www.flickr.com\/photos\/98455522@N04\/albums\/"]}]}},"_links":{"self":[{"href":"https:\/\/www.entreculturas.org\/gl\/wp-json\/wp\/v2\/noticia\/6174","targetHints":{"allow":["GET"]}}],"collection":[{"href":"https:\/\/www.entreculturas.org\/gl\/wp-json\/wp\/v2\/noticia"}],"about":[{"href":"https:\/\/www.entreculturas.org\/gl\/wp-json\/wp\/v2\/types\/noticia"}],"wp:featuredmedia":[{"embeddable":true,"href":"https:\/\/www.entreculturas.org\/gl\/wp-json\/wp\/v2\/media\/6176"}],"wp:attachment":[{"href":"https:\/\/www.entreculturas.org\/gl\/wp-json\/wp\/v2\/media?parent=6174"}],"wp:term":[{"taxonomy":"category","embeddable":true,"href":"https:\/\/www.entreculturas.org\/gl\/wp-json\/wp\/v2\/categories?post=6174"},{"taxonomy":"post_tag","embeddable":true,"href":"https:\/\/www.entreculturas.org\/gl\/wp-json\/wp\/v2\/tags?post=6174"},{"taxonomy":"country","embeddable":true,"href":"https:\/\/www.entreculturas.org\/gl\/wp-json\/wp\/v2\/country?post=6174"},{"taxonomy":"cause","embeddable":true,"href":"https:\/\/www.entreculturas.org\/gl\/wp-json\/wp\/v2\/cause?post=6174"}],"curies":[{"name":"wp","href":"https:\/\/api.w.org\/{rel}","templated":true}]}}