{"id":6079,"date":"2021-08-03T09:59:46","date_gmt":"2021-08-03T09:59:46","guid":{"rendered":"https:\/\/entreculturasi.wpenginepowered.com\/?noticias=la-emergencia-humanitaria-tras-la-erupcion-del-monte-nyragongo-en-rd-congo"},"modified":"2024-02-19T17:43:00","modified_gmt":"2024-02-19T16:43:00","slug":"la-emergencia-humanitaria-tras-la-erupcion-del-monte-nyragongo-en-rd-congo","status":"publish","type":"noticia","link":"https:\/\/www.entreculturas.org\/gl\/noticia\/la-emergencia-humanitaria-tras-la-erupcion-del-monte-nyragongo-en-rd-congo\/","title":{"rendered":"La emergencia humanitaria tras la erupci\u00f3n del Monte Nyragongo en R.D. Congo"},"content":{"rendered":"<p style=\"text-align: justify\">En la Rep\u00fablica Democr\u00e1tica del Congo, casi 450.000 personas fueron evacuadas a causa de la erupci\u00f3n del Monte Nyiragongo el pasado 22 de mayo. <strong><a href=\"https:\/\/www.entreculturas.org\/es\/noticias\/las-personas-refugiadas-en-goma-doblemente-vulneradas-por-la-erupcion-del-monte-nyiragongo\">En la ciudad de Goma<\/a> y en las \u00e1reas cercanas al volc\u00e1n, miles de familias han perdido sus casas y sus tierras han sido engullidas por la lava. <\/strong>Dos meses despu\u00e9s, la situaci\u00f3n sigue siendo grave. Aunque la mayor\u00eda de personas desplazadas ya han regresado a sus pueblos, miles de familias se alojan en instalaciones provisionales o en hogares de acogida. La erupci\u00f3n del volc\u00e1n ha afectado a varias escuelas, dejando al alumnado sin clases y al profesorado &nbsp;sin sus ingresos.<\/p>\n<\/p>\n<p>Tras la erupci\u00f3n del volc\u00e1n, el Servicio Jesuita a Refugiados (JRS) en R.D. Congo, organizaci\u00f3n socia de Alboan y Entreculturas, ha ofrecido asistencia urgente a las personas desplazadas al pueblo de Minova (territorio de Kalehe, en provincia de Sud-Kivu), a 40 km de Goma. Tambi\u00e9n est\u00e1n evaluando las necesidades en las localidades de Mujoga y Mugerwa (Nyiragongo), para poder acompa\u00f1ar, ayudar y proteger a las v\u00edctimas de esta tragedia, mejorar la ense\u00f1anza y brindar apoyo psicosocial en medio de esta crisis humanitaria.<\/p>\n<p>Tres habitantes de Mujoga y Mugerwa han querido compartir sus<strong> testimonios<\/strong> para acercarnos a la dif\u00edcil situaci\u00f3n que est\u00e1n atravesando.<\/p>\n<p><span style=\"color:#FF0000\"><strong>Ernest Katoto Ryanze&nbsp;<\/strong><\/span><br \/><span style=\"font-style: italic\">Monitor del Instituto de Kibati y secretario del \u201cComit\u00e9 de Emergencias por la Erupci\u00f3n del Monte Nyiragongo\u201d.<\/span><\/p>\n<p><img decoding=\"async\" alt=\"\" src=\"https:\/\/www.entreculturas.org\/wp-content\/uploads\/2021\/08\/ioioioi.jpg\" style=\"width: 800px;height: 450px\"><\/p>\n<p style=\"text-align: justify\">El d\u00eda de la erupci\u00f3n, la lava invadi\u00f3 las parcelas de los habitantes y barri\u00f3 las casas. Se produjeron fallecimientos en la escuela. <strong>Los terremotos causaron da\u00f1os en el instituto; los despachos y las aulas quedaron reducidos a escombros.&nbsp;<\/strong>La situaci\u00f3n de los estudiantes es catastr\u00f3fica. Lo han perdido todo: uniformes, ropa, enseres b\u00e1sicos\u2026 Ante ello, pedimos ayuda inmediata para seguir escolarizando y ayudando a los ni\u00f1os y ni\u00f1as.<\/p>\n<p style=\"text-align: justify\">El JRS financi\u00f3 la participaci\u00f3n en los ex\u00e1menes estatales de 60 estudiantes de zonas afectadas por el volc\u00e1n, incluidos 14 estudiantes de nuestro instituto.<br \/>Como secretario del \u201cComit\u00e9 de Emergencias por la Erupci\u00f3n del Monte Nyiragongo\u201d, tengo el cometido de informar acerca de la evoluci\u00f3n de la situaci\u00f3n, el desarrollo de las actividades y de cualquier posible problema, como la aparici\u00f3n de enfermedades.<br \/>Antes, ten\u00edamos a 850 familias en las instalaciones de emergencia, aunque las familias desplazadas en Rutshuru y Masisi ya han podido regresar con ayuda del gobierno. Las personas que cruzaron a Ruanda est\u00e1n volviendo paulatinamente. Actualmente, <strong>hemos contado e identificado a 1.600 familias <\/strong>en Mujoga.<\/p>\n<p style=\"text-align: justify\">En el campo donde me encuentro vivimos numerosas penalidades. Entre ellas, el alojamiento precario, algo que tarde o temprano generar\u00e1 enfermedades, y la dificultad para conseguir comida. No hay suficiente, por lo que surgen conflictos.<br \/>Hemos contabilizado 26 muertes en Kibati. Varios ni\u00f1os siguen todav\u00eda desaparecidos. Hemos intentado localizarlos en hogares de acogida, sin resultado de momento.<\/p>\n<p>No es la primera vez que vivimos una erupci\u00f3n del Nyiragongo. En 2002, tuvimos que huir precipitadamente ante el avance de la lava.<\/p>\n<p>Era muy buen sitio para vivir, por lo que no lo quiero dejar a pesar de las dificultades.<\/p>\n<address>&nbsp;<\/address>\n<h2><span style=\"color:#FF0000\"><strong>Profesor de educaci\u00f3n secundaria*<\/strong><\/span><\/h2>\n<p>*<em>Por su propia seguridad, el profesor prefiere mantener el anonimato. &nbsp;<\/em><\/p>\n<p><img decoding=\"async\" alt=\"\" height=\"450\" src=\"https:\/\/www.entreculturas.org\/wp-content\/uploads\/2021\/08\/pppppp.jpg\" width=\"800\"><\/p>\n<p style=\"text-align: justify\">Antes, el instituto de secundaria contaba con 265 alumnos. Despu\u00e9s de la erupci\u00f3n, tuvimos problemas para encontrarlos, ya que estaban desperdigados tras la p\u00e9rdida de sus casas. Las familias tuvieron que separarse e irse con otras familias, dada la falta de alojamiento.<strong> Actualmente, solo vienen al colegio entre 115 y 130 estudiantes<\/strong>, en condiciones precarias.<br \/>Anteriormente, los alumnos de secundaria acud\u00edan a clase por la ma\u00f1ana. (Como el instituto de secundaria qued\u00f3 destruido, ahora, los alumnos deben acudir por las tardes al edificio de primaria). Por la tarde, los alumnos de secundaria est\u00e1n cansados y desanimados, por lo que no pueden atender correctamente en clase.<\/p>\n<p>A los profesores tambi\u00e9n nos faltan \u00e1nimos. <strong>Antes de la erupci\u00f3n, cont\u00e1bamos con la ayuda de los padres y las madres,<\/strong> pero con los problemas por los que pasamos ahora, nos estamos dejando la piel para salir adelante.<br \/>La educaci\u00f3n primaria es gratuita en nuestro pa\u00eds, ya sea en los colegios p\u00fablicos o en los privados. Sin embargo, en secundaria ocurre todo lo contrario, son los padres quienes nos dan el sueldo. Sol\u00edan pagarnos con lo que obten\u00edan de la venta de hortalizas o legumbres. Debido a la erupci\u00f3n del volc\u00e1n, dicha fuente de ingresos se ha visto seriamente afectada.<\/p>\n<p>Como pod\u00e9is ver, los padres se encuentran atrapados en instalaciones de emergencia. \u00bfC\u00f3mo podemos hacer que nos paguen, si son v\u00edctimas? La lava ha destruido sus casas, sus campos y sus posesiones; tambi\u00e9n ha acabado con nuestra ropa. No tenemos para comer, ni siquiera para comprar tiza.<\/p>\n<p><img decoding=\"async\" alt=\"\" src=\"https:\/\/www.entreculturas.org\/wp-content\/uploads\/2021\/08\/rrrrrr.jpg\" style=\"width: 800px;height: 450px\"><\/p>\n<p><span style=\"font-style: italic\">La lava solidificada cubre lo que una vez fueron campos de cultivo y casas en Mujoga.<\/span><\/p>\n<p style=\"text-align: justify\"><strong>La educaci\u00f3n es esencial para la vida. <\/strong>Nosotros nos comprometimos con el principio de ense\u00f1ar y ayudar a la poblaci\u00f3n. Igualmente, la comunidad debe inculcar a los ni\u00f1os y ni\u00f1as la importancia de estudiar. Deben ir a la escuela independientemente de la edad. Existen planes de recuperaci\u00f3n puestos en marcha en las escuelas.<\/p>\n<p>Necesitamos la colaboraci\u00f3n de organismos en la financiaci\u00f3n y la reconstrucci\u00f3n. El JRS ya nos ayuda en las labores de construcci\u00f3n y con los salarios de los profesores, puesto que no podemos pedir dinero a los padres.<\/p>\n<p><span style=\"color:#FF0000\"><strong>H\u00e9l\u00e9ne Ishara Semiteja&nbsp;<\/strong><\/span><br \/><span style=\"font-style: italic\">Universitaria de 21 a\u00f1os afectada por la erupci\u00f3n&nbsp;<\/span><\/p>\n<p><img decoding=\"async\" alt=\"\" src=\"https:\/\/www.entreculturas.org\/wp-content\/uploads\/2021\/08\/rdc_nyiragongo_2021_0715_credits_to_irene_galera-15_1.jpg\" style=\"width: 800px;height: 450px\"><\/p>\n<address>&nbsp;<\/address>\n<p style=\"text-align: justify\">Antes que el volc\u00e1n hiciera erupci\u00f3n, estaba estudiando Enfermer\u00eda (en la universidad), pero toda la actividad se detuvo a causa de la falta de medios. Nuestros campos, nuestras casas\u2026 Todo lo que ten\u00edamos acab\u00f3 devorado por las llamas.<br \/>La erupci\u00f3n se produjo de repente. Algunos est\u00e1bamos en casa, otros en el mercado. <strong>Vimos el fuego y huimos todos hacia la monta\u00f1a.<\/strong> Nos vimos ah\u00ed, toda la gente joven y mayor del pueblo. No fue un momento f\u00e1cil, lo hab\u00edamos dejado todo atr\u00e1s.<br \/>Ten\u00eda miedo, no sab\u00eda qu\u00e9 hacer. Est\u00e1bamos en peligro.<\/p>\n<p>Desde aquel momento, nos hab\u00edamos quedado sin tierras y ya ni consegu\u00edamos el dinero para pagar la universidad. Me duele <strong>no poder ir, me limito a quedarme en el barrio sin hacer nada.<\/strong><\/p>\n","protected":false},"excerpt":{"rendered":"<p>En la Rep\u00fablica Democr\u00e1tica del Congo, casi 450.000 personas fueron evacuadas a causa de la erupci\u00f3n del Monte Nyiragongo el pasado 22 de mayo. En la ciudad de Goma y en las \u00e1reas cercanas al volc\u00e1n, miles de familias han perdido sus casas y sus tierras han sido engullidas por la lava. Dos meses despu\u00e9s, la situaci\u00f3n sigue siendo grave.<\/p>\n","protected":false},"featured_media":6080,"template":"single-noticia","meta":{"_acf_changed":false},"categories":[7],"tags":[185],"country":[318],"cause":[132],"class_list":["post-6079","noticia","type-noticia","status-publish","has-post-thumbnail","hentry","category-noticia","tag-entreculturas","country-republica-democratica-del-congo","cause-participacion-y-ciudadania-global"],"acf":[],"yoast_head":"<!-- This site is optimized with the Yoast SEO Premium plugin v21.6 (Yoast SEO v27.5) - https:\/\/yoast.com\/product\/yoast-seo-premium-wordpress\/ -->\n<title>La emergencia humanitaria tras la erupci\u00f3n del Monte Nyragongo en R.D. Congo - Entreculturas<\/title>\n<meta name=\"robots\" content=\"index, follow, max-snippet:-1, max-image-preview:large, max-video-preview:-1\" \/>\n<link rel=\"canonical\" href=\"https:\/\/www.entreculturas.org\/gl\/noticia\/la-emergencia-humanitaria-tras-la-erupcion-del-monte-nyragongo-en-rd-congo\/\" \/>\n<meta property=\"og:locale\" content=\"gl_ES\" \/>\n<meta property=\"og:type\" content=\"article\" \/>\n<meta property=\"og:title\" content=\"La emergencia humanitaria tras la erupci\u00f3n del Monte Nyragongo en R.D. Congo\" \/>\n<meta property=\"og:description\" content=\"En la Rep\u00fablica Democr\u00e1tica del Congo, casi 450.000 personas fueron evacuadas a causa de la erupci\u00f3n del Monte Nyiragongo el pasado 22 de mayo. En la ciudad de Goma y en las \u00e1reas cercanas al volc\u00e1n, miles de familias han perdido sus casas y sus tierras han sido engullidas por la lava. Dos meses despu\u00e9s, la situaci\u00f3n sigue siendo grave.\" \/>\n<meta property=\"og:url\" content=\"https:\/\/www.entreculturas.org\/gl\/noticia\/la-emergencia-humanitaria-tras-la-erupcion-del-monte-nyragongo-en-rd-congo\/\" \/>\n<meta property=\"og:site_name\" content=\"Entreculturas\" \/>\n<meta property=\"article:publisher\" content=\"https:\/\/www.facebook.com\/entreculturas\" \/>\n<meta property=\"article:modified_time\" content=\"2024-02-19T16:43:00+00:00\" \/>\n<meta property=\"og:image\" content=\"https:\/\/www.entreculturas.org\/wp-content\/uploads\/2021\/08\/rdc_nyiragongo_2021_0713_credit_to_irene_galera-06_1_1.jpg\" \/>\n\t<meta property=\"og:image:width\" content=\"800\" \/>\n\t<meta property=\"og:image:height\" content=\"450\" \/>\n\t<meta property=\"og:image:type\" content=\"image\/jpeg\" \/>\n<meta name=\"twitter:card\" content=\"summary_large_image\" \/>\n<meta name=\"twitter:site\" content=\"@Entreculturas\" \/>\n<script type=\"application\/ld+json\" class=\"yoast-schema-graph\">{\"@context\":\"https:\\\/\\\/schema.org\",\"@graph\":[{\"@type\":\"WebPage\",\"@id\":\"https:\\\/\\\/www.entreculturas.org\\\/gl\\\/noticia\\\/la-emergencia-humanitaria-tras-la-erupcion-del-monte-nyragongo-en-rd-congo\\\/\",\"url\":\"https:\\\/\\\/www.entreculturas.org\\\/gl\\\/noticia\\\/la-emergencia-humanitaria-tras-la-erupcion-del-monte-nyragongo-en-rd-congo\\\/\",\"name\":\"La emergencia humanitaria tras la erupci\u00f3n del Monte Nyragongo en R.D. Congo - Entreculturas\",\"isPartOf\":{\"@id\":\"https:\\\/\\\/www.entreculturas.org\\\/gl\\\/#website\"},\"primaryImageOfPage\":{\"@id\":\"https:\\\/\\\/www.entreculturas.org\\\/gl\\\/noticia\\\/la-emergencia-humanitaria-tras-la-erupcion-del-monte-nyragongo-en-rd-congo\\\/#primaryimage\"},\"image\":{\"@id\":\"https:\\\/\\\/www.entreculturas.org\\\/gl\\\/noticia\\\/la-emergencia-humanitaria-tras-la-erupcion-del-monte-nyragongo-en-rd-congo\\\/#primaryimage\"},\"thumbnailUrl\":\"https:\\\/\\\/www.entreculturas.org\\\/wp-content\\\/uploads\\\/2021\\\/08\\\/rdc_nyiragongo_2021_0713_credit_to_irene_galera-06_1_1.jpg\",\"datePublished\":\"2021-08-03T09:59:46+00:00\",\"dateModified\":\"2024-02-19T16:43:00+00:00\",\"breadcrumb\":{\"@id\":\"https:\\\/\\\/www.entreculturas.org\\\/gl\\\/noticia\\\/la-emergencia-humanitaria-tras-la-erupcion-del-monte-nyragongo-en-rd-congo\\\/#breadcrumb\"},\"inLanguage\":\"gl-ES\",\"potentialAction\":[{\"@type\":\"ReadAction\",\"target\":[\"https:\\\/\\\/www.entreculturas.org\\\/gl\\\/noticia\\\/la-emergencia-humanitaria-tras-la-erupcion-del-monte-nyragongo-en-rd-congo\\\/\"]}]},{\"@type\":\"ImageObject\",\"inLanguage\":\"gl-ES\",\"@id\":\"https:\\\/\\\/www.entreculturas.org\\\/gl\\\/noticia\\\/la-emergencia-humanitaria-tras-la-erupcion-del-monte-nyragongo-en-rd-congo\\\/#primaryimage\",\"url\":\"https:\\\/\\\/www.entreculturas.org\\\/wp-content\\\/uploads\\\/2021\\\/08\\\/rdc_nyiragongo_2021_0713_credit_to_irene_galera-06_1_1.jpg\",\"contentUrl\":\"https:\\\/\\\/www.entreculturas.org\\\/wp-content\\\/uploads\\\/2021\\\/08\\\/rdc_nyiragongo_2021_0713_credit_to_irene_galera-06_1_1.jpg\",\"width\":800,\"height\":450,\"caption\":\"rdc_nyiragongo_2021_0713_credit_to_irene_galera-06_1_1\"},{\"@type\":\"BreadcrumbList\",\"@id\":\"https:\\\/\\\/www.entreculturas.org\\\/gl\\\/noticia\\\/la-emergencia-humanitaria-tras-la-erupcion-del-monte-nyragongo-en-rd-congo\\\/#breadcrumb\",\"itemListElement\":[{\"@type\":\"ListItem\",\"position\":1,\"name\":\"Home\",\"item\":\"https:\\\/\\\/www.entreculturas.org\\\/gl\\\/\"},{\"@type\":\"ListItem\",\"position\":2,\"name\":\"Noticias\",\"item\":\"https:\\\/\\\/www.entreculturas.org\\\/gl\\\/noticias\\\/\"},{\"@type\":\"ListItem\",\"position\":3,\"name\":\"La emergencia humanitaria tras la erupci\u00f3n del Monte Nyragongo en R.D. Congo\"}]},{\"@type\":\"WebSite\",\"@id\":\"https:\\\/\\\/www.entreculturas.org\\\/gl\\\/#website\",\"url\":\"https:\\\/\\\/www.entreculturas.org\\\/gl\\\/\",\"name\":\"Entreculturas\",\"description\":\"\",\"publisher\":{\"@id\":\"https:\\\/\\\/www.entreculturas.org\\\/gl\\\/#organization\"},\"alternateName\":\"Entreculturas\",\"potentialAction\":[{\"@type\":\"SearchAction\",\"target\":{\"@type\":\"EntryPoint\",\"urlTemplate\":\"https:\\\/\\\/www.entreculturas.org\\\/gl\\\/?s={search_term_string}\"},\"query-input\":{\"@type\":\"PropertyValueSpecification\",\"valueRequired\":true,\"valueName\":\"search_term_string\"}}],\"inLanguage\":\"gl-ES\"},{\"@type\":\"Organization\",\"@id\":\"https:\\\/\\\/www.entreculturas.org\\\/gl\\\/#organization\",\"name\":\"Entreculturas\",\"url\":\"https:\\\/\\\/www.entreculturas.org\\\/gl\\\/\",\"logo\":{\"@type\":\"ImageObject\",\"inLanguage\":\"gl-ES\",\"@id\":\"https:\\\/\\\/www.entreculturas.org\\\/gl\\\/#\\\/schema\\\/logo\\\/image\\\/\",\"url\":\"https:\\\/\\\/www.entreculturas.org\\\/wp-content\\\/uploads\\\/2025\\\/10\\\/ESP.svg\",\"contentUrl\":\"https:\\\/\\\/www.entreculturas.org\\\/wp-content\\\/uploads\\\/2025\\\/10\\\/ESP.svg\",\"caption\":\"Entreculturas\"},\"image\":{\"@id\":\"https:\\\/\\\/www.entreculturas.org\\\/gl\\\/#\\\/schema\\\/logo\\\/image\\\/\"},\"sameAs\":[\"https:\\\/\\\/www.facebook.com\\\/entreculturas\",\"https:\\\/\\\/x.com\\\/Entreculturas\",\"https:\\\/\\\/www.instagram.com\\\/entreculturas\\\/\",\"https:\\\/\\\/www.youtube.com\\\/user\\\/entreculturasvideo\",\"https:\\\/\\\/www.linkedin.com\\\/company\\\/fundacion-entreculturas-ngdo\\\/\",\"https:\\\/\\\/www.flickr.com\\\/photos\\\/98455522@N04\\\/albums\\\/\"]}]}<\/script>\n<!-- \/ Yoast SEO Premium plugin. -->","yoast_head_json":{"title":"La emergencia humanitaria tras la erupci\u00f3n del Monte Nyragongo en R.D. Congo - Entreculturas","robots":{"index":"index","follow":"follow","max-snippet":"max-snippet:-1","max-image-preview":"max-image-preview:large","max-video-preview":"max-video-preview:-1"},"canonical":"https:\/\/www.entreculturas.org\/gl\/noticia\/la-emergencia-humanitaria-tras-la-erupcion-del-monte-nyragongo-en-rd-congo\/","og_locale":"gl_ES","og_type":"article","og_title":"La emergencia humanitaria tras la erupci\u00f3n del Monte Nyragongo en R.D. Congo","og_description":"En la Rep\u00fablica Democr\u00e1tica del Congo, casi 450.000 personas fueron evacuadas a causa de la erupci\u00f3n del Monte Nyiragongo el pasado 22 de mayo. En la ciudad de Goma y en las \u00e1reas cercanas al volc\u00e1n, miles de familias han perdido sus casas y sus tierras han sido engullidas por la lava. Dos meses despu\u00e9s, la situaci\u00f3n sigue siendo grave.","og_url":"https:\/\/www.entreculturas.org\/gl\/noticia\/la-emergencia-humanitaria-tras-la-erupcion-del-monte-nyragongo-en-rd-congo\/","og_site_name":"Entreculturas","article_publisher":"https:\/\/www.facebook.com\/entreculturas","article_modified_time":"2024-02-19T16:43:00+00:00","og_image":[{"width":800,"height":450,"url":"https:\/\/www.entreculturas.org\/wp-content\/uploads\/2021\/08\/rdc_nyiragongo_2021_0713_credit_to_irene_galera-06_1_1.jpg","type":"image\/jpeg"}],"twitter_card":"summary_large_image","twitter_site":"@Entreculturas","schema":{"@context":"https:\/\/schema.org","@graph":[{"@type":"WebPage","@id":"https:\/\/www.entreculturas.org\/gl\/noticia\/la-emergencia-humanitaria-tras-la-erupcion-del-monte-nyragongo-en-rd-congo\/","url":"https:\/\/www.entreculturas.org\/gl\/noticia\/la-emergencia-humanitaria-tras-la-erupcion-del-monte-nyragongo-en-rd-congo\/","name":"La emergencia humanitaria tras la erupci\u00f3n del Monte Nyragongo en R.D. Congo - Entreculturas","isPartOf":{"@id":"https:\/\/www.entreculturas.org\/gl\/#website"},"primaryImageOfPage":{"@id":"https:\/\/www.entreculturas.org\/gl\/noticia\/la-emergencia-humanitaria-tras-la-erupcion-del-monte-nyragongo-en-rd-congo\/#primaryimage"},"image":{"@id":"https:\/\/www.entreculturas.org\/gl\/noticia\/la-emergencia-humanitaria-tras-la-erupcion-del-monte-nyragongo-en-rd-congo\/#primaryimage"},"thumbnailUrl":"https:\/\/www.entreculturas.org\/wp-content\/uploads\/2021\/08\/rdc_nyiragongo_2021_0713_credit_to_irene_galera-06_1_1.jpg","datePublished":"2021-08-03T09:59:46+00:00","dateModified":"2024-02-19T16:43:00+00:00","breadcrumb":{"@id":"https:\/\/www.entreculturas.org\/gl\/noticia\/la-emergencia-humanitaria-tras-la-erupcion-del-monte-nyragongo-en-rd-congo\/#breadcrumb"},"inLanguage":"gl-ES","potentialAction":[{"@type":"ReadAction","target":["https:\/\/www.entreculturas.org\/gl\/noticia\/la-emergencia-humanitaria-tras-la-erupcion-del-monte-nyragongo-en-rd-congo\/"]}]},{"@type":"ImageObject","inLanguage":"gl-ES","@id":"https:\/\/www.entreculturas.org\/gl\/noticia\/la-emergencia-humanitaria-tras-la-erupcion-del-monte-nyragongo-en-rd-congo\/#primaryimage","url":"https:\/\/www.entreculturas.org\/wp-content\/uploads\/2021\/08\/rdc_nyiragongo_2021_0713_credit_to_irene_galera-06_1_1.jpg","contentUrl":"https:\/\/www.entreculturas.org\/wp-content\/uploads\/2021\/08\/rdc_nyiragongo_2021_0713_credit_to_irene_galera-06_1_1.jpg","width":800,"height":450,"caption":"rdc_nyiragongo_2021_0713_credit_to_irene_galera-06_1_1"},{"@type":"BreadcrumbList","@id":"https:\/\/www.entreculturas.org\/gl\/noticia\/la-emergencia-humanitaria-tras-la-erupcion-del-monte-nyragongo-en-rd-congo\/#breadcrumb","itemListElement":[{"@type":"ListItem","position":1,"name":"Home","item":"https:\/\/www.entreculturas.org\/gl\/"},{"@type":"ListItem","position":2,"name":"Noticias","item":"https:\/\/www.entreculturas.org\/gl\/noticias\/"},{"@type":"ListItem","position":3,"name":"La emergencia humanitaria tras la erupci\u00f3n del Monte Nyragongo en R.D. Congo"}]},{"@type":"WebSite","@id":"https:\/\/www.entreculturas.org\/gl\/#website","url":"https:\/\/www.entreculturas.org\/gl\/","name":"Entreculturas","description":"","publisher":{"@id":"https:\/\/www.entreculturas.org\/gl\/#organization"},"alternateName":"Entreculturas","potentialAction":[{"@type":"SearchAction","target":{"@type":"EntryPoint","urlTemplate":"https:\/\/www.entreculturas.org\/gl\/?s={search_term_string}"},"query-input":{"@type":"PropertyValueSpecification","valueRequired":true,"valueName":"search_term_string"}}],"inLanguage":"gl-ES"},{"@type":"Organization","@id":"https:\/\/www.entreculturas.org\/gl\/#organization","name":"Entreculturas","url":"https:\/\/www.entreculturas.org\/gl\/","logo":{"@type":"ImageObject","inLanguage":"gl-ES","@id":"https:\/\/www.entreculturas.org\/gl\/#\/schema\/logo\/image\/","url":"https:\/\/www.entreculturas.org\/wp-content\/uploads\/2025\/10\/ESP.svg","contentUrl":"https:\/\/www.entreculturas.org\/wp-content\/uploads\/2025\/10\/ESP.svg","caption":"Entreculturas"},"image":{"@id":"https:\/\/www.entreculturas.org\/gl\/#\/schema\/logo\/image\/"},"sameAs":["https:\/\/www.facebook.com\/entreculturas","https:\/\/x.com\/Entreculturas","https:\/\/www.instagram.com\/entreculturas\/","https:\/\/www.youtube.com\/user\/entreculturasvideo","https:\/\/www.linkedin.com\/company\/fundacion-entreculturas-ngdo\/","https:\/\/www.flickr.com\/photos\/98455522@N04\/albums\/"]}]}},"_links":{"self":[{"href":"https:\/\/www.entreculturas.org\/gl\/wp-json\/wp\/v2\/noticia\/6079","targetHints":{"allow":["GET"]}}],"collection":[{"href":"https:\/\/www.entreculturas.org\/gl\/wp-json\/wp\/v2\/noticia"}],"about":[{"href":"https:\/\/www.entreculturas.org\/gl\/wp-json\/wp\/v2\/types\/noticia"}],"wp:featuredmedia":[{"embeddable":true,"href":"https:\/\/www.entreculturas.org\/gl\/wp-json\/wp\/v2\/media\/6080"}],"wp:attachment":[{"href":"https:\/\/www.entreculturas.org\/gl\/wp-json\/wp\/v2\/media?parent=6079"}],"wp:term":[{"taxonomy":"category","embeddable":true,"href":"https:\/\/www.entreculturas.org\/gl\/wp-json\/wp\/v2\/categories?post=6079"},{"taxonomy":"post_tag","embeddable":true,"href":"https:\/\/www.entreculturas.org\/gl\/wp-json\/wp\/v2\/tags?post=6079"},{"taxonomy":"country","embeddable":true,"href":"https:\/\/www.entreculturas.org\/gl\/wp-json\/wp\/v2\/country?post=6079"},{"taxonomy":"cause","embeddable":true,"href":"https:\/\/www.entreculturas.org\/gl\/wp-json\/wp\/v2\/cause?post=6079"}],"curies":[{"name":"wp","href":"https:\/\/api.w.org\/{rel}","templated":true}]}}