{"id":6029,"date":"2021-07-13T08:59:47","date_gmt":"2021-07-13T08:59:47","guid":{"rendered":"https:\/\/entreculturasi.wpenginepowered.com\/?noticias=el-viaje-de-sineyi"},"modified":"2024-02-19T17:39:18","modified_gmt":"2024-02-19T16:39:18","slug":"el-viaje-de-sineyi","status":"publish","type":"noticia","link":"https:\/\/www.entreculturas.org\/gl\/noticia\/el-viaje-de-sineyi\/","title":{"rendered":"El viaje de Sineyi"},"content":{"rendered":"<\/p>\n<p><span style=\"font-size:10px\">\u00a9SergiC\u00e1mara\/Entreculturas<\/span><\/p>\n<p>Sineyi es venezolana, madre y solicitante de asilo. Ahora vive en Valencia, donde desde hace unos meses est\u00e1 construyendo una nueva vida para ella y su hija, Sidney,&nbsp;gracias al acompa\u00f1amiento del Servicio Jesuita a Migrantes (SJM), despu\u00e9s de un camino lleno de dificultades. <strong>Su historia de vida la pudimos conocer durante la rueda de prensa de la campa\u00f1a <a href=\"https:\/\/www.hospitalidad.es\/caminosdehospitalidad\/\">Caminos de Hospitalidad <\/a>#SumoMiCamino. <\/strong>Una historia&nbsp;tan dura como la de las miles de personas refugiadas y migrantes que se ven obligadas a dejarlo todo atr\u00e1s, empujadas por la guerra, los conflictos o la persecuci\u00f3n.<\/p>\n<p>Durante la presentaci\u00f3n, Sineyi relata c\u00f3mo tuvo que marcharse de su pa\u00eds en 2018 en un clima de gran inestabilidad pol\u00edtica. Abandon\u00f3 su casa junto a su hija con apenas un par de maletas y sin saber el pa\u00eds de destino al que se dirig\u00edan. Recuerda c\u00f3mo salieron de madrugada, a escondidas, y c\u00f3mo trataba de tranquilizar a su hija. \u201c<em>Vamos a estar bien<\/em>\u201d, le repet\u00eda<strong> <\/strong>en el autob\u00fas hacia la frontera con Colombia.<\/p>\n<p><strong>Uno de sus mayores miedos era el riesgo de un encuentro con grupos armados. <\/strong>\u201c<em>Cobran lo que llaman all\u00e1 \u2018la vacuna\u2019 a todas las personas que se trasladan de un estado a otro<\/em>\u201d, nos explica. \u201c<em>Mi temor era mi hija, porque ellos toman a los ni\u00f1os, a los varones, para entrenarlos y a las ni\u00f1as para prostituirlas. En el autob\u00fas le puse todas las bolsas que pude encima y rec\u00e9 para que no la vieran. Subieron cuatro hombres en dos ocasiones al autob\u00fas, diciendo: \u2018lo que me guste, me lo voy a llevar\u2019. Le quitaron el dinero al ch\u00f3fer. Pero logramos pasar y llegamos a la frontera con Colombia con el susto a flor de piel.<\/em>\u201d<\/p>\n<p><em>&#8220;Ten\u00eda que entregar los documentos en la oficina de inmigraci\u00f3n para poder salir a Colombia. [El oficial de inmigraci\u00f3n] me dijo que <strong>&#8216;la ni\u00f1a no sale porque los hijos son de la patria&#8217; <\/strong>y lament\u00e1ndolo mucho los ni\u00f1os no pueden salir del pa\u00eds<\/em>\u201d, recuerda. \u201c<em>Me sellaron el pasaporte, el de la ni\u00f1a no. Yo empec\u00e9 a llorar. Las dos maletas peque\u00f1as que era lo \u00fanico que hab\u00edamos podido sacar las dejamos tiradas a un lado porque mi prioridad era sacar a mi hija. Le conmov\u00ed el coraz\u00f3n al chico y me sell\u00f3 el pasaporte de ella. Fueron tres horas de angustia.<\/em>\u201d<\/p>\n<p><img decoding=\"async\" alt=\"\" src=\"https:\/\/www.entreculturas.org\/wp-content\/uploads\/2021\/07\/captura_de_pantalla_2021-07-13_a_las_10.44.20.png\" style=\"width: 800px;height: 446px\"><\/p>\n<p><span style=\"font-size: 10px\">\u00a9SergiC\u00e1mara\/Entreculturas<\/span><\/p>\n<p><strong>Tras su paso por Colombia, Sineyi y su hija tomaron rumbo a Espa\u00f1a \u201c<\/strong><em><strong>esperando que todo saliera bien y que no hubiese m\u00e1s angustias y m\u00e1s desesperanza<\/strong><\/em>\u201d. Sin embargo, las cosas tampoco fueron f\u00e1ciles. Desde su llegada a nuestro pa\u00eds en mayo de 2018, tuvieron que enfrentarse muchas veces a la incomprensi\u00f3n y a procesos lentos y complejos<strong> <\/strong>a la hora de solicitar asilo pol\u00edtico. Adem\u00e1s, la pandemia empeor\u00f3 todav\u00eda m\u00e1s su situaci\u00f3n econ\u00f3mica. \u201c<em>Fueron tres a\u00f1os de angustia<\/em>\u201d, explica con la voz quebrada.<\/p>\n<p>Todo cambi\u00f3 cuando contact\u00f3 con SJM Valencia y entraron en el programa de Hospitalidad, que cuenta con una red de pisos de acogida para personas refugiadas, migrantes y solicitantes de asilo. \u201c<em><strong>En dos meses en el piso de acogida me han hecho sentir que estoy viva, <\/strong>que somos profesionales y que podemos desarrollarnos<\/em>\u201d, nos explica. \u201c<em>En enero me quer\u00eda morir porque no le daba salida a mi vida y hoy, de verdad, me siento viva y siento que puedo seguir, que puedo avanzar<\/em>\u201d.<\/p>\n<p>Las personas como Sineyi y su hija, que han tenido que dejar todo atr\u00e1s y que est\u00e1n en un momento de m\u00e1xima vulnerabilidad, merecen todo nuestro apoyo para poder seguir con sus vidas. Desde la <a href=\"https:\/\/www.hospitalidad.es\/caminosdehospitalidad\/\" target=\"_blank\" rel=\"noopener\"><strong>red de proyectos de Hospitalidad<\/strong><\/a>, que llevamos a cabo las obras sociales de la Compa\u00f1\u00eda de Jes\u00fas, seguimos acompa\u00f1\u00e1ndolas, ofreci\u00e9ndoles refugio, oportunidades y esperanza en estos momentos complejos de crisis.<\/p>\n","protected":false},"excerpt":{"rendered":"<p>Sineyi es venezolana, madre y solicitante de asilo. Ahora vive en Valencia, donde desde hace unos meses est\u00e1 construyendo una nueva vida para ella y su hija gracias al acompa\u00f1amiento del Servicio Jesuita a Migrantes (SJM), despu\u00e9s de un camino lleno de dificultades. <\/p>\n","protected":false},"featured_media":6025,"template":"single-noticia","meta":{"_acf_changed":false},"categories":[7],"tags":[10],"country":[127],"cause":[129],"class_list":["post-6029","noticia","type-noticia","status-publish","has-post-thumbnail","hentry","category-noticia","tag-migracion-y-refugio","country-venezuela","cause-migracion-y-refugio"],"acf":[],"yoast_head":"<!-- This site is optimized with the Yoast SEO Premium plugin v21.6 (Yoast SEO v27.5) - https:\/\/yoast.com\/product\/yoast-seo-premium-wordpress\/ -->\n<title>El viaje de Sineyi - Entreculturas<\/title>\n<meta name=\"robots\" content=\"index, follow, max-snippet:-1, max-image-preview:large, max-video-preview:-1\" \/>\n<link rel=\"canonical\" href=\"https:\/\/www.entreculturas.org\/gl\/noticia\/el-viaje-de-sineyi\/\" \/>\n<meta property=\"og:locale\" content=\"gl_ES\" \/>\n<meta property=\"og:type\" content=\"article\" \/>\n<meta property=\"og:title\" content=\"El viaje de Sineyi\" \/>\n<meta property=\"og:description\" content=\"Sineyi es venezolana, madre y solicitante de asilo. Ahora vive en Valencia, donde desde hace unos meses est\u00e1 construyendo una nueva vida para ella y su hija gracias al acompa\u00f1amiento del Servicio Jesuita a Migrantes (SJM), despu\u00e9s de un camino lleno de dificultades.\" \/>\n<meta property=\"og:url\" content=\"https:\/\/www.entreculturas.org\/gl\/noticia\/el-viaje-de-sineyi\/\" \/>\n<meta property=\"og:site_name\" content=\"Entreculturas\" \/>\n<meta property=\"article:publisher\" content=\"https:\/\/www.facebook.com\/entreculturas\" \/>\n<meta property=\"article:modified_time\" content=\"2024-02-19T16:39:18+00:00\" \/>\n<meta property=\"og:image\" content=\"https:\/\/www.entreculturas.org\/wp-content\/uploads\/2021\/07\/captura_de_pantalla_2021-07-13_a_las_10.25.51.png\" \/>\n\t<meta property=\"og:image:width\" content=\"1080\" \/>\n\t<meta property=\"og:image:height\" content=\"714\" \/>\n\t<meta property=\"og:image:type\" content=\"image\/png\" \/>\n<meta name=\"twitter:card\" content=\"summary_large_image\" \/>\n<meta name=\"twitter:site\" content=\"@Entreculturas\" \/>\n<script type=\"application\/ld+json\" class=\"yoast-schema-graph\">{\"@context\":\"https:\\\/\\\/schema.org\",\"@graph\":[{\"@type\":\"WebPage\",\"@id\":\"https:\\\/\\\/www.entreculturas.org\\\/gl\\\/noticia\\\/el-viaje-de-sineyi\\\/\",\"url\":\"https:\\\/\\\/www.entreculturas.org\\\/gl\\\/noticia\\\/el-viaje-de-sineyi\\\/\",\"name\":\"El viaje de Sineyi - Entreculturas\",\"isPartOf\":{\"@id\":\"https:\\\/\\\/www.entreculturas.org\\\/gl\\\/#website\"},\"primaryImageOfPage\":{\"@id\":\"https:\\\/\\\/www.entreculturas.org\\\/gl\\\/noticia\\\/el-viaje-de-sineyi\\\/#primaryimage\"},\"image\":{\"@id\":\"https:\\\/\\\/www.entreculturas.org\\\/gl\\\/noticia\\\/el-viaje-de-sineyi\\\/#primaryimage\"},\"thumbnailUrl\":\"https:\\\/\\\/www.entreculturas.org\\\/wp-content\\\/uploads\\\/2021\\\/07\\\/captura_de_pantalla_2021-07-13_a_las_10.25.51.png\",\"datePublished\":\"2021-07-13T08:59:47+00:00\",\"dateModified\":\"2024-02-19T16:39:18+00:00\",\"breadcrumb\":{\"@id\":\"https:\\\/\\\/www.entreculturas.org\\\/gl\\\/noticia\\\/el-viaje-de-sineyi\\\/#breadcrumb\"},\"inLanguage\":\"gl-ES\",\"potentialAction\":[{\"@type\":\"ReadAction\",\"target\":[\"https:\\\/\\\/www.entreculturas.org\\\/gl\\\/noticia\\\/el-viaje-de-sineyi\\\/\"]}]},{\"@type\":\"ImageObject\",\"inLanguage\":\"gl-ES\",\"@id\":\"https:\\\/\\\/www.entreculturas.org\\\/gl\\\/noticia\\\/el-viaje-de-sineyi\\\/#primaryimage\",\"url\":\"https:\\\/\\\/www.entreculturas.org\\\/wp-content\\\/uploads\\\/2021\\\/07\\\/captura_de_pantalla_2021-07-13_a_las_10.25.51.png\",\"contentUrl\":\"https:\\\/\\\/www.entreculturas.org\\\/wp-content\\\/uploads\\\/2021\\\/07\\\/captura_de_pantalla_2021-07-13_a_las_10.25.51.png\",\"width\":1080,\"height\":714},{\"@type\":\"BreadcrumbList\",\"@id\":\"https:\\\/\\\/www.entreculturas.org\\\/gl\\\/noticia\\\/el-viaje-de-sineyi\\\/#breadcrumb\",\"itemListElement\":[{\"@type\":\"ListItem\",\"position\":1,\"name\":\"Home\",\"item\":\"https:\\\/\\\/www.entreculturas.org\\\/gl\\\/\"},{\"@type\":\"ListItem\",\"position\":2,\"name\":\"Noticias\",\"item\":\"https:\\\/\\\/www.entreculturas.org\\\/gl\\\/noticias\\\/\"},{\"@type\":\"ListItem\",\"position\":3,\"name\":\"El viaje de Sineyi\"}]},{\"@type\":\"WebSite\",\"@id\":\"https:\\\/\\\/www.entreculturas.org\\\/gl\\\/#website\",\"url\":\"https:\\\/\\\/www.entreculturas.org\\\/gl\\\/\",\"name\":\"Entreculturas\",\"description\":\"\",\"publisher\":{\"@id\":\"https:\\\/\\\/www.entreculturas.org\\\/gl\\\/#organization\"},\"alternateName\":\"Entreculturas\",\"potentialAction\":[{\"@type\":\"SearchAction\",\"target\":{\"@type\":\"EntryPoint\",\"urlTemplate\":\"https:\\\/\\\/www.entreculturas.org\\\/gl\\\/?s={search_term_string}\"},\"query-input\":{\"@type\":\"PropertyValueSpecification\",\"valueRequired\":true,\"valueName\":\"search_term_string\"}}],\"inLanguage\":\"gl-ES\"},{\"@type\":\"Organization\",\"@id\":\"https:\\\/\\\/www.entreculturas.org\\\/gl\\\/#organization\",\"name\":\"Entreculturas\",\"url\":\"https:\\\/\\\/www.entreculturas.org\\\/gl\\\/\",\"logo\":{\"@type\":\"ImageObject\",\"inLanguage\":\"gl-ES\",\"@id\":\"https:\\\/\\\/www.entreculturas.org\\\/gl\\\/#\\\/schema\\\/logo\\\/image\\\/\",\"url\":\"https:\\\/\\\/www.entreculturas.org\\\/wp-content\\\/uploads\\\/2025\\\/10\\\/ESP.svg\",\"contentUrl\":\"https:\\\/\\\/www.entreculturas.org\\\/wp-content\\\/uploads\\\/2025\\\/10\\\/ESP.svg\",\"caption\":\"Entreculturas\"},\"image\":{\"@id\":\"https:\\\/\\\/www.entreculturas.org\\\/gl\\\/#\\\/schema\\\/logo\\\/image\\\/\"},\"sameAs\":[\"https:\\\/\\\/www.facebook.com\\\/entreculturas\",\"https:\\\/\\\/x.com\\\/Entreculturas\",\"https:\\\/\\\/www.instagram.com\\\/entreculturas\\\/\",\"https:\\\/\\\/www.youtube.com\\\/user\\\/entreculturasvideo\",\"https:\\\/\\\/www.linkedin.com\\\/company\\\/fundacion-entreculturas-ngdo\\\/\",\"https:\\\/\\\/www.flickr.com\\\/photos\\\/98455522@N04\\\/albums\\\/\"]}]}<\/script>\n<!-- \/ Yoast SEO Premium plugin. -->","yoast_head_json":{"title":"El viaje de Sineyi - Entreculturas","robots":{"index":"index","follow":"follow","max-snippet":"max-snippet:-1","max-image-preview":"max-image-preview:large","max-video-preview":"max-video-preview:-1"},"canonical":"https:\/\/www.entreculturas.org\/gl\/noticia\/el-viaje-de-sineyi\/","og_locale":"gl_ES","og_type":"article","og_title":"El viaje de Sineyi","og_description":"Sineyi es venezolana, madre y solicitante de asilo. Ahora vive en Valencia, donde desde hace unos meses est\u00e1 construyendo una nueva vida para ella y su hija gracias al acompa\u00f1amiento del Servicio Jesuita a Migrantes (SJM), despu\u00e9s de un camino lleno de dificultades.","og_url":"https:\/\/www.entreculturas.org\/gl\/noticia\/el-viaje-de-sineyi\/","og_site_name":"Entreculturas","article_publisher":"https:\/\/www.facebook.com\/entreculturas","article_modified_time":"2024-02-19T16:39:18+00:00","og_image":[{"width":1080,"height":714,"url":"https:\/\/www.entreculturas.org\/wp-content\/uploads\/2021\/07\/captura_de_pantalla_2021-07-13_a_las_10.25.51.png","type":"image\/png"}],"twitter_card":"summary_large_image","twitter_site":"@Entreculturas","schema":{"@context":"https:\/\/schema.org","@graph":[{"@type":"WebPage","@id":"https:\/\/www.entreculturas.org\/gl\/noticia\/el-viaje-de-sineyi\/","url":"https:\/\/www.entreculturas.org\/gl\/noticia\/el-viaje-de-sineyi\/","name":"El viaje de Sineyi - Entreculturas","isPartOf":{"@id":"https:\/\/www.entreculturas.org\/gl\/#website"},"primaryImageOfPage":{"@id":"https:\/\/www.entreculturas.org\/gl\/noticia\/el-viaje-de-sineyi\/#primaryimage"},"image":{"@id":"https:\/\/www.entreculturas.org\/gl\/noticia\/el-viaje-de-sineyi\/#primaryimage"},"thumbnailUrl":"https:\/\/www.entreculturas.org\/wp-content\/uploads\/2021\/07\/captura_de_pantalla_2021-07-13_a_las_10.25.51.png","datePublished":"2021-07-13T08:59:47+00:00","dateModified":"2024-02-19T16:39:18+00:00","breadcrumb":{"@id":"https:\/\/www.entreculturas.org\/gl\/noticia\/el-viaje-de-sineyi\/#breadcrumb"},"inLanguage":"gl-ES","potentialAction":[{"@type":"ReadAction","target":["https:\/\/www.entreculturas.org\/gl\/noticia\/el-viaje-de-sineyi\/"]}]},{"@type":"ImageObject","inLanguage":"gl-ES","@id":"https:\/\/www.entreculturas.org\/gl\/noticia\/el-viaje-de-sineyi\/#primaryimage","url":"https:\/\/www.entreculturas.org\/wp-content\/uploads\/2021\/07\/captura_de_pantalla_2021-07-13_a_las_10.25.51.png","contentUrl":"https:\/\/www.entreculturas.org\/wp-content\/uploads\/2021\/07\/captura_de_pantalla_2021-07-13_a_las_10.25.51.png","width":1080,"height":714},{"@type":"BreadcrumbList","@id":"https:\/\/www.entreculturas.org\/gl\/noticia\/el-viaje-de-sineyi\/#breadcrumb","itemListElement":[{"@type":"ListItem","position":1,"name":"Home","item":"https:\/\/www.entreculturas.org\/gl\/"},{"@type":"ListItem","position":2,"name":"Noticias","item":"https:\/\/www.entreculturas.org\/gl\/noticias\/"},{"@type":"ListItem","position":3,"name":"El viaje de Sineyi"}]},{"@type":"WebSite","@id":"https:\/\/www.entreculturas.org\/gl\/#website","url":"https:\/\/www.entreculturas.org\/gl\/","name":"Entreculturas","description":"","publisher":{"@id":"https:\/\/www.entreculturas.org\/gl\/#organization"},"alternateName":"Entreculturas","potentialAction":[{"@type":"SearchAction","target":{"@type":"EntryPoint","urlTemplate":"https:\/\/www.entreculturas.org\/gl\/?s={search_term_string}"},"query-input":{"@type":"PropertyValueSpecification","valueRequired":true,"valueName":"search_term_string"}}],"inLanguage":"gl-ES"},{"@type":"Organization","@id":"https:\/\/www.entreculturas.org\/gl\/#organization","name":"Entreculturas","url":"https:\/\/www.entreculturas.org\/gl\/","logo":{"@type":"ImageObject","inLanguage":"gl-ES","@id":"https:\/\/www.entreculturas.org\/gl\/#\/schema\/logo\/image\/","url":"https:\/\/www.entreculturas.org\/wp-content\/uploads\/2025\/10\/ESP.svg","contentUrl":"https:\/\/www.entreculturas.org\/wp-content\/uploads\/2025\/10\/ESP.svg","caption":"Entreculturas"},"image":{"@id":"https:\/\/www.entreculturas.org\/gl\/#\/schema\/logo\/image\/"},"sameAs":["https:\/\/www.facebook.com\/entreculturas","https:\/\/x.com\/Entreculturas","https:\/\/www.instagram.com\/entreculturas\/","https:\/\/www.youtube.com\/user\/entreculturasvideo","https:\/\/www.linkedin.com\/company\/fundacion-entreculturas-ngdo\/","https:\/\/www.flickr.com\/photos\/98455522@N04\/albums\/"]}]}},"_links":{"self":[{"href":"https:\/\/www.entreculturas.org\/gl\/wp-json\/wp\/v2\/noticia\/6029","targetHints":{"allow":["GET"]}}],"collection":[{"href":"https:\/\/www.entreculturas.org\/gl\/wp-json\/wp\/v2\/noticia"}],"about":[{"href":"https:\/\/www.entreculturas.org\/gl\/wp-json\/wp\/v2\/types\/noticia"}],"wp:featuredmedia":[{"embeddable":true,"href":"https:\/\/www.entreculturas.org\/gl\/wp-json\/wp\/v2\/media\/6025"}],"wp:attachment":[{"href":"https:\/\/www.entreculturas.org\/gl\/wp-json\/wp\/v2\/media?parent=6029"}],"wp:term":[{"taxonomy":"category","embeddable":true,"href":"https:\/\/www.entreculturas.org\/gl\/wp-json\/wp\/v2\/categories?post=6029"},{"taxonomy":"post_tag","embeddable":true,"href":"https:\/\/www.entreculturas.org\/gl\/wp-json\/wp\/v2\/tags?post=6029"},{"taxonomy":"country","embeddable":true,"href":"https:\/\/www.entreculturas.org\/gl\/wp-json\/wp\/v2\/country?post=6029"},{"taxonomy":"cause","embeddable":true,"href":"https:\/\/www.entreculturas.org\/gl\/wp-json\/wp\/v2\/cause?post=6029"}],"curies":[{"name":"wp","href":"https:\/\/api.w.org\/{rel}","templated":true}]}}