{"id":5994,"date":"2021-06-29T11:23:18","date_gmt":"2021-06-29T11:23:18","guid":{"rendered":"https:\/\/entreculturasi.wpenginepowered.com\/?noticias=entrevista-abir-sabra"},"modified":"2024-12-09T12:41:38","modified_gmt":"2024-12-09T11:41:38","slug":"entrevista-abir-sabra","status":"publish","type":"noticia","link":"https:\/\/www.entreculturas.org\/gl\/noticia\/entrevista-abir-sabra\/","title":{"rendered":"Entrevista Abir Sabra"},"content":{"rendered":"\n<p>Abir Sabra es tutora de educaci\u00f3n infantil en JRS Jbeil (L\u00edbano). Su pasi\u00f3n es fomentar el desarrollo social, emocional e intelectual de ni\u00f1os y ni\u00f1as. Est\u00e1 cursando un m\u00e1ster de gesti\u00f3n educativa, necesario para desarrollar programas educativos basados en lo<span style=\"text-align: justify;\">s intereses de sus estudiantes.<\/span><\/p>\n\n\n\n<p><strong>\u00bfC\u00f3mo es trabajar con estudiantes refugiados?&nbsp;<\/strong><br>Trabajar con infancia refugiada es una experiencia nueva para m\u00ed. Doy clase a ni\u00f1os y ni\u00f1as que han vivido experiencias muy duras causadas por los conflictos: han perdido sus casas, sus pertenencias e incluso a familiares. Todos los d\u00edas se arriesgan a p\u00e9rdidas de alg\u00fan tipo, incluido a la p\u00e9rdida de su futuro.<\/p>\n\n\n\n<p><strong>\u00bfC\u00f3mo est\u00e1is garantizando el derecho a la educaci\u00f3n en esta situaci\u00f3n?&nbsp;<\/strong><br>Estamos haciendo lo que mejor podemos para proporcionar un entorno propicio para nuestros estudiantes. No queremos que estos ni\u00f1os y ni\u00f1as pierdan su futuro, sus sue\u00f1os ni su fe.&nbsp;<\/p>\n\n\n\n<p><strong>\u00bfCu\u00e1n dif\u00edcil es ser profesora bajo este contexto?&nbsp;<\/strong><br>Un d\u00eda, una de mis alumnas me pregunt\u00f3: \u201cSe\u00f1orita, \u00bfpuede ayudarme? Ni mi madre ni mi hermana saben leer\u201d. La pregunta de esa ni\u00f1a peque\u00f1a me hizo sentir responsabilidad. Nosotros, como maestros y maestras, tratamos con ni\u00f1os cuyos padres no pueden ayudarlos: por eso nuestro trabajo no es solo educar a los ni\u00f1os y ni\u00f1as refugiados, sino tambi\u00e9n a sus familias. Leer y escribir, que son cosas b\u00e1sicas para nosotros, son un sue\u00f1o para aquellas personas que viven en en campos de personas refugiadas, asentamientos informales o en la calle.&nbsp;<\/p>\n\n\n\n<p><strong>\u00bfCrees que L\u00edbano acoge adecuadamente a las personas refugiadas?<\/strong><br>Aunque ha sido el lugar m\u00e1s acogedor, las personas refugiadas viven una crisis dentro de una crisis. M\u00e1s del 90% de los hogares de personas refugiadas vive en situaci\u00f3n de extrema pobreza. La ONU dice que estos hogares subsisten con menos de la mitad del salario m\u00ednimo liban\u00e9s -casi 36 d\u00f3lares mensuales- y se est\u00e1n reduciendo en t\u00e9rminos reales. Esto significa la privaci\u00f3n de las necesidades humanas b\u00e1sicas, incluidos alimentos, agua, saneamiento, salud, refugio y educaci\u00f3n.<\/p>\n\n\n\n<p><strong>\u00bfQu\u00e9 exigir\u00edas a la comunidad internacional para ayudar a estas personas?&nbsp;<\/strong><br>Que se aumenten los fondos y que se proporcionen directamente a las personas refugiadas, a las comunidades de acogida y a las agencias de apoyo de la ONU. Adem\u00e1s, se debe proporcionar a las personas refugiadas un entorno seguro y garantizar su acceso a los servicios.&nbsp;<\/p>\n\n\n\n<p><strong>\u00bfC\u00f3mo apoya JRS a estas familias?&nbsp;<\/strong><br>Desde 2013 JRS trabaja en todo L\u00edbano a trav\u00e9s de visitas domiciliarias, seguridad alimentaria, capacitaci\u00f3n en medios de vida, creando centros educativos para ni\u00f1os, j\u00f3venes y adultos refugiados, etc. En JRS L\u00edbano creemos que, cuando trabajamos con personas refugiadas, las acompa\u00f1amos en un camino que conduce a un futuro esperanzador.&nbsp;<\/p>\n\n\n\n<p><a href=\"https:\/\/www.youtube.com\/watch?v=kWk78bKAhHI \">https:\/\/www.youtube.com\/watch?v=kWk78bKAhHI <\/a><\/p>\n\n\n\n<p>&nbsp;<\/p>\n\n\n\n<p>&nbsp;<\/p>\n\n\n\n<p><\/p>\n","protected":false},"excerpt":{"rendered":"<p>Abir Sabra es tutora de educaci\u00f3n infantil en JRS Jbeil (L\u00edbano). Su pasi\u00f3n es fomentar el desarrollo social, emocional e intelectual de ni\u00f1os y ni\u00f1as. Est\u00e1 cursando un m\u00e1ster de gesti\u00f3n educativa, necesario para desarrollar programas educativos basados en los intereses de sus estudiantes.<\/p>\n","protected":false},"featured_media":5995,"template":"single-noticia","meta":{"_acf_changed":false},"categories":[7],"tags":[10],"country":[332],"cause":[129],"class_list":["post-5994","noticia","type-noticia","status-publish","has-post-thumbnail","hentry","category-noticia","tag-migracion-y-refugio","country-libano","cause-migracion-y-refugio"],"acf":[],"yoast_head":"<!-- This site is optimized with the Yoast SEO Premium plugin v21.6 (Yoast SEO v27.5) - https:\/\/yoast.com\/product\/yoast-seo-premium-wordpress\/ -->\n<title>Entrevista Abir Sabra - Entreculturas<\/title>\n<meta name=\"robots\" content=\"index, follow, max-snippet:-1, max-image-preview:large, max-video-preview:-1\" \/>\n<link rel=\"canonical\" href=\"https:\/\/www.entreculturas.org\/gl\/noticia\/entrevista-abir-sabra\/\" \/>\n<meta property=\"og:locale\" content=\"gl_ES\" \/>\n<meta property=\"og:type\" content=\"article\" \/>\n<meta property=\"og:title\" content=\"Entrevista Abir Sabra\" \/>\n<meta property=\"og:description\" content=\"Abir Sabra es tutora de educaci\u00f3n infantil en JRS Jbeil (L\u00edbano). Su pasi\u00f3n es fomentar el desarrollo social, emocional e intelectual de ni\u00f1os y ni\u00f1as. Est\u00e1 cursando un m\u00e1ster de gesti\u00f3n educativa, necesario para desarrollar programas educativos basados en los intereses de sus estudiantes.\" \/>\n<meta property=\"og:url\" content=\"https:\/\/www.entreculturas.org\/gl\/noticia\/entrevista-abir-sabra\/\" \/>\n<meta property=\"og:site_name\" content=\"Entreculturas\" \/>\n<meta property=\"article:publisher\" content=\"https:\/\/www.facebook.com\/entreculturas\" \/>\n<meta property=\"article:modified_time\" content=\"2024-12-09T11:41:38+00:00\" \/>\n<meta property=\"og:image\" content=\"https:\/\/www.entreculturas.org\/wp-content\/uploads\/2021\/07\/captura_de_pantalla_2021-07-01_a_las_9.43.24_1.jpg\" \/>\n\t<meta property=\"og:image:width\" content=\"500\" \/>\n\t<meta property=\"og:image:height\" content=\"423\" \/>\n\t<meta property=\"og:image:type\" content=\"image\/jpeg\" \/>\n<meta name=\"twitter:card\" content=\"summary_large_image\" \/>\n<meta name=\"twitter:site\" content=\"@Entreculturas\" \/>\n<script type=\"application\/ld+json\" class=\"yoast-schema-graph\">{\"@context\":\"https:\\\/\\\/schema.org\",\"@graph\":[{\"@type\":\"WebPage\",\"@id\":\"https:\\\/\\\/www.entreculturas.org\\\/gl\\\/noticia\\\/entrevista-abir-sabra\\\/\",\"url\":\"https:\\\/\\\/www.entreculturas.org\\\/gl\\\/noticia\\\/entrevista-abir-sabra\\\/\",\"name\":\"Entrevista Abir Sabra - Entreculturas\",\"isPartOf\":{\"@id\":\"https:\\\/\\\/www.entreculturas.org\\\/gl\\\/#website\"},\"primaryImageOfPage\":{\"@id\":\"https:\\\/\\\/www.entreculturas.org\\\/gl\\\/noticia\\\/entrevista-abir-sabra\\\/#primaryimage\"},\"image\":{\"@id\":\"https:\\\/\\\/www.entreculturas.org\\\/gl\\\/noticia\\\/entrevista-abir-sabra\\\/#primaryimage\"},\"thumbnailUrl\":\"https:\\\/\\\/www.entreculturas.org\\\/wp-content\\\/uploads\\\/2021\\\/07\\\/captura_de_pantalla_2021-07-01_a_las_9.43.24_1.jpg\",\"datePublished\":\"2021-06-29T11:23:18+00:00\",\"dateModified\":\"2024-12-09T11:41:38+00:00\",\"breadcrumb\":{\"@id\":\"https:\\\/\\\/www.entreculturas.org\\\/gl\\\/noticia\\\/entrevista-abir-sabra\\\/#breadcrumb\"},\"inLanguage\":\"gl-ES\",\"potentialAction\":[{\"@type\":\"ReadAction\",\"target\":[\"https:\\\/\\\/www.entreculturas.org\\\/gl\\\/noticia\\\/entrevista-abir-sabra\\\/\"]}]},{\"@type\":\"ImageObject\",\"inLanguage\":\"gl-ES\",\"@id\":\"https:\\\/\\\/www.entreculturas.org\\\/gl\\\/noticia\\\/entrevista-abir-sabra\\\/#primaryimage\",\"url\":\"https:\\\/\\\/www.entreculturas.org\\\/wp-content\\\/uploads\\\/2021\\\/07\\\/captura_de_pantalla_2021-07-01_a_las_9.43.24_1.jpg\",\"contentUrl\":\"https:\\\/\\\/www.entreculturas.org\\\/wp-content\\\/uploads\\\/2021\\\/07\\\/captura_de_pantalla_2021-07-01_a_las_9.43.24_1.jpg\",\"width\":500,\"height\":423,\"caption\":\"captura_de_pantalla_2021-07-01_a_las_9\"},{\"@type\":\"BreadcrumbList\",\"@id\":\"https:\\\/\\\/www.entreculturas.org\\\/gl\\\/noticia\\\/entrevista-abir-sabra\\\/#breadcrumb\",\"itemListElement\":[{\"@type\":\"ListItem\",\"position\":1,\"name\":\"Home\",\"item\":\"https:\\\/\\\/www.entreculturas.org\\\/gl\\\/\"},{\"@type\":\"ListItem\",\"position\":2,\"name\":\"Noticias\",\"item\":\"https:\\\/\\\/www.entreculturas.org\\\/gl\\\/noticias\\\/\"},{\"@type\":\"ListItem\",\"position\":3,\"name\":\"Entrevista Abir Sabra\"}]},{\"@type\":\"WebSite\",\"@id\":\"https:\\\/\\\/www.entreculturas.org\\\/gl\\\/#website\",\"url\":\"https:\\\/\\\/www.entreculturas.org\\\/gl\\\/\",\"name\":\"Entreculturas\",\"description\":\"\",\"publisher\":{\"@id\":\"https:\\\/\\\/www.entreculturas.org\\\/gl\\\/#organization\"},\"alternateName\":\"Entreculturas\",\"potentialAction\":[{\"@type\":\"SearchAction\",\"target\":{\"@type\":\"EntryPoint\",\"urlTemplate\":\"https:\\\/\\\/www.entreculturas.org\\\/gl\\\/?s={search_term_string}\"},\"query-input\":{\"@type\":\"PropertyValueSpecification\",\"valueRequired\":true,\"valueName\":\"search_term_string\"}}],\"inLanguage\":\"gl-ES\"},{\"@type\":\"Organization\",\"@id\":\"https:\\\/\\\/www.entreculturas.org\\\/gl\\\/#organization\",\"name\":\"Entreculturas\",\"url\":\"https:\\\/\\\/www.entreculturas.org\\\/gl\\\/\",\"logo\":{\"@type\":\"ImageObject\",\"inLanguage\":\"gl-ES\",\"@id\":\"https:\\\/\\\/www.entreculturas.org\\\/gl\\\/#\\\/schema\\\/logo\\\/image\\\/\",\"url\":\"https:\\\/\\\/www.entreculturas.org\\\/wp-content\\\/uploads\\\/2025\\\/10\\\/ESP.svg\",\"contentUrl\":\"https:\\\/\\\/www.entreculturas.org\\\/wp-content\\\/uploads\\\/2025\\\/10\\\/ESP.svg\",\"caption\":\"Entreculturas\"},\"image\":{\"@id\":\"https:\\\/\\\/www.entreculturas.org\\\/gl\\\/#\\\/schema\\\/logo\\\/image\\\/\"},\"sameAs\":[\"https:\\\/\\\/www.facebook.com\\\/entreculturas\",\"https:\\\/\\\/x.com\\\/Entreculturas\",\"https:\\\/\\\/www.instagram.com\\\/entreculturas\\\/\",\"https:\\\/\\\/www.youtube.com\\\/user\\\/entreculturasvideo\",\"https:\\\/\\\/www.linkedin.com\\\/company\\\/fundacion-entreculturas-ngdo\\\/\",\"https:\\\/\\\/www.flickr.com\\\/photos\\\/98455522@N04\\\/albums\\\/\"]}]}<\/script>\n<!-- \/ Yoast SEO Premium plugin. -->","yoast_head_json":{"title":"Entrevista Abir Sabra - Entreculturas","robots":{"index":"index","follow":"follow","max-snippet":"max-snippet:-1","max-image-preview":"max-image-preview:large","max-video-preview":"max-video-preview:-1"},"canonical":"https:\/\/www.entreculturas.org\/gl\/noticia\/entrevista-abir-sabra\/","og_locale":"gl_ES","og_type":"article","og_title":"Entrevista Abir Sabra","og_description":"Abir Sabra es tutora de educaci\u00f3n infantil en JRS Jbeil (L\u00edbano). Su pasi\u00f3n es fomentar el desarrollo social, emocional e intelectual de ni\u00f1os y ni\u00f1as. Est\u00e1 cursando un m\u00e1ster de gesti\u00f3n educativa, necesario para desarrollar programas educativos basados en los intereses de sus estudiantes.","og_url":"https:\/\/www.entreculturas.org\/gl\/noticia\/entrevista-abir-sabra\/","og_site_name":"Entreculturas","article_publisher":"https:\/\/www.facebook.com\/entreculturas","article_modified_time":"2024-12-09T11:41:38+00:00","og_image":[{"width":500,"height":423,"url":"https:\/\/www.entreculturas.org\/wp-content\/uploads\/2021\/07\/captura_de_pantalla_2021-07-01_a_las_9.43.24_1.jpg","type":"image\/jpeg"}],"twitter_card":"summary_large_image","twitter_site":"@Entreculturas","schema":{"@context":"https:\/\/schema.org","@graph":[{"@type":"WebPage","@id":"https:\/\/www.entreculturas.org\/gl\/noticia\/entrevista-abir-sabra\/","url":"https:\/\/www.entreculturas.org\/gl\/noticia\/entrevista-abir-sabra\/","name":"Entrevista Abir Sabra - Entreculturas","isPartOf":{"@id":"https:\/\/www.entreculturas.org\/gl\/#website"},"primaryImageOfPage":{"@id":"https:\/\/www.entreculturas.org\/gl\/noticia\/entrevista-abir-sabra\/#primaryimage"},"image":{"@id":"https:\/\/www.entreculturas.org\/gl\/noticia\/entrevista-abir-sabra\/#primaryimage"},"thumbnailUrl":"https:\/\/www.entreculturas.org\/wp-content\/uploads\/2021\/07\/captura_de_pantalla_2021-07-01_a_las_9.43.24_1.jpg","datePublished":"2021-06-29T11:23:18+00:00","dateModified":"2024-12-09T11:41:38+00:00","breadcrumb":{"@id":"https:\/\/www.entreculturas.org\/gl\/noticia\/entrevista-abir-sabra\/#breadcrumb"},"inLanguage":"gl-ES","potentialAction":[{"@type":"ReadAction","target":["https:\/\/www.entreculturas.org\/gl\/noticia\/entrevista-abir-sabra\/"]}]},{"@type":"ImageObject","inLanguage":"gl-ES","@id":"https:\/\/www.entreculturas.org\/gl\/noticia\/entrevista-abir-sabra\/#primaryimage","url":"https:\/\/www.entreculturas.org\/wp-content\/uploads\/2021\/07\/captura_de_pantalla_2021-07-01_a_las_9.43.24_1.jpg","contentUrl":"https:\/\/www.entreculturas.org\/wp-content\/uploads\/2021\/07\/captura_de_pantalla_2021-07-01_a_las_9.43.24_1.jpg","width":500,"height":423,"caption":"captura_de_pantalla_2021-07-01_a_las_9"},{"@type":"BreadcrumbList","@id":"https:\/\/www.entreculturas.org\/gl\/noticia\/entrevista-abir-sabra\/#breadcrumb","itemListElement":[{"@type":"ListItem","position":1,"name":"Home","item":"https:\/\/www.entreculturas.org\/gl\/"},{"@type":"ListItem","position":2,"name":"Noticias","item":"https:\/\/www.entreculturas.org\/gl\/noticias\/"},{"@type":"ListItem","position":3,"name":"Entrevista Abir Sabra"}]},{"@type":"WebSite","@id":"https:\/\/www.entreculturas.org\/gl\/#website","url":"https:\/\/www.entreculturas.org\/gl\/","name":"Entreculturas","description":"","publisher":{"@id":"https:\/\/www.entreculturas.org\/gl\/#organization"},"alternateName":"Entreculturas","potentialAction":[{"@type":"SearchAction","target":{"@type":"EntryPoint","urlTemplate":"https:\/\/www.entreculturas.org\/gl\/?s={search_term_string}"},"query-input":{"@type":"PropertyValueSpecification","valueRequired":true,"valueName":"search_term_string"}}],"inLanguage":"gl-ES"},{"@type":"Organization","@id":"https:\/\/www.entreculturas.org\/gl\/#organization","name":"Entreculturas","url":"https:\/\/www.entreculturas.org\/gl\/","logo":{"@type":"ImageObject","inLanguage":"gl-ES","@id":"https:\/\/www.entreculturas.org\/gl\/#\/schema\/logo\/image\/","url":"https:\/\/www.entreculturas.org\/wp-content\/uploads\/2025\/10\/ESP.svg","contentUrl":"https:\/\/www.entreculturas.org\/wp-content\/uploads\/2025\/10\/ESP.svg","caption":"Entreculturas"},"image":{"@id":"https:\/\/www.entreculturas.org\/gl\/#\/schema\/logo\/image\/"},"sameAs":["https:\/\/www.facebook.com\/entreculturas","https:\/\/x.com\/Entreculturas","https:\/\/www.instagram.com\/entreculturas\/","https:\/\/www.youtube.com\/user\/entreculturasvideo","https:\/\/www.linkedin.com\/company\/fundacion-entreculturas-ngdo\/","https:\/\/www.flickr.com\/photos\/98455522@N04\/albums\/"]}]}},"_links":{"self":[{"href":"https:\/\/www.entreculturas.org\/gl\/wp-json\/wp\/v2\/noticia\/5994","targetHints":{"allow":["GET"]}}],"collection":[{"href":"https:\/\/www.entreculturas.org\/gl\/wp-json\/wp\/v2\/noticia"}],"about":[{"href":"https:\/\/www.entreculturas.org\/gl\/wp-json\/wp\/v2\/types\/noticia"}],"wp:featuredmedia":[{"embeddable":true,"href":"https:\/\/www.entreculturas.org\/gl\/wp-json\/wp\/v2\/media\/5995"}],"wp:attachment":[{"href":"https:\/\/www.entreculturas.org\/gl\/wp-json\/wp\/v2\/media?parent=5994"}],"wp:term":[{"taxonomy":"category","embeddable":true,"href":"https:\/\/www.entreculturas.org\/gl\/wp-json\/wp\/v2\/categories?post=5994"},{"taxonomy":"post_tag","embeddable":true,"href":"https:\/\/www.entreculturas.org\/gl\/wp-json\/wp\/v2\/tags?post=5994"},{"taxonomy":"country","embeddable":true,"href":"https:\/\/www.entreculturas.org\/gl\/wp-json\/wp\/v2\/country?post=5994"},{"taxonomy":"cause","embeddable":true,"href":"https:\/\/www.entreculturas.org\/gl\/wp-json\/wp\/v2\/cause?post=5994"}],"curies":[{"name":"wp","href":"https:\/\/api.w.org\/{rel}","templated":true}]}}