{"id":5984,"date":"2021-06-28T09:51:42","date_gmt":"2021-06-28T09:51:42","guid":{"rendered":"https:\/\/entreculturasi.wpenginepowered.com\/?noticias=la-campana-mundial-por-la-educacion-recibe-el-premio-andalucia-social-2020"},"modified":"2024-02-19T17:29:34","modified_gmt":"2024-02-19T16:29:34","slug":"la-campana-mundial-por-la-educacion-recibe-el-premio-andalucia-social-2020","status":"publish","type":"noticia","link":"https:\/\/www.entreculturas.org\/gl\/noticia\/la-campana-mundial-por-la-educacion-recibe-el-premio-andalucia-social-2020\/","title":{"rendered":"La Campa\u00f1a Mundial por la Educaci\u00f3n recibe el premio Andaluc\u00eda + Social 2020"},"content":{"rendered":"<p style=\"text-align: justify\">Despu\u00e9s de haber sido aplazada casi un a\u00f1o, el pasado mi\u00e9rcoles 16 de junio tuvo lugar la Gala Andaluc\u00eda + Social 2020, en la que <strong>la Campa\u00f1a Mundial por la Educaci\u00f3n ha recibido el premio Andaluc\u00eda + Social 2020<\/strong> en la categor\u00eda \u00abODS y Agenda 2030\u00bb por toda su trayectoria de trabajo en Andaluc\u00eda.<\/p>\n<p style=\"text-align: justify\">La emotiva gala ha tenido lugar en el auditorio Edgar Neville de la Diputaci\u00f3n de M\u00e1laga con la presencia de personalidades provinciales de la Consejer\u00eda de Igualdad, Servicios Sociales y conciliaci\u00f3n de la Junta de Andaluc\u00eda.<\/p>\n<p style=\"text-align: justify\">La gala daba comienzo a las 19.30h con la entrega de los distintos premios coordinados rigurosamente por un protocolo para evitar contactos estrechos. Se inici\u00f3 con la entrega de los premios provinciales, y se continu\u00f3 con los premios tem\u00e1ticos, siendo la entrega a la CME el \u00faltimo antes de la menci\u00f3n de honor. E<strong>l galard\u00f3n fue recibido por Paco Sibaja, voluntario de Entreculturas<\/strong> que representa en numerosas facetas a la CME, ya que aparte de ser voluntario, ha coordinado la CME en la provincia de M\u00e1laga muchos a\u00f1os y como docente ha trabajado la Campa\u00f1a con su alumnado.<\/p>\n<p style=\"text-align: justify\"><strong>Desde la CME agradecemos a la Agencia Andaluza de Cooperaci\u00f3n al Desarrollo<\/strong> y en concreto a Mariluz Ortega por habernos nominado a estos premios que reconocen el esfuerzo y el trabajo que personas voluntarias y trabajadoras de las distintas organizaciones que componemos la CME.<\/p>\n<p style=\"text-align: justify\">Continuamos creyendo m\u00e1s que nunca en la misi\u00f3n de la CME, por lo que continuaremos impuls\u00e1ndola a\u00fan con m\u00e1s fuerza en los pr\u00f3ximos a\u00f1os para involucrar a la sociedad civil en la labor educativa, de movilizaci\u00f3n e incidencia para garantizar el <strong>acceso efectivo al derecho a una educaci\u00f3n de calidad y transformadora a nivel global.<\/strong><\/p>\n","protected":false},"excerpt":{"rendered":"<p>Despu\u00e9s de haber sido aplazada casi un a\u00f1o, el pasado mi\u00e9rcoles 16 de junio tuvo lugar la Gala Andaluc\u00eda + Social 2020, en la que la Campa\u00f1a Mundial por la Educaci\u00f3n ha recibido el premio Andaluc\u00eda + Social 2020 en la categor\u00eda \u00abODS y Agenda 2030\u00bb por toda su trayectoria de trabajo en Andaluc\u00eda.<\/p>\n","protected":false},"featured_media":5983,"template":"single-noticia","meta":{"_acf_changed":false},"categories":[7],"tags":[289],"country":[],"cause":[128],"class_list":["post-5984","noticia","type-noticia","status-publish","has-post-thumbnail","hentry","category-noticia","tag-educacion","cause-educacion"],"acf":[],"yoast_head":"<!-- This site is optimized with the Yoast SEO Premium plugin v21.6 (Yoast SEO v27.5) - https:\/\/yoast.com\/product\/yoast-seo-premium-wordpress\/ -->\n<title>La Campa\u00f1a Mundial por la Educaci\u00f3n recibe el premio Andaluc\u00eda + Social 2020 - Entreculturas<\/title>\n<meta name=\"robots\" content=\"index, follow, max-snippet:-1, max-image-preview:large, max-video-preview:-1\" \/>\n<link rel=\"canonical\" href=\"https:\/\/www.entreculturas.org\/gl\/noticia\/la-campana-mundial-por-la-educacion-recibe-el-premio-andalucia-social-2020\/\" \/>\n<meta property=\"og:locale\" content=\"gl_ES\" \/>\n<meta property=\"og:type\" content=\"article\" \/>\n<meta property=\"og:title\" content=\"La Campa\u00f1a Mundial por la Educaci\u00f3n recibe el premio Andaluc\u00eda + Social 2020\" \/>\n<meta property=\"og:description\" content=\"Despu\u00e9s de haber sido aplazada casi un a\u00f1o, el pasado mi\u00e9rcoles 16 de junio tuvo lugar la Gala Andaluc\u00eda + Social 2020, en la que la Campa\u00f1a Mundial por la Educaci\u00f3n ha recibido el premio Andaluc\u00eda + Social 2020 en la categor\u00eda \u00abODS y Agenda 2030\u00bb por toda su trayectoria de trabajo en Andaluc\u00eda.\" \/>\n<meta property=\"og:url\" content=\"https:\/\/www.entreculturas.org\/gl\/noticia\/la-campana-mundial-por-la-educacion-recibe-el-premio-andalucia-social-2020\/\" \/>\n<meta property=\"og:site_name\" content=\"Entreculturas\" \/>\n<meta property=\"article:publisher\" content=\"https:\/\/www.facebook.com\/entreculturas\" \/>\n<meta property=\"article:modified_time\" content=\"2024-02-19T16:29:34+00:00\" \/>\n<meta property=\"og:image\" content=\"https:\/\/www.entreculturas.org\/wp-content\/uploads\/2021\/06\/whatsapp_image_2021-06-22_at_10.55.40_2.jpeg\" \/>\n\t<meta property=\"og:image:width\" content=\"1600\" \/>\n\t<meta property=\"og:image:height\" content=\"1200\" \/>\n\t<meta property=\"og:image:type\" content=\"image\/jpeg\" \/>\n<meta name=\"twitter:card\" content=\"summary_large_image\" \/>\n<meta name=\"twitter:site\" content=\"@Entreculturas\" \/>\n<script type=\"application\/ld+json\" class=\"yoast-schema-graph\">{\"@context\":\"https:\\\/\\\/schema.org\",\"@graph\":[{\"@type\":\"WebPage\",\"@id\":\"https:\\\/\\\/www.entreculturas.org\\\/gl\\\/noticia\\\/la-campana-mundial-por-la-educacion-recibe-el-premio-andalucia-social-2020\\\/\",\"url\":\"https:\\\/\\\/www.entreculturas.org\\\/gl\\\/noticia\\\/la-campana-mundial-por-la-educacion-recibe-el-premio-andalucia-social-2020\\\/\",\"name\":\"La Campa\u00f1a Mundial por la Educaci\u00f3n recibe el premio Andaluc\u00eda + Social 2020 - Entreculturas\",\"isPartOf\":{\"@id\":\"https:\\\/\\\/www.entreculturas.org\\\/gl\\\/#website\"},\"primaryImageOfPage\":{\"@id\":\"https:\\\/\\\/www.entreculturas.org\\\/gl\\\/noticia\\\/la-campana-mundial-por-la-educacion-recibe-el-premio-andalucia-social-2020\\\/#primaryimage\"},\"image\":{\"@id\":\"https:\\\/\\\/www.entreculturas.org\\\/gl\\\/noticia\\\/la-campana-mundial-por-la-educacion-recibe-el-premio-andalucia-social-2020\\\/#primaryimage\"},\"thumbnailUrl\":\"https:\\\/\\\/www.entreculturas.org\\\/wp-content\\\/uploads\\\/2021\\\/06\\\/whatsapp_image_2021-06-22_at_10.55.40_2.jpeg\",\"datePublished\":\"2021-06-28T09:51:42+00:00\",\"dateModified\":\"2024-02-19T16:29:34+00:00\",\"breadcrumb\":{\"@id\":\"https:\\\/\\\/www.entreculturas.org\\\/gl\\\/noticia\\\/la-campana-mundial-por-la-educacion-recibe-el-premio-andalucia-social-2020\\\/#breadcrumb\"},\"inLanguage\":\"gl-ES\",\"potentialAction\":[{\"@type\":\"ReadAction\",\"target\":[\"https:\\\/\\\/www.entreculturas.org\\\/gl\\\/noticia\\\/la-campana-mundial-por-la-educacion-recibe-el-premio-andalucia-social-2020\\\/\"]}]},{\"@type\":\"ImageObject\",\"inLanguage\":\"gl-ES\",\"@id\":\"https:\\\/\\\/www.entreculturas.org\\\/gl\\\/noticia\\\/la-campana-mundial-por-la-educacion-recibe-el-premio-andalucia-social-2020\\\/#primaryimage\",\"url\":\"https:\\\/\\\/www.entreculturas.org\\\/wp-content\\\/uploads\\\/2021\\\/06\\\/whatsapp_image_2021-06-22_at_10.55.40_2.jpeg\",\"contentUrl\":\"https:\\\/\\\/www.entreculturas.org\\\/wp-content\\\/uploads\\\/2021\\\/06\\\/whatsapp_image_2021-06-22_at_10.55.40_2.jpeg\",\"width\":1600,\"height\":1200},{\"@type\":\"BreadcrumbList\",\"@id\":\"https:\\\/\\\/www.entreculturas.org\\\/gl\\\/noticia\\\/la-campana-mundial-por-la-educacion-recibe-el-premio-andalucia-social-2020\\\/#breadcrumb\",\"itemListElement\":[{\"@type\":\"ListItem\",\"position\":1,\"name\":\"Home\",\"item\":\"https:\\\/\\\/www.entreculturas.org\\\/gl\\\/\"},{\"@type\":\"ListItem\",\"position\":2,\"name\":\"Noticias\",\"item\":\"https:\\\/\\\/www.entreculturas.org\\\/gl\\\/noticias\\\/\"},{\"@type\":\"ListItem\",\"position\":3,\"name\":\"La Campa\u00f1a Mundial por la Educaci\u00f3n recibe el premio Andaluc\u00eda + Social 2020\"}]},{\"@type\":\"WebSite\",\"@id\":\"https:\\\/\\\/www.entreculturas.org\\\/gl\\\/#website\",\"url\":\"https:\\\/\\\/www.entreculturas.org\\\/gl\\\/\",\"name\":\"Entreculturas\",\"description\":\"\",\"publisher\":{\"@id\":\"https:\\\/\\\/www.entreculturas.org\\\/gl\\\/#organization\"},\"alternateName\":\"Entreculturas\",\"potentialAction\":[{\"@type\":\"SearchAction\",\"target\":{\"@type\":\"EntryPoint\",\"urlTemplate\":\"https:\\\/\\\/www.entreculturas.org\\\/gl\\\/?s={search_term_string}\"},\"query-input\":{\"@type\":\"PropertyValueSpecification\",\"valueRequired\":true,\"valueName\":\"search_term_string\"}}],\"inLanguage\":\"gl-ES\"},{\"@type\":\"Organization\",\"@id\":\"https:\\\/\\\/www.entreculturas.org\\\/gl\\\/#organization\",\"name\":\"Entreculturas\",\"url\":\"https:\\\/\\\/www.entreculturas.org\\\/gl\\\/\",\"logo\":{\"@type\":\"ImageObject\",\"inLanguage\":\"gl-ES\",\"@id\":\"https:\\\/\\\/www.entreculturas.org\\\/gl\\\/#\\\/schema\\\/logo\\\/image\\\/\",\"url\":\"https:\\\/\\\/www.entreculturas.org\\\/wp-content\\\/uploads\\\/2025\\\/10\\\/ESP.svg\",\"contentUrl\":\"https:\\\/\\\/www.entreculturas.org\\\/wp-content\\\/uploads\\\/2025\\\/10\\\/ESP.svg\",\"caption\":\"Entreculturas\"},\"image\":{\"@id\":\"https:\\\/\\\/www.entreculturas.org\\\/gl\\\/#\\\/schema\\\/logo\\\/image\\\/\"},\"sameAs\":[\"https:\\\/\\\/www.facebook.com\\\/entreculturas\",\"https:\\\/\\\/x.com\\\/Entreculturas\",\"https:\\\/\\\/www.instagram.com\\\/entreculturas\\\/\",\"https:\\\/\\\/www.youtube.com\\\/user\\\/entreculturasvideo\",\"https:\\\/\\\/www.linkedin.com\\\/company\\\/fundacion-entreculturas-ngdo\\\/\",\"https:\\\/\\\/www.flickr.com\\\/photos\\\/98455522@N04\\\/albums\\\/\"]}]}<\/script>\n<!-- \/ Yoast SEO Premium plugin. -->","yoast_head_json":{"title":"La Campa\u00f1a Mundial por la Educaci\u00f3n recibe el premio Andaluc\u00eda + Social 2020 - Entreculturas","robots":{"index":"index","follow":"follow","max-snippet":"max-snippet:-1","max-image-preview":"max-image-preview:large","max-video-preview":"max-video-preview:-1"},"canonical":"https:\/\/www.entreculturas.org\/gl\/noticia\/la-campana-mundial-por-la-educacion-recibe-el-premio-andalucia-social-2020\/","og_locale":"gl_ES","og_type":"article","og_title":"La Campa\u00f1a Mundial por la Educaci\u00f3n recibe el premio Andaluc\u00eda + Social 2020","og_description":"Despu\u00e9s de haber sido aplazada casi un a\u00f1o, el pasado mi\u00e9rcoles 16 de junio tuvo lugar la Gala Andaluc\u00eda + Social 2020, en la que la Campa\u00f1a Mundial por la Educaci\u00f3n ha recibido el premio Andaluc\u00eda + Social 2020 en la categor\u00eda \u00abODS y Agenda 2030\u00bb por toda su trayectoria de trabajo en Andaluc\u00eda.","og_url":"https:\/\/www.entreculturas.org\/gl\/noticia\/la-campana-mundial-por-la-educacion-recibe-el-premio-andalucia-social-2020\/","og_site_name":"Entreculturas","article_publisher":"https:\/\/www.facebook.com\/entreculturas","article_modified_time":"2024-02-19T16:29:34+00:00","og_image":[{"width":1600,"height":1200,"url":"https:\/\/www.entreculturas.org\/wp-content\/uploads\/2021\/06\/whatsapp_image_2021-06-22_at_10.55.40_2.jpeg","type":"image\/jpeg"}],"twitter_card":"summary_large_image","twitter_site":"@Entreculturas","schema":{"@context":"https:\/\/schema.org","@graph":[{"@type":"WebPage","@id":"https:\/\/www.entreculturas.org\/gl\/noticia\/la-campana-mundial-por-la-educacion-recibe-el-premio-andalucia-social-2020\/","url":"https:\/\/www.entreculturas.org\/gl\/noticia\/la-campana-mundial-por-la-educacion-recibe-el-premio-andalucia-social-2020\/","name":"La Campa\u00f1a Mundial por la Educaci\u00f3n recibe el premio Andaluc\u00eda + Social 2020 - Entreculturas","isPartOf":{"@id":"https:\/\/www.entreculturas.org\/gl\/#website"},"primaryImageOfPage":{"@id":"https:\/\/www.entreculturas.org\/gl\/noticia\/la-campana-mundial-por-la-educacion-recibe-el-premio-andalucia-social-2020\/#primaryimage"},"image":{"@id":"https:\/\/www.entreculturas.org\/gl\/noticia\/la-campana-mundial-por-la-educacion-recibe-el-premio-andalucia-social-2020\/#primaryimage"},"thumbnailUrl":"https:\/\/www.entreculturas.org\/wp-content\/uploads\/2021\/06\/whatsapp_image_2021-06-22_at_10.55.40_2.jpeg","datePublished":"2021-06-28T09:51:42+00:00","dateModified":"2024-02-19T16:29:34+00:00","breadcrumb":{"@id":"https:\/\/www.entreculturas.org\/gl\/noticia\/la-campana-mundial-por-la-educacion-recibe-el-premio-andalucia-social-2020\/#breadcrumb"},"inLanguage":"gl-ES","potentialAction":[{"@type":"ReadAction","target":["https:\/\/www.entreculturas.org\/gl\/noticia\/la-campana-mundial-por-la-educacion-recibe-el-premio-andalucia-social-2020\/"]}]},{"@type":"ImageObject","inLanguage":"gl-ES","@id":"https:\/\/www.entreculturas.org\/gl\/noticia\/la-campana-mundial-por-la-educacion-recibe-el-premio-andalucia-social-2020\/#primaryimage","url":"https:\/\/www.entreculturas.org\/wp-content\/uploads\/2021\/06\/whatsapp_image_2021-06-22_at_10.55.40_2.jpeg","contentUrl":"https:\/\/www.entreculturas.org\/wp-content\/uploads\/2021\/06\/whatsapp_image_2021-06-22_at_10.55.40_2.jpeg","width":1600,"height":1200},{"@type":"BreadcrumbList","@id":"https:\/\/www.entreculturas.org\/gl\/noticia\/la-campana-mundial-por-la-educacion-recibe-el-premio-andalucia-social-2020\/#breadcrumb","itemListElement":[{"@type":"ListItem","position":1,"name":"Home","item":"https:\/\/www.entreculturas.org\/gl\/"},{"@type":"ListItem","position":2,"name":"Noticias","item":"https:\/\/www.entreculturas.org\/gl\/noticias\/"},{"@type":"ListItem","position":3,"name":"La Campa\u00f1a Mundial por la Educaci\u00f3n recibe el premio Andaluc\u00eda + Social 2020"}]},{"@type":"WebSite","@id":"https:\/\/www.entreculturas.org\/gl\/#website","url":"https:\/\/www.entreculturas.org\/gl\/","name":"Entreculturas","description":"","publisher":{"@id":"https:\/\/www.entreculturas.org\/gl\/#organization"},"alternateName":"Entreculturas","potentialAction":[{"@type":"SearchAction","target":{"@type":"EntryPoint","urlTemplate":"https:\/\/www.entreculturas.org\/gl\/?s={search_term_string}"},"query-input":{"@type":"PropertyValueSpecification","valueRequired":true,"valueName":"search_term_string"}}],"inLanguage":"gl-ES"},{"@type":"Organization","@id":"https:\/\/www.entreculturas.org\/gl\/#organization","name":"Entreculturas","url":"https:\/\/www.entreculturas.org\/gl\/","logo":{"@type":"ImageObject","inLanguage":"gl-ES","@id":"https:\/\/www.entreculturas.org\/gl\/#\/schema\/logo\/image\/","url":"https:\/\/www.entreculturas.org\/wp-content\/uploads\/2025\/10\/ESP.svg","contentUrl":"https:\/\/www.entreculturas.org\/wp-content\/uploads\/2025\/10\/ESP.svg","caption":"Entreculturas"},"image":{"@id":"https:\/\/www.entreculturas.org\/gl\/#\/schema\/logo\/image\/"},"sameAs":["https:\/\/www.facebook.com\/entreculturas","https:\/\/x.com\/Entreculturas","https:\/\/www.instagram.com\/entreculturas\/","https:\/\/www.youtube.com\/user\/entreculturasvideo","https:\/\/www.linkedin.com\/company\/fundacion-entreculturas-ngdo\/","https:\/\/www.flickr.com\/photos\/98455522@N04\/albums\/"]}]}},"_links":{"self":[{"href":"https:\/\/www.entreculturas.org\/gl\/wp-json\/wp\/v2\/noticia\/5984","targetHints":{"allow":["GET"]}}],"collection":[{"href":"https:\/\/www.entreculturas.org\/gl\/wp-json\/wp\/v2\/noticia"}],"about":[{"href":"https:\/\/www.entreculturas.org\/gl\/wp-json\/wp\/v2\/types\/noticia"}],"wp:featuredmedia":[{"embeddable":true,"href":"https:\/\/www.entreculturas.org\/gl\/wp-json\/wp\/v2\/media\/5983"}],"wp:attachment":[{"href":"https:\/\/www.entreculturas.org\/gl\/wp-json\/wp\/v2\/media?parent=5984"}],"wp:term":[{"taxonomy":"category","embeddable":true,"href":"https:\/\/www.entreculturas.org\/gl\/wp-json\/wp\/v2\/categories?post=5984"},{"taxonomy":"post_tag","embeddable":true,"href":"https:\/\/www.entreculturas.org\/gl\/wp-json\/wp\/v2\/tags?post=5984"},{"taxonomy":"country","embeddable":true,"href":"https:\/\/www.entreculturas.org\/gl\/wp-json\/wp\/v2\/country?post=5984"},{"taxonomy":"cause","embeddable":true,"href":"https:\/\/www.entreculturas.org\/gl\/wp-json\/wp\/v2\/cause?post=5984"}],"curies":[{"name":"wp","href":"https:\/\/api.w.org\/{rel}","templated":true}]}}