{"id":5940,"date":"2021-06-16T07:49:34","date_gmt":"2021-06-16T07:49:34","guid":{"rendered":"https:\/\/entreculturasi.wpenginepowered.com\/?noticias=la-realidad-de-las-personas-venezolanas-refugiadas-y-forzadas-migrar-exige-el-compromiso-de"},"modified":"2024-02-19T17:22:16","modified_gmt":"2024-02-19T16:22:16","slug":"la-realidad-de-las-personas-venezolanas-refugiadas-y-forzadas-migrar-exige-el-compromiso-de","status":"publish","type":"noticia","link":"https:\/\/www.entreculturas.org\/gl\/noticia\/la-realidad-de-las-personas-venezolanas-refugiadas-y-forzadas-migrar-exige-el-compromiso-de\/","title":{"rendered":"La realidad de las personas venezolanas refugiadas y forzadas a migrar exige el compromiso de la comunidad internacional"},"content":{"rendered":"<p><span style=\"color:#FF0000\"><strong>Alboan y Entreculturas, junto a otras organizaciones de la Compa\u00f1\u00eda de Jes\u00fas y la Red Clamor, brindamos&nbsp;20 recomendaciones a la comunidad internacional para atender a la realidad de las personas venezolanas refugiadas y forzadas a migrar.<\/strong><\/span><\/p>\n<p>El pr\u00f3ximo 17 de junio de 2021, se celebrar\u00e1 en Canad\u00e1 la <strong>II Conferencia Internacional de Donantes en Solidaridad con los Refugiados y Migrantes Venezolanos<\/strong>, en colaboraci\u00f3n con el Alto Comisionado de las Naciones Unidas para los Refugiados (ACNUR) y la Organizaci\u00f3n Internacional para las Migraciones (OIM).&nbsp;<\/p>\n<p>Alboan y Entreculturas, junto a varias organizaciones de la Compa\u00f1\u00eda de Jes\u00fas y la Red Clamor, nos dirigimos&nbsp;a representantes de los Estados y delegados\/as a esta Conferencia para recordar que<strong> 5.6 millones de personas venezolanas se han visto forzadas a abandonar su pa\u00eds<\/strong>. Como organizaciones que acompa\u00f1amos, defendendemos y promovemos&nbsp;los derechos de las personas venezolanas refugiadas y forzadas a migrar, pedimos reforzar el compromiso de la comunidad internacional&nbsp; e insistimos en una <strong>salida democr\u00e1tica y pac\u00edfica a la crisis de Venezuela<\/strong>, ya que mientras que esta persista, migrar seguir\u00e1 siendo para muchos la \u00fanica salida para salvaguardar la vida.<\/p>\n<p><\/p>\n<p>Ante el empeoramiento y precarizaci\u00f3n de la migraci\u00f3n y el cierre y militarizaci\u00f3n de las fronteras, pedimos un <strong>mayor esfuerzo y compromiso pol\u00edtico por parte de todos los Estados a la hora de brindar asistencia humanitaria y proteger los derechos humanos<\/strong> de todas las personas venezolanas forzadas a migrar, incluido su derecho a solicitar asilo. Instamos&nbsp;a que los Estados adopten la recomendaci\u00f3n del ACNUR y reconozcan que la poblaci\u00f3n venezolana se encuentra necesitada de protecci\u00f3n internacional.<\/p>\n<p>Es pertinente insistir en la <strong>solidaridad, la hospitalidad y la acogida<\/strong> como principios que nos permiten reconocer y potencializar los aspectos positivos de la migraci\u00f3n y aprovechar sus beneficios. Esta Conferencia es una oportunidad para comprometer los recursos necesarios para alcanzar las metas y los compromisos internacionales, as\u00ed como para brindar una respuesta coordinada entre los Estados y las organizaciones internacionales.&nbsp;<\/p>\n<p>En el documento (<a href=\"https:\/\/www.entreculturas.org\/wp-content\/uploads\/2021\/06\/2021_venezuela_conferencia_donantes_pronunciamiento_es_2.pdf\" target=\"_blank\" rel=\"noopener\">puede consultarse aqu\u00ed<\/a>) pueden encontrar las <strong>20 recomendaciones <\/strong>presentadas por las siguientes organizaciones firmantes:<\/p>\n<ul>\n<li>Alboan&nbsp;<\/li>\n<li>Canadian Jesuits International&nbsp;&nbsp;<\/li>\n<li>Entreculturas&nbsp;<\/li>\n<li>Federaci\u00f3n Internacional Fe y Alegr\u00eda<\/li>\n<li>GIAN Migraciones<\/li>\n<li>Jesuit Refugee Service&nbsp;<\/li>\n<li>Magis Americas<\/li>\n<li>Red CLAMOR<\/li>\n<li>Red Jesuita con Migrantes<\/li>\n<\/ul>\n<p>&nbsp;<\/p>\n","protected":false},"excerpt":{"rendered":"<p>Alboan y Entreculturas, junto a otras organizaciones de la Compa\u00f1\u00eda de Jes\u00fas y la Red Clamor brindan 20 recomendaciones a la comunidad internacional para atender a la realidad de las personas venezolanas refugiadas y forzadas a migrar<br \/>\nEl pr\u00f3ximo 17 de junio de 2021, se celebrar\u00e1 en Canad\u00e1 la II Conferencia Internacional de Donantes en Solidaridad con los Refugiados y Migrantes Venezolanos, en colaboraci\u00f3n con el Alto Comisionado de las Naciones Unidas para los Refugiados (ACNUR) y la Organizaci\u00f3n Internacional para las Migraciones (OIM). <\/p>\n","protected":false},"featured_media":5938,"template":"single-noticia","meta":{"_acf_changed":false},"categories":[7],"tags":[10],"country":[],"cause":[129],"class_list":["post-5940","noticia","type-noticia","status-publish","has-post-thumbnail","hentry","category-noticia","tag-migracion-y-refugio","cause-migracion-y-refugio"],"acf":[],"yoast_head":"<!-- This site is optimized with the Yoast SEO Premium plugin v21.6 (Yoast SEO v27.5) - https:\/\/yoast.com\/product\/yoast-seo-premium-wordpress\/ -->\n<title>La realidad de las personas venezolanas refugiadas y forzadas a migrar exige el compromiso de la comunidad internacional - Entreculturas<\/title>\n<meta name=\"robots\" content=\"index, follow, max-snippet:-1, max-image-preview:large, max-video-preview:-1\" \/>\n<link rel=\"canonical\" href=\"https:\/\/www.entreculturas.org\/gl\/noticia\/la-realidad-de-las-personas-venezolanas-refugiadas-y-forzadas-migrar-exige-el-compromiso-de\/\" \/>\n<meta property=\"og:locale\" content=\"gl_ES\" \/>\n<meta property=\"og:type\" content=\"article\" \/>\n<meta property=\"og:title\" content=\"La realidad de las personas venezolanas refugiadas y forzadas a migrar exige el compromiso de la comunidad internacional\" \/>\n<meta property=\"og:description\" content=\"Alboan y Entreculturas, junto a otras organizaciones de la Compa\u00f1\u00eda de Jes\u00fas y la Red Clamor brindan 20 recomendaciones a la comunidad internacional para atender a la realidad de las personas venezolanas refugiadas y forzadas a migrar El pr\u00f3ximo 17 de junio de 2021, se celebrar\u00e1 en Canad\u00e1 la II Conferencia Internacional de Donantes en Solidaridad con los Refugiados y Migrantes Venezolanos, en colaboraci\u00f3n con el Alto Comisionado de las Naciones Unidas para los Refugiados (ACNUR) y la Organizaci\u00f3n Internacional para las Migraciones (OIM).\" \/>\n<meta property=\"og:url\" content=\"https:\/\/www.entreculturas.org\/gl\/noticia\/la-realidad-de-las-personas-venezolanas-refugiadas-y-forzadas-migrar-exige-el-compromiso-de\/\" \/>\n<meta property=\"og:site_name\" content=\"Entreculturas\" \/>\n<meta property=\"article:publisher\" content=\"https:\/\/www.facebook.com\/entreculturas\" \/>\n<meta property=\"article:modified_time\" content=\"2024-02-19T16:22:16+00:00\" \/>\n<meta property=\"og:image\" content=\"https:\/\/www.entreculturas.org\/wp-content\/uploads\/2021\/06\/img_3956.jpg\" \/>\n\t<meta property=\"og:image:width\" content=\"800\" \/>\n\t<meta property=\"og:image:height\" content=\"534\" \/>\n\t<meta property=\"og:image:type\" content=\"image\/jpeg\" \/>\n<meta name=\"twitter:card\" content=\"summary_large_image\" \/>\n<meta name=\"twitter:site\" content=\"@Entreculturas\" \/>\n<script type=\"application\/ld+json\" class=\"yoast-schema-graph\">{\"@context\":\"https:\\\/\\\/schema.org\",\"@graph\":[{\"@type\":\"WebPage\",\"@id\":\"https:\\\/\\\/www.entreculturas.org\\\/gl\\\/noticia\\\/la-realidad-de-las-personas-venezolanas-refugiadas-y-forzadas-migrar-exige-el-compromiso-de\\\/\",\"url\":\"https:\\\/\\\/www.entreculturas.org\\\/gl\\\/noticia\\\/la-realidad-de-las-personas-venezolanas-refugiadas-y-forzadas-migrar-exige-el-compromiso-de\\\/\",\"name\":\"La realidad de las personas venezolanas refugiadas y forzadas a migrar exige el compromiso de la comunidad internacional - Entreculturas\",\"isPartOf\":{\"@id\":\"https:\\\/\\\/www.entreculturas.org\\\/gl\\\/#website\"},\"primaryImageOfPage\":{\"@id\":\"https:\\\/\\\/www.entreculturas.org\\\/gl\\\/noticia\\\/la-realidad-de-las-personas-venezolanas-refugiadas-y-forzadas-migrar-exige-el-compromiso-de\\\/#primaryimage\"},\"image\":{\"@id\":\"https:\\\/\\\/www.entreculturas.org\\\/gl\\\/noticia\\\/la-realidad-de-las-personas-venezolanas-refugiadas-y-forzadas-migrar-exige-el-compromiso-de\\\/#primaryimage\"},\"thumbnailUrl\":\"https:\\\/\\\/www.entreculturas.org\\\/wp-content\\\/uploads\\\/2021\\\/06\\\/img_3956.jpg\",\"datePublished\":\"2021-06-16T07:49:34+00:00\",\"dateModified\":\"2024-02-19T16:22:16+00:00\",\"breadcrumb\":{\"@id\":\"https:\\\/\\\/www.entreculturas.org\\\/gl\\\/noticia\\\/la-realidad-de-las-personas-venezolanas-refugiadas-y-forzadas-migrar-exige-el-compromiso-de\\\/#breadcrumb\"},\"inLanguage\":\"gl-ES\",\"potentialAction\":[{\"@type\":\"ReadAction\",\"target\":[\"https:\\\/\\\/www.entreculturas.org\\\/gl\\\/noticia\\\/la-realidad-de-las-personas-venezolanas-refugiadas-y-forzadas-migrar-exige-el-compromiso-de\\\/\"]}]},{\"@type\":\"ImageObject\",\"inLanguage\":\"gl-ES\",\"@id\":\"https:\\\/\\\/www.entreculturas.org\\\/gl\\\/noticia\\\/la-realidad-de-las-personas-venezolanas-refugiadas-y-forzadas-migrar-exige-el-compromiso-de\\\/#primaryimage\",\"url\":\"https:\\\/\\\/www.entreculturas.org\\\/wp-content\\\/uploads\\\/2021\\\/06\\\/img_3956.jpg\",\"contentUrl\":\"https:\\\/\\\/www.entreculturas.org\\\/wp-content\\\/uploads\\\/2021\\\/06\\\/img_3956.jpg\",\"width\":800,\"height\":534},{\"@type\":\"BreadcrumbList\",\"@id\":\"https:\\\/\\\/www.entreculturas.org\\\/gl\\\/noticia\\\/la-realidad-de-las-personas-venezolanas-refugiadas-y-forzadas-migrar-exige-el-compromiso-de\\\/#breadcrumb\",\"itemListElement\":[{\"@type\":\"ListItem\",\"position\":1,\"name\":\"Home\",\"item\":\"https:\\\/\\\/www.entreculturas.org\\\/gl\\\/\"},{\"@type\":\"ListItem\",\"position\":2,\"name\":\"Noticias\",\"item\":\"https:\\\/\\\/www.entreculturas.org\\\/gl\\\/noticias\\\/\"},{\"@type\":\"ListItem\",\"position\":3,\"name\":\"La realidad de las personas venezolanas refugiadas y forzadas a migrar exige el compromiso de la comunidad internacional\"}]},{\"@type\":\"WebSite\",\"@id\":\"https:\\\/\\\/www.entreculturas.org\\\/gl\\\/#website\",\"url\":\"https:\\\/\\\/www.entreculturas.org\\\/gl\\\/\",\"name\":\"Entreculturas\",\"description\":\"\",\"publisher\":{\"@id\":\"https:\\\/\\\/www.entreculturas.org\\\/gl\\\/#organization\"},\"alternateName\":\"Entreculturas\",\"potentialAction\":[{\"@type\":\"SearchAction\",\"target\":{\"@type\":\"EntryPoint\",\"urlTemplate\":\"https:\\\/\\\/www.entreculturas.org\\\/gl\\\/?s={search_term_string}\"},\"query-input\":{\"@type\":\"PropertyValueSpecification\",\"valueRequired\":true,\"valueName\":\"search_term_string\"}}],\"inLanguage\":\"gl-ES\"},{\"@type\":\"Organization\",\"@id\":\"https:\\\/\\\/www.entreculturas.org\\\/gl\\\/#organization\",\"name\":\"Entreculturas\",\"url\":\"https:\\\/\\\/www.entreculturas.org\\\/gl\\\/\",\"logo\":{\"@type\":\"ImageObject\",\"inLanguage\":\"gl-ES\",\"@id\":\"https:\\\/\\\/www.entreculturas.org\\\/gl\\\/#\\\/schema\\\/logo\\\/image\\\/\",\"url\":\"https:\\\/\\\/www.entreculturas.org\\\/wp-content\\\/uploads\\\/2025\\\/10\\\/ESP.svg\",\"contentUrl\":\"https:\\\/\\\/www.entreculturas.org\\\/wp-content\\\/uploads\\\/2025\\\/10\\\/ESP.svg\",\"caption\":\"Entreculturas\"},\"image\":{\"@id\":\"https:\\\/\\\/www.entreculturas.org\\\/gl\\\/#\\\/schema\\\/logo\\\/image\\\/\"},\"sameAs\":[\"https:\\\/\\\/www.facebook.com\\\/entreculturas\",\"https:\\\/\\\/x.com\\\/Entreculturas\",\"https:\\\/\\\/www.instagram.com\\\/entreculturas\\\/\",\"https:\\\/\\\/www.youtube.com\\\/user\\\/entreculturasvideo\",\"https:\\\/\\\/www.linkedin.com\\\/company\\\/fundacion-entreculturas-ngdo\\\/\",\"https:\\\/\\\/www.flickr.com\\\/photos\\\/98455522@N04\\\/albums\\\/\"]}]}<\/script>\n<!-- \/ Yoast SEO Premium plugin. -->","yoast_head_json":{"title":"La realidad de las personas venezolanas refugiadas y forzadas a migrar exige el compromiso de la comunidad internacional - Entreculturas","robots":{"index":"index","follow":"follow","max-snippet":"max-snippet:-1","max-image-preview":"max-image-preview:large","max-video-preview":"max-video-preview:-1"},"canonical":"https:\/\/www.entreculturas.org\/gl\/noticia\/la-realidad-de-las-personas-venezolanas-refugiadas-y-forzadas-migrar-exige-el-compromiso-de\/","og_locale":"gl_ES","og_type":"article","og_title":"La realidad de las personas venezolanas refugiadas y forzadas a migrar exige el compromiso de la comunidad internacional","og_description":"Alboan y Entreculturas, junto a otras organizaciones de la Compa\u00f1\u00eda de Jes\u00fas y la Red Clamor brindan 20 recomendaciones a la comunidad internacional para atender a la realidad de las personas venezolanas refugiadas y forzadas a migrar El pr\u00f3ximo 17 de junio de 2021, se celebrar\u00e1 en Canad\u00e1 la II Conferencia Internacional de Donantes en Solidaridad con los Refugiados y Migrantes Venezolanos, en colaboraci\u00f3n con el Alto Comisionado de las Naciones Unidas para los Refugiados (ACNUR) y la Organizaci\u00f3n Internacional para las Migraciones (OIM).","og_url":"https:\/\/www.entreculturas.org\/gl\/noticia\/la-realidad-de-las-personas-venezolanas-refugiadas-y-forzadas-migrar-exige-el-compromiso-de\/","og_site_name":"Entreculturas","article_publisher":"https:\/\/www.facebook.com\/entreculturas","article_modified_time":"2024-02-19T16:22:16+00:00","og_image":[{"width":800,"height":534,"url":"https:\/\/www.entreculturas.org\/wp-content\/uploads\/2021\/06\/img_3956.jpg","type":"image\/jpeg"}],"twitter_card":"summary_large_image","twitter_site":"@Entreculturas","schema":{"@context":"https:\/\/schema.org","@graph":[{"@type":"WebPage","@id":"https:\/\/www.entreculturas.org\/gl\/noticia\/la-realidad-de-las-personas-venezolanas-refugiadas-y-forzadas-migrar-exige-el-compromiso-de\/","url":"https:\/\/www.entreculturas.org\/gl\/noticia\/la-realidad-de-las-personas-venezolanas-refugiadas-y-forzadas-migrar-exige-el-compromiso-de\/","name":"La realidad de las personas venezolanas refugiadas y forzadas a migrar exige el compromiso de la comunidad internacional - Entreculturas","isPartOf":{"@id":"https:\/\/www.entreculturas.org\/gl\/#website"},"primaryImageOfPage":{"@id":"https:\/\/www.entreculturas.org\/gl\/noticia\/la-realidad-de-las-personas-venezolanas-refugiadas-y-forzadas-migrar-exige-el-compromiso-de\/#primaryimage"},"image":{"@id":"https:\/\/www.entreculturas.org\/gl\/noticia\/la-realidad-de-las-personas-venezolanas-refugiadas-y-forzadas-migrar-exige-el-compromiso-de\/#primaryimage"},"thumbnailUrl":"https:\/\/www.entreculturas.org\/wp-content\/uploads\/2021\/06\/img_3956.jpg","datePublished":"2021-06-16T07:49:34+00:00","dateModified":"2024-02-19T16:22:16+00:00","breadcrumb":{"@id":"https:\/\/www.entreculturas.org\/gl\/noticia\/la-realidad-de-las-personas-venezolanas-refugiadas-y-forzadas-migrar-exige-el-compromiso-de\/#breadcrumb"},"inLanguage":"gl-ES","potentialAction":[{"@type":"ReadAction","target":["https:\/\/www.entreculturas.org\/gl\/noticia\/la-realidad-de-las-personas-venezolanas-refugiadas-y-forzadas-migrar-exige-el-compromiso-de\/"]}]},{"@type":"ImageObject","inLanguage":"gl-ES","@id":"https:\/\/www.entreculturas.org\/gl\/noticia\/la-realidad-de-las-personas-venezolanas-refugiadas-y-forzadas-migrar-exige-el-compromiso-de\/#primaryimage","url":"https:\/\/www.entreculturas.org\/wp-content\/uploads\/2021\/06\/img_3956.jpg","contentUrl":"https:\/\/www.entreculturas.org\/wp-content\/uploads\/2021\/06\/img_3956.jpg","width":800,"height":534},{"@type":"BreadcrumbList","@id":"https:\/\/www.entreculturas.org\/gl\/noticia\/la-realidad-de-las-personas-venezolanas-refugiadas-y-forzadas-migrar-exige-el-compromiso-de\/#breadcrumb","itemListElement":[{"@type":"ListItem","position":1,"name":"Home","item":"https:\/\/www.entreculturas.org\/gl\/"},{"@type":"ListItem","position":2,"name":"Noticias","item":"https:\/\/www.entreculturas.org\/gl\/noticias\/"},{"@type":"ListItem","position":3,"name":"La realidad de las personas venezolanas refugiadas y forzadas a migrar exige el compromiso de la comunidad internacional"}]},{"@type":"WebSite","@id":"https:\/\/www.entreculturas.org\/gl\/#website","url":"https:\/\/www.entreculturas.org\/gl\/","name":"Entreculturas","description":"","publisher":{"@id":"https:\/\/www.entreculturas.org\/gl\/#organization"},"alternateName":"Entreculturas","potentialAction":[{"@type":"SearchAction","target":{"@type":"EntryPoint","urlTemplate":"https:\/\/www.entreculturas.org\/gl\/?s={search_term_string}"},"query-input":{"@type":"PropertyValueSpecification","valueRequired":true,"valueName":"search_term_string"}}],"inLanguage":"gl-ES"},{"@type":"Organization","@id":"https:\/\/www.entreculturas.org\/gl\/#organization","name":"Entreculturas","url":"https:\/\/www.entreculturas.org\/gl\/","logo":{"@type":"ImageObject","inLanguage":"gl-ES","@id":"https:\/\/www.entreculturas.org\/gl\/#\/schema\/logo\/image\/","url":"https:\/\/www.entreculturas.org\/wp-content\/uploads\/2025\/10\/ESP.svg","contentUrl":"https:\/\/www.entreculturas.org\/wp-content\/uploads\/2025\/10\/ESP.svg","caption":"Entreculturas"},"image":{"@id":"https:\/\/www.entreculturas.org\/gl\/#\/schema\/logo\/image\/"},"sameAs":["https:\/\/www.facebook.com\/entreculturas","https:\/\/x.com\/Entreculturas","https:\/\/www.instagram.com\/entreculturas\/","https:\/\/www.youtube.com\/user\/entreculturasvideo","https:\/\/www.linkedin.com\/company\/fundacion-entreculturas-ngdo\/","https:\/\/www.flickr.com\/photos\/98455522@N04\/albums\/"]}]}},"_links":{"self":[{"href":"https:\/\/www.entreculturas.org\/gl\/wp-json\/wp\/v2\/noticia\/5940","targetHints":{"allow":["GET"]}}],"collection":[{"href":"https:\/\/www.entreculturas.org\/gl\/wp-json\/wp\/v2\/noticia"}],"about":[{"href":"https:\/\/www.entreculturas.org\/gl\/wp-json\/wp\/v2\/types\/noticia"}],"wp:featuredmedia":[{"embeddable":true,"href":"https:\/\/www.entreculturas.org\/gl\/wp-json\/wp\/v2\/media\/5938"}],"wp:attachment":[{"href":"https:\/\/www.entreculturas.org\/gl\/wp-json\/wp\/v2\/media?parent=5940"}],"wp:term":[{"taxonomy":"category","embeddable":true,"href":"https:\/\/www.entreculturas.org\/gl\/wp-json\/wp\/v2\/categories?post=5940"},{"taxonomy":"post_tag","embeddable":true,"href":"https:\/\/www.entreculturas.org\/gl\/wp-json\/wp\/v2\/tags?post=5940"},{"taxonomy":"country","embeddable":true,"href":"https:\/\/www.entreculturas.org\/gl\/wp-json\/wp\/v2\/country?post=5940"},{"taxonomy":"cause","embeddable":true,"href":"https:\/\/www.entreculturas.org\/gl\/wp-json\/wp\/v2\/cause?post=5940"}],"curies":[{"name":"wp","href":"https:\/\/api.w.org\/{rel}","templated":true}]}}