{"id":5924,"date":"2021-06-11T11:15:57","date_gmt":"2021-06-11T11:15:57","guid":{"rendered":"https:\/\/entreculturasi.wpenginepowered.com\/?noticias=15-anos-de-experiencia-sur-una-escuela-de-ciudadania-global"},"modified":"2024-02-19T17:02:39","modified_gmt":"2024-02-19T16:02:39","slug":"15-anos-de-experiencia-sur-una-escuela-de-ciudadania-global","status":"publish","type":"noticia","link":"https:\/\/www.entreculturas.org\/gl\/noticia\/15-anos-de-experiencia-sur-una-escuela-de-ciudadania-global\/","title":{"rendered":"15 a\u00f1os de Experiencia Sur: una escuela de ciudadan\u00eda global"},"content":{"rendered":"<p><strong>Entreculturas presenta la Evaluaci\u00f3n del Programa Experiencia Sur tras 15 a\u00f1os de andadura. Este programa, \u201cescuela de ciudadan\u00eda global\u201d ha convocado a lo largo de estos tiempo a m\u00e1s de 250 participantes, hoy agentes de transformaci\u00f3n social.<\/strong><\/p>\n<p>En un mundo en el que proliferan conflictos y crecen las fronteras, en el que los intereses econ\u00f3micos prevalecen sobre el bienestar de las personas y de la tierra, donde crece la desigualdad en el interior de los pa\u00edses, sigue siendo pertinente e incluso tiene m\u00e1s sentido, si cabe, el encuentro intercultural entre personas y comunidades.&nbsp;<\/p>\n<p><strong>Experiencia Sur es la propuesta de voluntariado internacional de corta duraci\u00f3n impulsada por Entreculturas.<\/strong> Se orienta a promover encuentros con personas que viven en otros pa\u00edses en los que la organizaci\u00f3n trabaja. Propone facilitar el acercamiento a realidades de desigualdad y exclusi\u00f3n que se quedan fuera de los focos medi\u00e1ticos, y crear v\u00ednculos que ayuden a entender y hacer experiencia vital el sentirnos ciudadanos y ciudadanas del mundo. Las organizaciones socias de Entreculturas en dichos pa\u00edses, hacen posible este encuentro transformador.<\/p>\n<p>Tras 15 a\u00f1os de andadura, Entreculturas ha <a href=\"https:\/\/www.entreculturas.org\/wp-content\/uploads\/2021\/06\/15_anos_experiencia_sur.pdf\">evaluado el programa<\/a> atendiendo a los procesos y resultados que genera. Adem\u00e1s de Experiencia Sur, se ha evaluado otro programa de voluntariado internacional de corta duraci\u00f3n que impulsamos desde el a\u00f1o 2016: Profes en Compa\u00f1\u00eda, una propuesta conjunta entre Entreculturas, el \u00c1rea de Pastoral MAG+S y el sector de Educaci\u00f3n de la Compa\u00f1\u00eda de Jes\u00fas en Espa\u00f1a (EDUCSI). Este formato permite a docentes de colegios jesuitas, de espiritualidad ignaciana o vinculados\/as a los programas educativos de la organizaci\u00f3n, realizar el voluntariado en las escuelas de Fe y Alegr\u00eda, donde colaboran e intercambian experiencias con otros docentes y se ponen al servicio de la organizaci\u00f3n que los acoge.<\/p>\n<p>Las conclusiones de la evaluaci\u00f3n se presentaron en un evento virtual, ayer jueves 10 de junio, con la participaci\u00f3n de 65 personas. Cont\u00f3 con las palabras de apertura de Ram\u00f3n Almansa, desde un profundo agradecimiento por el programa; la intervenci\u00f3n de \u00c1ngel Calle, Director de la Agencia Extreme\u00f1a de Cooperaci\u00f3n Internacional para el Desarrollo, comprometi\u00e9ndose a \u201cblindar\u201d la apuesta por el voluntariado; los testimonios de Tarcisio Vallejo, Clara Maeztu y Santiago V\u00e1zquez, desde Ecuador, Madrid y Badajoz, como participantes en el programa con distintas implicaciones; y la presentaci\u00f3n de los aprendizajes tras estos 15 a\u00f1os, por parte de Leticia Alonso, reciente coordinadora del programa.<\/p>\n<p><strong>La evaluaci\u00f3n ha tenido como objetivos detenernos en qu\u00e9 es y qu\u00e9 ha sido este programa, <\/strong>valorar su aporte a la vida de los y las participantes, realizar un an\u00e1lisis de sus principales logros y compartir aprendizajes para fortalecerlo y mejorarlo.<\/p>\n<p>Realizada la evaluaci\u00f3n, podemos afirmar que Experiencia Sur:<\/p>\n<ul>\n<li>Contribuye a tener una visi\u00f3n cr\u00edtica de la realidad.<\/li>\n<li>Facilita la toma de conciencia y el compromiso para la transformaci\u00f3n social.<\/li>\n<li>Fortalece el trabajo por la justicia social desde una participaci\u00f3n activa.<\/li>\n<li>Contribuye a construir ciudadan\u00eda global.<\/li>\n<li>Promueve agentes sensibilizadores que siembran transformaci\u00f3n en sus entornos (centros educativos, empresas, asociaciones, barrios, familias).<\/li>\n<li>Y, si te dejas, cambia la vida&#8230;<\/li>\n<\/ul>\n<p>&nbsp;<\/p>\n<p>Conocer la identidad y misi\u00f3n de Entreculturas, la importancia de la formaci\u00f3n y de las orientaciones que se dan a lo largo del proceso, realizar la experiencia en peque\u00f1o grupo, desempe\u00f1ar una tarea adecuada al perfil que facilite la inserci\u00f3n en la realidad, reposar y compartir la experiencia al regreso&#8230; son aprendizajes de estos a\u00f1os que queremos mantener y reforzar, pues la evaluaci\u00f3n revela que son factores fundamentales para que la experiencia sea satisfactoria y logre los resultados deseados.<\/p>\n<p>Y, como puntos de mejora, que convertimos en llamadas a las que queremos responder de cara a las siguientes ediciones, hemos identificado los siguientes: ampliar y profundizar algunos contenidos de la formaci\u00f3n previa, reforzar y asentar determinados procesos de trabajo con las organizaciones que acogen a las personas voluntarias, reflexionar sobre el sentido de la tarea a desempe\u00f1ar por las personas participantes, mejorar los procesos de sistematizaci\u00f3n del programa y la implicaci\u00f3n de las delegaciones en las distintas fases del programa.<\/p>\n<p><strong><a href=\"https:\/\/www.entreculturas.org\/wp-content\/uploads\/2021\/06\/15_anos_experiencia_sur.pdf\">La evaluaci\u00f3n<\/a> nos deja un profundo sentido de agradecimiento a todas las personas y organizaciones que lo han hecho posible en unos y otros lugares del mundo a lo largo de estos a\u00f1os; <\/strong>una gran responsabilidad por lo que el programa supone a las personas que participan en \u00e9l y a nuestra misi\u00f3n como organizaci\u00f3n; y una gran ilusi\u00f3n para asumir los retos identificados para mejorar esta propuesta.&nbsp;<\/p>\n","protected":false},"excerpt":{"rendered":"<p>Entreculturas presenta la Evaluaci\u00f3n del Programa Experiencia Sur tras 15 a\u00f1os de andadura. Este programa, \u201cescuela de ciudadan\u00eda global\u201d ha convocado a lo largo de estos tiempo a m\u00e1s de 250 participantes, hoy agentes de transformaci\u00f3n social.<\/p>\n","protected":false},"featured_media":5925,"template":"single-noticia","meta":{"_acf_changed":false},"categories":[7],"tags":[8],"country":[],"cause":[132],"class_list":["post-5924","noticia","type-noticia","status-publish","has-post-thumbnail","hentry","category-noticia","tag-participacion-y-ciudadania-global","cause-participacion-y-ciudadania-global"],"acf":[],"yoast_head":"<!-- This site is optimized with the Yoast SEO Premium plugin v21.6 (Yoast SEO v27.5) - https:\/\/yoast.com\/product\/yoast-seo-premium-wordpress\/ -->\n<title>15 a\u00f1os de Experiencia Sur: una escuela de ciudadan\u00eda global - Entreculturas<\/title>\n<meta name=\"robots\" content=\"index, follow, max-snippet:-1, max-image-preview:large, max-video-preview:-1\" \/>\n<link rel=\"canonical\" href=\"https:\/\/www.entreculturas.org\/gl\/noticia\/15-anos-de-experiencia-sur-una-escuela-de-ciudadania-global\/\" \/>\n<meta property=\"og:locale\" content=\"gl_ES\" \/>\n<meta property=\"og:type\" content=\"article\" \/>\n<meta property=\"og:title\" content=\"15 a\u00f1os de Experiencia Sur: una escuela de ciudadan\u00eda global\" \/>\n<meta property=\"og:description\" content=\"Entreculturas presenta la Evaluaci\u00f3n del Programa Experiencia Sur tras 15 a\u00f1os de andadura. Este programa, \u201cescuela de ciudadan\u00eda global\u201d ha convocado a lo largo de estos tiempo a m\u00e1s de 250 participantes, hoy agentes de transformaci\u00f3n social.\" \/>\n<meta property=\"og:url\" content=\"https:\/\/www.entreculturas.org\/gl\/noticia\/15-anos-de-experiencia-sur-una-escuela-de-ciudadania-global\/\" \/>\n<meta property=\"og:site_name\" content=\"Entreculturas\" \/>\n<meta property=\"article:publisher\" content=\"https:\/\/www.facebook.com\/entreculturas\" \/>\n<meta property=\"article:modified_time\" content=\"2024-02-19T16:02:39+00:00\" \/>\n<meta property=\"og:image\" content=\"https:\/\/www.entreculturas.org\/wp-content\/uploads\/2021\/06\/captura_de_pantalla_2021-06-11_a_las_13.12.19.png\" \/>\n\t<meta property=\"og:image:width\" content=\"816\" \/>\n\t<meta property=\"og:image:height\" content=\"1108\" \/>\n\t<meta property=\"og:image:type\" content=\"image\/png\" \/>\n<meta name=\"twitter:card\" content=\"summary_large_image\" \/>\n<meta name=\"twitter:site\" content=\"@Entreculturas\" \/>\n<script type=\"application\/ld+json\" class=\"yoast-schema-graph\">{\"@context\":\"https:\\\/\\\/schema.org\",\"@graph\":[{\"@type\":\"WebPage\",\"@id\":\"https:\\\/\\\/www.entreculturas.org\\\/gl\\\/noticia\\\/15-anos-de-experiencia-sur-una-escuela-de-ciudadania-global\\\/\",\"url\":\"https:\\\/\\\/www.entreculturas.org\\\/gl\\\/noticia\\\/15-anos-de-experiencia-sur-una-escuela-de-ciudadania-global\\\/\",\"name\":\"15 a\u00f1os de Experiencia Sur: una escuela de ciudadan\u00eda global - Entreculturas\",\"isPartOf\":{\"@id\":\"https:\\\/\\\/www.entreculturas.org\\\/gl\\\/#website\"},\"primaryImageOfPage\":{\"@id\":\"https:\\\/\\\/www.entreculturas.org\\\/gl\\\/noticia\\\/15-anos-de-experiencia-sur-una-escuela-de-ciudadania-global\\\/#primaryimage\"},\"image\":{\"@id\":\"https:\\\/\\\/www.entreculturas.org\\\/gl\\\/noticia\\\/15-anos-de-experiencia-sur-una-escuela-de-ciudadania-global\\\/#primaryimage\"},\"thumbnailUrl\":\"https:\\\/\\\/www.entreculturas.org\\\/wp-content\\\/uploads\\\/2021\\\/06\\\/captura_de_pantalla_2021-06-11_a_las_13.12.19.png\",\"datePublished\":\"2021-06-11T11:15:57+00:00\",\"dateModified\":\"2024-02-19T16:02:39+00:00\",\"breadcrumb\":{\"@id\":\"https:\\\/\\\/www.entreculturas.org\\\/gl\\\/noticia\\\/15-anos-de-experiencia-sur-una-escuela-de-ciudadania-global\\\/#breadcrumb\"},\"inLanguage\":\"gl-ES\",\"potentialAction\":[{\"@type\":\"ReadAction\",\"target\":[\"https:\\\/\\\/www.entreculturas.org\\\/gl\\\/noticia\\\/15-anos-de-experiencia-sur-una-escuela-de-ciudadania-global\\\/\"]}]},{\"@type\":\"ImageObject\",\"inLanguage\":\"gl-ES\",\"@id\":\"https:\\\/\\\/www.entreculturas.org\\\/gl\\\/noticia\\\/15-anos-de-experiencia-sur-una-escuela-de-ciudadania-global\\\/#primaryimage\",\"url\":\"https:\\\/\\\/www.entreculturas.org\\\/wp-content\\\/uploads\\\/2021\\\/06\\\/captura_de_pantalla_2021-06-11_a_las_13.12.19.png\",\"contentUrl\":\"https:\\\/\\\/www.entreculturas.org\\\/wp-content\\\/uploads\\\/2021\\\/06\\\/captura_de_pantalla_2021-06-11_a_las_13.12.19.png\",\"width\":816,\"height\":1108,\"caption\":\"captura_de_pantalla_2021-06-11_a_las_13\"},{\"@type\":\"BreadcrumbList\",\"@id\":\"https:\\\/\\\/www.entreculturas.org\\\/gl\\\/noticia\\\/15-anos-de-experiencia-sur-una-escuela-de-ciudadania-global\\\/#breadcrumb\",\"itemListElement\":[{\"@type\":\"ListItem\",\"position\":1,\"name\":\"Home\",\"item\":\"https:\\\/\\\/www.entreculturas.org\\\/gl\\\/\"},{\"@type\":\"ListItem\",\"position\":2,\"name\":\"Noticias\",\"item\":\"https:\\\/\\\/www.entreculturas.org\\\/gl\\\/noticias\\\/\"},{\"@type\":\"ListItem\",\"position\":3,\"name\":\"15 a\u00f1os de Experiencia Sur: una escuela de ciudadan\u00eda global\"}]},{\"@type\":\"WebSite\",\"@id\":\"https:\\\/\\\/www.entreculturas.org\\\/gl\\\/#website\",\"url\":\"https:\\\/\\\/www.entreculturas.org\\\/gl\\\/\",\"name\":\"Entreculturas\",\"description\":\"\",\"publisher\":{\"@id\":\"https:\\\/\\\/www.entreculturas.org\\\/gl\\\/#organization\"},\"alternateName\":\"Entreculturas\",\"potentialAction\":[{\"@type\":\"SearchAction\",\"target\":{\"@type\":\"EntryPoint\",\"urlTemplate\":\"https:\\\/\\\/www.entreculturas.org\\\/gl\\\/?s={search_term_string}\"},\"query-input\":{\"@type\":\"PropertyValueSpecification\",\"valueRequired\":true,\"valueName\":\"search_term_string\"}}],\"inLanguage\":\"gl-ES\"},{\"@type\":\"Organization\",\"@id\":\"https:\\\/\\\/www.entreculturas.org\\\/gl\\\/#organization\",\"name\":\"Entreculturas\",\"url\":\"https:\\\/\\\/www.entreculturas.org\\\/gl\\\/\",\"logo\":{\"@type\":\"ImageObject\",\"inLanguage\":\"gl-ES\",\"@id\":\"https:\\\/\\\/www.entreculturas.org\\\/gl\\\/#\\\/schema\\\/logo\\\/image\\\/\",\"url\":\"https:\\\/\\\/www.entreculturas.org\\\/wp-content\\\/uploads\\\/2025\\\/10\\\/ESP.svg\",\"contentUrl\":\"https:\\\/\\\/www.entreculturas.org\\\/wp-content\\\/uploads\\\/2025\\\/10\\\/ESP.svg\",\"caption\":\"Entreculturas\"},\"image\":{\"@id\":\"https:\\\/\\\/www.entreculturas.org\\\/gl\\\/#\\\/schema\\\/logo\\\/image\\\/\"},\"sameAs\":[\"https:\\\/\\\/www.facebook.com\\\/entreculturas\",\"https:\\\/\\\/x.com\\\/Entreculturas\",\"https:\\\/\\\/www.instagram.com\\\/entreculturas\\\/\",\"https:\\\/\\\/www.youtube.com\\\/user\\\/entreculturasvideo\",\"https:\\\/\\\/www.linkedin.com\\\/company\\\/fundacion-entreculturas-ngdo\\\/\",\"https:\\\/\\\/www.flickr.com\\\/photos\\\/98455522@N04\\\/albums\\\/\"]}]}<\/script>\n<!-- \/ Yoast SEO Premium plugin. -->","yoast_head_json":{"title":"15 a\u00f1os de Experiencia Sur: una escuela de ciudadan\u00eda global - Entreculturas","robots":{"index":"index","follow":"follow","max-snippet":"max-snippet:-1","max-image-preview":"max-image-preview:large","max-video-preview":"max-video-preview:-1"},"canonical":"https:\/\/www.entreculturas.org\/gl\/noticia\/15-anos-de-experiencia-sur-una-escuela-de-ciudadania-global\/","og_locale":"gl_ES","og_type":"article","og_title":"15 a\u00f1os de Experiencia Sur: una escuela de ciudadan\u00eda global","og_description":"Entreculturas presenta la Evaluaci\u00f3n del Programa Experiencia Sur tras 15 a\u00f1os de andadura. Este programa, \u201cescuela de ciudadan\u00eda global\u201d ha convocado a lo largo de estos tiempo a m\u00e1s de 250 participantes, hoy agentes de transformaci\u00f3n social.","og_url":"https:\/\/www.entreculturas.org\/gl\/noticia\/15-anos-de-experiencia-sur-una-escuela-de-ciudadania-global\/","og_site_name":"Entreculturas","article_publisher":"https:\/\/www.facebook.com\/entreculturas","article_modified_time":"2024-02-19T16:02:39+00:00","og_image":[{"width":816,"height":1108,"url":"https:\/\/www.entreculturas.org\/wp-content\/uploads\/2021\/06\/captura_de_pantalla_2021-06-11_a_las_13.12.19.png","type":"image\/png"}],"twitter_card":"summary_large_image","twitter_site":"@Entreculturas","schema":{"@context":"https:\/\/schema.org","@graph":[{"@type":"WebPage","@id":"https:\/\/www.entreculturas.org\/gl\/noticia\/15-anos-de-experiencia-sur-una-escuela-de-ciudadania-global\/","url":"https:\/\/www.entreculturas.org\/gl\/noticia\/15-anos-de-experiencia-sur-una-escuela-de-ciudadania-global\/","name":"15 a\u00f1os de Experiencia Sur: una escuela de ciudadan\u00eda global - Entreculturas","isPartOf":{"@id":"https:\/\/www.entreculturas.org\/gl\/#website"},"primaryImageOfPage":{"@id":"https:\/\/www.entreculturas.org\/gl\/noticia\/15-anos-de-experiencia-sur-una-escuela-de-ciudadania-global\/#primaryimage"},"image":{"@id":"https:\/\/www.entreculturas.org\/gl\/noticia\/15-anos-de-experiencia-sur-una-escuela-de-ciudadania-global\/#primaryimage"},"thumbnailUrl":"https:\/\/www.entreculturas.org\/wp-content\/uploads\/2021\/06\/captura_de_pantalla_2021-06-11_a_las_13.12.19.png","datePublished":"2021-06-11T11:15:57+00:00","dateModified":"2024-02-19T16:02:39+00:00","breadcrumb":{"@id":"https:\/\/www.entreculturas.org\/gl\/noticia\/15-anos-de-experiencia-sur-una-escuela-de-ciudadania-global\/#breadcrumb"},"inLanguage":"gl-ES","potentialAction":[{"@type":"ReadAction","target":["https:\/\/www.entreculturas.org\/gl\/noticia\/15-anos-de-experiencia-sur-una-escuela-de-ciudadania-global\/"]}]},{"@type":"ImageObject","inLanguage":"gl-ES","@id":"https:\/\/www.entreculturas.org\/gl\/noticia\/15-anos-de-experiencia-sur-una-escuela-de-ciudadania-global\/#primaryimage","url":"https:\/\/www.entreculturas.org\/wp-content\/uploads\/2021\/06\/captura_de_pantalla_2021-06-11_a_las_13.12.19.png","contentUrl":"https:\/\/www.entreculturas.org\/wp-content\/uploads\/2021\/06\/captura_de_pantalla_2021-06-11_a_las_13.12.19.png","width":816,"height":1108,"caption":"captura_de_pantalla_2021-06-11_a_las_13"},{"@type":"BreadcrumbList","@id":"https:\/\/www.entreculturas.org\/gl\/noticia\/15-anos-de-experiencia-sur-una-escuela-de-ciudadania-global\/#breadcrumb","itemListElement":[{"@type":"ListItem","position":1,"name":"Home","item":"https:\/\/www.entreculturas.org\/gl\/"},{"@type":"ListItem","position":2,"name":"Noticias","item":"https:\/\/www.entreculturas.org\/gl\/noticias\/"},{"@type":"ListItem","position":3,"name":"15 a\u00f1os de Experiencia Sur: una escuela de ciudadan\u00eda global"}]},{"@type":"WebSite","@id":"https:\/\/www.entreculturas.org\/gl\/#website","url":"https:\/\/www.entreculturas.org\/gl\/","name":"Entreculturas","description":"","publisher":{"@id":"https:\/\/www.entreculturas.org\/gl\/#organization"},"alternateName":"Entreculturas","potentialAction":[{"@type":"SearchAction","target":{"@type":"EntryPoint","urlTemplate":"https:\/\/www.entreculturas.org\/gl\/?s={search_term_string}"},"query-input":{"@type":"PropertyValueSpecification","valueRequired":true,"valueName":"search_term_string"}}],"inLanguage":"gl-ES"},{"@type":"Organization","@id":"https:\/\/www.entreculturas.org\/gl\/#organization","name":"Entreculturas","url":"https:\/\/www.entreculturas.org\/gl\/","logo":{"@type":"ImageObject","inLanguage":"gl-ES","@id":"https:\/\/www.entreculturas.org\/gl\/#\/schema\/logo\/image\/","url":"https:\/\/www.entreculturas.org\/wp-content\/uploads\/2025\/10\/ESP.svg","contentUrl":"https:\/\/www.entreculturas.org\/wp-content\/uploads\/2025\/10\/ESP.svg","caption":"Entreculturas"},"image":{"@id":"https:\/\/www.entreculturas.org\/gl\/#\/schema\/logo\/image\/"},"sameAs":["https:\/\/www.facebook.com\/entreculturas","https:\/\/x.com\/Entreculturas","https:\/\/www.instagram.com\/entreculturas\/","https:\/\/www.youtube.com\/user\/entreculturasvideo","https:\/\/www.linkedin.com\/company\/fundacion-entreculturas-ngdo\/","https:\/\/www.flickr.com\/photos\/98455522@N04\/albums\/"]}]}},"_links":{"self":[{"href":"https:\/\/www.entreculturas.org\/gl\/wp-json\/wp\/v2\/noticia\/5924","targetHints":{"allow":["GET"]}}],"collection":[{"href":"https:\/\/www.entreculturas.org\/gl\/wp-json\/wp\/v2\/noticia"}],"about":[{"href":"https:\/\/www.entreculturas.org\/gl\/wp-json\/wp\/v2\/types\/noticia"}],"wp:featuredmedia":[{"embeddable":true,"href":"https:\/\/www.entreculturas.org\/gl\/wp-json\/wp\/v2\/media\/5925"}],"wp:attachment":[{"href":"https:\/\/www.entreculturas.org\/gl\/wp-json\/wp\/v2\/media?parent=5924"}],"wp:term":[{"taxonomy":"category","embeddable":true,"href":"https:\/\/www.entreculturas.org\/gl\/wp-json\/wp\/v2\/categories?post=5924"},{"taxonomy":"post_tag","embeddable":true,"href":"https:\/\/www.entreculturas.org\/gl\/wp-json\/wp\/v2\/tags?post=5924"},{"taxonomy":"country","embeddable":true,"href":"https:\/\/www.entreculturas.org\/gl\/wp-json\/wp\/v2\/country?post=5924"},{"taxonomy":"cause","embeddable":true,"href":"https:\/\/www.entreculturas.org\/gl\/wp-json\/wp\/v2\/cause?post=5924"}],"curies":[{"name":"wp","href":"https:\/\/api.w.org\/{rel}","templated":true}]}}