{"id":5829,"date":"2021-05-21T07:06:08","date_gmt":"2021-05-21T07:06:08","guid":{"rendered":"https:\/\/entreculturasi.wpenginepowered.com\/?noticias=la-luz-de-las-ninas-en-honduras"},"modified":"2024-02-28T16:43:01","modified_gmt":"2024-02-28T15:43:01","slug":"la-luz-de-las-ninas-en-honduras","status":"publish","type":"noticia","link":"https:\/\/www.entreculturas.org\/gl\/noticia\/la-luz-de-las-ninas-en-honduras\/","title":{"rendered":"La Luz de las Ni\u00f1as en Honduras"},"content":{"rendered":"<p><span style=\"font-size:10px\">\u00a9 Foto: Fe y Alegr\u00eda Honduras<\/span><\/p>\n<p><strong>Honduras es uno de los pa\u00edses con mayores \u00edndices de violencia del mundo.<\/strong> Una de sus manifestaciones m\u00e1s preocupantes es la violencia contra las mujeres y las ni\u00f1as que puede arruinar sus vidas. Desde 2005, m\u00e1s de 6.000 mujeres han muerto de forma violenta en Honduras. Las mujeres representan el 51% de los 9,3 millones de habitantes, la gran mayor\u00eda viven en situaci\u00f3n de vulnerabilidad.<\/p>\n<p>Seg\u00fan el Observatorio de la Violencia de la Universidad Nacional Aut\u00f3noma de Honduras, el pa\u00eds cerr\u00f3 el 2020 con una tasa de unos 10 asesinatos diarios. Cifra ligeramente inferior al 2019, por las medidas por la Covid-19 y por los huracanes Eta e Iota. <strong>En 2021, ya se percibe un aumento de la violencia general respecto al a\u00f1o pasado. <\/strong>De enero a abril de 2021, 90 mujeres han sido asesinadas.&nbsp;<\/p>\n<p>En 2019, se registraron 401 homicidios de mujeres, lo que representa en promedio 33 v\u00edctimas mensuales y una muerte cada 29 horas con 36 minutos.<\/p>\n<p>Desde el a\u00f1o 2017 en Entreculturas llevamos a cabo junto a nuestra organizaci\u00f3n socia Fe y Alegr\u00edas Honduras un proyecto que tiene como objetivo <strong>reforzar el empoderamiento de ni\u00f1as y adolescentes en entornos de igualdad y libres de&nbsp; violencia.&nbsp;<\/strong><\/p>\n<p>El proyecto tiene como objetivos:<\/p>\n<ol>\n<li>Acompa\u00f1ar a ni\u00f1as y adolescentes v\u00edctimas de violencia mejoran su bienestar psicosocial y su autoestima.<\/li>\n<li>Ense\u00f1ar a ni\u00f1as y adolescentes&nbsp; a identificar situaciones de violencia en su contexto.<\/li>\n<li>Desarrollar competencias y aplicar herramientas para la prevenci\u00f3n de las violencias en el marco de la pol\u00edtica de ambientes seguros con docentes de 6 centros educativos.<\/li>\n<li>Implantaci\u00f3n de propuesta de actuaci\u00f3n para hacer frente a la violencia hacia las ni\u00f1as y adolescentes&nbsp; 6 centros escolares.<\/li>\n<\/ol>\n<p>&nbsp;<\/p>\n<p>Con este proyecto aspiramos a incrementar el control y el poder de las ni\u00f1as y adolescentes para tomar decisiones informadas sobre sus vidas, expresarse y participar en igualdad al igual que promover la igualdad de g\u00e9nero y una cultura de paz en el entorno educativo.<\/p>\n<p>Seguiremos trabajando en este programa tan necesario en Honduras porque <strong>las ni\u00f1as tienen derecho a una infancia en igualdad de oportunidades, <\/strong>libre de miedos, de amenazas y agresiones.<\/p>\n","protected":false},"excerpt":{"rendered":"<p>Honduras es uno de los pa\u00edses con mayores \u00edndices de violencia del mundo. Una de sus manifestaciones m\u00e1s preocupantes es la violencia contra las mujeres y las ni\u00f1as que puede arruinar sus vidas. Desde 2005, m\u00e1s de 6.000 mujeres han muerto de forma violenta en Honduras. Las mujeres representan el 51% de los 9,3 millones de habitantes, la gran mayor\u00eda viven en situaci\u00f3n de vulnerabilidad.<\/p>\n","protected":false},"featured_media":5828,"template":"single-noticia","meta":{"_acf_changed":false},"categories":[7],"tags":[293],"country":[146],"cause":[130],"class_list":["post-5829","noticia","type-noticia","status-publish","has-post-thumbnail","hentry","category-noticia","tag-genero","country-honduras","cause-genero"],"acf":[],"yoast_head":"<!-- This site is optimized with the Yoast SEO Premium plugin v21.6 (Yoast SEO v27.5) - https:\/\/yoast.com\/product\/yoast-seo-premium-wordpress\/ -->\n<title>La Luz de las Ni\u00f1as en Honduras - Entreculturas<\/title>\n<meta name=\"robots\" content=\"index, follow, max-snippet:-1, max-image-preview:large, max-video-preview:-1\" \/>\n<link rel=\"canonical\" href=\"https:\/\/www.entreculturas.org\/gl\/noticia\/la-luz-de-las-ninas-en-honduras\/\" \/>\n<meta property=\"og:locale\" content=\"gl_ES\" \/>\n<meta property=\"og:type\" content=\"article\" \/>\n<meta property=\"og:title\" content=\"La Luz de las Ni\u00f1as en Honduras\" \/>\n<meta property=\"og:description\" content=\"Honduras es uno de los pa\u00edses con mayores \u00edndices de violencia del mundo. Una de sus manifestaciones m\u00e1s preocupantes es la violencia contra las mujeres y las ni\u00f1as que puede arruinar sus vidas. Desde 2005, m\u00e1s de 6.000 mujeres han muerto de forma violenta en Honduras. Las mujeres representan el 51% de los 9,3 millones de habitantes, la gran mayor\u00eda viven en situaci\u00f3n de vulnerabilidad.\" \/>\n<meta property=\"og:url\" content=\"https:\/\/www.entreculturas.org\/gl\/noticia\/la-luz-de-las-ninas-en-honduras\/\" \/>\n<meta property=\"og:site_name\" content=\"Entreculturas\" \/>\n<meta property=\"article:publisher\" content=\"https:\/\/www.facebook.com\/entreculturas\" \/>\n<meta property=\"article:modified_time\" content=\"2024-02-28T15:43:01+00:00\" \/>\n<meta property=\"og:image\" content=\"https:\/\/www.entreculturas.org\/wp-content\/uploads\/2021\/05\/img_4997.jpg\" \/>\n\t<meta property=\"og:image:width\" content=\"1080\" \/>\n\t<meta property=\"og:image:height\" content=\"720\" \/>\n\t<meta property=\"og:image:type\" content=\"image\/jpeg\" \/>\n<meta name=\"twitter:card\" content=\"summary_large_image\" \/>\n<meta name=\"twitter:site\" content=\"@Entreculturas\" \/>\n<script type=\"application\/ld+json\" class=\"yoast-schema-graph\">{\"@context\":\"https:\\\/\\\/schema.org\",\"@graph\":[{\"@type\":\"WebPage\",\"@id\":\"https:\\\/\\\/www.entreculturas.org\\\/gl\\\/noticia\\\/la-luz-de-las-ninas-en-honduras\\\/\",\"url\":\"https:\\\/\\\/www.entreculturas.org\\\/gl\\\/noticia\\\/la-luz-de-las-ninas-en-honduras\\\/\",\"name\":\"La Luz de las Ni\u00f1as en Honduras - Entreculturas\",\"isPartOf\":{\"@id\":\"https:\\\/\\\/www.entreculturas.org\\\/gl\\\/#website\"},\"primaryImageOfPage\":{\"@id\":\"https:\\\/\\\/www.entreculturas.org\\\/gl\\\/noticia\\\/la-luz-de-las-ninas-en-honduras\\\/#primaryimage\"},\"image\":{\"@id\":\"https:\\\/\\\/www.entreculturas.org\\\/gl\\\/noticia\\\/la-luz-de-las-ninas-en-honduras\\\/#primaryimage\"},\"thumbnailUrl\":\"https:\\\/\\\/www.entreculturas.org\\\/wp-content\\\/uploads\\\/2021\\\/05\\\/img_4997.jpg\",\"datePublished\":\"2021-05-21T07:06:08+00:00\",\"dateModified\":\"2024-02-28T15:43:01+00:00\",\"breadcrumb\":{\"@id\":\"https:\\\/\\\/www.entreculturas.org\\\/gl\\\/noticia\\\/la-luz-de-las-ninas-en-honduras\\\/#breadcrumb\"},\"inLanguage\":\"gl-ES\",\"potentialAction\":[{\"@type\":\"ReadAction\",\"target\":[\"https:\\\/\\\/www.entreculturas.org\\\/gl\\\/noticia\\\/la-luz-de-las-ninas-en-honduras\\\/\"]}]},{\"@type\":\"ImageObject\",\"inLanguage\":\"gl-ES\",\"@id\":\"https:\\\/\\\/www.entreculturas.org\\\/gl\\\/noticia\\\/la-luz-de-las-ninas-en-honduras\\\/#primaryimage\",\"url\":\"https:\\\/\\\/www.entreculturas.org\\\/wp-content\\\/uploads\\\/2021\\\/05\\\/img_4997.jpg\",\"contentUrl\":\"https:\\\/\\\/www.entreculturas.org\\\/wp-content\\\/uploads\\\/2021\\\/05\\\/img_4997.jpg\",\"width\":1080,\"height\":720},{\"@type\":\"BreadcrumbList\",\"@id\":\"https:\\\/\\\/www.entreculturas.org\\\/gl\\\/noticia\\\/la-luz-de-las-ninas-en-honduras\\\/#breadcrumb\",\"itemListElement\":[{\"@type\":\"ListItem\",\"position\":1,\"name\":\"Home\",\"item\":\"https:\\\/\\\/www.entreculturas.org\\\/gl\\\/\"},{\"@type\":\"ListItem\",\"position\":2,\"name\":\"Noticias\",\"item\":\"https:\\\/\\\/www.entreculturas.org\\\/gl\\\/noticias\\\/\"},{\"@type\":\"ListItem\",\"position\":3,\"name\":\"La Luz de las Ni\u00f1as en Honduras\"}]},{\"@type\":\"WebSite\",\"@id\":\"https:\\\/\\\/www.entreculturas.org\\\/gl\\\/#website\",\"url\":\"https:\\\/\\\/www.entreculturas.org\\\/gl\\\/\",\"name\":\"Entreculturas\",\"description\":\"\",\"publisher\":{\"@id\":\"https:\\\/\\\/www.entreculturas.org\\\/gl\\\/#organization\"},\"alternateName\":\"Entreculturas\",\"potentialAction\":[{\"@type\":\"SearchAction\",\"target\":{\"@type\":\"EntryPoint\",\"urlTemplate\":\"https:\\\/\\\/www.entreculturas.org\\\/gl\\\/?s={search_term_string}\"},\"query-input\":{\"@type\":\"PropertyValueSpecification\",\"valueRequired\":true,\"valueName\":\"search_term_string\"}}],\"inLanguage\":\"gl-ES\"},{\"@type\":\"Organization\",\"@id\":\"https:\\\/\\\/www.entreculturas.org\\\/gl\\\/#organization\",\"name\":\"Entreculturas\",\"url\":\"https:\\\/\\\/www.entreculturas.org\\\/gl\\\/\",\"logo\":{\"@type\":\"ImageObject\",\"inLanguage\":\"gl-ES\",\"@id\":\"https:\\\/\\\/www.entreculturas.org\\\/gl\\\/#\\\/schema\\\/logo\\\/image\\\/\",\"url\":\"https:\\\/\\\/www.entreculturas.org\\\/wp-content\\\/uploads\\\/2025\\\/10\\\/ESP.svg\",\"contentUrl\":\"https:\\\/\\\/www.entreculturas.org\\\/wp-content\\\/uploads\\\/2025\\\/10\\\/ESP.svg\",\"caption\":\"Entreculturas\"},\"image\":{\"@id\":\"https:\\\/\\\/www.entreculturas.org\\\/gl\\\/#\\\/schema\\\/logo\\\/image\\\/\"},\"sameAs\":[\"https:\\\/\\\/www.facebook.com\\\/entreculturas\",\"https:\\\/\\\/x.com\\\/Entreculturas\",\"https:\\\/\\\/www.instagram.com\\\/entreculturas\\\/\",\"https:\\\/\\\/www.youtube.com\\\/user\\\/entreculturasvideo\",\"https:\\\/\\\/www.linkedin.com\\\/company\\\/fundacion-entreculturas-ngdo\\\/\",\"https:\\\/\\\/www.flickr.com\\\/photos\\\/98455522@N04\\\/albums\\\/\"]}]}<\/script>\n<!-- \/ Yoast SEO Premium plugin. -->","yoast_head_json":{"title":"La Luz de las Ni\u00f1as en Honduras - Entreculturas","robots":{"index":"index","follow":"follow","max-snippet":"max-snippet:-1","max-image-preview":"max-image-preview:large","max-video-preview":"max-video-preview:-1"},"canonical":"https:\/\/www.entreculturas.org\/gl\/noticia\/la-luz-de-las-ninas-en-honduras\/","og_locale":"gl_ES","og_type":"article","og_title":"La Luz de las Ni\u00f1as en Honduras","og_description":"Honduras es uno de los pa\u00edses con mayores \u00edndices de violencia del mundo. Una de sus manifestaciones m\u00e1s preocupantes es la violencia contra las mujeres y las ni\u00f1as que puede arruinar sus vidas. Desde 2005, m\u00e1s de 6.000 mujeres han muerto de forma violenta en Honduras. Las mujeres representan el 51% de los 9,3 millones de habitantes, la gran mayor\u00eda viven en situaci\u00f3n de vulnerabilidad.","og_url":"https:\/\/www.entreculturas.org\/gl\/noticia\/la-luz-de-las-ninas-en-honduras\/","og_site_name":"Entreculturas","article_publisher":"https:\/\/www.facebook.com\/entreculturas","article_modified_time":"2024-02-28T15:43:01+00:00","og_image":[{"width":1080,"height":720,"url":"https:\/\/www.entreculturas.org\/wp-content\/uploads\/2021\/05\/img_4997.jpg","type":"image\/jpeg"}],"twitter_card":"summary_large_image","twitter_site":"@Entreculturas","schema":{"@context":"https:\/\/schema.org","@graph":[{"@type":"WebPage","@id":"https:\/\/www.entreculturas.org\/gl\/noticia\/la-luz-de-las-ninas-en-honduras\/","url":"https:\/\/www.entreculturas.org\/gl\/noticia\/la-luz-de-las-ninas-en-honduras\/","name":"La Luz de las Ni\u00f1as en Honduras - Entreculturas","isPartOf":{"@id":"https:\/\/www.entreculturas.org\/gl\/#website"},"primaryImageOfPage":{"@id":"https:\/\/www.entreculturas.org\/gl\/noticia\/la-luz-de-las-ninas-en-honduras\/#primaryimage"},"image":{"@id":"https:\/\/www.entreculturas.org\/gl\/noticia\/la-luz-de-las-ninas-en-honduras\/#primaryimage"},"thumbnailUrl":"https:\/\/www.entreculturas.org\/wp-content\/uploads\/2021\/05\/img_4997.jpg","datePublished":"2021-05-21T07:06:08+00:00","dateModified":"2024-02-28T15:43:01+00:00","breadcrumb":{"@id":"https:\/\/www.entreculturas.org\/gl\/noticia\/la-luz-de-las-ninas-en-honduras\/#breadcrumb"},"inLanguage":"gl-ES","potentialAction":[{"@type":"ReadAction","target":["https:\/\/www.entreculturas.org\/gl\/noticia\/la-luz-de-las-ninas-en-honduras\/"]}]},{"@type":"ImageObject","inLanguage":"gl-ES","@id":"https:\/\/www.entreculturas.org\/gl\/noticia\/la-luz-de-las-ninas-en-honduras\/#primaryimage","url":"https:\/\/www.entreculturas.org\/wp-content\/uploads\/2021\/05\/img_4997.jpg","contentUrl":"https:\/\/www.entreculturas.org\/wp-content\/uploads\/2021\/05\/img_4997.jpg","width":1080,"height":720},{"@type":"BreadcrumbList","@id":"https:\/\/www.entreculturas.org\/gl\/noticia\/la-luz-de-las-ninas-en-honduras\/#breadcrumb","itemListElement":[{"@type":"ListItem","position":1,"name":"Home","item":"https:\/\/www.entreculturas.org\/gl\/"},{"@type":"ListItem","position":2,"name":"Noticias","item":"https:\/\/www.entreculturas.org\/gl\/noticias\/"},{"@type":"ListItem","position":3,"name":"La Luz de las Ni\u00f1as en Honduras"}]},{"@type":"WebSite","@id":"https:\/\/www.entreculturas.org\/gl\/#website","url":"https:\/\/www.entreculturas.org\/gl\/","name":"Entreculturas","description":"","publisher":{"@id":"https:\/\/www.entreculturas.org\/gl\/#organization"},"alternateName":"Entreculturas","potentialAction":[{"@type":"SearchAction","target":{"@type":"EntryPoint","urlTemplate":"https:\/\/www.entreculturas.org\/gl\/?s={search_term_string}"},"query-input":{"@type":"PropertyValueSpecification","valueRequired":true,"valueName":"search_term_string"}}],"inLanguage":"gl-ES"},{"@type":"Organization","@id":"https:\/\/www.entreculturas.org\/gl\/#organization","name":"Entreculturas","url":"https:\/\/www.entreculturas.org\/gl\/","logo":{"@type":"ImageObject","inLanguage":"gl-ES","@id":"https:\/\/www.entreculturas.org\/gl\/#\/schema\/logo\/image\/","url":"https:\/\/www.entreculturas.org\/wp-content\/uploads\/2025\/10\/ESP.svg","contentUrl":"https:\/\/www.entreculturas.org\/wp-content\/uploads\/2025\/10\/ESP.svg","caption":"Entreculturas"},"image":{"@id":"https:\/\/www.entreculturas.org\/gl\/#\/schema\/logo\/image\/"},"sameAs":["https:\/\/www.facebook.com\/entreculturas","https:\/\/x.com\/Entreculturas","https:\/\/www.instagram.com\/entreculturas\/","https:\/\/www.youtube.com\/user\/entreculturasvideo","https:\/\/www.linkedin.com\/company\/fundacion-entreculturas-ngdo\/","https:\/\/www.flickr.com\/photos\/98455522@N04\/albums\/"]}]}},"_links":{"self":[{"href":"https:\/\/www.entreculturas.org\/gl\/wp-json\/wp\/v2\/noticia\/5829","targetHints":{"allow":["GET"]}}],"collection":[{"href":"https:\/\/www.entreculturas.org\/gl\/wp-json\/wp\/v2\/noticia"}],"about":[{"href":"https:\/\/www.entreculturas.org\/gl\/wp-json\/wp\/v2\/types\/noticia"}],"wp:featuredmedia":[{"embeddable":true,"href":"https:\/\/www.entreculturas.org\/gl\/wp-json\/wp\/v2\/media\/5828"}],"wp:attachment":[{"href":"https:\/\/www.entreculturas.org\/gl\/wp-json\/wp\/v2\/media?parent=5829"}],"wp:term":[{"taxonomy":"category","embeddable":true,"href":"https:\/\/www.entreculturas.org\/gl\/wp-json\/wp\/v2\/categories?post=5829"},{"taxonomy":"post_tag","embeddable":true,"href":"https:\/\/www.entreculturas.org\/gl\/wp-json\/wp\/v2\/tags?post=5829"},{"taxonomy":"country","embeddable":true,"href":"https:\/\/www.entreculturas.org\/gl\/wp-json\/wp\/v2\/country?post=5829"},{"taxonomy":"cause","embeddable":true,"href":"https:\/\/www.entreculturas.org\/gl\/wp-json\/wp\/v2\/cause?post=5829"}],"curies":[{"name":"wp","href":"https:\/\/api.w.org\/{rel}","templated":true}]}}