{"id":5743,"date":"2021-04-24T15:49:55","date_gmt":"2021-04-24T15:49:55","guid":{"rendered":"https:\/\/entreculturasi.wpenginepowered.com\/?noticias=rozalen-y-beatriz-romero-visitan-familias-y-grupos-de-mujeres-migrantes-al-cumplirse-un-ano"},"modified":"2024-09-04T10:33:07","modified_gmt":"2024-09-04T08:33:07","slug":"rozalen-y-beatriz-romero-visitan-familias-y-grupos-de-mujeres-migrantes-al-cumplirse-un-ano","status":"publish","type":"noticia","link":"https:\/\/www.entreculturas.org\/gl\/noticia\/rozalen-y-beatriz-romero-visitan-familias-y-grupos-de-mujeres-migrantes-al-cumplirse-un-ano\/","title":{"rendered":"Rozal\u00e9n y Beatriz Romero visitan a familias y grupos de mujeres migrantes al cumplirse un a\u00f1o de \u201cAves Enjauladas\u201d"},"content":{"rendered":"\n<p>Con motivo del primer aniversario del lanzamiento de \u201cAves enjauladas\u201d,&nbsp; la cantautora y activista Rozal\u00e9n y Beatriz Romero, su int\u00e9rprete de lengua de signos, han viajado a Valencia para visitar a las familias y grupos de mujeres migrantes en riesgo de exclusi\u00f3n social, apoyadas por Entreculturas. <strong>En abril de 2020, en pleno confinamiento, Rozal\u00e9n regal\u00f3 a Entreculturas esperanza en forma de canci\u00f3n. <\/strong>Su tema solidario \u201cAves enjauladas\u201d ha sido, a lo largo de este a\u00f1o, un s\u00edmbolo de solidaridad y optimismo que pone en valor los aprendizajes en tiempos de Covid \u201cpara volver con m\u00e1s fuerza\u201d.&nbsp;<\/p>\n\n\n\n<div style=\"height:30px\" aria-hidden=\"true\" class=\"wp-block-spacer\"><\/div>\n\n\n\n<p>\u201cTen\u00eda much\u00edsimas ganas de venir y conoceros. Cuando sali\u00f3 la canci\u00f3n, mucha gente lo estaba pasando realmente mal y pens\u00e9 que no era justo que me la quedase yo, por eso habl\u00e9 con Entreculturas y les dije que me gustar\u00eda conectarla con lo que est\u00e1 pasando cerca de nosotros, tambi\u00e9n aqu\u00ed en Espa\u00f1a. Fue ah\u00ed cuando me hablaron de este proyecto del Servicio Jesuita a Migrantes. Gracias a todos los que hac\u00e9is posible esto, ha sido muy emocionante y no dejo de aprender de la lucha de tantas mujeres incre\u00edbles como vosotras\u201d, explic\u00f3 Rozal\u00e9n durante su encuentro con las mujeres.<\/p>\n\n\n\n<div style=\"height:30px\" aria-hidden=\"true\" class=\"wp-block-spacer\"><\/div>\n\n\n\n<figure class=\"wp-block-image aligncenter\"><img decoding=\"async\" src=\"https:\/\/www.entreculturas.org\/wp-content\/uploads\/2021\/04\/rozalen_valencia_entreculturas_sjm_04.jpg\" alt=\"\"\/><figcaption class=\"wp-element-caption\"> Rozal\u00e9n durante la representaci\u00f3n de la obra Mujeres Migradas protagonizadas por SJM Mujeres de valencia. \u00a9 Jes\u00fas Reyes Borjas<\/figcaption><\/figure>\n\n\n\n<p><\/p>\n\n\n\n<p>Uno de los momentos m\u00e1s emocionantes del encuentro tuvo lugar cuando las mujeres representaron una peque\u00f1a obra teatral basada en sus propias historias de vida: Mujeres Migradas. Un gui\u00f3n elaborado por ellas mismas que refleja la lucha y fortaleza de tantas mujeres migradas. Con motivo de la visita de Rozal\u00e9n quisieron hacer tambi\u00e9n suyas sus palabras, en agradecimiento por las \u201cAves Enjauladas\u201d que las han acompa\u00f1ado durante el \u00faltimo a\u00f1o. Como era de esperarse,&nbsp;Rozal\u00e9n quiso cerrar el evento cantando en vivo el tema que lleva por nombre este proyecto y&nbsp;lo hizo acompa\u00f1ada de Beatriz Romero e Ismael Guijarro, productor musical del Aves Enjauladas. Para cerrar este momento Rozal\u00e9n ha invitado&nbsp;a la cantante Alba Reche para sumarse&nbsp;al apoyo de la causa de las mujeres migradas del SJM.&nbsp;<\/p>\n\n\n\n<div style=\"height:30px\" aria-hidden=\"true\" class=\"wp-block-spacer\"><\/div>\n\n\n\n<figure class=\"wp-block-table\"><table class=\"has-fixed-layout\"><tbody><tr><td><img decoding=\"async\" style=\"width: 450px; height: 300px;\" src=\"https:\/\/www.entreculturas.org\/wp-content\/uploads\/2021\/04\/rozalen_valencia_entreculturas_sjm_03.jpg\" alt=\"\"><\/td><td><img decoding=\"async\" style=\"width: 450px; height: 300px;\" src=\"https:\/\/www.entreculturas.org\/wp-content\/uploads\/2021\/04\/rozalen_alba_reche_entreculturas.jpg\" alt=\"\"><\/td><\/tr><\/tbody><\/table><figcaption class=\"wp-element-caption\"><span style=\"font-size: 9px; font-style: italic;\">Rozal\u00e9n junto a Beatriz Romero, Ismael Guijarro y Alba Arreche, interpretando dos canciones de su repertorio musical para las mujeres del SJM Valencia<\/span>. <span style=\"font-size: 9px; font-style: italic;\">\u00a9 Jes\u00fas Reyes Borjas <\/span><\/figcaption><\/figure>\n\n\n\n<div style=\"height:30px\" aria-hidden=\"true\" class=\"wp-block-spacer\"><\/div>\n\n\n\n<p>\u00a0\u00a0<\/p>\n\n\n\n<p>Los fondos recaudados con <strong>las reproducciones de la canci\u00f3n han ido destinados a nuestro trabajo en Entreculturas para apoyar la red de pisos de acogida del Servicio Jesuita a Migrantes (SJM) en Valencia<\/strong>, en los que se atiende a familias y mujeres en situaci\u00f3n de vulnerabilidad. \u201cMujeres, migrantes que han vivido situaciones de explotaci\u00f3n, abuso, viajes complicados, huidas de situaciones dolorosas, explotaci\u00f3n de diferentes tipos. Han encontrado en este grupo de apoyo mutuo condiciones de sororidad, empat\u00eda, acogida. Han visto fortalecidas sus capacidades dentro de la inseguridad y el miedo de su situaci\u00f3n\u201d, afirm\u00f3 Raquel Martin, Directora de Comunicaci\u00f3n y Relaciones Institucionales de Entreculturas.&nbsp;<\/p>\n\n\n\n<div style=\"height:30px\" aria-hidden=\"true\" class=\"wp-block-spacer\"><\/div>\n\n\n\n<p>\u201cMigr\u00e1is desde muchos lugares donde el sufrimiento os hace partir, y donde Entreculturas intenta tambi\u00e9n dar respuesta. Rozal\u00e9n y Beatriz han sido testigo de ello. Y, ahora, est\u00e1is aqu\u00ed con vuestra lucha, dando un mensaje de optimismo y sororidad. Rozal\u00e9n: gracias por querer acompa\u00f1ar tambi\u00e9n esta opci\u00f3n en nuestra propia sociedad\u201d, recalc\u00f3 Daniel Villanueva, Vicepresidente Ejecutivo de Entreculturas. \u201cAves Enjauladas\u201d se enmarca en la historia de colaboraci\u00f3n de la cantautora y activista Rozal\u00e9n y Beatriz Romero, int\u00e9rprete de lengua de signos, con Entreculturas a favor de las ni\u00f1as y mujeres v\u00edctimas de violencia, las personas refugiadas, los proyectos de cooperaci\u00f3n internacional que han podido visitar durante los \u00faltimos dos a\u00f1os en Guatemala y en Chad y ahora, con los colectivos m\u00e1s vulnerables de nuestro pa\u00eds en el contexto de la emergencia de la Covid-19.\u00a0\u00a0<\/p>\n\n\n\n<div style=\"height:30px\" aria-hidden=\"true\" class=\"wp-block-spacer\"><\/div>\n\n\n\n<figure class=\"wp-block-image aligncenter\"><img decoding=\"async\" src=\"https:\/\/www.entreculturas.org\/wp-content\/uploads\/2021\/04\/rozalen_valencia_entreculturas_sjm_06.jpg\" alt=\"\"\/><figcaption class=\"wp-element-caption\"> Daniel Villanueva SJ, Vicepresidente ejecutivo de Entreculturas junto a Rozal\u00e9n y\u00a0\u00a0M\u00aa Carmen de la Fuente, Coordinadora del Servicio Jesuita a Migrantes Espa\u00f1a. \u00a9 Sergi C\u00e1mara<\/figcaption><\/figure>\n\n\n\n<div style=\"height:30px\" aria-hidden=\"true\" class=\"wp-block-spacer\"><\/div>\n\n\n\n<p>Con cerca de <a href=\"https:\/\/youtu.be\/B9rfD5WEJXM\" target=\"_blank\" rel=\"noopener\">5 millones de reproducciones en Youtube<\/a>, los fondos recaudados por \u201cAves Enjauladas\u201d han permitido a Entreculturas apoyar la red de pisos de acogida del Servicio Jesuita a Migrantes (SJM) Espa\u00f1a para familias, mujeres e infancia en situaci\u00f3n de vulnerabilidad y, en concreto, a la red de cuatro pisos situada en Valencia que forma parte del proyecto Hospitalidad. \u201cAves Enjauladas sirve y ha servido como s\u00edmbolo, y las familias as\u00ed lo han entendido. Esa canci\u00f3n se vio reflejada en ayudas y muchas alegr\u00edas para muchas familias\u201d, comparti\u00f3 Ang\u00e9lica Zuluaga, psic\u00f3loga de SJM Valencia.\u00a0<\/p>\n\n\n\n<div style=\"height:30px\" aria-hidden=\"true\" class=\"wp-block-spacer\"><\/div>\n\n\n\n<p>Por su parte, Mustafa Mohamed, Director de SJM Valencia se\u00f1al\u00f3 que \u201cAves enjauladas ha sido un gran soplo de aire fresco para la organizaci\u00f3n. Apostamos por la integraci\u00f3n de las personas migrantes, uno de los colectivos&nbsp; m\u00e1s vulnerables de la sociedad, y trabajamos varias l\u00edneas, como programas dirigidos a apoyar a las mujeres migrantes, que es un colectivo especialmente vulnerable. Muchas se han quedado pr\u00e1cticamente desamparadas o cuentan con muy poco apoyo de la administraci\u00f3n, por eso ha sido un a\u00f1o especialmente duro&#8221;.<\/p>\n\n\n\n<div style=\"height:30px\" aria-hidden=\"true\" class=\"wp-block-spacer\"><\/div>\n\n\n\n<figure class=\"wp-block-image aligncenter\"><img decoding=\"async\" src=\"https:\/\/www.entreculturas.org\/wp-content\/uploads\/2021\/04\/rozalen_valencia_entreculturas_sjm_05.jpg\" alt=\"\"\/><figcaption class=\"wp-element-caption\"><span style=\"font-size: 9px; font-style: italic;\"> Rozal\u00e9n junto a las mujeres y familias de los pisos de acogida del SJM Valencia<\/span>. <span style=\"font-size: 9px; font-style: italic;\">\u00a9 Jes\u00fas Reyes Borjas<\/span><\/figcaption><\/figure>\n\n\n\n<div style=\"height:30px\" aria-hidden=\"true\" class=\"wp-block-spacer\"><\/div>\n\n\n\n<p>Actualmente, los pisos de acogida de SJM Valencia cuentan con un total de 12 familias, de las cuales 13 son mujeres y 15 ni\u00f1os, ni\u00f1as y adolescentes, principalmente migrantes, cuya pandemia ha afectado gravemente su nivel socioecon\u00f3mico. \u201cUna de las cosas en las que me siento m\u00e1s identificada en la canci\u00f3n, tal vez por el proceso con el que yo ven\u00eda, es cuando dice: \u201czurc\u00ed mis telitas\u201d de valor, de valoraci\u00f3n&#8230; No era f\u00e1cil para m\u00ed, nunca pens\u00e9 tener que migrar, verme obligada a hacerlo. Este grupo me ha ayudado de verdad a zurcir mi telita\u201d, nos cuenta Tanya&nbsp; Pic\u00f3n, del grupo \u201cMujeres Reconstruyendo Historias\u201d.<strong> A trav\u00e9s de la m\u00fasica, familias y mujeres como Tanya tienen alimentos, ayudas para la educaci\u00f3n de sus hijos e hijas, medicamentos y ropa.<\/strong> Para estas familias, los pisos de acogida se han convertido en su hogar y apoyo m\u00e1s fiel en estos momentos de gran incertidumbre.&nbsp;<\/p>\n\n\n\n<div style=\"height:30px\" aria-hidden=\"true\" class=\"wp-block-spacer\"><\/div>\n\n\n\n<p>Con los fondos recaudados se ha reforzado el acompa\u00f1amiento a la familias para que contin\u00faen con su proceso en medio de este contexto tan incierto provocado por la pandemia. Se han creado espacios de apoyo mutuo para mujeres donde comparten experiencias, reivindican sus derechos y visibilizan la realidad que viven como Mujeres Migradas en b\u00fasqueda de un mejor futuro. Adem\u00e1s, se espera que con la nueva normalidad, se retome el proyecto de huerto de ecolog\u00eda integradora, una iniciativa que cuida, acompa\u00f1a e integra a las mujeres tanto con ellas mismas como con su entorno.<\/p>\n\n\n\n<div style=\"height:30px\" aria-hidden=\"true\" class=\"wp-block-spacer\"><\/div>\n\n\n\n<p>\u201cAves Enjauladas\u201d es ya un himno de esperanza que habla de lo que vivimos. Describe metaf\u00f3ricamente ese respeto y concienciaci\u00f3n de todos y todas por hacer grandes cosas con detalles muy peque\u00f1os y ha generado una gran red de solidaridad. Como cant\u00f3 Rozal\u00e9n en los pisos, \u201ces momento de que importe igual lo ajeno y lo propio\u201d y cuando todo esto termine recordemos siempre las lecciones aprendidas durante el confinamiento para construir colectivamente un mundo mejor.<\/p>\n\n\n\n<p><\/p>\n","protected":false},"excerpt":{"rendered":"<p>Los fondos recaudados con las reproducciones de la canci\u00f3n Aves Enjauladas han sido destinados a Entreculturas para apoyar la red de pisos de acogida del Servicio Jesuita a Migrantes (SJM) en Valencia, en los que se atiende a m\u00e1s de 550 familias y grupos de mujeres migrantes en situaci\u00f3n de vulnerabilidad.<\/p>\n","protected":false},"featured_media":5744,"template":"single-noticia","meta":{"_acf_changed":false},"categories":[7],"tags":[10],"country":[],"cause":[129],"class_list":["post-5743","noticia","type-noticia","status-publish","has-post-thumbnail","hentry","category-noticia","tag-migracion-y-refugio","cause-migracion-y-refugio"],"acf":[],"yoast_head":"<!-- This site is optimized with the Yoast SEO Premium plugin v21.6 (Yoast SEO v27.5) - https:\/\/yoast.com\/product\/yoast-seo-premium-wordpress\/ -->\n<title>Rozal\u00e9n y Beatriz Romero visitan a familias y grupos de mujeres migrantes al cumplirse un a\u00f1o de \u201cAves Enjauladas\u201d - Entreculturas<\/title>\n<meta name=\"robots\" content=\"index, follow, max-snippet:-1, max-image-preview:large, max-video-preview:-1\" \/>\n<link rel=\"canonical\" href=\"https:\/\/www.entreculturas.org\/gl\/noticia\/rozalen-y-beatriz-romero-visitan-familias-y-grupos-de-mujeres-migrantes-al-cumplirse-un-ano\/\" \/>\n<meta property=\"og:locale\" content=\"gl_ES\" \/>\n<meta property=\"og:type\" content=\"article\" \/>\n<meta property=\"og:title\" content=\"Rozal\u00e9n y Beatriz Romero visitan a familias y grupos de mujeres migrantes al cumplirse un a\u00f1o de \u201cAves Enjauladas\u201d\" \/>\n<meta property=\"og:description\" content=\"Los fondos recaudados con las reproducciones de la canci\u00f3n Aves Enjauladas han sido destinados a Entreculturas para apoyar la red de pisos de acogida del Servicio Jesuita a Migrantes (SJM) en Valencia, en los que se atiende a m\u00e1s de 550 familias y grupos de mujeres migrantes en situaci\u00f3n de vulnerabilidad.\" \/>\n<meta property=\"og:url\" content=\"https:\/\/www.entreculturas.org\/gl\/noticia\/rozalen-y-beatriz-romero-visitan-familias-y-grupos-de-mujeres-migrantes-al-cumplirse-un-ano\/\" \/>\n<meta property=\"og:site_name\" content=\"Entreculturas\" \/>\n<meta property=\"article:publisher\" content=\"https:\/\/www.facebook.com\/entreculturas\" \/>\n<meta property=\"article:modified_time\" content=\"2024-09-04T08:33:07+00:00\" \/>\n<meta property=\"og:image\" content=\"https:\/\/www.entreculturas.org\/wp-content\/uploads\/2021\/04\/rozalen_valencia_entreculturas_sjm_01.jpg\" \/>\n\t<meta property=\"og:image:width\" content=\"800\" \/>\n\t<meta property=\"og:image:height\" content=\"533\" \/>\n\t<meta property=\"og:image:type\" content=\"image\/jpeg\" \/>\n<meta name=\"twitter:card\" content=\"summary_large_image\" \/>\n<meta name=\"twitter:site\" content=\"@Entreculturas\" \/>\n<script type=\"application\/ld+json\" class=\"yoast-schema-graph\">{\"@context\":\"https:\\\/\\\/schema.org\",\"@graph\":[{\"@type\":\"WebPage\",\"@id\":\"https:\\\/\\\/www.entreculturas.org\\\/gl\\\/noticia\\\/rozalen-y-beatriz-romero-visitan-familias-y-grupos-de-mujeres-migrantes-al-cumplirse-un-ano\\\/\",\"url\":\"https:\\\/\\\/www.entreculturas.org\\\/gl\\\/noticia\\\/rozalen-y-beatriz-romero-visitan-familias-y-grupos-de-mujeres-migrantes-al-cumplirse-un-ano\\\/\",\"name\":\"Rozal\u00e9n y Beatriz Romero visitan a familias y grupos de mujeres migrantes al cumplirse un a\u00f1o de \u201cAves Enjauladas\u201d - Entreculturas\",\"isPartOf\":{\"@id\":\"https:\\\/\\\/www.entreculturas.org\\\/gl\\\/#website\"},\"primaryImageOfPage\":{\"@id\":\"https:\\\/\\\/www.entreculturas.org\\\/gl\\\/noticia\\\/rozalen-y-beatriz-romero-visitan-familias-y-grupos-de-mujeres-migrantes-al-cumplirse-un-ano\\\/#primaryimage\"},\"image\":{\"@id\":\"https:\\\/\\\/www.entreculturas.org\\\/gl\\\/noticia\\\/rozalen-y-beatriz-romero-visitan-familias-y-grupos-de-mujeres-migrantes-al-cumplirse-un-ano\\\/#primaryimage\"},\"thumbnailUrl\":\"https:\\\/\\\/www.entreculturas.org\\\/wp-content\\\/uploads\\\/2021\\\/04\\\/rozalen_valencia_entreculturas_sjm_01.jpg\",\"datePublished\":\"2021-04-24T15:49:55+00:00\",\"dateModified\":\"2024-09-04T08:33:07+00:00\",\"breadcrumb\":{\"@id\":\"https:\\\/\\\/www.entreculturas.org\\\/gl\\\/noticia\\\/rozalen-y-beatriz-romero-visitan-familias-y-grupos-de-mujeres-migrantes-al-cumplirse-un-ano\\\/#breadcrumb\"},\"inLanguage\":\"gl-ES\",\"potentialAction\":[{\"@type\":\"ReadAction\",\"target\":[\"https:\\\/\\\/www.entreculturas.org\\\/gl\\\/noticia\\\/rozalen-y-beatriz-romero-visitan-familias-y-grupos-de-mujeres-migrantes-al-cumplirse-un-ano\\\/\"]}]},{\"@type\":\"ImageObject\",\"inLanguage\":\"gl-ES\",\"@id\":\"https:\\\/\\\/www.entreculturas.org\\\/gl\\\/noticia\\\/rozalen-y-beatriz-romero-visitan-familias-y-grupos-de-mujeres-migrantes-al-cumplirse-un-ano\\\/#primaryimage\",\"url\":\"https:\\\/\\\/www.entreculturas.org\\\/wp-content\\\/uploads\\\/2021\\\/04\\\/rozalen_valencia_entreculturas_sjm_01.jpg\",\"contentUrl\":\"https:\\\/\\\/www.entreculturas.org\\\/wp-content\\\/uploads\\\/2021\\\/04\\\/rozalen_valencia_entreculturas_sjm_01.jpg\",\"width\":800,\"height\":533,\"caption\":\"rozalen_valencia_entreculturas_sjm_01\"},{\"@type\":\"BreadcrumbList\",\"@id\":\"https:\\\/\\\/www.entreculturas.org\\\/gl\\\/noticia\\\/rozalen-y-beatriz-romero-visitan-familias-y-grupos-de-mujeres-migrantes-al-cumplirse-un-ano\\\/#breadcrumb\",\"itemListElement\":[{\"@type\":\"ListItem\",\"position\":1,\"name\":\"Home\",\"item\":\"https:\\\/\\\/www.entreculturas.org\\\/gl\\\/\"},{\"@type\":\"ListItem\",\"position\":2,\"name\":\"Noticias\",\"item\":\"https:\\\/\\\/www.entreculturas.org\\\/gl\\\/noticias\\\/\"},{\"@type\":\"ListItem\",\"position\":3,\"name\":\"Rozal\u00e9n y Beatriz Romero visitan a familias y grupos de mujeres migrantes al cumplirse un a\u00f1o de \u201cAves Enjauladas\u201d\"}]},{\"@type\":\"WebSite\",\"@id\":\"https:\\\/\\\/www.entreculturas.org\\\/gl\\\/#website\",\"url\":\"https:\\\/\\\/www.entreculturas.org\\\/gl\\\/\",\"name\":\"Entreculturas\",\"description\":\"\",\"publisher\":{\"@id\":\"https:\\\/\\\/www.entreculturas.org\\\/gl\\\/#organization\"},\"alternateName\":\"Entreculturas\",\"potentialAction\":[{\"@type\":\"SearchAction\",\"target\":{\"@type\":\"EntryPoint\",\"urlTemplate\":\"https:\\\/\\\/www.entreculturas.org\\\/gl\\\/?s={search_term_string}\"},\"query-input\":{\"@type\":\"PropertyValueSpecification\",\"valueRequired\":true,\"valueName\":\"search_term_string\"}}],\"inLanguage\":\"gl-ES\"},{\"@type\":\"Organization\",\"@id\":\"https:\\\/\\\/www.entreculturas.org\\\/gl\\\/#organization\",\"name\":\"Entreculturas\",\"url\":\"https:\\\/\\\/www.entreculturas.org\\\/gl\\\/\",\"logo\":{\"@type\":\"ImageObject\",\"inLanguage\":\"gl-ES\",\"@id\":\"https:\\\/\\\/www.entreculturas.org\\\/gl\\\/#\\\/schema\\\/logo\\\/image\\\/\",\"url\":\"https:\\\/\\\/www.entreculturas.org\\\/wp-content\\\/uploads\\\/2025\\\/10\\\/ESP.svg\",\"contentUrl\":\"https:\\\/\\\/www.entreculturas.org\\\/wp-content\\\/uploads\\\/2025\\\/10\\\/ESP.svg\",\"caption\":\"Entreculturas\"},\"image\":{\"@id\":\"https:\\\/\\\/www.entreculturas.org\\\/gl\\\/#\\\/schema\\\/logo\\\/image\\\/\"},\"sameAs\":[\"https:\\\/\\\/www.facebook.com\\\/entreculturas\",\"https:\\\/\\\/x.com\\\/Entreculturas\",\"https:\\\/\\\/www.instagram.com\\\/entreculturas\\\/\",\"https:\\\/\\\/www.youtube.com\\\/user\\\/entreculturasvideo\",\"https:\\\/\\\/www.linkedin.com\\\/company\\\/fundacion-entreculturas-ngdo\\\/\",\"https:\\\/\\\/www.flickr.com\\\/photos\\\/98455522@N04\\\/albums\\\/\"]}]}<\/script>\n<!-- \/ Yoast SEO Premium plugin. -->","yoast_head_json":{"title":"Rozal\u00e9n y Beatriz Romero visitan a familias y grupos de mujeres migrantes al cumplirse un a\u00f1o de \u201cAves Enjauladas\u201d - Entreculturas","robots":{"index":"index","follow":"follow","max-snippet":"max-snippet:-1","max-image-preview":"max-image-preview:large","max-video-preview":"max-video-preview:-1"},"canonical":"https:\/\/www.entreculturas.org\/gl\/noticia\/rozalen-y-beatriz-romero-visitan-familias-y-grupos-de-mujeres-migrantes-al-cumplirse-un-ano\/","og_locale":"gl_ES","og_type":"article","og_title":"Rozal\u00e9n y Beatriz Romero visitan a familias y grupos de mujeres migrantes al cumplirse un a\u00f1o de \u201cAves Enjauladas\u201d","og_description":"Los fondos recaudados con las reproducciones de la canci\u00f3n Aves Enjauladas han sido destinados a Entreculturas para apoyar la red de pisos de acogida del Servicio Jesuita a Migrantes (SJM) en Valencia, en los que se atiende a m\u00e1s de 550 familias y grupos de mujeres migrantes en situaci\u00f3n de vulnerabilidad.","og_url":"https:\/\/www.entreculturas.org\/gl\/noticia\/rozalen-y-beatriz-romero-visitan-familias-y-grupos-de-mujeres-migrantes-al-cumplirse-un-ano\/","og_site_name":"Entreculturas","article_publisher":"https:\/\/www.facebook.com\/entreculturas","article_modified_time":"2024-09-04T08:33:07+00:00","og_image":[{"width":800,"height":533,"url":"https:\/\/www.entreculturas.org\/wp-content\/uploads\/2021\/04\/rozalen_valencia_entreculturas_sjm_01.jpg","type":"image\/jpeg"}],"twitter_card":"summary_large_image","twitter_site":"@Entreculturas","schema":{"@context":"https:\/\/schema.org","@graph":[{"@type":"WebPage","@id":"https:\/\/www.entreculturas.org\/gl\/noticia\/rozalen-y-beatriz-romero-visitan-familias-y-grupos-de-mujeres-migrantes-al-cumplirse-un-ano\/","url":"https:\/\/www.entreculturas.org\/gl\/noticia\/rozalen-y-beatriz-romero-visitan-familias-y-grupos-de-mujeres-migrantes-al-cumplirse-un-ano\/","name":"Rozal\u00e9n y Beatriz Romero visitan a familias y grupos de mujeres migrantes al cumplirse un a\u00f1o de \u201cAves Enjauladas\u201d - Entreculturas","isPartOf":{"@id":"https:\/\/www.entreculturas.org\/gl\/#website"},"primaryImageOfPage":{"@id":"https:\/\/www.entreculturas.org\/gl\/noticia\/rozalen-y-beatriz-romero-visitan-familias-y-grupos-de-mujeres-migrantes-al-cumplirse-un-ano\/#primaryimage"},"image":{"@id":"https:\/\/www.entreculturas.org\/gl\/noticia\/rozalen-y-beatriz-romero-visitan-familias-y-grupos-de-mujeres-migrantes-al-cumplirse-un-ano\/#primaryimage"},"thumbnailUrl":"https:\/\/www.entreculturas.org\/wp-content\/uploads\/2021\/04\/rozalen_valencia_entreculturas_sjm_01.jpg","datePublished":"2021-04-24T15:49:55+00:00","dateModified":"2024-09-04T08:33:07+00:00","breadcrumb":{"@id":"https:\/\/www.entreculturas.org\/gl\/noticia\/rozalen-y-beatriz-romero-visitan-familias-y-grupos-de-mujeres-migrantes-al-cumplirse-un-ano\/#breadcrumb"},"inLanguage":"gl-ES","potentialAction":[{"@type":"ReadAction","target":["https:\/\/www.entreculturas.org\/gl\/noticia\/rozalen-y-beatriz-romero-visitan-familias-y-grupos-de-mujeres-migrantes-al-cumplirse-un-ano\/"]}]},{"@type":"ImageObject","inLanguage":"gl-ES","@id":"https:\/\/www.entreculturas.org\/gl\/noticia\/rozalen-y-beatriz-romero-visitan-familias-y-grupos-de-mujeres-migrantes-al-cumplirse-un-ano\/#primaryimage","url":"https:\/\/www.entreculturas.org\/wp-content\/uploads\/2021\/04\/rozalen_valencia_entreculturas_sjm_01.jpg","contentUrl":"https:\/\/www.entreculturas.org\/wp-content\/uploads\/2021\/04\/rozalen_valencia_entreculturas_sjm_01.jpg","width":800,"height":533,"caption":"rozalen_valencia_entreculturas_sjm_01"},{"@type":"BreadcrumbList","@id":"https:\/\/www.entreculturas.org\/gl\/noticia\/rozalen-y-beatriz-romero-visitan-familias-y-grupos-de-mujeres-migrantes-al-cumplirse-un-ano\/#breadcrumb","itemListElement":[{"@type":"ListItem","position":1,"name":"Home","item":"https:\/\/www.entreculturas.org\/gl\/"},{"@type":"ListItem","position":2,"name":"Noticias","item":"https:\/\/www.entreculturas.org\/gl\/noticias\/"},{"@type":"ListItem","position":3,"name":"Rozal\u00e9n y Beatriz Romero visitan a familias y grupos de mujeres migrantes al cumplirse un a\u00f1o de \u201cAves Enjauladas\u201d"}]},{"@type":"WebSite","@id":"https:\/\/www.entreculturas.org\/gl\/#website","url":"https:\/\/www.entreculturas.org\/gl\/","name":"Entreculturas","description":"","publisher":{"@id":"https:\/\/www.entreculturas.org\/gl\/#organization"},"alternateName":"Entreculturas","potentialAction":[{"@type":"SearchAction","target":{"@type":"EntryPoint","urlTemplate":"https:\/\/www.entreculturas.org\/gl\/?s={search_term_string}"},"query-input":{"@type":"PropertyValueSpecification","valueRequired":true,"valueName":"search_term_string"}}],"inLanguage":"gl-ES"},{"@type":"Organization","@id":"https:\/\/www.entreculturas.org\/gl\/#organization","name":"Entreculturas","url":"https:\/\/www.entreculturas.org\/gl\/","logo":{"@type":"ImageObject","inLanguage":"gl-ES","@id":"https:\/\/www.entreculturas.org\/gl\/#\/schema\/logo\/image\/","url":"https:\/\/www.entreculturas.org\/wp-content\/uploads\/2025\/10\/ESP.svg","contentUrl":"https:\/\/www.entreculturas.org\/wp-content\/uploads\/2025\/10\/ESP.svg","caption":"Entreculturas"},"image":{"@id":"https:\/\/www.entreculturas.org\/gl\/#\/schema\/logo\/image\/"},"sameAs":["https:\/\/www.facebook.com\/entreculturas","https:\/\/x.com\/Entreculturas","https:\/\/www.instagram.com\/entreculturas\/","https:\/\/www.youtube.com\/user\/entreculturasvideo","https:\/\/www.linkedin.com\/company\/fundacion-entreculturas-ngdo\/","https:\/\/www.flickr.com\/photos\/98455522@N04\/albums\/"]}]}},"_links":{"self":[{"href":"https:\/\/www.entreculturas.org\/gl\/wp-json\/wp\/v2\/noticia\/5743","targetHints":{"allow":["GET"]}}],"collection":[{"href":"https:\/\/www.entreculturas.org\/gl\/wp-json\/wp\/v2\/noticia"}],"about":[{"href":"https:\/\/www.entreculturas.org\/gl\/wp-json\/wp\/v2\/types\/noticia"}],"wp:featuredmedia":[{"embeddable":true,"href":"https:\/\/www.entreculturas.org\/gl\/wp-json\/wp\/v2\/media\/5744"}],"wp:attachment":[{"href":"https:\/\/www.entreculturas.org\/gl\/wp-json\/wp\/v2\/media?parent=5743"}],"wp:term":[{"taxonomy":"category","embeddable":true,"href":"https:\/\/www.entreculturas.org\/gl\/wp-json\/wp\/v2\/categories?post=5743"},{"taxonomy":"post_tag","embeddable":true,"href":"https:\/\/www.entreculturas.org\/gl\/wp-json\/wp\/v2\/tags?post=5743"},{"taxonomy":"country","embeddable":true,"href":"https:\/\/www.entreculturas.org\/gl\/wp-json\/wp\/v2\/country?post=5743"},{"taxonomy":"cause","embeddable":true,"href":"https:\/\/www.entreculturas.org\/gl\/wp-json\/wp\/v2\/cause?post=5743"}],"curies":[{"name":"wp","href":"https:\/\/api.w.org\/{rel}","templated":true}]}}