{"id":5720,"date":"2021-04-22T07:36:37","date_gmt":"2021-04-22T07:36:37","guid":{"rendered":"https:\/\/entreculturasi.wpenginepowered.com\/?noticias=berta-zuniga-hija-de-la-lider-indigena-lenca-asesinada-berta-caceres-la-tierra-es-el-0"},"modified":"2024-09-16T13:21:59","modified_gmt":"2024-09-16T11:21:59","slug":"berta-zuniga-hija-de-la-lider-indigena-lenca-asesinada-berta-caceres-la-tierra-es-el-0","status":"publish","type":"noticia","link":"https:\/\/www.entreculturas.org\/gl\/noticia\/berta-zuniga-hija-de-la-lider-indigena-lenca-asesinada-berta-caceres-la-tierra-es-el-0\/","title":{"rendered":"Berta Z\u00fa\u00f1iga, hija de la l\u00edder ind\u00edgena lenca asesinada Berta C\u00e1ceres, \u201cLa tierra es el espacio donde se materializa la vida\u201d"},"content":{"rendered":"<p style=\"text-align: justify;\">Hoy, D\u00eda Internacional de la Tierra, junto a Alboan, <strong>llamamos\u00a0la atenci\u00f3n sobre el importante papel de las organizaciones y activistas sociales que defienden el medioambiente<\/strong>. \u201cLa explotaci\u00f3n intensiva de recursos naturales, el crecimiento desmedido de las \u00e1reas urbanas o la apropiaci\u00f3n de la tierra son algunas de las amenazas que hacen peligrar la integridad de los diferentes pueblos ind\u00edgenas que llevan centenares de a\u00f1os viviendo de la tierra\u201d, afirma <strong>Leire Morquecho, Coordinadora de Cooperaci\u00f3n Internacional de Alboan<\/strong>.<\/p>\n<p style=\"text-align: justify;\">Actualmente, m\u00e1s de 2,5 millones de personas en los pa\u00edses de Am\u00e9rica Central se encuentran en situaci\u00f3n de inseguridad alimentaria por las fuertes sequ\u00edas. \u201cA todo esto se le suma la crisis sanitaria que estamos viviendo por la Covid19, una pandemia que agrava la situaci\u00f3n de aquellos grupos m\u00e1s vulnerables o que se encuentran en lugares remotos donde dif\u00edcilmente llega la asistencia sanitaria o educativa\u201d, explica <strong>Gemma L\u00f3pez, Coordinadora de Cooperaci\u00f3n Internacional para Am\u00e9rica Latina de Entreculturas<\/strong>.<\/p>\n<p style=\"text-align: justify;\"><strong>Desde nuestra experiencia y la de\u00a0Alboan, que trabajamos\u00a0en Honduras desde el a\u00f1o 2000<\/strong>, saben bien que es una de las regiones m\u00e1s ricas del mundo, en cuanto a recursos, biodiversidad y culturas. \u201cSin embargo, es una de las zonas m\u00e1s amenazadas del planeta por el deterioro institucional que sufren y que conlleva a otros problemas sociales como la violencia, la desigualdad y la vulnerabilidad frente a los desastres naturales\u201d.<\/p>\n<p style=\"text-align: justify;\"><span style=\"color: #ed1c24;\"><span style=\"font-size: 16px;\"><strong>La poblaci\u00f3n Ind\u00edgena, los mayores ambientalistas del mundo<\/strong><\/span><\/span><\/p>\n<p style=\"text-align: justify;\">Junto a Alboan hemos podido<strong> entrevistar al Padre Ismael Moreno, director de Radio Progreso y del\u00a0 Equipo de Reflexi\u00f3n, Investigaci\u00f3n y Comunicaci\u00f3n (ERIC)<\/strong> en Honduras, jesuita que se ha convertido en uno de los principales defensores de la democracia y los derechos humanos en su pa\u00eds y a Bertha Z\u00fa\u00f1iga C\u00e1ceres Coordinadora General del Consejo C\u00edvico de Organizaciones Populares e Ind\u00edgenas de Honduras (COPINH) e hija de Berta C\u00e1ceres, l\u00edder ind\u00edgena lenca defensora del medioambiente asesinada en 2016.<\/p>\n<p style=\"text-align: justify;\">Para la poblaci\u00f3n ind\u00edgena, la tierra es su hogar, su fuente de alimentaci\u00f3n y medicinas, pero tambi\u00e9n es un foco constante de ataque, en la medida en que las industrias extraen recursos en \u00e1reas cada vez m\u00e1s remotas. <em>\u201cLos r\u00edos, las minas, los bosques son entendidos como un campo para capturar y convertirlo en dinero, llev\u00e1ndose por el medio a las poblaciones\u201d<\/em>, comparte el Padre Ismael Moreno en las conversaciones. En Honduras, la deforestaci\u00f3n y la destrucci\u00f3n de la naturaleza sigue estando muy presente con el fin de conseguir productos como madera, aceite de palma y minerales. Berta Z\u00fa\u00f1iga, nos habla de la defensa de los derechos de las comunidades ind\u00edgenas. \u201c<em>La tierra es el espacio donde se materializa la vida. No es solo el terreno, sino que es todo aquello que lo compone y lo que se construye a su alrededor\u201d<\/em>.<\/p>\n<p><iframe loading=\"lazy\" title=\"Entrevista a Berta Zu\u0301n\u0303iga C\u00e1ceres con motivo al #D\u00edadelaTierra\" width=\"500\" height=\"281\" src=\"https:\/\/www.youtube.com\/embed\/FQNR5aVw3ng?feature=oembed\" frameborder=\"0\" allow=\"accelerometer; autoplay; clipboard-write; encrypted-media; gyroscope; picture-in-picture; web-share\" referrerpolicy=\"strict-origin-when-cross-origin\" allowfullscreen><\/iframe><\/p>\n<p style=\"text-align: justify;\">La <strong>poblaci\u00f3n ind\u00edgenas son los mayores ambientalistas del mundo<\/strong> por su cuidado, contacto y armon\u00eda constante con la naturaleza. Su lucha en contra del desarrollo centrado en el extractivismo tiene lugar de forma colectiva por parte de todas las comunidades que han asumido su rol en defensa a los derechos humanos de los pueblos.<\/p>\n<p style=\"text-align: justify;\">La crisis que se est\u00e1 viviendo en la regi\u00f3n hondure\u00f1a repercute en la salud, la econom\u00eda, la educaci\u00f3n y el medioambiente de los ciudadanos y ciudadanas. \u201cNos toca aportar propuestas de mejora para la vida y la madre naturaleza, y hacer frente a esta situaci\u00f3n con un modelo que reduzca las desigualdades, que revierta el deterioro de la tierra y que haga frente a la gobernabilidad actual\u201d, propone el padre Melo. Hablamos de un pa\u00eds donde se necesitan pol\u00edticas urgentes basadas en el control del crimen organizado y un gobierno anticorrupci\u00f3n que defienda los derechos humanos por encima de todo. <strong>Los principales actores tambi\u00e9n incitan al deterioro del medio ambiente<\/strong> por ser un territorio con riqueza de recursos que se extraen en masa para fines lucrativos.<\/p>\n<p style=\"text-align: justify;\">Frente a esta situaci\u00f3n, y a la poca implicaci\u00f3n institucional con el cuidado del medioambiente y los derechos humanos, <strong>es muy importante el papel de las organizaciones y los activistas sociales<\/strong>, como Berta C\u00e1ceres, en su lucha por defender la poblaci\u00f3n est\u00e1 por encima de todo. \u201cLa idea no es morir ac\u00e1 como m\u00e1rtires, sino que queremos luchar por vivir en un pa\u00eds diferente; nuestra apuesta es por la vida, por desterrar de este pa\u00eds a los grupos de poder que explotan la tierra y violentan a las mujeres y a las poblaciones ind\u00edgenas\u201d, expone Berta. Tras hablar de la valent\u00eda de los activistas medioambientales, el padre Melo a\u00f1ade: \u201cno nacimos en la lucha para defender la tierra, sino para promover la vida\u201d.<\/p>\n<p>De acuerdo con los datos m\u00e1s recientes, <strong>al menos 40 personas defensoras de la tierra han muerto en circunstancias de violencia tras el asesinato de Berta C\u00e1ceres<\/strong>. Esta cifra sit\u00faa a Honduras como el pa\u00eds con la tasa m\u00e1s alta de asesinatos contra personas defensoras per c\u00e1pita. Cinco a\u00f1os despu\u00e9s del asesinato de su madre, Berta se enfrenta al juicio contra David Castillo, presidente de la empresa hidroel\u00e9ctrica que C\u00e1ceres trataba de evitar y presunto autor intelectual de su muerte, momento clave en la lucha de su familia por proclamar la justicia y la libertad. Respecto a esta situaci\u00f3n, junto a Alboan creemos que es importante que, tanto a Honduras como en el resto del mundo, se\u00a0 garanticen la protecci\u00f3n y los recursos necesarios para seguir defendiendo la tierra. Adem\u00e1s, <strong>hay que poner fin a la corrupci\u00f3n y a proyectos abusivos empresariales<\/strong> que tienen un impacto negativo para el planeta, as\u00ed como garantizar\u00a0 la protecci\u00f3n de la poblaci\u00f3n ind\u00edgena y sus derechos humanos.<\/p>\n<p style=\"text-align: center;\"><span style=\"color: #ed1c24;\"><strong>Con motivo al D\u00eda Internacional de la Tierra, junto a Alboan nos sumamos a las palabras de Berta Z\u00fa\u00f1iga y a su lucha confiando en\u00a0 que \u201c<em>alg\u00fan d\u00eda se van a evidenciar nuestros esfuerzos para mejorar el pa\u00eds y el planeta<\/em>\u201d<\/strong><\/span><\/p>\n","protected":false},"excerpt":{"rendered":"<p>Con motivo del D\u00eda Internacional de la Tierra, junto con Alboan hemos podido entrevistar al P. Ismael Moreno, director de Radio Progreso y del Equipo de Reflexi\u00f3n, Investigaci\u00f3n y Comunicaci\u00f3n (ERIC) y a Berta Z\u00fa\u00f1iga C\u00e1ceres, Coordinadora General del Consejo C\u00edvico de Organizaciones Populares e Ind\u00edgenas de Honduras (COPINH), hija de Berta C\u00e1ceres, l\u00edder ind\u00edgena lenca defensora del medioambiente, asesinada en 2016.<\/p>\n","protected":false},"featured_media":5724,"template":"single-noticia","meta":{"_acf_changed":false},"categories":[7],"tags":[256],"country":[],"cause":[131],"class_list":["post-5720","noticia","type-noticia","status-publish","has-post-thumbnail","hentry","category-noticia","tag-justicia-socioambiental","cause-justicia-medioambiental"],"acf":[],"yoast_head":"<!-- This site is optimized with the Yoast SEO Premium plugin v21.6 (Yoast SEO v27.5) - https:\/\/yoast.com\/product\/yoast-seo-premium-wordpress\/ -->\n<title>Berta Z\u00fa\u00f1iga, hija de la l\u00edder ind\u00edgena lenca asesinada Berta C\u00e1ceres, \u201cLa tierra es el espacio donde se materializa la vida\u201d - Entreculturas<\/title>\n<meta name=\"robots\" content=\"index, follow, max-snippet:-1, max-image-preview:large, max-video-preview:-1\" \/>\n<link rel=\"canonical\" href=\"https:\/\/www.entreculturas.org\/gl\/noticia\/berta-zuniga-hija-de-la-lider-indigena-lenca-asesinada-berta-caceres-la-tierra-es-el-0\/\" \/>\n<meta property=\"og:locale\" content=\"gl_ES\" \/>\n<meta property=\"og:type\" content=\"article\" \/>\n<meta property=\"og:title\" content=\"Berta Z\u00fa\u00f1iga, hija de la l\u00edder ind\u00edgena lenca asesinada Berta C\u00e1ceres, \u201cLa tierra es el espacio donde se materializa la vida\u201d\" \/>\n<meta property=\"og:description\" content=\"Con motivo del D\u00eda Internacional de la Tierra, junto con Alboan hemos podido entrevistar al P. Ismael Moreno, director de Radio Progreso y del Equipo de Reflexi\u00f3n, Investigaci\u00f3n y Comunicaci\u00f3n (ERIC) y a Berta Z\u00fa\u00f1iga C\u00e1ceres, Coordinadora General del Consejo C\u00edvico de Organizaciones Populares e Ind\u00edgenas de Honduras (COPINH), hija de Berta C\u00e1ceres, l\u00edder ind\u00edgena lenca defensora del medioambiente, asesinada en 2016.\" \/>\n<meta property=\"og:url\" content=\"https:\/\/www.entreculturas.org\/gl\/noticia\/berta-zuniga-hija-de-la-lider-indigena-lenca-asesinada-berta-caceres-la-tierra-es-el-0\/\" \/>\n<meta property=\"og:site_name\" content=\"Entreculturas\" \/>\n<meta property=\"article:publisher\" content=\"https:\/\/www.facebook.com\/entreculturas\" \/>\n<meta property=\"article:modified_time\" content=\"2024-09-16T11:21:59+00:00\" \/>\n<meta property=\"og:image\" content=\"https:\/\/www.entreculturas.org\/wp-content\/uploads\/2021\/04\/portada_blog_39-1024x576.png\" \/>\n\t<meta property=\"og:image:width\" content=\"1024\" \/>\n\t<meta property=\"og:image:height\" content=\"576\" \/>\n\t<meta property=\"og:image:type\" content=\"image\/png\" \/>\n<meta name=\"twitter:card\" content=\"summary_large_image\" \/>\n<meta name=\"twitter:site\" content=\"@Entreculturas\" \/>\n<script type=\"application\/ld+json\" class=\"yoast-schema-graph\">{\"@context\":\"https:\\\/\\\/schema.org\",\"@graph\":[{\"@type\":\"WebPage\",\"@id\":\"https:\\\/\\\/www.entreculturas.org\\\/gl\\\/noticia\\\/berta-zuniga-hija-de-la-lider-indigena-lenca-asesinada-berta-caceres-la-tierra-es-el-0\\\/\",\"url\":\"https:\\\/\\\/www.entreculturas.org\\\/gl\\\/noticia\\\/berta-zuniga-hija-de-la-lider-indigena-lenca-asesinada-berta-caceres-la-tierra-es-el-0\\\/\",\"name\":\"Berta Z\u00fa\u00f1iga, hija de la l\u00edder ind\u00edgena lenca asesinada Berta C\u00e1ceres, \u201cLa tierra es el espacio donde se materializa la vida\u201d - Entreculturas\",\"isPartOf\":{\"@id\":\"https:\\\/\\\/www.entreculturas.org\\\/gl\\\/#website\"},\"primaryImageOfPage\":{\"@id\":\"https:\\\/\\\/www.entreculturas.org\\\/gl\\\/noticia\\\/berta-zuniga-hija-de-la-lider-indigena-lenca-asesinada-berta-caceres-la-tierra-es-el-0\\\/#primaryimage\"},\"image\":{\"@id\":\"https:\\\/\\\/www.entreculturas.org\\\/gl\\\/noticia\\\/berta-zuniga-hija-de-la-lider-indigena-lenca-asesinada-berta-caceres-la-tierra-es-el-0\\\/#primaryimage\"},\"thumbnailUrl\":\"https:\\\/\\\/www.entreculturas.org\\\/wp-content\\\/uploads\\\/2021\\\/04\\\/portada_blog_39.png\",\"datePublished\":\"2021-04-22T07:36:37+00:00\",\"dateModified\":\"2024-09-16T11:21:59+00:00\",\"breadcrumb\":{\"@id\":\"https:\\\/\\\/www.entreculturas.org\\\/gl\\\/noticia\\\/berta-zuniga-hija-de-la-lider-indigena-lenca-asesinada-berta-caceres-la-tierra-es-el-0\\\/#breadcrumb\"},\"inLanguage\":\"gl-ES\",\"potentialAction\":[{\"@type\":\"ReadAction\",\"target\":[\"https:\\\/\\\/www.entreculturas.org\\\/gl\\\/noticia\\\/berta-zuniga-hija-de-la-lider-indigena-lenca-asesinada-berta-caceres-la-tierra-es-el-0\\\/\"]}]},{\"@type\":\"ImageObject\",\"inLanguage\":\"gl-ES\",\"@id\":\"https:\\\/\\\/www.entreculturas.org\\\/gl\\\/noticia\\\/berta-zuniga-hija-de-la-lider-indigena-lenca-asesinada-berta-caceres-la-tierra-es-el-0\\\/#primaryimage\",\"url\":\"https:\\\/\\\/www.entreculturas.org\\\/wp-content\\\/uploads\\\/2021\\\/04\\\/portada_blog_39.png\",\"contentUrl\":\"https:\\\/\\\/www.entreculturas.org\\\/wp-content\\\/uploads\\\/2021\\\/04\\\/portada_blog_39.png\",\"width\":2240,\"height\":1260,\"caption\":\"portada_blog_39\"},{\"@type\":\"BreadcrumbList\",\"@id\":\"https:\\\/\\\/www.entreculturas.org\\\/gl\\\/noticia\\\/berta-zuniga-hija-de-la-lider-indigena-lenca-asesinada-berta-caceres-la-tierra-es-el-0\\\/#breadcrumb\",\"itemListElement\":[{\"@type\":\"ListItem\",\"position\":1,\"name\":\"Home\",\"item\":\"https:\\\/\\\/www.entreculturas.org\\\/gl\\\/\"},{\"@type\":\"ListItem\",\"position\":2,\"name\":\"Noticias\",\"item\":\"https:\\\/\\\/www.entreculturas.org\\\/gl\\\/noticias\\\/\"},{\"@type\":\"ListItem\",\"position\":3,\"name\":\"Berta Z\u00fa\u00f1iga, hija de la l\u00edder ind\u00edgena lenca asesinada Berta C\u00e1ceres, \u201cLa tierra es el espacio donde se materializa la vida\u201d\"}]},{\"@type\":\"WebSite\",\"@id\":\"https:\\\/\\\/www.entreculturas.org\\\/gl\\\/#website\",\"url\":\"https:\\\/\\\/www.entreculturas.org\\\/gl\\\/\",\"name\":\"Entreculturas\",\"description\":\"\",\"publisher\":{\"@id\":\"https:\\\/\\\/www.entreculturas.org\\\/gl\\\/#organization\"},\"alternateName\":\"Entreculturas\",\"potentialAction\":[{\"@type\":\"SearchAction\",\"target\":{\"@type\":\"EntryPoint\",\"urlTemplate\":\"https:\\\/\\\/www.entreculturas.org\\\/gl\\\/?s={search_term_string}\"},\"query-input\":{\"@type\":\"PropertyValueSpecification\",\"valueRequired\":true,\"valueName\":\"search_term_string\"}}],\"inLanguage\":\"gl-ES\"},{\"@type\":\"Organization\",\"@id\":\"https:\\\/\\\/www.entreculturas.org\\\/gl\\\/#organization\",\"name\":\"Entreculturas\",\"url\":\"https:\\\/\\\/www.entreculturas.org\\\/gl\\\/\",\"logo\":{\"@type\":\"ImageObject\",\"inLanguage\":\"gl-ES\",\"@id\":\"https:\\\/\\\/www.entreculturas.org\\\/gl\\\/#\\\/schema\\\/logo\\\/image\\\/\",\"url\":\"https:\\\/\\\/www.entreculturas.org\\\/wp-content\\\/uploads\\\/2025\\\/10\\\/ESP.svg\",\"contentUrl\":\"https:\\\/\\\/www.entreculturas.org\\\/wp-content\\\/uploads\\\/2025\\\/10\\\/ESP.svg\",\"caption\":\"Entreculturas\"},\"image\":{\"@id\":\"https:\\\/\\\/www.entreculturas.org\\\/gl\\\/#\\\/schema\\\/logo\\\/image\\\/\"},\"sameAs\":[\"https:\\\/\\\/www.facebook.com\\\/entreculturas\",\"https:\\\/\\\/x.com\\\/Entreculturas\",\"https:\\\/\\\/www.instagram.com\\\/entreculturas\\\/\",\"https:\\\/\\\/www.youtube.com\\\/user\\\/entreculturasvideo\",\"https:\\\/\\\/www.linkedin.com\\\/company\\\/fundacion-entreculturas-ngdo\\\/\",\"https:\\\/\\\/www.flickr.com\\\/photos\\\/98455522@N04\\\/albums\\\/\"]}]}<\/script>\n<!-- \/ Yoast SEO Premium plugin. -->","yoast_head_json":{"title":"Berta Z\u00fa\u00f1iga, hija de la l\u00edder ind\u00edgena lenca asesinada Berta C\u00e1ceres, \u201cLa tierra es el espacio donde se materializa la vida\u201d - Entreculturas","robots":{"index":"index","follow":"follow","max-snippet":"max-snippet:-1","max-image-preview":"max-image-preview:large","max-video-preview":"max-video-preview:-1"},"canonical":"https:\/\/www.entreculturas.org\/gl\/noticia\/berta-zuniga-hija-de-la-lider-indigena-lenca-asesinada-berta-caceres-la-tierra-es-el-0\/","og_locale":"gl_ES","og_type":"article","og_title":"Berta Z\u00fa\u00f1iga, hija de la l\u00edder ind\u00edgena lenca asesinada Berta C\u00e1ceres, \u201cLa tierra es el espacio donde se materializa la vida\u201d","og_description":"Con motivo del D\u00eda Internacional de la Tierra, junto con Alboan hemos podido entrevistar al P. Ismael Moreno, director de Radio Progreso y del Equipo de Reflexi\u00f3n, Investigaci\u00f3n y Comunicaci\u00f3n (ERIC) y a Berta Z\u00fa\u00f1iga C\u00e1ceres, Coordinadora General del Consejo C\u00edvico de Organizaciones Populares e Ind\u00edgenas de Honduras (COPINH), hija de Berta C\u00e1ceres, l\u00edder ind\u00edgena lenca defensora del medioambiente, asesinada en 2016.","og_url":"https:\/\/www.entreculturas.org\/gl\/noticia\/berta-zuniga-hija-de-la-lider-indigena-lenca-asesinada-berta-caceres-la-tierra-es-el-0\/","og_site_name":"Entreculturas","article_publisher":"https:\/\/www.facebook.com\/entreculturas","article_modified_time":"2024-09-16T11:21:59+00:00","og_image":[{"width":1024,"height":576,"url":"https:\/\/www.entreculturas.org\/wp-content\/uploads\/2021\/04\/portada_blog_39-1024x576.png","type":"image\/png"}],"twitter_card":"summary_large_image","twitter_site":"@Entreculturas","schema":{"@context":"https:\/\/schema.org","@graph":[{"@type":"WebPage","@id":"https:\/\/www.entreculturas.org\/gl\/noticia\/berta-zuniga-hija-de-la-lider-indigena-lenca-asesinada-berta-caceres-la-tierra-es-el-0\/","url":"https:\/\/www.entreculturas.org\/gl\/noticia\/berta-zuniga-hija-de-la-lider-indigena-lenca-asesinada-berta-caceres-la-tierra-es-el-0\/","name":"Berta Z\u00fa\u00f1iga, hija de la l\u00edder ind\u00edgena lenca asesinada Berta C\u00e1ceres, \u201cLa tierra es el espacio donde se materializa la vida\u201d - Entreculturas","isPartOf":{"@id":"https:\/\/www.entreculturas.org\/gl\/#website"},"primaryImageOfPage":{"@id":"https:\/\/www.entreculturas.org\/gl\/noticia\/berta-zuniga-hija-de-la-lider-indigena-lenca-asesinada-berta-caceres-la-tierra-es-el-0\/#primaryimage"},"image":{"@id":"https:\/\/www.entreculturas.org\/gl\/noticia\/berta-zuniga-hija-de-la-lider-indigena-lenca-asesinada-berta-caceres-la-tierra-es-el-0\/#primaryimage"},"thumbnailUrl":"https:\/\/www.entreculturas.org\/wp-content\/uploads\/2021\/04\/portada_blog_39.png","datePublished":"2021-04-22T07:36:37+00:00","dateModified":"2024-09-16T11:21:59+00:00","breadcrumb":{"@id":"https:\/\/www.entreculturas.org\/gl\/noticia\/berta-zuniga-hija-de-la-lider-indigena-lenca-asesinada-berta-caceres-la-tierra-es-el-0\/#breadcrumb"},"inLanguage":"gl-ES","potentialAction":[{"@type":"ReadAction","target":["https:\/\/www.entreculturas.org\/gl\/noticia\/berta-zuniga-hija-de-la-lider-indigena-lenca-asesinada-berta-caceres-la-tierra-es-el-0\/"]}]},{"@type":"ImageObject","inLanguage":"gl-ES","@id":"https:\/\/www.entreculturas.org\/gl\/noticia\/berta-zuniga-hija-de-la-lider-indigena-lenca-asesinada-berta-caceres-la-tierra-es-el-0\/#primaryimage","url":"https:\/\/www.entreculturas.org\/wp-content\/uploads\/2021\/04\/portada_blog_39.png","contentUrl":"https:\/\/www.entreculturas.org\/wp-content\/uploads\/2021\/04\/portada_blog_39.png","width":2240,"height":1260,"caption":"portada_blog_39"},{"@type":"BreadcrumbList","@id":"https:\/\/www.entreculturas.org\/gl\/noticia\/berta-zuniga-hija-de-la-lider-indigena-lenca-asesinada-berta-caceres-la-tierra-es-el-0\/#breadcrumb","itemListElement":[{"@type":"ListItem","position":1,"name":"Home","item":"https:\/\/www.entreculturas.org\/gl\/"},{"@type":"ListItem","position":2,"name":"Noticias","item":"https:\/\/www.entreculturas.org\/gl\/noticias\/"},{"@type":"ListItem","position":3,"name":"Berta Z\u00fa\u00f1iga, hija de la l\u00edder ind\u00edgena lenca asesinada Berta C\u00e1ceres, \u201cLa tierra es el espacio donde se materializa la vida\u201d"}]},{"@type":"WebSite","@id":"https:\/\/www.entreculturas.org\/gl\/#website","url":"https:\/\/www.entreculturas.org\/gl\/","name":"Entreculturas","description":"","publisher":{"@id":"https:\/\/www.entreculturas.org\/gl\/#organization"},"alternateName":"Entreculturas","potentialAction":[{"@type":"SearchAction","target":{"@type":"EntryPoint","urlTemplate":"https:\/\/www.entreculturas.org\/gl\/?s={search_term_string}"},"query-input":{"@type":"PropertyValueSpecification","valueRequired":true,"valueName":"search_term_string"}}],"inLanguage":"gl-ES"},{"@type":"Organization","@id":"https:\/\/www.entreculturas.org\/gl\/#organization","name":"Entreculturas","url":"https:\/\/www.entreculturas.org\/gl\/","logo":{"@type":"ImageObject","inLanguage":"gl-ES","@id":"https:\/\/www.entreculturas.org\/gl\/#\/schema\/logo\/image\/","url":"https:\/\/www.entreculturas.org\/wp-content\/uploads\/2025\/10\/ESP.svg","contentUrl":"https:\/\/www.entreculturas.org\/wp-content\/uploads\/2025\/10\/ESP.svg","caption":"Entreculturas"},"image":{"@id":"https:\/\/www.entreculturas.org\/gl\/#\/schema\/logo\/image\/"},"sameAs":["https:\/\/www.facebook.com\/entreculturas","https:\/\/x.com\/Entreculturas","https:\/\/www.instagram.com\/entreculturas\/","https:\/\/www.youtube.com\/user\/entreculturasvideo","https:\/\/www.linkedin.com\/company\/fundacion-entreculturas-ngdo\/","https:\/\/www.flickr.com\/photos\/98455522@N04\/albums\/"]}]}},"_links":{"self":[{"href":"https:\/\/www.entreculturas.org\/gl\/wp-json\/wp\/v2\/noticia\/5720","targetHints":{"allow":["GET"]}}],"collection":[{"href":"https:\/\/www.entreculturas.org\/gl\/wp-json\/wp\/v2\/noticia"}],"about":[{"href":"https:\/\/www.entreculturas.org\/gl\/wp-json\/wp\/v2\/types\/noticia"}],"wp:featuredmedia":[{"embeddable":true,"href":"https:\/\/www.entreculturas.org\/gl\/wp-json\/wp\/v2\/media\/5724"}],"wp:attachment":[{"href":"https:\/\/www.entreculturas.org\/gl\/wp-json\/wp\/v2\/media?parent=5720"}],"wp:term":[{"taxonomy":"category","embeddable":true,"href":"https:\/\/www.entreculturas.org\/gl\/wp-json\/wp\/v2\/categories?post=5720"},{"taxonomy":"post_tag","embeddable":true,"href":"https:\/\/www.entreculturas.org\/gl\/wp-json\/wp\/v2\/tags?post=5720"},{"taxonomy":"country","embeddable":true,"href":"https:\/\/www.entreculturas.org\/gl\/wp-json\/wp\/v2\/country?post=5720"},{"taxonomy":"cause","embeddable":true,"href":"https:\/\/www.entreculturas.org\/gl\/wp-json\/wp\/v2\/cause?post=5720"}],"curies":[{"name":"wp","href":"https:\/\/api.w.org\/{rel}","templated":true}]}}