{"id":5622,"date":"2021-03-25T10:20:08","date_gmt":"2021-03-25T10:20:08","guid":{"rendered":"https:\/\/entreculturasi.wpenginepowered.com\/?noticias=dia-mundial-del-teatro-un-mundo-magico-que-me-permite-hacer-lo-que-quiero"},"modified":"2024-02-28T18:06:34","modified_gmt":"2024-02-28T17:06:34","slug":"dia-mundial-del-teatro-un-mundo-magico-que-me-permite-hacer-lo-que-quiero","status":"publish","type":"noticia","link":"https:\/\/www.entreculturas.org\/gl\/noticia\/dia-mundial-del-teatro-un-mundo-magico-que-me-permite-hacer-lo-que-quiero\/","title":{"rendered":"D\u00eda Mundial del Teatro: \u2018un mundo m\u00e1gico que me permite hacer lo que quiero\u2019"},"content":{"rendered":"<\/p>\n<p>\u201cTengo el mejor trabajo del mundo, porque yo hago lo que quiero. Soy tantas personas\u2026 y juego y soy tan feliz\u201d.&nbsp;Gerardo Ochoa, de 23 a\u00f1os, es miembro del <a href=\"https:\/\/www.teatrolafragua.org\/INDICE.HTM\">Teatro La Fragua<\/a>, fundado en 1979 en la ciudad de El Progreso (Honduras); un grupo teatral que, con el tiempo, ha acabado siendo todo un referente de desarrollo cultural tanto a nivel nacional como a nivel centroamericano.&nbsp;<\/p>\n<p>En este <strong>D\u00eda Mundial del Teatro queremos rendir nuestro especial homenaje a esta compa\u00f1\u00eda<\/strong> que ha cumplido su 41\u00ba aniversario acercando la literatura, la m\u00fasica, el teatro y las artes pl\u00e1sticas a las comunidades, en un pa\u00eds donde fuera de su capital, Tegucigalpa, es dif\u00edcil encontrar iniciativas culturales.&nbsp;Nuestra <strong>VOLPA en Honduras<\/strong>, Sara Santos, ha podido conocer de cerca el trabajo de La Fragua y ha<strong> entrevistado a dos de sus componentes:&nbsp;<\/strong>Gerardo Ochoa&nbsp;y&nbsp;Edy Barahona, cofundador de la compa\u00f1\u00eda.<\/p>\n<p>Como se puede ver en el v\u00eddeo, Gerardo es una de esas personas que, incluso con la mascarilla puesta, es capaz de transmitir amor por su profesi\u00f3n: la interpretaci\u00f3n. Adem\u00e1s de tener el trabajo de sus sue\u00f1os, <strong>formar parte de la familia de La Fragua, como \u00e9l llama a la compa\u00f1\u00eda, le cambi\u00f3 la vida. <\/strong>Recuerda la primera obra que vio como espectador estando en el colegio; se par\u00f3 el tiempo y sali\u00f3 so\u00f1ando en ser actor. A\u00f1os despu\u00e9s, mientras cursaba sus estudios, las protestas y revueltas que agitaron a Honduras en 2014 se agravaron y no pudo asistir a clases, interrumpiendo as\u00ed su educaci\u00f3n. Un amigo suyo, miembro de La Fragua, le invit\u00f3 a participar y Gerardo empez\u00f3 as\u00ed a formarse como actor con un gran papel que le hizo enamorarse del teatro.<\/p>\n[video:https:\/\/www.youtube.com\/watch?v=1qCMdSJupyQ]\n<h3><span style=\"font-size:16px\"><strong><span style=\"color:#FF0000\"><span style=\"font-size:14px\">Transformaci\u00f3n personal y social<\/span><\/span><\/strong><\/span><\/h3>\n<p>En ese momento su vida dio un gran giro. Miraba todas las obras que iban presentado desde una perspectiva cr\u00edtica, cuestionando las situaciones injustas que se cruzaban por su camino. El teatro le abri\u00f3 los ojos a las diferentes realidades, le mostr\u00f3 una nueva forma de vida y una herramienta para la transformaci\u00f3n social.<\/p>\n<p>Antes de la pandemia de la COVID19, el Teatro la Fragua realizaba tanto actuaciones en su m\u00edtico barrac\u00f3n de madera como en los centros educativos a nivel nacional. La compa\u00f1\u00eda ha hecho llegar el teatro a las comunidades situadas en lugares remotos para acercar la cultura a todo el mundo. <strong>\u201cBusca transformar vidas y pensamientos\u201d<\/strong>, nos cuenta Edy Barahona, cofundador y director del proyecto <a href=\"https:\/\/www.teatrolafragua.org\/ayuda\/NL0045.html?fbclid=IwAR3t7OBmT_-12_UTdcmeuM_hFU4kla4IaL79H3qamaoW1Srx5c4DxUXLrRY\">radioteatro <\/a>en el que est\u00e1n trabajando ahora.<\/p>\n<p>Con la dificultad a\u00f1adida de trabajar en un pa\u00eds que infravalora la cultura y su poder de transformaci\u00f3n social, La Fragua se encuentra fuera de la capital y sin el apoyo econ\u00f3mico por parte del gobierno, pero <strong>lleva m\u00e1s de cuatro d\u00e9cadas caminando para conseguir una sociedad m\u00e1s comprometida y cr\u00edtica.&nbsp;<\/strong><\/p>\n","protected":false},"excerpt":{"rendered":"<p>En el D\u00eda Mundial del Teatro queremos rendir nuestro especial homenaje a la compa\u00f1\u00eda La Fragua, que ha cumplido su 41\u00ba aniversario acercando la literatura, la m\u00fasica, el teatro y las artes pl\u00e1sticas a las comunidades, en un pa\u00eds donde fuera de su capital, Tegucigalpa, es dif\u00edcil encontrar iniciativas culturales.<\/p>\n","protected":false},"featured_media":5621,"template":"single-noticia","meta":{"_acf_changed":false},"categories":[7],"tags":[8],"country":[],"cause":[132],"class_list":["post-5622","noticia","type-noticia","status-publish","has-post-thumbnail","hentry","category-noticia","tag-participacion-y-ciudadania-global","cause-participacion-y-ciudadania-global"],"acf":[],"yoast_head":"<!-- This site is optimized with the Yoast SEO Premium plugin v21.6 (Yoast SEO v27.5) - https:\/\/yoast.com\/product\/yoast-seo-premium-wordpress\/ -->\n<title>D\u00eda Mundial del Teatro: \u2018un mundo m\u00e1gico que me permite hacer lo que quiero\u2019 - Entreculturas<\/title>\n<meta name=\"robots\" content=\"index, follow, max-snippet:-1, max-image-preview:large, max-video-preview:-1\" \/>\n<link rel=\"canonical\" href=\"https:\/\/www.entreculturas.org\/gl\/noticia\/dia-mundial-del-teatro-un-mundo-magico-que-me-permite-hacer-lo-que-quiero\/\" \/>\n<meta property=\"og:locale\" content=\"gl_ES\" \/>\n<meta property=\"og:type\" content=\"article\" \/>\n<meta property=\"og:title\" content=\"D\u00eda Mundial del Teatro: \u2018un mundo m\u00e1gico que me permite hacer lo que quiero\u2019\" \/>\n<meta property=\"og:description\" content=\"En el D\u00eda Mundial del Teatro queremos rendir nuestro especial homenaje a la compa\u00f1\u00eda La Fragua, que ha cumplido su 41\u00ba aniversario acercando la literatura, la m\u00fasica, el teatro y las artes pl\u00e1sticas a las comunidades, en un pa\u00eds donde fuera de su capital, Tegucigalpa, es dif\u00edcil encontrar iniciativas culturales.\" \/>\n<meta property=\"og:url\" content=\"https:\/\/www.entreculturas.org\/gl\/noticia\/dia-mundial-del-teatro-un-mundo-magico-que-me-permite-hacer-lo-que-quiero\/\" \/>\n<meta property=\"og:site_name\" content=\"Entreculturas\" \/>\n<meta property=\"article:publisher\" content=\"https:\/\/www.facebook.com\/entreculturas\" \/>\n<meta property=\"article:modified_time\" content=\"2024-02-28T17:06:34+00:00\" \/>\n<meta property=\"og:image\" content=\"https:\/\/www.entreculturas.org\/wp-content\/uploads\/2021\/03\/edin.jpg\" \/>\n\t<meta property=\"og:image:width\" content=\"1080\" \/>\n\t<meta property=\"og:image:height\" content=\"721\" \/>\n\t<meta property=\"og:image:type\" content=\"image\/jpeg\" \/>\n<meta name=\"twitter:card\" content=\"summary_large_image\" \/>\n<meta name=\"twitter:site\" content=\"@Entreculturas\" \/>\n<script type=\"application\/ld+json\" class=\"yoast-schema-graph\">{\"@context\":\"https:\\\/\\\/schema.org\",\"@graph\":[{\"@type\":\"WebPage\",\"@id\":\"https:\\\/\\\/www.entreculturas.org\\\/gl\\\/noticia\\\/dia-mundial-del-teatro-un-mundo-magico-que-me-permite-hacer-lo-que-quiero\\\/\",\"url\":\"https:\\\/\\\/www.entreculturas.org\\\/gl\\\/noticia\\\/dia-mundial-del-teatro-un-mundo-magico-que-me-permite-hacer-lo-que-quiero\\\/\",\"name\":\"D\u00eda Mundial del Teatro: \u2018un mundo m\u00e1gico que me permite hacer lo que quiero\u2019 - Entreculturas\",\"isPartOf\":{\"@id\":\"https:\\\/\\\/www.entreculturas.org\\\/gl\\\/#website\"},\"primaryImageOfPage\":{\"@id\":\"https:\\\/\\\/www.entreculturas.org\\\/gl\\\/noticia\\\/dia-mundial-del-teatro-un-mundo-magico-que-me-permite-hacer-lo-que-quiero\\\/#primaryimage\"},\"image\":{\"@id\":\"https:\\\/\\\/www.entreculturas.org\\\/gl\\\/noticia\\\/dia-mundial-del-teatro-un-mundo-magico-que-me-permite-hacer-lo-que-quiero\\\/#primaryimage\"},\"thumbnailUrl\":\"https:\\\/\\\/www.entreculturas.org\\\/wp-content\\\/uploads\\\/2021\\\/03\\\/edin.jpg\",\"datePublished\":\"2021-03-25T10:20:08+00:00\",\"dateModified\":\"2024-02-28T17:06:34+00:00\",\"breadcrumb\":{\"@id\":\"https:\\\/\\\/www.entreculturas.org\\\/gl\\\/noticia\\\/dia-mundial-del-teatro-un-mundo-magico-que-me-permite-hacer-lo-que-quiero\\\/#breadcrumb\"},\"inLanguage\":\"gl-ES\",\"potentialAction\":[{\"@type\":\"ReadAction\",\"target\":[\"https:\\\/\\\/www.entreculturas.org\\\/gl\\\/noticia\\\/dia-mundial-del-teatro-un-mundo-magico-que-me-permite-hacer-lo-que-quiero\\\/\"]}]},{\"@type\":\"ImageObject\",\"inLanguage\":\"gl-ES\",\"@id\":\"https:\\\/\\\/www.entreculturas.org\\\/gl\\\/noticia\\\/dia-mundial-del-teatro-un-mundo-magico-que-me-permite-hacer-lo-que-quiero\\\/#primaryimage\",\"url\":\"https:\\\/\\\/www.entreculturas.org\\\/wp-content\\\/uploads\\\/2021\\\/03\\\/edin.jpg\",\"contentUrl\":\"https:\\\/\\\/www.entreculturas.org\\\/wp-content\\\/uploads\\\/2021\\\/03\\\/edin.jpg\",\"width\":1080,\"height\":721},{\"@type\":\"BreadcrumbList\",\"@id\":\"https:\\\/\\\/www.entreculturas.org\\\/gl\\\/noticia\\\/dia-mundial-del-teatro-un-mundo-magico-que-me-permite-hacer-lo-que-quiero\\\/#breadcrumb\",\"itemListElement\":[{\"@type\":\"ListItem\",\"position\":1,\"name\":\"Home\",\"item\":\"https:\\\/\\\/www.entreculturas.org\\\/gl\\\/\"},{\"@type\":\"ListItem\",\"position\":2,\"name\":\"Noticias\",\"item\":\"https:\\\/\\\/www.entreculturas.org\\\/gl\\\/noticias\\\/\"},{\"@type\":\"ListItem\",\"position\":3,\"name\":\"D\u00eda Mundial del Teatro: \u2018un mundo m\u00e1gico que me permite hacer lo que quiero\u2019\"}]},{\"@type\":\"WebSite\",\"@id\":\"https:\\\/\\\/www.entreculturas.org\\\/gl\\\/#website\",\"url\":\"https:\\\/\\\/www.entreculturas.org\\\/gl\\\/\",\"name\":\"Entreculturas\",\"description\":\"\",\"publisher\":{\"@id\":\"https:\\\/\\\/www.entreculturas.org\\\/gl\\\/#organization\"},\"alternateName\":\"Entreculturas\",\"potentialAction\":[{\"@type\":\"SearchAction\",\"target\":{\"@type\":\"EntryPoint\",\"urlTemplate\":\"https:\\\/\\\/www.entreculturas.org\\\/gl\\\/?s={search_term_string}\"},\"query-input\":{\"@type\":\"PropertyValueSpecification\",\"valueRequired\":true,\"valueName\":\"search_term_string\"}}],\"inLanguage\":\"gl-ES\"},{\"@type\":\"Organization\",\"@id\":\"https:\\\/\\\/www.entreculturas.org\\\/gl\\\/#organization\",\"name\":\"Entreculturas\",\"url\":\"https:\\\/\\\/www.entreculturas.org\\\/gl\\\/\",\"logo\":{\"@type\":\"ImageObject\",\"inLanguage\":\"gl-ES\",\"@id\":\"https:\\\/\\\/www.entreculturas.org\\\/gl\\\/#\\\/schema\\\/logo\\\/image\\\/\",\"url\":\"https:\\\/\\\/www.entreculturas.org\\\/wp-content\\\/uploads\\\/2025\\\/10\\\/ESP.svg\",\"contentUrl\":\"https:\\\/\\\/www.entreculturas.org\\\/wp-content\\\/uploads\\\/2025\\\/10\\\/ESP.svg\",\"caption\":\"Entreculturas\"},\"image\":{\"@id\":\"https:\\\/\\\/www.entreculturas.org\\\/gl\\\/#\\\/schema\\\/logo\\\/image\\\/\"},\"sameAs\":[\"https:\\\/\\\/www.facebook.com\\\/entreculturas\",\"https:\\\/\\\/x.com\\\/Entreculturas\",\"https:\\\/\\\/www.instagram.com\\\/entreculturas\\\/\",\"https:\\\/\\\/www.youtube.com\\\/user\\\/entreculturasvideo\",\"https:\\\/\\\/www.linkedin.com\\\/company\\\/fundacion-entreculturas-ngdo\\\/\",\"https:\\\/\\\/www.flickr.com\\\/photos\\\/98455522@N04\\\/albums\\\/\"]}]}<\/script>\n<!-- \/ Yoast SEO Premium plugin. -->","yoast_head_json":{"title":"D\u00eda Mundial del Teatro: \u2018un mundo m\u00e1gico que me permite hacer lo que quiero\u2019 - Entreculturas","robots":{"index":"index","follow":"follow","max-snippet":"max-snippet:-1","max-image-preview":"max-image-preview:large","max-video-preview":"max-video-preview:-1"},"canonical":"https:\/\/www.entreculturas.org\/gl\/noticia\/dia-mundial-del-teatro-un-mundo-magico-que-me-permite-hacer-lo-que-quiero\/","og_locale":"gl_ES","og_type":"article","og_title":"D\u00eda Mundial del Teatro: \u2018un mundo m\u00e1gico que me permite hacer lo que quiero\u2019","og_description":"En el D\u00eda Mundial del Teatro queremos rendir nuestro especial homenaje a la compa\u00f1\u00eda La Fragua, que ha cumplido su 41\u00ba aniversario acercando la literatura, la m\u00fasica, el teatro y las artes pl\u00e1sticas a las comunidades, en un pa\u00eds donde fuera de su capital, Tegucigalpa, es dif\u00edcil encontrar iniciativas culturales.","og_url":"https:\/\/www.entreculturas.org\/gl\/noticia\/dia-mundial-del-teatro-un-mundo-magico-que-me-permite-hacer-lo-que-quiero\/","og_site_name":"Entreculturas","article_publisher":"https:\/\/www.facebook.com\/entreculturas","article_modified_time":"2024-02-28T17:06:34+00:00","og_image":[{"width":1080,"height":721,"url":"https:\/\/www.entreculturas.org\/wp-content\/uploads\/2021\/03\/edin.jpg","type":"image\/jpeg"}],"twitter_card":"summary_large_image","twitter_site":"@Entreculturas","schema":{"@context":"https:\/\/schema.org","@graph":[{"@type":"WebPage","@id":"https:\/\/www.entreculturas.org\/gl\/noticia\/dia-mundial-del-teatro-un-mundo-magico-que-me-permite-hacer-lo-que-quiero\/","url":"https:\/\/www.entreculturas.org\/gl\/noticia\/dia-mundial-del-teatro-un-mundo-magico-que-me-permite-hacer-lo-que-quiero\/","name":"D\u00eda Mundial del Teatro: \u2018un mundo m\u00e1gico que me permite hacer lo que quiero\u2019 - Entreculturas","isPartOf":{"@id":"https:\/\/www.entreculturas.org\/gl\/#website"},"primaryImageOfPage":{"@id":"https:\/\/www.entreculturas.org\/gl\/noticia\/dia-mundial-del-teatro-un-mundo-magico-que-me-permite-hacer-lo-que-quiero\/#primaryimage"},"image":{"@id":"https:\/\/www.entreculturas.org\/gl\/noticia\/dia-mundial-del-teatro-un-mundo-magico-que-me-permite-hacer-lo-que-quiero\/#primaryimage"},"thumbnailUrl":"https:\/\/www.entreculturas.org\/wp-content\/uploads\/2021\/03\/edin.jpg","datePublished":"2021-03-25T10:20:08+00:00","dateModified":"2024-02-28T17:06:34+00:00","breadcrumb":{"@id":"https:\/\/www.entreculturas.org\/gl\/noticia\/dia-mundial-del-teatro-un-mundo-magico-que-me-permite-hacer-lo-que-quiero\/#breadcrumb"},"inLanguage":"gl-ES","potentialAction":[{"@type":"ReadAction","target":["https:\/\/www.entreculturas.org\/gl\/noticia\/dia-mundial-del-teatro-un-mundo-magico-que-me-permite-hacer-lo-que-quiero\/"]}]},{"@type":"ImageObject","inLanguage":"gl-ES","@id":"https:\/\/www.entreculturas.org\/gl\/noticia\/dia-mundial-del-teatro-un-mundo-magico-que-me-permite-hacer-lo-que-quiero\/#primaryimage","url":"https:\/\/www.entreculturas.org\/wp-content\/uploads\/2021\/03\/edin.jpg","contentUrl":"https:\/\/www.entreculturas.org\/wp-content\/uploads\/2021\/03\/edin.jpg","width":1080,"height":721},{"@type":"BreadcrumbList","@id":"https:\/\/www.entreculturas.org\/gl\/noticia\/dia-mundial-del-teatro-un-mundo-magico-que-me-permite-hacer-lo-que-quiero\/#breadcrumb","itemListElement":[{"@type":"ListItem","position":1,"name":"Home","item":"https:\/\/www.entreculturas.org\/gl\/"},{"@type":"ListItem","position":2,"name":"Noticias","item":"https:\/\/www.entreculturas.org\/gl\/noticias\/"},{"@type":"ListItem","position":3,"name":"D\u00eda Mundial del Teatro: \u2018un mundo m\u00e1gico que me permite hacer lo que quiero\u2019"}]},{"@type":"WebSite","@id":"https:\/\/www.entreculturas.org\/gl\/#website","url":"https:\/\/www.entreculturas.org\/gl\/","name":"Entreculturas","description":"","publisher":{"@id":"https:\/\/www.entreculturas.org\/gl\/#organization"},"alternateName":"Entreculturas","potentialAction":[{"@type":"SearchAction","target":{"@type":"EntryPoint","urlTemplate":"https:\/\/www.entreculturas.org\/gl\/?s={search_term_string}"},"query-input":{"@type":"PropertyValueSpecification","valueRequired":true,"valueName":"search_term_string"}}],"inLanguage":"gl-ES"},{"@type":"Organization","@id":"https:\/\/www.entreculturas.org\/gl\/#organization","name":"Entreculturas","url":"https:\/\/www.entreculturas.org\/gl\/","logo":{"@type":"ImageObject","inLanguage":"gl-ES","@id":"https:\/\/www.entreculturas.org\/gl\/#\/schema\/logo\/image\/","url":"https:\/\/www.entreculturas.org\/wp-content\/uploads\/2025\/10\/ESP.svg","contentUrl":"https:\/\/www.entreculturas.org\/wp-content\/uploads\/2025\/10\/ESP.svg","caption":"Entreculturas"},"image":{"@id":"https:\/\/www.entreculturas.org\/gl\/#\/schema\/logo\/image\/"},"sameAs":["https:\/\/www.facebook.com\/entreculturas","https:\/\/x.com\/Entreculturas","https:\/\/www.instagram.com\/entreculturas\/","https:\/\/www.youtube.com\/user\/entreculturasvideo","https:\/\/www.linkedin.com\/company\/fundacion-entreculturas-ngdo\/","https:\/\/www.flickr.com\/photos\/98455522@N04\/albums\/"]}]}},"_links":{"self":[{"href":"https:\/\/www.entreculturas.org\/gl\/wp-json\/wp\/v2\/noticia\/5622","targetHints":{"allow":["GET"]}}],"collection":[{"href":"https:\/\/www.entreculturas.org\/gl\/wp-json\/wp\/v2\/noticia"}],"about":[{"href":"https:\/\/www.entreculturas.org\/gl\/wp-json\/wp\/v2\/types\/noticia"}],"wp:featuredmedia":[{"embeddable":true,"href":"https:\/\/www.entreculturas.org\/gl\/wp-json\/wp\/v2\/media\/5621"}],"wp:attachment":[{"href":"https:\/\/www.entreculturas.org\/gl\/wp-json\/wp\/v2\/media?parent=5622"}],"wp:term":[{"taxonomy":"category","embeddable":true,"href":"https:\/\/www.entreculturas.org\/gl\/wp-json\/wp\/v2\/categories?post=5622"},{"taxonomy":"post_tag","embeddable":true,"href":"https:\/\/www.entreculturas.org\/gl\/wp-json\/wp\/v2\/tags?post=5622"},{"taxonomy":"country","embeddable":true,"href":"https:\/\/www.entreculturas.org\/gl\/wp-json\/wp\/v2\/country?post=5622"},{"taxonomy":"cause","embeddable":true,"href":"https:\/\/www.entreculturas.org\/gl\/wp-json\/wp\/v2\/cause?post=5622"}],"curies":[{"name":"wp","href":"https:\/\/api.w.org\/{rel}","templated":true}]}}