{"id":5557,"date":"2021-03-05T12:23:22","date_gmt":"2021-03-05T12:23:22","guid":{"rendered":"https:\/\/entreculturasi.wpenginepowered.com\/?noticias=el-programa-de-voluntariado-internacional-pedro-arrupe-volpa-cumple-30-anos"},"modified":"2024-03-06T17:30:35","modified_gmt":"2024-03-06T16:30:35","slug":"el-programa-de-voluntariado-internacional-pedro-arrupe-volpa-cumple-30-anos","status":"publish","type":"noticia","link":"https:\/\/www.entreculturas.org\/gl\/noticia\/el-programa-de-voluntariado-internacional-pedro-arrupe-volpa-cumple-30-anos\/","title":{"rendered":"El programa de voluntariado internacional Pedro Arrupe (VOLPA) cumple 30 a\u00f1os"},"content":{"rendered":"<p>En VOLPA estamos de celebraci\u00f3n y es que en este 2021 celebramos su <strong>30 aniversario<\/strong>. Este programa de voluntariado internacional de larga duraci\u00f3n <strong>naci\u00f3 en 1991 inspirado en el legado de Pedro Arrupe<\/strong>. Su llamada a salir al encuentro de otras culturas y a cambiar las estructuras injustas que generan sufrimiento en nuestro mundo fue sin duda la llama que encendi\u00f3 este sue\u00f1o que hoy mira atr\u00e1s para agradecer tanta vida transformada.<\/p>\n<p>En este tiempo <strong>m\u00e1s de 1.000 personas han participado en este programa de voluntariado internacional <\/strong>que surgi\u00f3 como una red de voluntariado de la Compa\u00f1\u00eda de Jes\u00fas en sus diferentes Provincias en Espa\u00f1a. A lo largo de su historia, este programa ha sido impulsado por Volpa Catalunya, Entreculturas y Alboan y actualmente, son las dos \u00faltimas las que se coordinan para dar continuidad al programa.<\/p>\n<\/p>\n<p>Para celebrar este 30 aniversario se organiz\u00f3 un <strong>encuentro de car\u00e1cter l\u00fadico<\/strong> al que fue invitada mucha gente vinculada con el programa: personas voluntarias de estas tres d\u00e9cadas, formadoras, acompa\u00f1antes, organizaciones locales de acogida en Am\u00e9rica Latina, \u00c1frica y Europa, VOLPA en formaci\u00f3n, las personas que han coordinado el programa en estos a\u00f1os de Alboan, Entreculturas y VOLPA Catalunya, adem\u00e1s de algunas de las personas fundadoras y personal de la organizaciones de cooperaci\u00f3n implicadas en el proceso formativo.&nbsp;<\/p>\n<p>Finalmente<strong> m\u00e1s de 220 personas se congregaron el pasado jueves para celebrar y agradecer todo lo que ha supuesto esta experiencia de voluntariado internacional <\/strong>en sus vidas, y es que para muchas ha supuesto \u201cuna palanca de cambio que nos ha marcado la vida\u201d como comentaba Gerardo Molpeceres que fue VOLPA en Ecuador y hoy es formador y voluntario de Entreculturas.<\/p>\n<p>El evento fue <strong>dirigido por Paz, que fue VOLPA en Ecuador entre 2013 y 2014 y Ana, coordinadora del programa en Entreculturas<\/strong>. Ambas fueron dando paso a los distintos espacios. Ellas se encargaron de dar la bienvenida, de reconocer a las distintas personas en su v\u00ednculo con el programa y de darle aire de fiesta que era de lo que se trataba.&nbsp;<\/p>\n<p>Ram\u00f3n Almansa y Mart\u00edn Iriberri SJ, directores ejecutivo de Entreculturas y director de Alboan respectivamente, se unieron tambi\u00e9n a la bienvenida y al agradecimiento, y resaltaron el tipo de voluntariado internacional por el que apuestan ambas instituciones. <strong>\u201cYa hace 30 a\u00f1os se dec\u00eda que VOLPA ten\u00eda que ser una experiencia de construcci\u00f3n de ciudadan\u00eda, aqu\u00ed y all\u00e1<\/strong>\u201d<strong>, resalt\u00f3 Mart\u00edn Iriberri<\/strong>. Mientras, por su parte,&nbsp;<strong>Ram\u00f3n Almansa<\/strong> destac\u00f3 las actitudes VOLPA: la empat\u00eda, la cercan\u00eda, la sencillez y la actitud de convertirse en agentes de cambio.<strong> \u201cEstamos participando en procesos de transformaci\u00f3n de personas y de transformaci\u00f3n de realidades\u201d.<\/strong><\/p>\n<p>&nbsp;<\/p>\n<\/p>\n<p>Tras las palabras oficiales tuvo lugar el espacio <strong>\u201cT\u00e9 de Tertulia\u201d <\/strong>donde Paloma Pe\u00f1as, que fue VOLPA en Hait\u00ed 2017-2019 con Fe y Alegr\u00eda; Gaizko, VOLPA en Per\u00fa en Radio Mara\u00f1on 1998-2000 y posteriormente acompa\u00f1ante y&nbsp; Carmi\u00f1a de la Cruz de Fe y Alegr\u00eda Bolivia representado a las organizaciones socias, compartieron las primeras claves del esp\u00edritu de VOLPA y del impacto que ha supuesto en la vida de las personas que lo han realizado como Paloma y Gaizko. Fue un momento muy emotivo donde <strong>los y las participantes tambi\u00e9n pudieron ir compartiendo sus vivencias<\/strong> a trav\u00e9s del chat.<\/p>\n<p>Tras ese espacio sigui\u00f3 la invitaci\u00f3n a reconectarse con la experiencia vivida hace muchos o pocos a\u00f1os y as\u00ed Laura Flores, que fue VOLPA con el SJM Nicaragua, gui\u00f3 una meditaci\u00f3n que les llevaba a transitar distintos momentos del camino recorrido: los inicios, las motivaciones, las dificultades vividas y\/o los rostros y nombres de personas a las que quedaron para siempre unidos. Despu\u00e9s algunas personas asistentes pudieron <strong>compartir alguna de esas im\u00e1genes o emociones que hab\u00edan surgido al revivir la experiencia.&nbsp;<\/strong><\/p>\n<p>Y como de un cumplea\u00f1os se trataba lleg\u00f3 el momento de hacer regalos, y as\u00ed a trav\u00e9s de expresiones que iban reflej\u00e1ndose y creciendo en una nube de palabras en pantalla, VOLPA recibi\u00f3 palabras como <strong>esperanza, encuentro, v\u00edda, transformaci\u00f3n o aprendizaje.&nbsp;<\/strong><\/p>\n<p><img decoding=\"async\" alt=\"\" src=\"https:\/\/www.entreculturas.org\/wp-content\/uploads\/2021\/03\/captura_de_pantalla_2021-03-04_a_las_20.23.13.png\" style=\"width: 600px;height: 325px\"><\/p>\n<p>Para cerrar el evento<strong> Daniel Villanueva SJ, vicepresidente Ejecutivo de Entreculturas y Alboan<\/strong> tom\u00f3 la palabra recordando a los fundadores del programa, \u201csomos herederos y herederas de una historia preciosa\u201d. Agradeci\u00f3 nuevamente a los asistentes y a las personas que han hecho y hacen posible este programa su implicaci\u00f3n y su apuesta por transformar este mundo herido. Pero adem\u00e1s de agradecer quiso invitar a vivir VOLPA en clave de futuro, \u201ceste programa est\u00e1 muy vivo; VOLPA es sobre todo futuro. <strong>Este programa cambia historias, cambia vidas y, poco a poco, va cambiando el mundo\u201d,<\/strong> asegur\u00f3.&nbsp;<\/p>\n<p>Para terminar el acto se proyect\u00f3 un video muy emocionante que recog\u00eda los rostros de muchas de las personas voluntarias en distintas d\u00e9cadas, cada una de estas d\u00e9cadas marcadas por momentos hist\u00f3ricos y culturales que han hecho que VOLPA tenga que ir adapt\u00e1ndose a lo largo del tiempo y afrontando nuevos desaf\u00edos. Con todo la esencia de VOLPA prevalece: hacer crecer agentes de cambio a trav\u00e9s del encuentro. <strong>El legado de Arrupe sigue vivo 30 a\u00f1os despu\u00e9s.&nbsp;<\/strong><\/p>\n<p>&nbsp;<\/p>\n<p>&nbsp;<\/p>\n","protected":false},"excerpt":{"rendered":"<p>Para celebrar este 30 aniversario se organiz\u00f3 un encuentro de car\u00e1cter l\u00fadico al que fue invitada mucha gente vinculada con el programa. M\u00e1s de 220 personas se congregaron el pasado jueves para celebrar y agradecer todo lo que ha supuesto esta experiencia de voluntariado internacional en sus vidas.<\/p>\n","protected":false},"featured_media":5554,"template":"single-noticia","meta":{"_acf_changed":false},"categories":[7],"tags":[8],"country":[],"cause":[132],"class_list":["post-5557","noticia","type-noticia","status-publish","has-post-thumbnail","hentry","category-noticia","tag-participacion-y-ciudadania-global","cause-participacion-y-ciudadania-global"],"acf":[],"yoast_head":"<!-- This site is optimized with the Yoast SEO Premium plugin v21.6 (Yoast SEO v27.5) - https:\/\/yoast.com\/product\/yoast-seo-premium-wordpress\/ -->\n<title>El programa de voluntariado internacional Pedro Arrupe (VOLPA) cumple 30 a\u00f1os - Entreculturas<\/title>\n<meta name=\"robots\" content=\"index, follow, max-snippet:-1, max-image-preview:large, max-video-preview:-1\" \/>\n<link rel=\"canonical\" href=\"https:\/\/www.entreculturas.org\/gl\/noticia\/el-programa-de-voluntariado-internacional-pedro-arrupe-volpa-cumple-30-anos\/\" \/>\n<meta property=\"og:locale\" content=\"gl_ES\" \/>\n<meta property=\"og:type\" content=\"article\" \/>\n<meta property=\"og:title\" content=\"El programa de voluntariado internacional Pedro Arrupe (VOLPA) cumple 30 a\u00f1os\" \/>\n<meta property=\"og:description\" content=\"Para celebrar este 30 aniversario se organiz\u00f3 un encuentro de car\u00e1cter l\u00fadico al que fue invitada mucha gente vinculada con el programa. M\u00e1s de 220 personas se congregaron el pasado jueves para celebrar y agradecer todo lo que ha supuesto esta experiencia de voluntariado internacional en sus vidas.\" \/>\n<meta property=\"og:url\" content=\"https:\/\/www.entreculturas.org\/gl\/noticia\/el-programa-de-voluntariado-internacional-pedro-arrupe-volpa-cumple-30-anos\/\" \/>\n<meta property=\"og:site_name\" content=\"Entreculturas\" \/>\n<meta property=\"article:publisher\" content=\"https:\/\/www.facebook.com\/entreculturas\" \/>\n<meta property=\"article:modified_time\" content=\"2024-03-06T16:30:35+00:00\" \/>\n<meta property=\"og:image\" content=\"https:\/\/www.entreculturas.org\/wp-content\/uploads\/2021\/03\/img-20210204-wa0016.jpg\" \/>\n\t<meta property=\"og:image:width\" content=\"1280\" \/>\n\t<meta property=\"og:image:height\" content=\"960\" \/>\n\t<meta property=\"og:image:type\" content=\"image\/jpeg\" \/>\n<meta name=\"twitter:card\" content=\"summary_large_image\" \/>\n<meta name=\"twitter:site\" content=\"@Entreculturas\" \/>\n<script type=\"application\/ld+json\" class=\"yoast-schema-graph\">{\"@context\":\"https:\\\/\\\/schema.org\",\"@graph\":[{\"@type\":\"WebPage\",\"@id\":\"https:\\\/\\\/www.entreculturas.org\\\/gl\\\/noticia\\\/el-programa-de-voluntariado-internacional-pedro-arrupe-volpa-cumple-30-anos\\\/\",\"url\":\"https:\\\/\\\/www.entreculturas.org\\\/gl\\\/noticia\\\/el-programa-de-voluntariado-internacional-pedro-arrupe-volpa-cumple-30-anos\\\/\",\"name\":\"El programa de voluntariado internacional Pedro Arrupe (VOLPA) cumple 30 a\u00f1os - Entreculturas\",\"isPartOf\":{\"@id\":\"https:\\\/\\\/www.entreculturas.org\\\/gl\\\/#website\"},\"primaryImageOfPage\":{\"@id\":\"https:\\\/\\\/www.entreculturas.org\\\/gl\\\/noticia\\\/el-programa-de-voluntariado-internacional-pedro-arrupe-volpa-cumple-30-anos\\\/#primaryimage\"},\"image\":{\"@id\":\"https:\\\/\\\/www.entreculturas.org\\\/gl\\\/noticia\\\/el-programa-de-voluntariado-internacional-pedro-arrupe-volpa-cumple-30-anos\\\/#primaryimage\"},\"thumbnailUrl\":\"https:\\\/\\\/www.entreculturas.org\\\/wp-content\\\/uploads\\\/2021\\\/03\\\/img-20210204-wa0016.jpg\",\"datePublished\":\"2021-03-05T12:23:22+00:00\",\"dateModified\":\"2024-03-06T16:30:35+00:00\",\"breadcrumb\":{\"@id\":\"https:\\\/\\\/www.entreculturas.org\\\/gl\\\/noticia\\\/el-programa-de-voluntariado-internacional-pedro-arrupe-volpa-cumple-30-anos\\\/#breadcrumb\"},\"inLanguage\":\"gl-ES\",\"potentialAction\":[{\"@type\":\"ReadAction\",\"target\":[\"https:\\\/\\\/www.entreculturas.org\\\/gl\\\/noticia\\\/el-programa-de-voluntariado-internacional-pedro-arrupe-volpa-cumple-30-anos\\\/\"]}]},{\"@type\":\"ImageObject\",\"inLanguage\":\"gl-ES\",\"@id\":\"https:\\\/\\\/www.entreculturas.org\\\/gl\\\/noticia\\\/el-programa-de-voluntariado-internacional-pedro-arrupe-volpa-cumple-30-anos\\\/#primaryimage\",\"url\":\"https:\\\/\\\/www.entreculturas.org\\\/wp-content\\\/uploads\\\/2021\\\/03\\\/img-20210204-wa0016.jpg\",\"contentUrl\":\"https:\\\/\\\/www.entreculturas.org\\\/wp-content\\\/uploads\\\/2021\\\/03\\\/img-20210204-wa0016.jpg\",\"width\":1280,\"height\":960},{\"@type\":\"BreadcrumbList\",\"@id\":\"https:\\\/\\\/www.entreculturas.org\\\/gl\\\/noticia\\\/el-programa-de-voluntariado-internacional-pedro-arrupe-volpa-cumple-30-anos\\\/#breadcrumb\",\"itemListElement\":[{\"@type\":\"ListItem\",\"position\":1,\"name\":\"Home\",\"item\":\"https:\\\/\\\/www.entreculturas.org\\\/gl\\\/\"},{\"@type\":\"ListItem\",\"position\":2,\"name\":\"Noticias\",\"item\":\"https:\\\/\\\/www.entreculturas.org\\\/gl\\\/noticias\\\/\"},{\"@type\":\"ListItem\",\"position\":3,\"name\":\"El programa de voluntariado internacional Pedro Arrupe (VOLPA) cumple 30 a\u00f1os\"}]},{\"@type\":\"WebSite\",\"@id\":\"https:\\\/\\\/www.entreculturas.org\\\/gl\\\/#website\",\"url\":\"https:\\\/\\\/www.entreculturas.org\\\/gl\\\/\",\"name\":\"Entreculturas\",\"description\":\"\",\"publisher\":{\"@id\":\"https:\\\/\\\/www.entreculturas.org\\\/gl\\\/#organization\"},\"alternateName\":\"Entreculturas\",\"potentialAction\":[{\"@type\":\"SearchAction\",\"target\":{\"@type\":\"EntryPoint\",\"urlTemplate\":\"https:\\\/\\\/www.entreculturas.org\\\/gl\\\/?s={search_term_string}\"},\"query-input\":{\"@type\":\"PropertyValueSpecification\",\"valueRequired\":true,\"valueName\":\"search_term_string\"}}],\"inLanguage\":\"gl-ES\"},{\"@type\":\"Organization\",\"@id\":\"https:\\\/\\\/www.entreculturas.org\\\/gl\\\/#organization\",\"name\":\"Entreculturas\",\"url\":\"https:\\\/\\\/www.entreculturas.org\\\/gl\\\/\",\"logo\":{\"@type\":\"ImageObject\",\"inLanguage\":\"gl-ES\",\"@id\":\"https:\\\/\\\/www.entreculturas.org\\\/gl\\\/#\\\/schema\\\/logo\\\/image\\\/\",\"url\":\"https:\\\/\\\/www.entreculturas.org\\\/wp-content\\\/uploads\\\/2025\\\/10\\\/ESP.svg\",\"contentUrl\":\"https:\\\/\\\/www.entreculturas.org\\\/wp-content\\\/uploads\\\/2025\\\/10\\\/ESP.svg\",\"caption\":\"Entreculturas\"},\"image\":{\"@id\":\"https:\\\/\\\/www.entreculturas.org\\\/gl\\\/#\\\/schema\\\/logo\\\/image\\\/\"},\"sameAs\":[\"https:\\\/\\\/www.facebook.com\\\/entreculturas\",\"https:\\\/\\\/x.com\\\/Entreculturas\",\"https:\\\/\\\/www.instagram.com\\\/entreculturas\\\/\",\"https:\\\/\\\/www.youtube.com\\\/user\\\/entreculturasvideo\",\"https:\\\/\\\/www.linkedin.com\\\/company\\\/fundacion-entreculturas-ngdo\\\/\",\"https:\\\/\\\/www.flickr.com\\\/photos\\\/98455522@N04\\\/albums\\\/\"]}]}<\/script>\n<!-- \/ Yoast SEO Premium plugin. -->","yoast_head_json":{"title":"El programa de voluntariado internacional Pedro Arrupe (VOLPA) cumple 30 a\u00f1os - Entreculturas","robots":{"index":"index","follow":"follow","max-snippet":"max-snippet:-1","max-image-preview":"max-image-preview:large","max-video-preview":"max-video-preview:-1"},"canonical":"https:\/\/www.entreculturas.org\/gl\/noticia\/el-programa-de-voluntariado-internacional-pedro-arrupe-volpa-cumple-30-anos\/","og_locale":"gl_ES","og_type":"article","og_title":"El programa de voluntariado internacional Pedro Arrupe (VOLPA) cumple 30 a\u00f1os","og_description":"Para celebrar este 30 aniversario se organiz\u00f3 un encuentro de car\u00e1cter l\u00fadico al que fue invitada mucha gente vinculada con el programa. M\u00e1s de 220 personas se congregaron el pasado jueves para celebrar y agradecer todo lo que ha supuesto esta experiencia de voluntariado internacional en sus vidas.","og_url":"https:\/\/www.entreculturas.org\/gl\/noticia\/el-programa-de-voluntariado-internacional-pedro-arrupe-volpa-cumple-30-anos\/","og_site_name":"Entreculturas","article_publisher":"https:\/\/www.facebook.com\/entreculturas","article_modified_time":"2024-03-06T16:30:35+00:00","og_image":[{"width":1280,"height":960,"url":"https:\/\/www.entreculturas.org\/wp-content\/uploads\/2021\/03\/img-20210204-wa0016.jpg","type":"image\/jpeg"}],"twitter_card":"summary_large_image","twitter_site":"@Entreculturas","schema":{"@context":"https:\/\/schema.org","@graph":[{"@type":"WebPage","@id":"https:\/\/www.entreculturas.org\/gl\/noticia\/el-programa-de-voluntariado-internacional-pedro-arrupe-volpa-cumple-30-anos\/","url":"https:\/\/www.entreculturas.org\/gl\/noticia\/el-programa-de-voluntariado-internacional-pedro-arrupe-volpa-cumple-30-anos\/","name":"El programa de voluntariado internacional Pedro Arrupe (VOLPA) cumple 30 a\u00f1os - Entreculturas","isPartOf":{"@id":"https:\/\/www.entreculturas.org\/gl\/#website"},"primaryImageOfPage":{"@id":"https:\/\/www.entreculturas.org\/gl\/noticia\/el-programa-de-voluntariado-internacional-pedro-arrupe-volpa-cumple-30-anos\/#primaryimage"},"image":{"@id":"https:\/\/www.entreculturas.org\/gl\/noticia\/el-programa-de-voluntariado-internacional-pedro-arrupe-volpa-cumple-30-anos\/#primaryimage"},"thumbnailUrl":"https:\/\/www.entreculturas.org\/wp-content\/uploads\/2021\/03\/img-20210204-wa0016.jpg","datePublished":"2021-03-05T12:23:22+00:00","dateModified":"2024-03-06T16:30:35+00:00","breadcrumb":{"@id":"https:\/\/www.entreculturas.org\/gl\/noticia\/el-programa-de-voluntariado-internacional-pedro-arrupe-volpa-cumple-30-anos\/#breadcrumb"},"inLanguage":"gl-ES","potentialAction":[{"@type":"ReadAction","target":["https:\/\/www.entreculturas.org\/gl\/noticia\/el-programa-de-voluntariado-internacional-pedro-arrupe-volpa-cumple-30-anos\/"]}]},{"@type":"ImageObject","inLanguage":"gl-ES","@id":"https:\/\/www.entreculturas.org\/gl\/noticia\/el-programa-de-voluntariado-internacional-pedro-arrupe-volpa-cumple-30-anos\/#primaryimage","url":"https:\/\/www.entreculturas.org\/wp-content\/uploads\/2021\/03\/img-20210204-wa0016.jpg","contentUrl":"https:\/\/www.entreculturas.org\/wp-content\/uploads\/2021\/03\/img-20210204-wa0016.jpg","width":1280,"height":960},{"@type":"BreadcrumbList","@id":"https:\/\/www.entreculturas.org\/gl\/noticia\/el-programa-de-voluntariado-internacional-pedro-arrupe-volpa-cumple-30-anos\/#breadcrumb","itemListElement":[{"@type":"ListItem","position":1,"name":"Home","item":"https:\/\/www.entreculturas.org\/gl\/"},{"@type":"ListItem","position":2,"name":"Noticias","item":"https:\/\/www.entreculturas.org\/gl\/noticias\/"},{"@type":"ListItem","position":3,"name":"El programa de voluntariado internacional Pedro Arrupe (VOLPA) cumple 30 a\u00f1os"}]},{"@type":"WebSite","@id":"https:\/\/www.entreculturas.org\/gl\/#website","url":"https:\/\/www.entreculturas.org\/gl\/","name":"Entreculturas","description":"","publisher":{"@id":"https:\/\/www.entreculturas.org\/gl\/#organization"},"alternateName":"Entreculturas","potentialAction":[{"@type":"SearchAction","target":{"@type":"EntryPoint","urlTemplate":"https:\/\/www.entreculturas.org\/gl\/?s={search_term_string}"},"query-input":{"@type":"PropertyValueSpecification","valueRequired":true,"valueName":"search_term_string"}}],"inLanguage":"gl-ES"},{"@type":"Organization","@id":"https:\/\/www.entreculturas.org\/gl\/#organization","name":"Entreculturas","url":"https:\/\/www.entreculturas.org\/gl\/","logo":{"@type":"ImageObject","inLanguage":"gl-ES","@id":"https:\/\/www.entreculturas.org\/gl\/#\/schema\/logo\/image\/","url":"https:\/\/www.entreculturas.org\/wp-content\/uploads\/2025\/10\/ESP.svg","contentUrl":"https:\/\/www.entreculturas.org\/wp-content\/uploads\/2025\/10\/ESP.svg","caption":"Entreculturas"},"image":{"@id":"https:\/\/www.entreculturas.org\/gl\/#\/schema\/logo\/image\/"},"sameAs":["https:\/\/www.facebook.com\/entreculturas","https:\/\/x.com\/Entreculturas","https:\/\/www.instagram.com\/entreculturas\/","https:\/\/www.youtube.com\/user\/entreculturasvideo","https:\/\/www.linkedin.com\/company\/fundacion-entreculturas-ngdo\/","https:\/\/www.flickr.com\/photos\/98455522@N04\/albums\/"]}]}},"_links":{"self":[{"href":"https:\/\/www.entreculturas.org\/gl\/wp-json\/wp\/v2\/noticia\/5557","targetHints":{"allow":["GET"]}}],"collection":[{"href":"https:\/\/www.entreculturas.org\/gl\/wp-json\/wp\/v2\/noticia"}],"about":[{"href":"https:\/\/www.entreculturas.org\/gl\/wp-json\/wp\/v2\/types\/noticia"}],"wp:featuredmedia":[{"embeddable":true,"href":"https:\/\/www.entreculturas.org\/gl\/wp-json\/wp\/v2\/media\/5554"}],"wp:attachment":[{"href":"https:\/\/www.entreculturas.org\/gl\/wp-json\/wp\/v2\/media?parent=5557"}],"wp:term":[{"taxonomy":"category","embeddable":true,"href":"https:\/\/www.entreculturas.org\/gl\/wp-json\/wp\/v2\/categories?post=5557"},{"taxonomy":"post_tag","embeddable":true,"href":"https:\/\/www.entreculturas.org\/gl\/wp-json\/wp\/v2\/tags?post=5557"},{"taxonomy":"country","embeddable":true,"href":"https:\/\/www.entreculturas.org\/gl\/wp-json\/wp\/v2\/country?post=5557"},{"taxonomy":"cause","embeddable":true,"href":"https:\/\/www.entreculturas.org\/gl\/wp-json\/wp\/v2\/cause?post=5557"}],"curies":[{"name":"wp","href":"https:\/\/api.w.org\/{rel}","templated":true}]}}