{"id":5491,"date":"2021-02-08T13:19:54","date_gmt":"2021-02-08T13:19:54","guid":{"rendered":"https:\/\/entreculturasi.wpenginepowered.com\/?noticias=hacia-otras-convivencias-posibles-laboratorio-de-buenas-practicas-educativas-para-la-mejora"},"modified":"2024-03-06T17:39:33","modified_gmt":"2024-03-06T16:39:33","slug":"hacia-otras-convivencias-posibles-laboratorio-de-buenas-practicas-educativas-para-la-mejora","status":"publish","type":"noticia","link":"https:\/\/www.entreculturas.org\/gl\/noticia\/hacia-otras-convivencias-posibles-laboratorio-de-buenas-practicas-educativas-para-la-mejora\/","title":{"rendered":"Hacia otras convivencias posibles: laboratorio de Buenas Pr\u00e1cticas Educativas para la mejora de la convivencia y la inclusi\u00f3n social"},"content":{"rendered":"<p dir=\"ltr\" style=\"margin: 0pt 0px;padding: 0px;background-position: left top;, Arial, Tahoma, sans-serif;font-size: 15px;line-height: 1.38\">\n<p dir=\"ltr\" style=\"margin: 0pt 0px;padding: 0px;background-position: left top;, Arial, Tahoma, sans-serif;font-size: 15px;line-height: 1.38\">&nbsp;<\/p>\n<p dir=\"ltr\" style=\"margin: 0pt 0px;padding: 0px;background-position: left top;, Arial, Tahoma, sans-serif;font-size: 15px;line-height: 1.38\"><span id=\"docs-internal-guid-ab80ad82-7fff-a35b-e06b-b12e4c83aa38\" style=\"margin: 0px;padding: 0px;background-position: left top\"><span style=\"margin: 0px;padding: 0px;background-position: left top;font-size: 11pt;font-family: Arial;background-color: transparent\">Desde Entreculturas, estamos felices de invitaros al<em style=\"margin: 0px;padding: 0px;background-position: left top\"><span style=\"margin: 0px;padding: 0px;background-position: left top;font-weight: 600\"> Laboratorio de Buenas Pr\u00e1cticas Educativas para la mejora de la inclusi\u00f3n y la convivencia<\/span><\/em>, que se celebrar\u00e1 el pr\u00f3ximo 24 de marzo de 2021, de 17:00 a 19:30.&nbsp;<\/span><\/span><\/p>\n<p dir=\"ltr\" style=\"margin: 0pt 0px;padding: 0px;background-position: left top;, Arial, Tahoma, sans-serif;font-size: 15px;line-height: 1.38\">&nbsp;<\/p>\n<p dir=\"ltr\" style=\"margin: 0pt 0px;padding: 0px;background-position: left top;, Arial, Tahoma, sans-serif;font-size: 15px;line-height: 1.38\"><span id=\"docs-internal-guid-ab80ad82-7fff-a35b-e06b-b12e4c83aa38\" style=\"margin: 0px;padding: 0px;background-position: left top\"><span style=\"margin: 0px;padding: 0px;background-position: left top;font-size: 11pt;font-family: Arial;background-color: transparent\">Ante esta etapa tan retadora, estamos convencidas de que la comunidad educativa necesita unirse, pensar y crear junta. Para esto, en esta Jornada, desde Entreculturas presentaremos nuestra experiencia profesional sobre c\u00f3mo el enfoque de Educaci\u00f3n para la Ciudadan\u00eda Global es especialmente transformador en contextos de exclusi\u00f3n social a la hora de mejorar, entre otras cosas, la convivencia e inclusi\u00f3n educativa.&nbsp;<\/span><\/span><\/p>\n<p dir=\"ltr\" style=\"margin: 0pt 0px;padding: 0px;background-position: left top;, Arial, Tahoma, sans-serif;font-size: 15px;line-height: 1.38\">&nbsp;<\/p>\n<p dir=\"ltr\" style=\"margin: 0pt 0px;padding: 0px;background-position: left top;, Arial, Tahoma, sans-serif;font-size: 15px;line-height: 1.38\"><span id=\"docs-internal-guid-ab80ad82-7fff-a35b-e06b-b12e4c83aa38\" style=\"margin: 0px;padding: 0px;background-position: left top\"><span style=\"margin: 0px;padding: 0px;background-position: left top;font-size: 11pt;font-family: Arial;background-color: transparent\">Podr\u00e1s asistir a talleres en los que conocer de primera mano iniciativas de mejora de la convivencia e inclusi\u00f3n educativa que se est\u00e1n llevando a cabo en centros de Espa\u00f1a y Argentina de manera exitosa, as\u00ed como participar en un laboratorio de ideas, en el que pensar de forma creativa propuestas educativas que podemos poner en marcha.<\/span><\/span><\/p>\n<p dir=\"ltr\" style=\"margin: 0pt 0px;padding: 0px;background-position: left top;, Arial, Tahoma, sans-serif;font-size: 15px;line-height: 1.38\">&nbsp;<\/p>\n<p dir=\"ltr\" style=\"margin: 0pt 0px;padding: 0px;background-position: left top;, Arial, Tahoma, sans-serif;font-size: 15px;line-height: 1.38\"><span id=\"docs-internal-guid-ab80ad82-7fff-a35b-e06b-b12e4c83aa38\" style=\"margin: 0px;padding: 0px;background-position: left top\"><span style=\"margin: 0px;padding: 0px;background-position: left top;font-size: 11pt;font-family: Arial;background-color: transparent\">Si trabajas con grupos de j\u00f3venes, tanto en el \u00e1mbito de la educaci\u00f3n formal como no formal, y te interesa los retos de la educaci\u00f3n en contextos de exclusi\u00f3n social, estas son tus Jornadas. Un espacio para ponernos cara, reconocer lo que estamos haciendo y llevarnos en la mochila recursos e iniciativas que nos pueden ser de utilidad para este periodo. Adem\u00e1s, habr\u00e1 enlace a recursos de libre descarga, y alguna que otra sorpresa. Contamos contigo. \u00bfTe apuntas? <\/span><\/span><\/p>\n<p dir=\"ltr\" style=\"margin: 0pt 0px;padding: 0px;background-position: left top;, Arial, Tahoma, sans-serif;font-size: 15px;line-height: 1.38\">&nbsp;<\/p>\n<p dir=\"ltr\" style=\"margin: 0pt 0px;padding: 0px;background-position: left top;, Arial, Tahoma, sans-serif;font-size: 15px;line-height: 1.38\"><span style=\"margin: 0px;padding: 0px;background-position: left top\"><span style=\"margin: 0px;padding: 0px;background-position: left top;font-size: 11pt;font-family: Arial;background-color: transparent\">Contamos contigo. \u00a1Participa y difunde!<\/span><\/span><\/p>\n<p dir=\"ltr\" style=\"margin: 0pt 0px;padding: 0px;background-position: left top;, Arial, Tahoma, sans-serif;font-size: 15px;line-height: 1.38\"><span style=\"margin: 0px;padding: 0px;background-position: left top\"><span style=\"margin: 0px;padding: 0px;background-position: left top;font-size: 11pt;font-family: Arial;background-color: transparent\"><span style=\"margin: 0px;padding: 0px;background-position: left top;font-weight: 600\">Enlace de preinscripci\u00f3n al evento<\/span>: <\/span><\/span><a href=\"https:\/\/forms.gle\/65UKnHbWDhcJgcq96\" style=\"margin: 0px;padding: 0px;background-position: left top\" target=\"_blank\" rel=\"noopener\">https:\/\/forms.gle\/65UKnHbWDhcJgcq96<\/a><\/p>\n<p dir=\"ltr\" style=\"margin: 0pt 0px;padding: 0px;background-position: left top;, Arial, Tahoma, sans-serif;font-size: 15px;line-height: 1.38\">&nbsp;<\/p>\n","protected":false},"excerpt":{"rendered":"<p>Desde Entreculturas, estamos felices de invitaros al Laboratorio de Buenas Pr\u00e1cticas Educativas para la mejora de la inclusi\u00f3n y la convivencia, que se celebrar\u00e1 el pr\u00f3ximo 24 de marzo de 2021, de 17:00 a 19:30. Ante esta etapa tan retadora, estamos convencidas de que la comunidad educativa necesita unirse, pensar y crear junta. Para esto, en esta Jornada, desde Entreculturas presentaremos nuestra experiencia profesional sobre c\u00f3mo el enfoque de Educaci\u00f3n para la Ciudadan\u00eda Global es especialmente transformador en contextos de exclusi\u00f3n social a la hora de mejorar, entre otras cosas, la convivencia e inclusi\u00f3n educativa. <\/p>\n","protected":false},"featured_media":5486,"template":"single-noticia","meta":{"_acf_changed":false},"categories":[7],"tags":[289],"country":[],"cause":[128],"class_list":["post-5491","noticia","type-noticia","status-publish","has-post-thumbnail","hentry","category-noticia","tag-educacion","cause-educacion"],"acf":[],"yoast_head":"<!-- This site is optimized with the Yoast SEO Premium plugin v21.6 (Yoast SEO v27.5) - https:\/\/yoast.com\/product\/yoast-seo-premium-wordpress\/ -->\n<title>Hacia otras convivencias posibles: laboratorio de Buenas Pr\u00e1cticas Educativas para la mejora de la convivencia y la inclusi\u00f3n social - Entreculturas<\/title>\n<meta name=\"robots\" content=\"index, follow, max-snippet:-1, max-image-preview:large, max-video-preview:-1\" \/>\n<link rel=\"canonical\" href=\"https:\/\/www.entreculturas.org\/gl\/noticia\/hacia-otras-convivencias-posibles-laboratorio-de-buenas-practicas-educativas-para-la-mejora\/\" \/>\n<meta property=\"og:locale\" content=\"gl_ES\" \/>\n<meta property=\"og:type\" content=\"article\" \/>\n<meta property=\"og:title\" content=\"Hacia otras convivencias posibles: laboratorio de Buenas Pr\u00e1cticas Educativas para la mejora de la convivencia y la inclusi\u00f3n social\" \/>\n<meta property=\"og:description\" content=\"Desde Entreculturas, estamos felices de invitaros al Laboratorio de Buenas Pr\u00e1cticas Educativas para la mejora de la inclusi\u00f3n y la convivencia, que se celebrar\u00e1 el pr\u00f3ximo 24 de marzo de 2021, de 17:00 a 19:30. Ante esta etapa tan retadora, estamos convencidas de que la comunidad educativa necesita unirse, pensar y crear junta. Para esto, en esta Jornada, desde Entreculturas presentaremos nuestra experiencia profesional sobre c\u00f3mo el enfoque de Educaci\u00f3n para la Ciudadan\u00eda Global es especialmente transformador en contextos de exclusi\u00f3n social a la hora de mejorar, entre otras cosas, la convivencia e inclusi\u00f3n educativa.\" \/>\n<meta property=\"og:url\" content=\"https:\/\/www.entreculturas.org\/gl\/noticia\/hacia-otras-convivencias-posibles-laboratorio-de-buenas-practicas-educativas-para-la-mejora\/\" \/>\n<meta property=\"og:site_name\" content=\"Entreculturas\" \/>\n<meta property=\"article:publisher\" content=\"https:\/\/www.facebook.com\/entreculturas\" \/>\n<meta property=\"article:modified_time\" content=\"2024-03-06T16:39:33+00:00\" \/>\n<meta property=\"og:image\" content=\"https:\/\/www.entreculturas.org\/wp-content\/uploads\/2021\/02\/cartel_hacia_otras_convivencias_posibles.jpg\" \/>\n\t<meta property=\"og:image:width\" content=\"1587\" \/>\n\t<meta property=\"og:image:height\" content=\"2245\" \/>\n\t<meta property=\"og:image:type\" content=\"image\/jpeg\" \/>\n<meta name=\"twitter:card\" content=\"summary_large_image\" \/>\n<meta name=\"twitter:site\" content=\"@Entreculturas\" \/>\n<script type=\"application\/ld+json\" class=\"yoast-schema-graph\">{\"@context\":\"https:\\\/\\\/schema.org\",\"@graph\":[{\"@type\":\"WebPage\",\"@id\":\"https:\\\/\\\/www.entreculturas.org\\\/gl\\\/noticia\\\/hacia-otras-convivencias-posibles-laboratorio-de-buenas-practicas-educativas-para-la-mejora\\\/\",\"url\":\"https:\\\/\\\/www.entreculturas.org\\\/gl\\\/noticia\\\/hacia-otras-convivencias-posibles-laboratorio-de-buenas-practicas-educativas-para-la-mejora\\\/\",\"name\":\"Hacia otras convivencias posibles: laboratorio de Buenas Pr\u00e1cticas Educativas para la mejora de la convivencia y la inclusi\u00f3n social - Entreculturas\",\"isPartOf\":{\"@id\":\"https:\\\/\\\/www.entreculturas.org\\\/gl\\\/#website\"},\"primaryImageOfPage\":{\"@id\":\"https:\\\/\\\/www.entreculturas.org\\\/gl\\\/noticia\\\/hacia-otras-convivencias-posibles-laboratorio-de-buenas-practicas-educativas-para-la-mejora\\\/#primaryimage\"},\"image\":{\"@id\":\"https:\\\/\\\/www.entreculturas.org\\\/gl\\\/noticia\\\/hacia-otras-convivencias-posibles-laboratorio-de-buenas-practicas-educativas-para-la-mejora\\\/#primaryimage\"},\"thumbnailUrl\":\"https:\\\/\\\/www.entreculturas.org\\\/wp-content\\\/uploads\\\/2021\\\/02\\\/cartel_hacia_otras_convivencias_posibles.jpg\",\"datePublished\":\"2021-02-08T13:19:54+00:00\",\"dateModified\":\"2024-03-06T16:39:33+00:00\",\"breadcrumb\":{\"@id\":\"https:\\\/\\\/www.entreculturas.org\\\/gl\\\/noticia\\\/hacia-otras-convivencias-posibles-laboratorio-de-buenas-practicas-educativas-para-la-mejora\\\/#breadcrumb\"},\"inLanguage\":\"gl-ES\",\"potentialAction\":[{\"@type\":\"ReadAction\",\"target\":[\"https:\\\/\\\/www.entreculturas.org\\\/gl\\\/noticia\\\/hacia-otras-convivencias-posibles-laboratorio-de-buenas-practicas-educativas-para-la-mejora\\\/\"]}]},{\"@type\":\"ImageObject\",\"inLanguage\":\"gl-ES\",\"@id\":\"https:\\\/\\\/www.entreculturas.org\\\/gl\\\/noticia\\\/hacia-otras-convivencias-posibles-laboratorio-de-buenas-practicas-educativas-para-la-mejora\\\/#primaryimage\",\"url\":\"https:\\\/\\\/www.entreculturas.org\\\/wp-content\\\/uploads\\\/2021\\\/02\\\/cartel_hacia_otras_convivencias_posibles.jpg\",\"contentUrl\":\"https:\\\/\\\/www.entreculturas.org\\\/wp-content\\\/uploads\\\/2021\\\/02\\\/cartel_hacia_otras_convivencias_posibles.jpg\",\"width\":1587,\"height\":2245},{\"@type\":\"BreadcrumbList\",\"@id\":\"https:\\\/\\\/www.entreculturas.org\\\/gl\\\/noticia\\\/hacia-otras-convivencias-posibles-laboratorio-de-buenas-practicas-educativas-para-la-mejora\\\/#breadcrumb\",\"itemListElement\":[{\"@type\":\"ListItem\",\"position\":1,\"name\":\"Home\",\"item\":\"https:\\\/\\\/www.entreculturas.org\\\/gl\\\/\"},{\"@type\":\"ListItem\",\"position\":2,\"name\":\"Noticias\",\"item\":\"https:\\\/\\\/www.entreculturas.org\\\/gl\\\/noticias\\\/\"},{\"@type\":\"ListItem\",\"position\":3,\"name\":\"Hacia otras convivencias posibles: laboratorio de Buenas Pr\u00e1cticas Educativas para la mejora de la convivencia y la inclusi\u00f3n social\"}]},{\"@type\":\"WebSite\",\"@id\":\"https:\\\/\\\/www.entreculturas.org\\\/gl\\\/#website\",\"url\":\"https:\\\/\\\/www.entreculturas.org\\\/gl\\\/\",\"name\":\"Entreculturas\",\"description\":\"\",\"publisher\":{\"@id\":\"https:\\\/\\\/www.entreculturas.org\\\/gl\\\/#organization\"},\"alternateName\":\"Entreculturas\",\"potentialAction\":[{\"@type\":\"SearchAction\",\"target\":{\"@type\":\"EntryPoint\",\"urlTemplate\":\"https:\\\/\\\/www.entreculturas.org\\\/gl\\\/?s={search_term_string}\"},\"query-input\":{\"@type\":\"PropertyValueSpecification\",\"valueRequired\":true,\"valueName\":\"search_term_string\"}}],\"inLanguage\":\"gl-ES\"},{\"@type\":\"Organization\",\"@id\":\"https:\\\/\\\/www.entreculturas.org\\\/gl\\\/#organization\",\"name\":\"Entreculturas\",\"url\":\"https:\\\/\\\/www.entreculturas.org\\\/gl\\\/\",\"logo\":{\"@type\":\"ImageObject\",\"inLanguage\":\"gl-ES\",\"@id\":\"https:\\\/\\\/www.entreculturas.org\\\/gl\\\/#\\\/schema\\\/logo\\\/image\\\/\",\"url\":\"https:\\\/\\\/www.entreculturas.org\\\/wp-content\\\/uploads\\\/2025\\\/10\\\/ESP.svg\",\"contentUrl\":\"https:\\\/\\\/www.entreculturas.org\\\/wp-content\\\/uploads\\\/2025\\\/10\\\/ESP.svg\",\"caption\":\"Entreculturas\"},\"image\":{\"@id\":\"https:\\\/\\\/www.entreculturas.org\\\/gl\\\/#\\\/schema\\\/logo\\\/image\\\/\"},\"sameAs\":[\"https:\\\/\\\/www.facebook.com\\\/entreculturas\",\"https:\\\/\\\/x.com\\\/Entreculturas\",\"https:\\\/\\\/www.instagram.com\\\/entreculturas\\\/\",\"https:\\\/\\\/www.youtube.com\\\/user\\\/entreculturasvideo\",\"https:\\\/\\\/www.linkedin.com\\\/company\\\/fundacion-entreculturas-ngdo\\\/\",\"https:\\\/\\\/www.flickr.com\\\/photos\\\/98455522@N04\\\/albums\\\/\"]}]}<\/script>\n<!-- \/ Yoast SEO Premium plugin. -->","yoast_head_json":{"title":"Hacia otras convivencias posibles: laboratorio de Buenas Pr\u00e1cticas Educativas para la mejora de la convivencia y la inclusi\u00f3n social - Entreculturas","robots":{"index":"index","follow":"follow","max-snippet":"max-snippet:-1","max-image-preview":"max-image-preview:large","max-video-preview":"max-video-preview:-1"},"canonical":"https:\/\/www.entreculturas.org\/gl\/noticia\/hacia-otras-convivencias-posibles-laboratorio-de-buenas-practicas-educativas-para-la-mejora\/","og_locale":"gl_ES","og_type":"article","og_title":"Hacia otras convivencias posibles: laboratorio de Buenas Pr\u00e1cticas Educativas para la mejora de la convivencia y la inclusi\u00f3n social","og_description":"Desde Entreculturas, estamos felices de invitaros al Laboratorio de Buenas Pr\u00e1cticas Educativas para la mejora de la inclusi\u00f3n y la convivencia, que se celebrar\u00e1 el pr\u00f3ximo 24 de marzo de 2021, de 17:00 a 19:30. Ante esta etapa tan retadora, estamos convencidas de que la comunidad educativa necesita unirse, pensar y crear junta. Para esto, en esta Jornada, desde Entreculturas presentaremos nuestra experiencia profesional sobre c\u00f3mo el enfoque de Educaci\u00f3n para la Ciudadan\u00eda Global es especialmente transformador en contextos de exclusi\u00f3n social a la hora de mejorar, entre otras cosas, la convivencia e inclusi\u00f3n educativa.","og_url":"https:\/\/www.entreculturas.org\/gl\/noticia\/hacia-otras-convivencias-posibles-laboratorio-de-buenas-practicas-educativas-para-la-mejora\/","og_site_name":"Entreculturas","article_publisher":"https:\/\/www.facebook.com\/entreculturas","article_modified_time":"2024-03-06T16:39:33+00:00","og_image":[{"width":1587,"height":2245,"url":"https:\/\/www.entreculturas.org\/wp-content\/uploads\/2021\/02\/cartel_hacia_otras_convivencias_posibles.jpg","type":"image\/jpeg"}],"twitter_card":"summary_large_image","twitter_site":"@Entreculturas","schema":{"@context":"https:\/\/schema.org","@graph":[{"@type":"WebPage","@id":"https:\/\/www.entreculturas.org\/gl\/noticia\/hacia-otras-convivencias-posibles-laboratorio-de-buenas-practicas-educativas-para-la-mejora\/","url":"https:\/\/www.entreculturas.org\/gl\/noticia\/hacia-otras-convivencias-posibles-laboratorio-de-buenas-practicas-educativas-para-la-mejora\/","name":"Hacia otras convivencias posibles: laboratorio de Buenas Pr\u00e1cticas Educativas para la mejora de la convivencia y la inclusi\u00f3n social - Entreculturas","isPartOf":{"@id":"https:\/\/www.entreculturas.org\/gl\/#website"},"primaryImageOfPage":{"@id":"https:\/\/www.entreculturas.org\/gl\/noticia\/hacia-otras-convivencias-posibles-laboratorio-de-buenas-practicas-educativas-para-la-mejora\/#primaryimage"},"image":{"@id":"https:\/\/www.entreculturas.org\/gl\/noticia\/hacia-otras-convivencias-posibles-laboratorio-de-buenas-practicas-educativas-para-la-mejora\/#primaryimage"},"thumbnailUrl":"https:\/\/www.entreculturas.org\/wp-content\/uploads\/2021\/02\/cartel_hacia_otras_convivencias_posibles.jpg","datePublished":"2021-02-08T13:19:54+00:00","dateModified":"2024-03-06T16:39:33+00:00","breadcrumb":{"@id":"https:\/\/www.entreculturas.org\/gl\/noticia\/hacia-otras-convivencias-posibles-laboratorio-de-buenas-practicas-educativas-para-la-mejora\/#breadcrumb"},"inLanguage":"gl-ES","potentialAction":[{"@type":"ReadAction","target":["https:\/\/www.entreculturas.org\/gl\/noticia\/hacia-otras-convivencias-posibles-laboratorio-de-buenas-practicas-educativas-para-la-mejora\/"]}]},{"@type":"ImageObject","inLanguage":"gl-ES","@id":"https:\/\/www.entreculturas.org\/gl\/noticia\/hacia-otras-convivencias-posibles-laboratorio-de-buenas-practicas-educativas-para-la-mejora\/#primaryimage","url":"https:\/\/www.entreculturas.org\/wp-content\/uploads\/2021\/02\/cartel_hacia_otras_convivencias_posibles.jpg","contentUrl":"https:\/\/www.entreculturas.org\/wp-content\/uploads\/2021\/02\/cartel_hacia_otras_convivencias_posibles.jpg","width":1587,"height":2245},{"@type":"BreadcrumbList","@id":"https:\/\/www.entreculturas.org\/gl\/noticia\/hacia-otras-convivencias-posibles-laboratorio-de-buenas-practicas-educativas-para-la-mejora\/#breadcrumb","itemListElement":[{"@type":"ListItem","position":1,"name":"Home","item":"https:\/\/www.entreculturas.org\/gl\/"},{"@type":"ListItem","position":2,"name":"Noticias","item":"https:\/\/www.entreculturas.org\/gl\/noticias\/"},{"@type":"ListItem","position":3,"name":"Hacia otras convivencias posibles: laboratorio de Buenas Pr\u00e1cticas Educativas para la mejora de la convivencia y la inclusi\u00f3n social"}]},{"@type":"WebSite","@id":"https:\/\/www.entreculturas.org\/gl\/#website","url":"https:\/\/www.entreculturas.org\/gl\/","name":"Entreculturas","description":"","publisher":{"@id":"https:\/\/www.entreculturas.org\/gl\/#organization"},"alternateName":"Entreculturas","potentialAction":[{"@type":"SearchAction","target":{"@type":"EntryPoint","urlTemplate":"https:\/\/www.entreculturas.org\/gl\/?s={search_term_string}"},"query-input":{"@type":"PropertyValueSpecification","valueRequired":true,"valueName":"search_term_string"}}],"inLanguage":"gl-ES"},{"@type":"Organization","@id":"https:\/\/www.entreculturas.org\/gl\/#organization","name":"Entreculturas","url":"https:\/\/www.entreculturas.org\/gl\/","logo":{"@type":"ImageObject","inLanguage":"gl-ES","@id":"https:\/\/www.entreculturas.org\/gl\/#\/schema\/logo\/image\/","url":"https:\/\/www.entreculturas.org\/wp-content\/uploads\/2025\/10\/ESP.svg","contentUrl":"https:\/\/www.entreculturas.org\/wp-content\/uploads\/2025\/10\/ESP.svg","caption":"Entreculturas"},"image":{"@id":"https:\/\/www.entreculturas.org\/gl\/#\/schema\/logo\/image\/"},"sameAs":["https:\/\/www.facebook.com\/entreculturas","https:\/\/x.com\/Entreculturas","https:\/\/www.instagram.com\/entreculturas\/","https:\/\/www.youtube.com\/user\/entreculturasvideo","https:\/\/www.linkedin.com\/company\/fundacion-entreculturas-ngdo\/","https:\/\/www.flickr.com\/photos\/98455522@N04\/albums\/"]}]}},"_links":{"self":[{"href":"https:\/\/www.entreculturas.org\/gl\/wp-json\/wp\/v2\/noticia\/5491","targetHints":{"allow":["GET"]}}],"collection":[{"href":"https:\/\/www.entreculturas.org\/gl\/wp-json\/wp\/v2\/noticia"}],"about":[{"href":"https:\/\/www.entreculturas.org\/gl\/wp-json\/wp\/v2\/types\/noticia"}],"wp:featuredmedia":[{"embeddable":true,"href":"https:\/\/www.entreculturas.org\/gl\/wp-json\/wp\/v2\/media\/5486"}],"wp:attachment":[{"href":"https:\/\/www.entreculturas.org\/gl\/wp-json\/wp\/v2\/media?parent=5491"}],"wp:term":[{"taxonomy":"category","embeddable":true,"href":"https:\/\/www.entreculturas.org\/gl\/wp-json\/wp\/v2\/categories?post=5491"},{"taxonomy":"post_tag","embeddable":true,"href":"https:\/\/www.entreculturas.org\/gl\/wp-json\/wp\/v2\/tags?post=5491"},{"taxonomy":"country","embeddable":true,"href":"https:\/\/www.entreculturas.org\/gl\/wp-json\/wp\/v2\/country?post=5491"},{"taxonomy":"cause","embeddable":true,"href":"https:\/\/www.entreculturas.org\/gl\/wp-json\/wp\/v2\/cause?post=5491"}],"curies":[{"name":"wp","href":"https:\/\/api.w.org\/{rel}","templated":true}]}}