{"id":5265,"date":"2020-11-11T09:07:47","date_gmt":"2020-11-11T09:07:47","guid":{"rendered":"https:\/\/entreculturasi.wpenginepowered.com\/?noticias=el-pueblo-karipuna-consigue-frenar-la-deforestacion-en-uno-de-los-territorios-indigenas-mas"},"modified":"2024-03-06T17:50:53","modified_gmt":"2024-03-06T16:50:53","slug":"el-pueblo-karipuna-consigue-frenar-la-deforestacion-en-uno-de-los-territorios-indigenas-mas","status":"publish","type":"noticia","link":"https:\/\/www.entreculturas.org\/gl\/noticia\/el-pueblo-karipuna-consigue-frenar-la-deforestacion-en-uno-de-los-territorios-indigenas-mas\/","title":{"rendered":"El Pueblo Karipuna consigue frenar la deforestaci\u00f3n en uno de los territorios ind\u00edgenas m\u00e1s amenazados de la Amazon\u00eda brasile\u00f1a"},"content":{"rendered":"<\/p>\n<p>La deforestaci\u00f3n se redujo considerablemente en el territorio del Pueblo Ind\u00edgena Karipuna desde que la comunidad inici\u00f3 la vigilancia del bosque y <strong>emprendi\u00f3 acciones legales contra los invasores de su tierra<\/strong>, en colaboraci\u00f3n con Greenpeace Brasil y <strong>nuestra organizaci\u00f3n social CIMI &#8211; Consejo Indigenista Misionero<\/strong>. En comparaci\u00f3n con el a\u00f1o pasado, <strong>la deforestaci\u00f3n en la tierra de los ind\u00edgenas Karipuna se ha reducido en un 49%,<\/strong> (de 1.083 hect\u00e1reas en 2019, a 532 en 2020). Esta es la conclusi\u00f3n de un reciente monitoreo de la deforestaci\u00f3n, realizado por Greenpeace Brasil y basado en el an\u00e1lisis de im\u00e1genes de sat\u00e9lite en el \u00faltimo mes.<\/p>\n<p>La Tierra Ind\u00edgena Karipuna, en el Estado de Rond\u00f4nia, ha sido una de las tierras ind\u00edgenas m\u00e1s amenazadas de la regi\u00f3n. Y esta noticia llega en un momento en el que las tasas de deforestaci\u00f3n contin\u00faan aumentando dram\u00e1ticamente en el resto de la Amazon\u00eda brasile\u00f1a.<strong>&nbsp;La protecci\u00f3n de los derechos ind\u00edgenas implica la protecci\u00f3n de la selva<\/strong>, as\u00ed como la conservaci\u00f3n de la biodiversidad y la lucha contra el cambio clim\u00e1tico y, por lo tanto, exige un plan de protecci\u00f3n permanente para el territorio de Karipuna, as\u00ed como para las dem\u00e1s tierras ind\u00edgenas de Brasil.<\/p>\n<p>Danicley de Aguiar, portavoz de la campa\u00f1a en Greenpeace Brasil, ha declarado: \u201cEn medio del caos producido por la pol\u00edtica anti-ambiental del gobierno de Bolsonaro en la Amazonia brasile\u00f1a, el \u00e9xito en la lucha contra el crimen ambiental en el territorio Karipuna, <strong>puede y debe ser una ejemplo de c\u00f3mo luchar contra estos delitos<\/strong>. El gobierno necesita imponer el orden y perseguir a aquellos que siguen amenazando el bosque y a la gente\u201c.<\/p>\n<p>En agosto y septiembre de 2020, el pueblo Karipuna, Greenpeace Brasil y el CIMI han estado realizando una<strong> vigilancia forestal<\/strong> a trav\u00e9s de sobrevuelos a\u00e9reos, reconocimientos por tierra en veh\u00edculos y por r\u00edo mediante embarcaciones, para identificar la reciente deforestaci\u00f3n y destrucci\u00f3n de los bosques en las tierras ind\u00edgenas protegidas. Durante su vigilancia, descubrieron nuevas zonas deforestadas y campamentos utilizados para apoyar las obras de tala ilegal de madera, adem\u00e1s de caminos y puentes ilegales para acceder a las tierras del pueblo Karipuna, que se comunicaron a las autoridades locales a finales de octubre.<\/p>\n<p><img decoding=\"async\" alt=\"\" height=\"533\" src=\"https:\/\/www.entreculturas.org\/wp-content\/uploads\/2020\/11\/gp1sujkr_web_size_with_credit_line.jpg\" width=\"800\"><\/p>\n<p>El monitoreo realizado durante 2020 sigue encontrando deforestaci\u00f3n y actividades de acaparamiento de tierras, pero tambi\u00e9n revela una tendencia a la baja. Estos buenos resultados son debidos a las <strong>denuncias del Pueblo Ind\u00edgena Karipuna, CIMI y Greenpeace Brasil en los \u00faltimos dos a\u00f1os<\/strong>, las numerosas redadas policiales y operaciones de aplicaci\u00f3n de la ley que han dado lugar a \u00f3rdenes de detenci\u00f3n, arrestos domiciliarios, incautaciones, as\u00ed como al bloqueo de 46 millones de reales (alrededor de 8 millones de euros).<\/p>\n<p>Seg\u00fan Adriano Karipuna, l\u00edder del Pueblo Ind\u00edgena Karipuna: \u201cLlevamos mucho tiempo luchando contra la destrucci\u00f3n de nuestro territorio, por lo que instamos a las autoridades a rechazar y reprimir el crimen organizado que tala nuestro bosque. Y, a\u00fan sabiendo que todav\u00eda hay invasores en \u00e9l, <strong>esperamos que las acciones para combatir la deforestaci\u00f3n se mantengan y que pronto podamos vivir en paz, seg\u00fan nuestras costumbres y tradiciones\u201d.<\/strong><\/p>\n<p>Las operaciones de monitoreo del Pueblo Ind\u00edgena Karipuna forman parte del proyecto \u201cTodos los ojos en el Amazonas\u201d, que es liderado por Greenpeace e Hivos junto con 9 organizaciones sociales de los \u00e1mbitos de la defensa de los derechos humanos e ind\u00edgenas, el medio ambiente, la ciencia y la tecnolog\u00eda y permite a las comunidades ind\u00edgenas realizar el monitoreo de los bosques con tecnolog\u00eda punta.<\/p>\n<p>&nbsp;<\/p>\n","protected":false},"excerpt":{"rendered":"<p>La deforestaci\u00f3n se redujo considerablemente en el territorio del Pueblo Ind\u00edgena Karipuna desde que la comunidad inici\u00f3 la vigilancia del bosque y emprendi\u00f3 acciones legales contra los invasores de su tierra, en colaboraci\u00f3n con Greenpeace Brasil y nuestra organizaci\u00f3n social CIMI &#8211; Consejo Indigenista Misionero<\/p>\n","protected":false},"featured_media":5263,"template":"single-noticia","meta":{"_acf_changed":false},"categories":[7],"tags":[256],"country":[117],"cause":[131],"class_list":["post-5265","noticia","type-noticia","status-publish","has-post-thumbnail","hentry","category-noticia","tag-justicia-socioambiental","country-brasil","cause-justicia-medioambiental"],"acf":[],"yoast_head":"<!-- This site is optimized with the Yoast SEO Premium plugin v21.6 (Yoast SEO v27.5) - https:\/\/yoast.com\/product\/yoast-seo-premium-wordpress\/ -->\n<title>El Pueblo Karipuna consigue frenar la deforestaci\u00f3n en uno de los territorios ind\u00edgenas m\u00e1s amenazados de la Amazon\u00eda brasile\u00f1a - Entreculturas<\/title>\n<meta name=\"robots\" content=\"index, follow, max-snippet:-1, max-image-preview:large, max-video-preview:-1\" \/>\n<link rel=\"canonical\" href=\"https:\/\/www.entreculturas.org\/gl\/noticia\/el-pueblo-karipuna-consigue-frenar-la-deforestacion-en-uno-de-los-territorios-indigenas-mas\/\" \/>\n<meta property=\"og:locale\" content=\"gl_ES\" \/>\n<meta property=\"og:type\" content=\"article\" \/>\n<meta property=\"og:title\" content=\"El Pueblo Karipuna consigue frenar la deforestaci\u00f3n en uno de los territorios ind\u00edgenas m\u00e1s amenazados de la Amazon\u00eda brasile\u00f1a\" \/>\n<meta property=\"og:description\" content=\"La deforestaci\u00f3n se redujo considerablemente en el territorio del Pueblo Ind\u00edgena Karipuna desde que la comunidad inici\u00f3 la vigilancia del bosque y emprendi\u00f3 acciones legales contra los invasores de su tierra, en colaboraci\u00f3n con Greenpeace Brasil y nuestra organizaci\u00f3n social CIMI - Consejo Indigenista Misionero\" \/>\n<meta property=\"og:url\" content=\"https:\/\/www.entreculturas.org\/gl\/noticia\/el-pueblo-karipuna-consigue-frenar-la-deforestacion-en-uno-de-los-territorios-indigenas-mas\/\" \/>\n<meta property=\"og:site_name\" content=\"Entreculturas\" \/>\n<meta property=\"article:publisher\" content=\"https:\/\/www.facebook.com\/entreculturas\" \/>\n<meta property=\"article:modified_time\" content=\"2024-03-06T16:50:53+00:00\" \/>\n<meta property=\"og:image\" content=\"https:\/\/www.entreculturas.org\/wp-content\/uploads\/2020\/11\/gp1sujud_web_size_with_credit_line.jpg\" \/>\n\t<meta property=\"og:image:width\" content=\"800\" \/>\n\t<meta property=\"og:image:height\" content=\"530\" \/>\n\t<meta property=\"og:image:type\" content=\"image\/jpeg\" \/>\n<meta name=\"twitter:card\" content=\"summary_large_image\" \/>\n<meta name=\"twitter:site\" content=\"@Entreculturas\" \/>\n<script type=\"application\/ld+json\" class=\"yoast-schema-graph\">{\"@context\":\"https:\\\/\\\/schema.org\",\"@graph\":[{\"@type\":\"WebPage\",\"@id\":\"https:\\\/\\\/www.entreculturas.org\\\/gl\\\/noticia\\\/el-pueblo-karipuna-consigue-frenar-la-deforestacion-en-uno-de-los-territorios-indigenas-mas\\\/\",\"url\":\"https:\\\/\\\/www.entreculturas.org\\\/gl\\\/noticia\\\/el-pueblo-karipuna-consigue-frenar-la-deforestacion-en-uno-de-los-territorios-indigenas-mas\\\/\",\"name\":\"El Pueblo Karipuna consigue frenar la deforestaci\u00f3n en uno de los territorios ind\u00edgenas m\u00e1s amenazados de la Amazon\u00eda brasile\u00f1a - Entreculturas\",\"isPartOf\":{\"@id\":\"https:\\\/\\\/www.entreculturas.org\\\/gl\\\/#website\"},\"primaryImageOfPage\":{\"@id\":\"https:\\\/\\\/www.entreculturas.org\\\/gl\\\/noticia\\\/el-pueblo-karipuna-consigue-frenar-la-deforestacion-en-uno-de-los-territorios-indigenas-mas\\\/#primaryimage\"},\"image\":{\"@id\":\"https:\\\/\\\/www.entreculturas.org\\\/gl\\\/noticia\\\/el-pueblo-karipuna-consigue-frenar-la-deforestacion-en-uno-de-los-territorios-indigenas-mas\\\/#primaryimage\"},\"thumbnailUrl\":\"https:\\\/\\\/www.entreculturas.org\\\/wp-content\\\/uploads\\\/2020\\\/11\\\/gp1sujud_web_size_with_credit_line.jpg\",\"datePublished\":\"2020-11-11T09:07:47+00:00\",\"dateModified\":\"2024-03-06T16:50:53+00:00\",\"breadcrumb\":{\"@id\":\"https:\\\/\\\/www.entreculturas.org\\\/gl\\\/noticia\\\/el-pueblo-karipuna-consigue-frenar-la-deforestacion-en-uno-de-los-territorios-indigenas-mas\\\/#breadcrumb\"},\"inLanguage\":\"gl-ES\",\"potentialAction\":[{\"@type\":\"ReadAction\",\"target\":[\"https:\\\/\\\/www.entreculturas.org\\\/gl\\\/noticia\\\/el-pueblo-karipuna-consigue-frenar-la-deforestacion-en-uno-de-los-territorios-indigenas-mas\\\/\"]}]},{\"@type\":\"ImageObject\",\"inLanguage\":\"gl-ES\",\"@id\":\"https:\\\/\\\/www.entreculturas.org\\\/gl\\\/noticia\\\/el-pueblo-karipuna-consigue-frenar-la-deforestacion-en-uno-de-los-territorios-indigenas-mas\\\/#primaryimage\",\"url\":\"https:\\\/\\\/www.entreculturas.org\\\/wp-content\\\/uploads\\\/2020\\\/11\\\/gp1sujud_web_size_with_credit_line.jpg\",\"contentUrl\":\"https:\\\/\\\/www.entreculturas.org\\\/wp-content\\\/uploads\\\/2020\\\/11\\\/gp1sujud_web_size_with_credit_line.jpg\",\"width\":800,\"height\":530},{\"@type\":\"BreadcrumbList\",\"@id\":\"https:\\\/\\\/www.entreculturas.org\\\/gl\\\/noticia\\\/el-pueblo-karipuna-consigue-frenar-la-deforestacion-en-uno-de-los-territorios-indigenas-mas\\\/#breadcrumb\",\"itemListElement\":[{\"@type\":\"ListItem\",\"position\":1,\"name\":\"Home\",\"item\":\"https:\\\/\\\/www.entreculturas.org\\\/gl\\\/\"},{\"@type\":\"ListItem\",\"position\":2,\"name\":\"Noticias\",\"item\":\"https:\\\/\\\/www.entreculturas.org\\\/gl\\\/noticias\\\/\"},{\"@type\":\"ListItem\",\"position\":3,\"name\":\"El Pueblo Karipuna consigue frenar la deforestaci\u00f3n en uno de los territorios ind\u00edgenas m\u00e1s amenazados de la Amazon\u00eda brasile\u00f1a\"}]},{\"@type\":\"WebSite\",\"@id\":\"https:\\\/\\\/www.entreculturas.org\\\/gl\\\/#website\",\"url\":\"https:\\\/\\\/www.entreculturas.org\\\/gl\\\/\",\"name\":\"Entreculturas\",\"description\":\"\",\"publisher\":{\"@id\":\"https:\\\/\\\/www.entreculturas.org\\\/gl\\\/#organization\"},\"alternateName\":\"Entreculturas\",\"potentialAction\":[{\"@type\":\"SearchAction\",\"target\":{\"@type\":\"EntryPoint\",\"urlTemplate\":\"https:\\\/\\\/www.entreculturas.org\\\/gl\\\/?s={search_term_string}\"},\"query-input\":{\"@type\":\"PropertyValueSpecification\",\"valueRequired\":true,\"valueName\":\"search_term_string\"}}],\"inLanguage\":\"gl-ES\"},{\"@type\":\"Organization\",\"@id\":\"https:\\\/\\\/www.entreculturas.org\\\/gl\\\/#organization\",\"name\":\"Entreculturas\",\"url\":\"https:\\\/\\\/www.entreculturas.org\\\/gl\\\/\",\"logo\":{\"@type\":\"ImageObject\",\"inLanguage\":\"gl-ES\",\"@id\":\"https:\\\/\\\/www.entreculturas.org\\\/gl\\\/#\\\/schema\\\/logo\\\/image\\\/\",\"url\":\"https:\\\/\\\/www.entreculturas.org\\\/wp-content\\\/uploads\\\/2025\\\/10\\\/ESP.svg\",\"contentUrl\":\"https:\\\/\\\/www.entreculturas.org\\\/wp-content\\\/uploads\\\/2025\\\/10\\\/ESP.svg\",\"caption\":\"Entreculturas\"},\"image\":{\"@id\":\"https:\\\/\\\/www.entreculturas.org\\\/gl\\\/#\\\/schema\\\/logo\\\/image\\\/\"},\"sameAs\":[\"https:\\\/\\\/www.facebook.com\\\/entreculturas\",\"https:\\\/\\\/x.com\\\/Entreculturas\",\"https:\\\/\\\/www.instagram.com\\\/entreculturas\\\/\",\"https:\\\/\\\/www.youtube.com\\\/user\\\/entreculturasvideo\",\"https:\\\/\\\/www.linkedin.com\\\/company\\\/fundacion-entreculturas-ngdo\\\/\",\"https:\\\/\\\/www.flickr.com\\\/photos\\\/98455522@N04\\\/albums\\\/\"]}]}<\/script>\n<!-- \/ Yoast SEO Premium plugin. -->","yoast_head_json":{"title":"El Pueblo Karipuna consigue frenar la deforestaci\u00f3n en uno de los territorios ind\u00edgenas m\u00e1s amenazados de la Amazon\u00eda brasile\u00f1a - Entreculturas","robots":{"index":"index","follow":"follow","max-snippet":"max-snippet:-1","max-image-preview":"max-image-preview:large","max-video-preview":"max-video-preview:-1"},"canonical":"https:\/\/www.entreculturas.org\/gl\/noticia\/el-pueblo-karipuna-consigue-frenar-la-deforestacion-en-uno-de-los-territorios-indigenas-mas\/","og_locale":"gl_ES","og_type":"article","og_title":"El Pueblo Karipuna consigue frenar la deforestaci\u00f3n en uno de los territorios ind\u00edgenas m\u00e1s amenazados de la Amazon\u00eda brasile\u00f1a","og_description":"La deforestaci\u00f3n se redujo considerablemente en el territorio del Pueblo Ind\u00edgena Karipuna desde que la comunidad inici\u00f3 la vigilancia del bosque y emprendi\u00f3 acciones legales contra los invasores de su tierra, en colaboraci\u00f3n con Greenpeace Brasil y nuestra organizaci\u00f3n social CIMI - Consejo Indigenista Misionero","og_url":"https:\/\/www.entreculturas.org\/gl\/noticia\/el-pueblo-karipuna-consigue-frenar-la-deforestacion-en-uno-de-los-territorios-indigenas-mas\/","og_site_name":"Entreculturas","article_publisher":"https:\/\/www.facebook.com\/entreculturas","article_modified_time":"2024-03-06T16:50:53+00:00","og_image":[{"width":800,"height":530,"url":"https:\/\/www.entreculturas.org\/wp-content\/uploads\/2020\/11\/gp1sujud_web_size_with_credit_line.jpg","type":"image\/jpeg"}],"twitter_card":"summary_large_image","twitter_site":"@Entreculturas","schema":{"@context":"https:\/\/schema.org","@graph":[{"@type":"WebPage","@id":"https:\/\/www.entreculturas.org\/gl\/noticia\/el-pueblo-karipuna-consigue-frenar-la-deforestacion-en-uno-de-los-territorios-indigenas-mas\/","url":"https:\/\/www.entreculturas.org\/gl\/noticia\/el-pueblo-karipuna-consigue-frenar-la-deforestacion-en-uno-de-los-territorios-indigenas-mas\/","name":"El Pueblo Karipuna consigue frenar la deforestaci\u00f3n en uno de los territorios ind\u00edgenas m\u00e1s amenazados de la Amazon\u00eda brasile\u00f1a - Entreculturas","isPartOf":{"@id":"https:\/\/www.entreculturas.org\/gl\/#website"},"primaryImageOfPage":{"@id":"https:\/\/www.entreculturas.org\/gl\/noticia\/el-pueblo-karipuna-consigue-frenar-la-deforestacion-en-uno-de-los-territorios-indigenas-mas\/#primaryimage"},"image":{"@id":"https:\/\/www.entreculturas.org\/gl\/noticia\/el-pueblo-karipuna-consigue-frenar-la-deforestacion-en-uno-de-los-territorios-indigenas-mas\/#primaryimage"},"thumbnailUrl":"https:\/\/www.entreculturas.org\/wp-content\/uploads\/2020\/11\/gp1sujud_web_size_with_credit_line.jpg","datePublished":"2020-11-11T09:07:47+00:00","dateModified":"2024-03-06T16:50:53+00:00","breadcrumb":{"@id":"https:\/\/www.entreculturas.org\/gl\/noticia\/el-pueblo-karipuna-consigue-frenar-la-deforestacion-en-uno-de-los-territorios-indigenas-mas\/#breadcrumb"},"inLanguage":"gl-ES","potentialAction":[{"@type":"ReadAction","target":["https:\/\/www.entreculturas.org\/gl\/noticia\/el-pueblo-karipuna-consigue-frenar-la-deforestacion-en-uno-de-los-territorios-indigenas-mas\/"]}]},{"@type":"ImageObject","inLanguage":"gl-ES","@id":"https:\/\/www.entreculturas.org\/gl\/noticia\/el-pueblo-karipuna-consigue-frenar-la-deforestacion-en-uno-de-los-territorios-indigenas-mas\/#primaryimage","url":"https:\/\/www.entreculturas.org\/wp-content\/uploads\/2020\/11\/gp1sujud_web_size_with_credit_line.jpg","contentUrl":"https:\/\/www.entreculturas.org\/wp-content\/uploads\/2020\/11\/gp1sujud_web_size_with_credit_line.jpg","width":800,"height":530},{"@type":"BreadcrumbList","@id":"https:\/\/www.entreculturas.org\/gl\/noticia\/el-pueblo-karipuna-consigue-frenar-la-deforestacion-en-uno-de-los-territorios-indigenas-mas\/#breadcrumb","itemListElement":[{"@type":"ListItem","position":1,"name":"Home","item":"https:\/\/www.entreculturas.org\/gl\/"},{"@type":"ListItem","position":2,"name":"Noticias","item":"https:\/\/www.entreculturas.org\/gl\/noticias\/"},{"@type":"ListItem","position":3,"name":"El Pueblo Karipuna consigue frenar la deforestaci\u00f3n en uno de los territorios ind\u00edgenas m\u00e1s amenazados de la Amazon\u00eda brasile\u00f1a"}]},{"@type":"WebSite","@id":"https:\/\/www.entreculturas.org\/gl\/#website","url":"https:\/\/www.entreculturas.org\/gl\/","name":"Entreculturas","description":"","publisher":{"@id":"https:\/\/www.entreculturas.org\/gl\/#organization"},"alternateName":"Entreculturas","potentialAction":[{"@type":"SearchAction","target":{"@type":"EntryPoint","urlTemplate":"https:\/\/www.entreculturas.org\/gl\/?s={search_term_string}"},"query-input":{"@type":"PropertyValueSpecification","valueRequired":true,"valueName":"search_term_string"}}],"inLanguage":"gl-ES"},{"@type":"Organization","@id":"https:\/\/www.entreculturas.org\/gl\/#organization","name":"Entreculturas","url":"https:\/\/www.entreculturas.org\/gl\/","logo":{"@type":"ImageObject","inLanguage":"gl-ES","@id":"https:\/\/www.entreculturas.org\/gl\/#\/schema\/logo\/image\/","url":"https:\/\/www.entreculturas.org\/wp-content\/uploads\/2025\/10\/ESP.svg","contentUrl":"https:\/\/www.entreculturas.org\/wp-content\/uploads\/2025\/10\/ESP.svg","caption":"Entreculturas"},"image":{"@id":"https:\/\/www.entreculturas.org\/gl\/#\/schema\/logo\/image\/"},"sameAs":["https:\/\/www.facebook.com\/entreculturas","https:\/\/x.com\/Entreculturas","https:\/\/www.instagram.com\/entreculturas\/","https:\/\/www.youtube.com\/user\/entreculturasvideo","https:\/\/www.linkedin.com\/company\/fundacion-entreculturas-ngdo\/","https:\/\/www.flickr.com\/photos\/98455522@N04\/albums\/"]}]}},"_links":{"self":[{"href":"https:\/\/www.entreculturas.org\/gl\/wp-json\/wp\/v2\/noticia\/5265","targetHints":{"allow":["GET"]}}],"collection":[{"href":"https:\/\/www.entreculturas.org\/gl\/wp-json\/wp\/v2\/noticia"}],"about":[{"href":"https:\/\/www.entreculturas.org\/gl\/wp-json\/wp\/v2\/types\/noticia"}],"wp:featuredmedia":[{"embeddable":true,"href":"https:\/\/www.entreculturas.org\/gl\/wp-json\/wp\/v2\/media\/5263"}],"wp:attachment":[{"href":"https:\/\/www.entreculturas.org\/gl\/wp-json\/wp\/v2\/media?parent=5265"}],"wp:term":[{"taxonomy":"category","embeddable":true,"href":"https:\/\/www.entreculturas.org\/gl\/wp-json\/wp\/v2\/categories?post=5265"},{"taxonomy":"post_tag","embeddable":true,"href":"https:\/\/www.entreculturas.org\/gl\/wp-json\/wp\/v2\/tags?post=5265"},{"taxonomy":"country","embeddable":true,"href":"https:\/\/www.entreculturas.org\/gl\/wp-json\/wp\/v2\/country?post=5265"},{"taxonomy":"cause","embeddable":true,"href":"https:\/\/www.entreculturas.org\/gl\/wp-json\/wp\/v2\/cause?post=5265"}],"curies":[{"name":"wp","href":"https:\/\/api.w.org\/{rel}","templated":true}]}}